{"id":9509,"date":"2025-12-19T16:38:49","date_gmt":"2025-12-19T15:38:49","guid":{"rendered":"https:\/\/www.asajacyl.com\/soria\/?p=9509"},"modified":"2025-12-22T14:23:35","modified_gmt":"2025-12-22T13:23:35","slug":"9509","status":"publish","type":"post","link":"https:\/\/www.asajacyl.com\/soria\/asaja-soria-informa\/9509","title":{"rendered":"ASAJA Soria se moviliza en Bruselas para defender al sector agroganadero ante los recortes"},"content":{"rendered":"\n\n\n\n\n<h2><em>La propuesta de\u00a0Marco Financiero Plurianual (MFP)\u00a0presentada por la presidenta\u00a0Ursula von der Leyen\u00a0no es una simple reordenaci\u00f3n presupuestaria: es un golpe directo a la\u00a0Pol\u00edtica Agraria Com\u00fan, el instrumento que durante m\u00e1s de seis d\u00e9cadas ha garantizado\u00a0seguridad alimentaria, cohesi\u00f3n territorial y estabilidad\u00a0para millones de ciudadanos y explotaciones en toda la Uni\u00f3n<\/em><\/h2>\n<p>M\u00e1s de 10.000 agricultores, entre ellos el comit\u00e9 ejecutivo y varios miembros de la junta directiva de ASAJA Soria, encabezados por la presidenta, Ana Pastor, se manifestaron el 18 de diciembre en Bruselas para denunciar el creciente enfoque enga\u00f1oso de la UE hacia la agricultura.<\/p>\n<p>La iniciativa ha partido del Comit\u00e9 de Organizaciones Profesionales Agr\u00edcolas (COPA) y de la Confederaci\u00f3n Europea de Cooperativas Agroalimentarias (COGECA), que son precisamente las dos entidades galardonadas este a\u00f1o con el Premio Espiga de ASAJA Soria, para denunciar con firmeza que la Comisi\u00f3n Europea ha traspasado todas las l\u00edneas rojas que comprometen la seguridad alimentaria de Europa, entre ellas, la integraci\u00f3n de la PAC en un fondo \u00fanico, desmantelando su especificidad y debilitando el Tratado de la UE.<\/p>\n<p><img loading=\"lazy\" decoding=\"async\" class=\"aligncenter size-full wp-image-9510\" src=\"https:\/\/www.asajacyl.com\/soria\/wp-content\/uploads\/sites\/9\/2025\/12\/IMG_9206.jpg\" alt=\"\" width=\"2500\" height=\"1875\" \/><\/p>\n<p>Los manifestantes dejaron muy claro durante las casi cuatro horas de marcha reivindicativa por las calles de Bruselas que un \u201crecorte del 24% del presupuesto reducir\u00eda el peso de la agricultura a menos del 15% del gasto total europeo. El fin de la estructura de dos pilares de la PAC (ayudas directas y desarrollo rural), una mayor complejidad administrativa, justo cuando los agricultores piden menos burocracia, y la p\u00e9rdida del car\u00e1cter com\u00fan de la pol\u00edtica agraria abren la puerta de par en par a desigualdades entre Estados miembros\u201d.<\/p>\n<p>Desde\u00a02024, los profesionales del campo han advertido a la Uni\u00f3n Europea sobre las\u00a0reformas de la PAC y del presupuesto, la\u00a0regulaci\u00f3n excesiva\u00a0que limita la iniciativa agr\u00edcola y el impulso para concluir\u00a0acuerdos comerciales inaceptables. A finales de\u00a02025, las expectativas siguen sin cumplirse y la determinaci\u00f3n de la Comisi\u00f3n de seguir adelante ser\u00eda un\u00a0error hist\u00f3rico\u00a0para el proyecto europeo, sus agricultores y los consumidores.<\/p>\n<p>La\u00a0agricultura y la seguridad alimentaria\u00a0son pilares de la\u00a0soberan\u00eda europea. Las comunidades agr\u00edcolas, firmes defensoras del ideal europeo, no pueden permanecer en silencio ante un\u00a0error estrat\u00e9gico\u00a0de tal magnitud. A pesar de los discursos que presentan la agricultura como sector estrat\u00e9gico, las acciones de la Comisi\u00f3n reflejan un\u00a0retroceso en las ambiciones agr\u00edcolas comunes, creando una brecha entre palabras y hechos que afecta a familias rurales, comunidades y consumidores.<\/p>\n<p><img loading=\"lazy\" decoding=\"async\" class=\"aligncenter size-full wp-image-9511\" src=\"https:\/\/www.asajacyl.com\/soria\/wp-content\/uploads\/sites\/9\/2025\/12\/IMG_9309.jpg\" alt=\"\" width=\"1970\" height=\"2041\" srcset=\"https:\/\/www.asajacyl.com\/soria\/wp-content\/uploads\/sites\/9\/2025\/12\/IMG_9309.jpg 1970w, https:\/\/www.asajacyl.com\/soria\/wp-content\/uploads\/sites\/9\/2025\/12\/IMG_9309-290x300.jpg 290w, https:\/\/www.asajacyl.com\/soria\/wp-content\/uploads\/sites\/9\/2025\/12\/IMG_9309-988x1024.jpg 988w, https:\/\/www.asajacyl.com\/soria\/wp-content\/uploads\/sites\/9\/2025\/12\/IMG_9309-768x796.jpg 768w, https:\/\/www.asajacyl.com\/soria\/wp-content\/uploads\/sites\/9\/2025\/12\/IMG_9309-1483x1536.jpg 1483w, https:\/\/www.asajacyl.com\/soria\/wp-content\/uploads\/sites\/9\/2025\/12\/IMG_9309-405x420.jpg 405w, https:\/\/www.asajacyl.com\/soria\/wp-content\/uploads\/sites\/9\/2025\/12\/IMG_9309-696x721.jpg 696w, https:\/\/www.asajacyl.com\/soria\/wp-content\/uploads\/sites\/9\/2025\/12\/IMG_9309-1068x1106.jpg 1068w, https:\/\/www.asajacyl.com\/soria\/wp-content\/uploads\/sites\/9\/2025\/12\/IMG_9309-1920x1989.jpg 1920w\" sizes=\"(max-width: 1970px) 100vw, 1970px\" \/><\/p>\n<p>La propuesta de\u00a0Marco Financiero Plurianual (MFP)\u00a0presentada por la presidenta\u00a0Ursula von der Leyen\u00a0no es una simple reordenaci\u00f3n presupuestaria: es un golpe directo a la\u00a0Pol\u00edtica Agraria Com\u00fan, el instrumento que durante m\u00e1s de seis d\u00e9cadas ha garantizado\u00a0seguridad alimentaria, cohesi\u00f3n territorial y estabilidad\u00a0para millones de ciudadanos y explotaciones en toda la Uni\u00f3n. Y esta vez la amenaza no llega desde fuera, sino desde dentro, de la propia Comisi\u00f3n.<\/p>\n<p>En plena marcha reivindicativa, que transcurri\u00f3 desde la estaci\u00f3n norte hasta la plaza de Luxemburgo, la presidenta de ASAJA Soria apunt\u00f3 que \u201cdesde hace meses, ya hemos dicho que el camino que se estaba trazando pon\u00eda al sector en una\u00a0situaci\u00f3n l\u00edmite.\u00a0La Comisi\u00f3n ha optado por ignorarlo. El 16 de julio, cuando present\u00f3 su propuesta se vio claramente el desmantelamiento de pilares fundamentales de la PAC y que se est\u00e1 dinamitando su propia raz\u00f3n de ser\u201d. \u00a0Para la m\u00e1xima responsable de ASAJA, \u201cen un escenario marcado por el incremento de los costes de producci\u00f3n y la falta de rentabilidad tanto en secano como en regad\u00edo, todos mis compa\u00f1eros aqu\u00ed presentes alertamos de que cualquier recorte adicional en la PAC supondr\u00eda el golpe definitivo para el tipo de agricultura de provincias como la de Soria\u201d.<\/p>\n<p><img loading=\"lazy\" decoding=\"async\" class=\"aligncenter size-full wp-image-9512\" src=\"https:\/\/www.asajacyl.com\/soria\/wp-content\/uploads\/sites\/9\/2025\/12\/IMG_9256-1.jpg\" alt=\"\" width=\"2016\" height=\"1512\" srcset=\"https:\/\/www.asajacyl.com\/soria\/wp-content\/uploads\/sites\/9\/2025\/12\/IMG_9256-1.jpg 2016w, https:\/\/www.asajacyl.com\/soria\/wp-content\/uploads\/sites\/9\/2025\/12\/IMG_9256-1-300x225.jpg 300w, https:\/\/www.asajacyl.com\/soria\/wp-content\/uploads\/sites\/9\/2025\/12\/IMG_9256-1-1024x768.jpg 1024w, https:\/\/www.asajacyl.com\/soria\/wp-content\/uploads\/sites\/9\/2025\/12\/IMG_9256-1-768x576.jpg 768w, https:\/\/www.asajacyl.com\/soria\/wp-content\/uploads\/sites\/9\/2025\/12\/IMG_9256-1-1536x1152.jpg 1536w, https:\/\/www.asajacyl.com\/soria\/wp-content\/uploads\/sites\/9\/2025\/12\/IMG_9256-1-560x420.jpg 560w, https:\/\/www.asajacyl.com\/soria\/wp-content\/uploads\/sites\/9\/2025\/12\/IMG_9256-1-80x60.jpg 80w, https:\/\/www.asajacyl.com\/soria\/wp-content\/uploads\/sites\/9\/2025\/12\/IMG_9256-1-696x522.jpg 696w, https:\/\/www.asajacyl.com\/soria\/wp-content\/uploads\/sites\/9\/2025\/12\/IMG_9256-1-1068x801.jpg 1068w, https:\/\/www.asajacyl.com\/soria\/wp-content\/uploads\/sites\/9\/2025\/12\/IMG_9256-1-1920x1440.jpg 1920w\" sizes=\"(max-width: 2016px) 100vw, 2016px\" \/><\/p>\n<p>A la vez, Pastor quiso dejar claro que \u201chemos venido hasta aqu\u00ed, a 1500 kil\u00f3metros de Soria y donde se toman las decisiones del futuro de Europa, a defender que la PAC no es defender a un sector: es defender el futuro de todos. Es vital la necesidad de una aut\u00e9ntica simplificaci\u00f3n normativa en la UE, ya que el sector vive asfixiado por un volumen creciente de requisitos, controles y nuevas obligaciones que dificultan la gesti\u00f3n diaria de las explotaciones en una provincia como la nuestra\u00bb.<\/p>\n","protected":false},"excerpt":{"rendered":"<p>La propuesta de\u00a0Marco Financiero Plurianual (MFP)\u00a0presentada por la presidenta\u00a0Ursula von der Leyen\u00a0no es una simple reordenaci\u00f3n presupuestaria: es un golpe directo a la\u00a0Pol\u00edtica Agraria Com\u00fan, el instrumento que durante m\u00e1s de seis d\u00e9cadas ha garantizado\u00a0seguridad alimentaria, cohesi\u00f3n territorial y estabilidad\u00a0para millones de ciudadanos y explotaciones en toda la Uni\u00f3n M\u00e1s de 10.000 agricultores, entre ellos [&hellip;]<\/p>\n","protected":false},"author":12,"featured_media":9513,"comment_status":"open","ping_status":"open","sticky":false,"template":"","format":"standard","meta":{"footnotes":""},"categories":[10,25],"tags":[],"yoast_head":"<!-- This site is optimized with the Yoast SEO plugin v24.5 - https:\/\/yoast.com\/wordpress\/plugins\/seo\/ -->\n<title>ASAJA Soria se moviliza en Bruselas para defender al sector agroganadero ante los recortes - ASAJA Soria<\/title>\n<meta name=\"description\" content=\"La propuesta de\u00a0Marco Financiero Plurianual (MFP)\u00a0presentada por la presidenta\u00a0Ursula von der Leyen\u00a0no es una simple reordenaci\u00f3n presupuestaria: es un\" \/>\n<meta name=\"robots\" content=\"index, follow, max-snippet:-1, max-image-preview:large, max-video-preview:-1\" \/>\n<link rel=\"canonical\" href=\"https:\/\/www.asajacyl.com\/soria\/asaja-soria-informa\/9509\" \/>\n<meta property=\"og:locale\" content=\"es_ES\" \/>\n<meta property=\"og:type\" content=\"article\" \/>\n<meta property=\"og:title\" content=\"ASAJA Soria se moviliza en Bruselas para defender al sector agroganadero ante los recortes - ASAJA Soria\" \/>\n<meta property=\"og:description\" content=\"La propuesta de\u00a0Marco Financiero Plurianual (MFP)\u00a0presentada por la presidenta\u00a0Ursula von der Leyen\u00a0no es una simple reordenaci\u00f3n presupuestaria: es un\" \/>\n<meta property=\"og:url\" content=\"https:\/\/www.asajacyl.com\/soria\/asaja-soria-informa\/9509\" \/>\n<meta property=\"og:site_name\" content=\"ASAJA Soria\" \/>\n<meta property=\"article:published_time\" content=\"2025-12-19T15:38:49+00:00\" \/>\n<meta property=\"article:modified_time\" content=\"2025-12-22T13:23:35+00:00\" \/>\n<meta property=\"og:image\" content=\"https:\/\/www.asajacyl.com\/soria\/wp-content\/uploads\/sites\/9\/2025\/12\/IMG_9251.jpg\" \/>\n\t<meta property=\"og:image:width\" content=\"2016\" \/>\n\t<meta property=\"og:image:height\" content=\"1512\" \/>\n\t<meta property=\"og:image:type\" content=\"image\/jpeg\" \/>\n<meta name=\"author\" content=\"Juan Ignacio Prieto Nieto\" \/>\n<meta name=\"twitter:card\" content=\"summary_large_image\" \/>\n<meta name=\"twitter:label1\" content=\"Escrito por\" \/>\n\t<meta name=\"twitter:data1\" content=\"Juan Ignacio Prieto Nieto\" \/>\n\t<meta name=\"twitter:label2\" content=\"Tiempo de lectura\" \/>\n\t<meta name=\"twitter:data2\" content=\"5 minutos\" \/>\n<script type=\"application\/ld+json\" class=\"yoast-schema-graph\">{\"@context\":\"https:\/\/schema.org\",\"@graph\":[{\"@type\":\"WebPage\",\"@id\":\"https:\/\/www.asajacyl.com\/soria\/asaja-soria-informa\/9509\",\"url\":\"https:\/\/www.asajacyl.com\/soria\/asaja-soria-informa\/9509\",\"name\":\"ASAJA Soria se moviliza en Bruselas para defender al sector agroganadero ante los recortes - ASAJA Soria\",\"isPartOf\":{\"@id\":\"https:\/\/www.asajacyl.com\/soria\/#website\"},\"primaryImageOfPage\":{\"@id\":\"https:\/\/www.asajacyl.com\/soria\/asaja-soria-informa\/9509#primaryimage\"},\"image\":{\"@id\":\"https:\/\/www.asajacyl.com\/soria\/asaja-soria-informa\/9509#primaryimage\"},\"thumbnailUrl\":\"https:\/\/www.asajacyl.com\/soria\/wp-content\/uploads\/sites\/9\/2025\/12\/IMG_9251.jpg\",\"datePublished\":\"2025-12-19T15:38:49+00:00\",\"dateModified\":\"2025-12-22T13:23:35+00:00\",\"author\":{\"@id\":\"https:\/\/www.asajacyl.com\/soria\/#\/schema\/person\/fd3081c40255119ce8133b87e6aedfab\"},\"description\":\"La propuesta de\u00a0Marco Financiero Plurianual (MFP)\u00a0presentada por la presidenta\u00a0Ursula von der Leyen\u00a0no es una simple reordenaci\u00f3n presupuestaria: es un\",\"breadcrumb\":{\"@id\":\"https:\/\/www.asajacyl.com\/soria\/asaja-soria-informa\/9509#breadcrumb\"},\"inLanguage\":\"es\",\"potentialAction\":[{\"@type\":\"ReadAction\",\"target\":[\"https:\/\/www.asajacyl.com\/soria\/asaja-soria-informa\/9509\"]}]},{\"@type\":\"ImageObject\",\"inLanguage\":\"es\",\"@id\":\"https:\/\/www.asajacyl.com\/soria\/asaja-soria-informa\/9509#primaryimage\",\"url\":\"https:\/\/www.asajacyl.com\/soria\/wp-content\/uploads\/sites\/9\/2025\/12\/IMG_9251.jpg\",\"contentUrl\":\"https:\/\/www.asajacyl.com\/soria\/wp-content\/uploads\/sites\/9\/2025\/12\/IMG_9251.jpg\",\"width\":2016,\"height\":1512},{\"@type\":\"BreadcrumbList\",\"@id\":\"https:\/\/www.asajacyl.com\/soria\/asaja-soria-informa\/9509#breadcrumb\",\"itemListElement\":[{\"@type\":\"ListItem\",\"position\":1,\"name\":\"Portada\",\"item\":\"https:\/\/www.asajacyl.com\/soria\/\"},{\"@type\":\"ListItem\",\"position\":2,\"name\":\"ASAJA Soria se moviliza en Bruselas para defender al sector agroganadero ante los recortes\"}]},{\"@type\":\"WebSite\",\"@id\":\"https:\/\/www.asajacyl.com\/soria\/#website\",\"url\":\"https:\/\/www.asajacyl.com\/soria\/\",\"name\":\"ASAJA Soria\",\"description\":\"Otro sitio m\u00e1s de Provincias ASAJA Castilla y Le\u00f3n\",\"potentialAction\":[{\"@type\":\"SearchAction\",\"target\":{\"@type\":\"EntryPoint\",\"urlTemplate\":\"https:\/\/www.asajacyl.com\/soria\/?s={search_term_string}\"},\"query-input\":{\"@type\":\"PropertyValueSpecification\",\"valueRequired\":true,\"valueName\":\"search_term_string\"}}],\"inLanguage\":\"es\"},{\"@type\":\"Person\",\"@id\":\"https:\/\/www.asajacyl.com\/soria\/#\/schema\/person\/fd3081c40255119ce8133b87e6aedfab\",\"name\":\"Juan Ignacio Prieto Nieto\",\"image\":{\"@type\":\"ImageObject\",\"inLanguage\":\"es\",\"@id\":\"https:\/\/www.asajacyl.com\/soria\/#\/schema\/person\/image\/\",\"url\":\"https:\/\/secure.gravatar.com\/avatar\/8266b36e4d9001acb4700699a2468dc8?s=96&d=mm&r=g\",\"contentUrl\":\"https:\/\/secure.gravatar.com\/avatar\/8266b36e4d9001acb4700699a2468dc8?s=96&d=mm&r=g\",\"caption\":\"Juan Ignacio Prieto Nieto\"},\"url\":\"https:\/\/www.asajacyl.com\/soria\/author\/juanfranciscoby\"}]}<\/script>\n<!-- \/ Yoast SEO plugin. -->","yoast_head_json":{"title":"ASAJA Soria se moviliza en Bruselas para defender al sector agroganadero ante los recortes - ASAJA Soria","description":"La propuesta de\u00a0Marco Financiero Plurianual (MFP)\u00a0presentada por la presidenta\u00a0Ursula von der Leyen\u00a0no es una simple reordenaci\u00f3n presupuestaria: es un","robots":{"index":"index","follow":"follow","max-snippet":"max-snippet:-1","max-image-preview":"max-image-preview:large","max-video-preview":"max-video-preview:-1"},"canonical":"https:\/\/www.asajacyl.com\/soria\/asaja-soria-informa\/9509","og_locale":"es_ES","og_type":"article","og_title":"ASAJA Soria se moviliza en Bruselas para defender al sector agroganadero ante los recortes - ASAJA Soria","og_description":"La propuesta de\u00a0Marco Financiero Plurianual (MFP)\u00a0presentada por la presidenta\u00a0Ursula von der Leyen\u00a0no es una simple reordenaci\u00f3n presupuestaria: es un","og_url":"https:\/\/www.asajacyl.com\/soria\/asaja-soria-informa\/9509","og_site_name":"ASAJA Soria","article_published_time":"2025-12-19T15:38:49+00:00","article_modified_time":"2025-12-22T13:23:35+00:00","og_image":[{"width":2016,"height":1512,"url":"https:\/\/www.asajacyl.com\/soria\/wp-content\/uploads\/sites\/9\/2025\/12\/IMG_9251.jpg","type":"image\/jpeg"}],"author":"Juan Ignacio Prieto Nieto","twitter_card":"summary_large_image","twitter_misc":{"Escrito por":"Juan Ignacio Prieto Nieto","Tiempo de lectura":"5 minutos"},"schema":{"@context":"https:\/\/schema.org","@graph":[{"@type":"WebPage","@id":"https:\/\/www.asajacyl.com\/soria\/asaja-soria-informa\/9509","url":"https:\/\/www.asajacyl.com\/soria\/asaja-soria-informa\/9509","name":"ASAJA Soria se moviliza en Bruselas para defender al sector agroganadero ante los recortes - ASAJA Soria","isPartOf":{"@id":"https:\/\/www.asajacyl.com\/soria\/#website"},"primaryImageOfPage":{"@id":"https:\/\/www.asajacyl.com\/soria\/asaja-soria-informa\/9509#primaryimage"},"image":{"@id":"https:\/\/www.asajacyl.com\/soria\/asaja-soria-informa\/9509#primaryimage"},"thumbnailUrl":"https:\/\/www.asajacyl.com\/soria\/wp-content\/uploads\/sites\/9\/2025\/12\/IMG_9251.jpg","datePublished":"2025-12-19T15:38:49+00:00","dateModified":"2025-12-22T13:23:35+00:00","author":{"@id":"https:\/\/www.asajacyl.com\/soria\/#\/schema\/person\/fd3081c40255119ce8133b87e6aedfab"},"description":"La propuesta de\u00a0Marco Financiero Plurianual (MFP)\u00a0presentada por la presidenta\u00a0Ursula von der Leyen\u00a0no es una simple reordenaci\u00f3n presupuestaria: es un","breadcrumb":{"@id":"https:\/\/www.asajacyl.com\/soria\/asaja-soria-informa\/9509#breadcrumb"},"inLanguage":"es","potentialAction":[{"@type":"ReadAction","target":["https:\/\/www.asajacyl.com\/soria\/asaja-soria-informa\/9509"]}]},{"@type":"ImageObject","inLanguage":"es","@id":"https:\/\/www.asajacyl.com\/soria\/asaja-soria-informa\/9509#primaryimage","url":"https:\/\/www.asajacyl.com\/soria\/wp-content\/uploads\/sites\/9\/2025\/12\/IMG_9251.jpg","contentUrl":"https:\/\/www.asajacyl.com\/soria\/wp-content\/uploads\/sites\/9\/2025\/12\/IMG_9251.jpg","width":2016,"height":1512},{"@type":"BreadcrumbList","@id":"https:\/\/www.asajacyl.com\/soria\/asaja-soria-informa\/9509#breadcrumb","itemListElement":[{"@type":"ListItem","position":1,"name":"Portada","item":"https:\/\/www.asajacyl.com\/soria\/"},{"@type":"ListItem","position":2,"name":"ASAJA Soria se moviliza en Bruselas para defender al sector agroganadero ante los recortes"}]},{"@type":"WebSite","@id":"https:\/\/www.asajacyl.com\/soria\/#website","url":"https:\/\/www.asajacyl.com\/soria\/","name":"ASAJA Soria","description":"Otro sitio m\u00e1s de Provincias ASAJA Castilla y Le\u00f3n","potentialAction":[{"@type":"SearchAction","target":{"@type":"EntryPoint","urlTemplate":"https:\/\/www.asajacyl.com\/soria\/?s={search_term_string}"},"query-input":{"@type":"PropertyValueSpecification","valueRequired":true,"valueName":"search_term_string"}}],"inLanguage":"es"},{"@type":"Person","@id":"https:\/\/www.asajacyl.com\/soria\/#\/schema\/person\/fd3081c40255119ce8133b87e6aedfab","name":"Juan Ignacio Prieto Nieto","image":{"@type":"ImageObject","inLanguage":"es","@id":"https:\/\/www.asajacyl.com\/soria\/#\/schema\/person\/image\/","url":"https:\/\/secure.gravatar.com\/avatar\/8266b36e4d9001acb4700699a2468dc8?s=96&d=mm&r=g","contentUrl":"https:\/\/secure.gravatar.com\/avatar\/8266b36e4d9001acb4700699a2468dc8?s=96&d=mm&r=g","caption":"Juan Ignacio Prieto Nieto"},"url":"https:\/\/www.asajacyl.com\/soria\/author\/juanfranciscoby"}]}},"_links":{"self":[{"href":"https:\/\/www.asajacyl.com\/soria\/wp-json\/wp\/v2\/posts\/9509"}],"collection":[{"href":"https:\/\/www.asajacyl.com\/soria\/wp-json\/wp\/v2\/posts"}],"about":[{"href":"https:\/\/www.asajacyl.com\/soria\/wp-json\/wp\/v2\/types\/post"}],"author":[{"embeddable":true,"href":"https:\/\/www.asajacyl.com\/soria\/wp-json\/wp\/v2\/users\/12"}],"replies":[{"embeddable":true,"href":"https:\/\/www.asajacyl.com\/soria\/wp-json\/wp\/v2\/comments?post=9509"}],"version-history":[{"count":2,"href":"https:\/\/www.asajacyl.com\/soria\/wp-json\/wp\/v2\/posts\/9509\/revisions"}],"predecessor-version":[{"id":9515,"href":"https:\/\/www.asajacyl.com\/soria\/wp-json\/wp\/v2\/posts\/9509\/revisions\/9515"}],"wp:featuredmedia":[{"embeddable":true,"href":"https:\/\/www.asajacyl.com\/soria\/wp-json\/wp\/v2\/media\/9513"}],"wp:attachment":[{"href":"https:\/\/www.asajacyl.com\/soria\/wp-json\/wp\/v2\/media?parent=9509"}],"wp:term":[{"taxonomy":"category","embeddable":true,"href":"https:\/\/www.asajacyl.com\/soria\/wp-json\/wp\/v2\/categories?post=9509"},{"taxonomy":"post_tag","embeddable":true,"href":"https:\/\/www.asajacyl.com\/soria\/wp-json\/wp\/v2\/tags?post=9509"}],"curies":[{"name":"wp","href":"https:\/\/api.w.org\/{rel}","templated":true}]}}