{"id":9517,"date":"2025-12-22T14:40:08","date_gmt":"2025-12-22T13:40:08","guid":{"rendered":"https:\/\/www.asajacyl.com\/soria\/?p=9517"},"modified":"2026-01-16T14:13:29","modified_gmt":"2026-01-16T13:13:29","slug":"asaja-soria-pone-el-punto-de-mira-en-bruselas-con-los-premios-espiga-y-tizon-2025-y-la-nueva-pac","status":"publish","type":"post","link":"https:\/\/www.asajacyl.com\/soria\/asaja-soria-informa\/asaja-soria-pone-el-punto-de-mira-en-bruselas-con-los-premios-espiga-y-tizon-2025-y-la-nueva-pac","title":{"rendered":"ASAJA Soria pone el punto de mira en Bruselas, con los Premios Espiga y Tiz\u00f3n 2025 y la nueva PAC"},"content":{"rendered":"\n\n\n<h2><em>En esta decimonovena edici\u00f3n, reconocimiento para el COPA-COGECA por su incansable labor en defensa de la agricultura y ganader\u00eda europea. Reprimenda a la Comisi\u00f3n Europea, con\u00a0Ursula von der Leyen\u00a0a la cabeza, por relegar a los agricultores en los acuerdos con terceros<\/em><\/h2>\n<p>ASAJA Soria ha celebrado este lunes 22 de diciembre su asamblea navide\u00f1a, en la que adem\u00e1s ha entregado en el Aula Magna Tirso de Molina de la capital sus galardones Espiga y Tiz\u00f3n del a\u00f1o 2025, correspondiente a la decimonovena edici\u00f3n de estos premios.<\/p>\n<p>El premio negativo, conocido como Tiz\u00f3n, este a\u00f1o ha ido abrumadoramente a parar a la Comisi\u00f3n Europea, con Ursula von der Leyen a la cabeza, por relegar a los agricultores en los acuerdos con terceros.<\/p>\n<p>La desmesurada guerra comercial global, desatada o acelerada por la actual administraci\u00f3n de Estados Unidos, as\u00ed como las implicaciones derivadas de la guerra en Ucrania y la amenaza de la puesta en marcha del nuevo mecanismo UE de regulaci\u00f3n en frontera por carbono (CBAM) con pa\u00edses terceros afectan a los mercados y a las regulaciones del comercio con terceros pa\u00edses.<\/p>\n<p>En este contexto, la Comisi\u00f3n Europea ha acelerado de manera agitada el impulso de acuerdos comerciales, en los que lamentablemente el sector agrario se siente moneda de cambio en ellos, y en los que la \u201cpreferencia comunitaria\u201d, principio sacrosanto que deber\u00eda respetarse en el marco de la UE, queda a los pies de los caballos o al de otros sectores interesados en ganar y encontrar estabilidad en esos mercados en un mundo sacudido por la incertidumbre y la inestabilidad en las reglas comerciales globales.<\/p>\n<p>As\u00ed las cosas, en estos \u00faltimos meses de 2025 se han cerrado, impulsado o est\u00e1n a punto de concretarse acuerdos como el de MERCOSUR, Estados Unidos, M\u00e9xico, Canad\u00e1, Ucrania, Jap\u00f3n, Corea del Sur, Chile, Vietnam, Singapur, Nueva Zelanda, Reino Unido, Suiza, Kenia, Comunidad Andina y Centroam\u00e9rica, India, Emiratos \u00c1rabes, Australia e Indonesia, en los que nuestro sector parece ser moneda de cambio.<\/p>\n<p>Tras la presentaci\u00f3n del Tizonazo por parte del secretario general, Sergio Moreno, tuvo lugar una parodia en la que unos actores simularon ser Ursula von der Leyen.<\/p>\n<p><img loading=\"lazy\" decoding=\"async\" class=\"aligncenter size-full wp-image-9518\" src=\"https:\/\/www.asajacyl.com\/soria\/wp-content\/uploads\/sites\/9\/2025\/12\/IMG_9437.jpg\" alt=\"\" width=\"2500\" height=\"1875\" srcset=\"https:\/\/www.asajacyl.com\/soria\/wp-content\/uploads\/sites\/9\/2025\/12\/IMG_9437.jpg 2500w, https:\/\/www.asajacyl.com\/soria\/wp-content\/uploads\/sites\/9\/2025\/12\/IMG_9437-300x225.jpg 300w, https:\/\/www.asajacyl.com\/soria\/wp-content\/uploads\/sites\/9\/2025\/12\/IMG_9437-1024x768.jpg 1024w, https:\/\/www.asajacyl.com\/soria\/wp-content\/uploads\/sites\/9\/2025\/12\/IMG_9437-768x576.jpg 768w, https:\/\/www.asajacyl.com\/soria\/wp-content\/uploads\/sites\/9\/2025\/12\/IMG_9437-1536x1152.jpg 1536w, https:\/\/www.asajacyl.com\/soria\/wp-content\/uploads\/sites\/9\/2025\/12\/IMG_9437-2048x1536.jpg 2048w, https:\/\/www.asajacyl.com\/soria\/wp-content\/uploads\/sites\/9\/2025\/12\/IMG_9437-560x420.jpg 560w, https:\/\/www.asajacyl.com\/soria\/wp-content\/uploads\/sites\/9\/2025\/12\/IMG_9437-80x60.jpg 80w, https:\/\/www.asajacyl.com\/soria\/wp-content\/uploads\/sites\/9\/2025\/12\/IMG_9437-696x522.jpg 696w, https:\/\/www.asajacyl.com\/soria\/wp-content\/uploads\/sites\/9\/2025\/12\/IMG_9437-1068x801.jpg 1068w, https:\/\/www.asajacyl.com\/soria\/wp-content\/uploads\/sites\/9\/2025\/12\/IMG_9437-1920x1440.jpg 1920w\" sizes=\"(max-width: 2500px) 100vw, 2500px\" \/><\/p>\n<p>Posteriormente, lleg\u00f3 el turno del Premio Espiga, que ha reca\u00eddo en el COPA-COGECA por su incansable labor en defensa de la agricultura y ganader\u00eda europea.<\/p>\n<p>El COPA-COGECA es la voz de los agricultores y ganaderos en la Uni\u00f3n Europea. El COPA (Comit\u00e9 de Organizaciones Profesionales Agrarias) aglutina la representaci\u00f3n de 22 millones de agricultores, ganaderos y familias europeas. Y el COGECA (Confederaci\u00f3n General de Cooperativas Agrarias) suma los intereses de las cooperativas agroalimentarias, forestales y pesqueras de toda la UE.<\/p>\n<p><img loading=\"lazy\" decoding=\"async\" class=\"aligncenter size-full wp-image-9519\" src=\"https:\/\/www.asajacyl.com\/soria\/wp-content\/uploads\/sites\/9\/2025\/12\/IMG_9432.jpg\" alt=\"\" width=\"1875\" height=\"2500\" srcset=\"https:\/\/www.asajacyl.com\/soria\/wp-content\/uploads\/sites\/9\/2025\/12\/IMG_9432.jpg 1875w, https:\/\/www.asajacyl.com\/soria\/wp-content\/uploads\/sites\/9\/2025\/12\/IMG_9432-225x300.jpg 225w, https:\/\/www.asajacyl.com\/soria\/wp-content\/uploads\/sites\/9\/2025\/12\/IMG_9432-768x1024.jpg 768w, https:\/\/www.asajacyl.com\/soria\/wp-content\/uploads\/sites\/9\/2025\/12\/IMG_9432-1152x1536.jpg 1152w, https:\/\/www.asajacyl.com\/soria\/wp-content\/uploads\/sites\/9\/2025\/12\/IMG_9432-1536x2048.jpg 1536w, https:\/\/www.asajacyl.com\/soria\/wp-content\/uploads\/sites\/9\/2025\/12\/IMG_9432-315x420.jpg 315w, https:\/\/www.asajacyl.com\/soria\/wp-content\/uploads\/sites\/9\/2025\/12\/IMG_9432-696x928.jpg 696w, https:\/\/www.asajacyl.com\/soria\/wp-content\/uploads\/sites\/9\/2025\/12\/IMG_9432-1068x1424.jpg 1068w\" sizes=\"(max-width: 1875px) 100vw, 1875px\" \/><\/p>\n<p>ASAJA, como organizaci\u00f3n profesional, forma parte del COPA, y ocupa una vicepresidencia a trav\u00e9s de Pedro Barato. Massimiliano Giansanti, agricultor y ganadero italiano, es actualmente el presidente. Por su parte, Lennart Nilsson, agricultor, ganadero y cooperativista sueco, es el presidente de la COGECA.<\/p>\n<p><img loading=\"lazy\" decoding=\"async\" class=\"aligncenter size-full wp-image-9520\" src=\"https:\/\/www.asajacyl.com\/soria\/wp-content\/uploads\/sites\/9\/2025\/12\/IMG_9462.jpg\" alt=\"\" width=\"2500\" height=\"1875\" srcset=\"https:\/\/www.asajacyl.com\/soria\/wp-content\/uploads\/sites\/9\/2025\/12\/IMG_9462.jpg 2500w, https:\/\/www.asajacyl.com\/soria\/wp-content\/uploads\/sites\/9\/2025\/12\/IMG_9462-300x225.jpg 300w, https:\/\/www.asajacyl.com\/soria\/wp-content\/uploads\/sites\/9\/2025\/12\/IMG_9462-1024x768.jpg 1024w, https:\/\/www.asajacyl.com\/soria\/wp-content\/uploads\/sites\/9\/2025\/12\/IMG_9462-768x576.jpg 768w, https:\/\/www.asajacyl.com\/soria\/wp-content\/uploads\/sites\/9\/2025\/12\/IMG_9462-1536x1152.jpg 1536w, https:\/\/www.asajacyl.com\/soria\/wp-content\/uploads\/sites\/9\/2025\/12\/IMG_9462-2048x1536.jpg 2048w, https:\/\/www.asajacyl.com\/soria\/wp-content\/uploads\/sites\/9\/2025\/12\/IMG_9462-560x420.jpg 560w, https:\/\/www.asajacyl.com\/soria\/wp-content\/uploads\/sites\/9\/2025\/12\/IMG_9462-80x60.jpg 80w, https:\/\/www.asajacyl.com\/soria\/wp-content\/uploads\/sites\/9\/2025\/12\/IMG_9462-696x522.jpg 696w, https:\/\/www.asajacyl.com\/soria\/wp-content\/uploads\/sites\/9\/2025\/12\/IMG_9462-1068x801.jpg 1068w, https:\/\/www.asajacyl.com\/soria\/wp-content\/uploads\/sites\/9\/2025\/12\/IMG_9462-1920x1440.jpg 1920w\" sizes=\"(max-width: 2500px) 100vw, 2500px\" \/><\/p>\n<p>Es muy habitual que COPA y COGECA desarrollen su labor interlocutora con las instituciones europeas de manera conjunta y coordinada, compartiendo recursos y esfuerzos, por lo que tambi\u00e9n de manera habitual, aunque sean organizaciones independientes, se les menciona como el COPA*COGECA.<\/p>\n<p>Aunque sobran motivos, la respuesta mayoritaria contraria de los eurodiputados a la actual propuesta de la PAC post 2027 y el Marco Financiero Plurianual, presentados por la Comisi\u00f3n Europea el junio pasado, es prueba del esfuerzo que realiza a diario el COPA-COGECA, as\u00ed como la organizaci\u00f3n de la manifestaci\u00f3n de Bruselas del pasado d\u00eda 18 de diciembre.<\/p>\n<p><img loading=\"lazy\" decoding=\"async\" class=\"aligncenter size-full wp-image-9523\" src=\"https:\/\/www.asajacyl.com\/soria\/wp-content\/uploads\/sites\/9\/2025\/12\/IMG_9449.jpg\" alt=\"\" width=\"1863\" height=\"2500\" srcset=\"https:\/\/www.asajacyl.com\/soria\/wp-content\/uploads\/sites\/9\/2025\/12\/IMG_9449.jpg 1863w, https:\/\/www.asajacyl.com\/soria\/wp-content\/uploads\/sites\/9\/2025\/12\/IMG_9449-224x300.jpg 224w, https:\/\/www.asajacyl.com\/soria\/wp-content\/uploads\/sites\/9\/2025\/12\/IMG_9449-763x1024.jpg 763w, https:\/\/www.asajacyl.com\/soria\/wp-content\/uploads\/sites\/9\/2025\/12\/IMG_9449-768x1031.jpg 768w, https:\/\/www.asajacyl.com\/soria\/wp-content\/uploads\/sites\/9\/2025\/12\/IMG_9449-1145x1536.jpg 1145w, https:\/\/www.asajacyl.com\/soria\/wp-content\/uploads\/sites\/9\/2025\/12\/IMG_9449-1526x2048.jpg 1526w, https:\/\/www.asajacyl.com\/soria\/wp-content\/uploads\/sites\/9\/2025\/12\/IMG_9449-313x420.jpg 313w, https:\/\/www.asajacyl.com\/soria\/wp-content\/uploads\/sites\/9\/2025\/12\/IMG_9449-696x934.jpg 696w, https:\/\/www.asajacyl.com\/soria\/wp-content\/uploads\/sites\/9\/2025\/12\/IMG_9449-1068x1433.jpg 1068w\" sizes=\"(max-width: 1863px) 100vw, 1863px\" \/><\/p>\n<p>En principio estaba previsto que recogiera el premio Pedro Barato, pero finalmente no pudo asistir y el encargado fue el presidente regional del ASAJA, Donaciano Dujo.<\/p>\n<p>Tras recoger el galard\u00f3n, Dujo se dirigi\u00f3 a los asistentes y centr\u00f3 su intervenci\u00f3n en tres ejes: la rentabilidad de las explotaciones, la incertidumbre en el sector ganadero por las enfermedades y el agradecimiento a los t\u00e9cnicos de ASAJA Soria por su labor diaria. Sobre la situaci\u00f3n del sector, Dujo apunt\u00f3 que \u201cla cuerda est\u00e1 tensa y se va a romper si esto no cambia. La Uni\u00f3n Europea nos lleva a este camino peligroso\u201d. A la vez, el m\u00e1ximo responsable regional de la organizaci\u00f3n asever\u00f3 que \u201chay inquietud con esa reducci\u00f3n del presupuesto previsto para la PAC en 2028. El segundo pilar es clave y se dar\u00eda potestad a los gobiernos, que son los que deciden para qu\u00e9 se utilizar\u00eda. La propuesta de la Comisi\u00f3n ha sido rechazada por el Parlamento, y por tanto la lucha contin\u00faa, y prueba de ello es el Tizonazo\u201d.<\/p>\n<p>Dujo ha trasladado tambi\u00e9n la incertidumbre del panorama sanitario en la ganader\u00eda: \u00abNo salimos de una enfermedad y entramos en otra\u00bb, ha lamentado. En este sentido, la presencia de la peste porcina africana es una amenaza para la regi\u00f3n, la tercera en cabezas de ganado en nuestro pa\u00eds por detr\u00e1s de Catalu\u00f1a y Arag\u00f3n. \u00abQueremos dejar claro que el sector porcino no tiene la enfermedad, lo tienen los jabal\u00edes salvajes, y nos preocupa que se lo pueda contagiar al sector porcino\u00bb, apunta, y recalca que el consumidor tiene toda las garant\u00edas sanitarias en el consumo de los productos agroalimentarios de la regi\u00f3n, Espa\u00f1a y la Uni\u00f3n Europea. \u00abLa fauna silvestre nos est\u00e1 perjudicando por su superpoblaci\u00f3n. Primero provocan accidentes, luego da\u00f1os sanitarios y da\u00f1os agr\u00edcolas\u00bb, por lo que insta a la administraciones a dejar a los cazadores abatir el \u00abm\u00e1ximo n\u00famero de piezas posibles de fauna silvestre porque cada vez es m\u00e1s evidente que la fauna salvaje va a echar a las personas del mundo rural\u00bb.<\/p>\n<p>Dujo tambi\u00e9n aludi\u00f3 al propio sector para solicitar sentido com\u00fan en factores como las tierras, las rentas y la maquinaria. Y a la vez avanz\u00f3 que \u201cASAJA no se queda quieta. A la manifestaci\u00f3n de Bruselas del pasado jueves se pueden sumar m\u00e1s movilizaciones pronto. Saldremos a las calles buscando unidad de acci\u00f3n, pero siempre con una m\u00e1xima que es que seremos y haremos lo que quieran los socios, no lo que nos diga nadie desde fuera\u201d.<\/p>\n<p>La clausura corri\u00f3 a cargo del viceconsejero de Pol\u00edtica Agraria Comunitaria y Desarrollo Rural, Jorge Llorente, quien enunci\u00f3 factores decisivos para la rentabilidad y la competitividad, y habl\u00f3 de \u201cglobalizaci\u00f3n, los consumidores, las informaciones a veces no veraces, la climatolog\u00eda, el coste de los insumos, la pericia y habilidad\u2026 En suma, muchos y cambiantes que requieren adem\u00e1s vocaci\u00f3n y seguir orgullosos de ser ganaderos y agricultores\u201d. Llorente tambi\u00e9n reconoci\u00f3 que \u201cen la Junta creemos en la pol\u00edtica de seguros y en todas las medidas para reforzar la seguridad animal\u201d. Por \u00faltimo, record\u00f3 que \u201cCastilla y Le\u00f3n fue la primera comunidad que lleg\u00f3 a un acuerdo com\u00fan con las opas para explicar conjuntamente en Europa por qu\u00e9 no est\u00e1bamos de acuerdo con la propuesta de la Comisi\u00f3n\u201d.<\/p>\n<p><img loading=\"lazy\" decoding=\"async\" class=\"aligncenter size-full wp-image-9521\" src=\"https:\/\/www.asajacyl.com\/soria\/wp-content\/uploads\/sites\/9\/2025\/12\/IMG_9474.jpg\" alt=\"\" width=\"2500\" height=\"1875\" srcset=\"https:\/\/www.asajacyl.com\/soria\/wp-content\/uploads\/sites\/9\/2025\/12\/IMG_9474.jpg 2500w, https:\/\/www.asajacyl.com\/soria\/wp-content\/uploads\/sites\/9\/2025\/12\/IMG_9474-300x225.jpg 300w, https:\/\/www.asajacyl.com\/soria\/wp-content\/uploads\/sites\/9\/2025\/12\/IMG_9474-1024x768.jpg 1024w, https:\/\/www.asajacyl.com\/soria\/wp-content\/uploads\/sites\/9\/2025\/12\/IMG_9474-768x576.jpg 768w, https:\/\/www.asajacyl.com\/soria\/wp-content\/uploads\/sites\/9\/2025\/12\/IMG_9474-1536x1152.jpg 1536w, https:\/\/www.asajacyl.com\/soria\/wp-content\/uploads\/sites\/9\/2025\/12\/IMG_9474-2048x1536.jpg 2048w, https:\/\/www.asajacyl.com\/soria\/wp-content\/uploads\/sites\/9\/2025\/12\/IMG_9474-560x420.jpg 560w, https:\/\/www.asajacyl.com\/soria\/wp-content\/uploads\/sites\/9\/2025\/12\/IMG_9474-80x60.jpg 80w, https:\/\/www.asajacyl.com\/soria\/wp-content\/uploads\/sites\/9\/2025\/12\/IMG_9474-696x522.jpg 696w, https:\/\/www.asajacyl.com\/soria\/wp-content\/uploads\/sites\/9\/2025\/12\/IMG_9474-1068x801.jpg 1068w, https:\/\/www.asajacyl.com\/soria\/wp-content\/uploads\/sites\/9\/2025\/12\/IMG_9474-1920x1440.jpg 1920w\" sizes=\"(max-width: 2500px) 100vw, 2500px\" \/><\/p>\n","protected":false},"excerpt":{"rendered":"<p>En esta decimonovena edici\u00f3n, reconocimiento para el COPA-COGECA por su incansable labor en defensa de la agricultura y ganader\u00eda europea. Reprimenda a la Comisi\u00f3n Europea, con\u00a0Ursula von der Leyen\u00a0a la cabeza, por relegar a los agricultores en los acuerdos con terceros ASAJA Soria ha celebrado este lunes 22 de diciembre su asamblea navide\u00f1a, en la [&hellip;]<\/p>\n","protected":false},"author":12,"featured_media":9518,"comment_status":"open","ping_status":"open","sticky":false,"template":"","format":"standard","meta":{"footnotes":""},"categories":[10,25],"tags":[],"yoast_head":"<!-- This site is optimized with the Yoast SEO plugin v24.5 - https:\/\/yoast.com\/wordpress\/plugins\/seo\/ -->\n<title>ASAJA Soria pone el punto de mira en Bruselas, con los Premios Espiga y Tiz\u00f3n 2025 y la nueva PAC - ASAJA Soria<\/title>\n<meta name=\"description\" content=\"En esta decimonovena edici\u00f3n, reconocimiento para el COPA-COGECA por su incansable labor en defensa de la agricultura y ganader\u00eda europea. Reprimenda a la\" \/>\n<meta name=\"robots\" content=\"index, follow, max-snippet:-1, max-image-preview:large, max-video-preview:-1\" \/>\n<link rel=\"canonical\" href=\"https:\/\/www.asajacyl.com\/soria\/asaja-soria-informa\/asaja-soria-pone-el-punto-de-mira-en-bruselas-con-los-premios-espiga-y-tizon-2025-y-la-nueva-pac\" \/>\n<meta property=\"og:locale\" content=\"es_ES\" \/>\n<meta property=\"og:type\" content=\"article\" \/>\n<meta property=\"og:title\" content=\"ASAJA Soria pone el punto de mira en Bruselas, con los Premios Espiga y Tiz\u00f3n 2025 y la nueva PAC - ASAJA Soria\" \/>\n<meta property=\"og:description\" content=\"En esta decimonovena edici\u00f3n, reconocimiento para el COPA-COGECA por su incansable labor en defensa de la agricultura y ganader\u00eda europea. Reprimenda a la\" \/>\n<meta property=\"og:url\" content=\"https:\/\/www.asajacyl.com\/soria\/asaja-soria-informa\/asaja-soria-pone-el-punto-de-mira-en-bruselas-con-los-premios-espiga-y-tizon-2025-y-la-nueva-pac\" \/>\n<meta property=\"og:site_name\" content=\"ASAJA Soria\" \/>\n<meta property=\"article:published_time\" content=\"2025-12-22T13:40:08+00:00\" \/>\n<meta property=\"article:modified_time\" content=\"2026-01-16T13:13:29+00:00\" \/>\n<meta property=\"og:image\" content=\"https:\/\/www.asajacyl.com\/soria\/wp-content\/uploads\/sites\/9\/2025\/12\/IMG_9437.jpg\" \/>\n\t<meta property=\"og:image:width\" content=\"2500\" \/>\n\t<meta property=\"og:image:height\" content=\"1875\" \/>\n\t<meta property=\"og:image:type\" content=\"image\/jpeg\" \/>\n<meta name=\"author\" content=\"Juan Ignacio Prieto Nieto\" \/>\n<meta name=\"twitter:card\" content=\"summary_large_image\" \/>\n<meta name=\"twitter:label1\" content=\"Escrito por\" \/>\n\t<meta name=\"twitter:data1\" content=\"Juan Ignacio Prieto Nieto\" \/>\n\t<meta name=\"twitter:label2\" content=\"Tiempo de lectura\" \/>\n\t<meta name=\"twitter:data2\" content=\"7 minutos\" \/>\n<script type=\"application\/ld+json\" class=\"yoast-schema-graph\">{\"@context\":\"https:\/\/schema.org\",\"@graph\":[{\"@type\":\"WebPage\",\"@id\":\"https:\/\/www.asajacyl.com\/soria\/asaja-soria-informa\/asaja-soria-pone-el-punto-de-mira-en-bruselas-con-los-premios-espiga-y-tizon-2025-y-la-nueva-pac\",\"url\":\"https:\/\/www.asajacyl.com\/soria\/asaja-soria-informa\/asaja-soria-pone-el-punto-de-mira-en-bruselas-con-los-premios-espiga-y-tizon-2025-y-la-nueva-pac\",\"name\":\"ASAJA Soria pone el punto de mira en Bruselas, con los Premios Espiga y Tiz\u00f3n 2025 y la nueva PAC - ASAJA Soria\",\"isPartOf\":{\"@id\":\"https:\/\/www.asajacyl.com\/soria\/#website\"},\"primaryImageOfPage\":{\"@id\":\"https:\/\/www.asajacyl.com\/soria\/asaja-soria-informa\/asaja-soria-pone-el-punto-de-mira-en-bruselas-con-los-premios-espiga-y-tizon-2025-y-la-nueva-pac#primaryimage\"},\"image\":{\"@id\":\"https:\/\/www.asajacyl.com\/soria\/asaja-soria-informa\/asaja-soria-pone-el-punto-de-mira-en-bruselas-con-los-premios-espiga-y-tizon-2025-y-la-nueva-pac#primaryimage\"},\"thumbnailUrl\":\"https:\/\/www.asajacyl.com\/soria\/wp-content\/uploads\/sites\/9\/2025\/12\/IMG_9437.jpg\",\"datePublished\":\"2025-12-22T13:40:08+00:00\",\"dateModified\":\"2026-01-16T13:13:29+00:00\",\"author\":{\"@id\":\"https:\/\/www.asajacyl.com\/soria\/#\/schema\/person\/fd3081c40255119ce8133b87e6aedfab\"},\"description\":\"En esta decimonovena edici\u00f3n, reconocimiento para el COPA-COGECA por su incansable labor en defensa de la agricultura y ganader\u00eda europea. Reprimenda a la\",\"breadcrumb\":{\"@id\":\"https:\/\/www.asajacyl.com\/soria\/asaja-soria-informa\/asaja-soria-pone-el-punto-de-mira-en-bruselas-con-los-premios-espiga-y-tizon-2025-y-la-nueva-pac#breadcrumb\"},\"inLanguage\":\"es\",\"potentialAction\":[{\"@type\":\"ReadAction\",\"target\":[\"https:\/\/www.asajacyl.com\/soria\/asaja-soria-informa\/asaja-soria-pone-el-punto-de-mira-en-bruselas-con-los-premios-espiga-y-tizon-2025-y-la-nueva-pac\"]}]},{\"@type\":\"ImageObject\",\"inLanguage\":\"es\",\"@id\":\"https:\/\/www.asajacyl.com\/soria\/asaja-soria-informa\/asaja-soria-pone-el-punto-de-mira-en-bruselas-con-los-premios-espiga-y-tizon-2025-y-la-nueva-pac#primaryimage\",\"url\":\"https:\/\/www.asajacyl.com\/soria\/wp-content\/uploads\/sites\/9\/2025\/12\/IMG_9437.jpg\",\"contentUrl\":\"https:\/\/www.asajacyl.com\/soria\/wp-content\/uploads\/sites\/9\/2025\/12\/IMG_9437.jpg\",\"width\":2500,\"height\":1875},{\"@type\":\"BreadcrumbList\",\"@id\":\"https:\/\/www.asajacyl.com\/soria\/asaja-soria-informa\/asaja-soria-pone-el-punto-de-mira-en-bruselas-con-los-premios-espiga-y-tizon-2025-y-la-nueva-pac#breadcrumb\",\"itemListElement\":[{\"@type\":\"ListItem\",\"position\":1,\"name\":\"Portada\",\"item\":\"https:\/\/www.asajacyl.com\/soria\/\"},{\"@type\":\"ListItem\",\"position\":2,\"name\":\"ASAJA Soria pone el punto de mira en Bruselas, con los Premios Espiga y Tiz\u00f3n 2025 y la nueva PAC\"}]},{\"@type\":\"WebSite\",\"@id\":\"https:\/\/www.asajacyl.com\/soria\/#website\",\"url\":\"https:\/\/www.asajacyl.com\/soria\/\",\"name\":\"ASAJA Soria\",\"description\":\"Otro sitio m\u00e1s de Provincias ASAJA Castilla y Le\u00f3n\",\"potentialAction\":[{\"@type\":\"SearchAction\",\"target\":{\"@type\":\"EntryPoint\",\"urlTemplate\":\"https:\/\/www.asajacyl.com\/soria\/?s={search_term_string}\"},\"query-input\":{\"@type\":\"PropertyValueSpecification\",\"valueRequired\":true,\"valueName\":\"search_term_string\"}}],\"inLanguage\":\"es\"},{\"@type\":\"Person\",\"@id\":\"https:\/\/www.asajacyl.com\/soria\/#\/schema\/person\/fd3081c40255119ce8133b87e6aedfab\",\"name\":\"Juan Ignacio Prieto Nieto\",\"image\":{\"@type\":\"ImageObject\",\"inLanguage\":\"es\",\"@id\":\"https:\/\/www.asajacyl.com\/soria\/#\/schema\/person\/image\/\",\"url\":\"https:\/\/secure.gravatar.com\/avatar\/8266b36e4d9001acb4700699a2468dc8?s=96&d=mm&r=g\",\"contentUrl\":\"https:\/\/secure.gravatar.com\/avatar\/8266b36e4d9001acb4700699a2468dc8?s=96&d=mm&r=g\",\"caption\":\"Juan Ignacio Prieto Nieto\"},\"url\":\"https:\/\/www.asajacyl.com\/soria\/author\/juanfranciscoby\"}]}<\/script>\n<!-- \/ Yoast SEO plugin. -->","yoast_head_json":{"title":"ASAJA Soria pone el punto de mira en Bruselas, con los Premios Espiga y Tiz\u00f3n 2025 y la nueva PAC - ASAJA Soria","description":"En esta decimonovena edici\u00f3n, reconocimiento para el COPA-COGECA por su incansable labor en defensa de la agricultura y ganader\u00eda europea. Reprimenda a la","robots":{"index":"index","follow":"follow","max-snippet":"max-snippet:-1","max-image-preview":"max-image-preview:large","max-video-preview":"max-video-preview:-1"},"canonical":"https:\/\/www.asajacyl.com\/soria\/asaja-soria-informa\/asaja-soria-pone-el-punto-de-mira-en-bruselas-con-los-premios-espiga-y-tizon-2025-y-la-nueva-pac","og_locale":"es_ES","og_type":"article","og_title":"ASAJA Soria pone el punto de mira en Bruselas, con los Premios Espiga y Tiz\u00f3n 2025 y la nueva PAC - ASAJA Soria","og_description":"En esta decimonovena edici\u00f3n, reconocimiento para el COPA-COGECA por su incansable labor en defensa de la agricultura y ganader\u00eda europea. Reprimenda a la","og_url":"https:\/\/www.asajacyl.com\/soria\/asaja-soria-informa\/asaja-soria-pone-el-punto-de-mira-en-bruselas-con-los-premios-espiga-y-tizon-2025-y-la-nueva-pac","og_site_name":"ASAJA Soria","article_published_time":"2025-12-22T13:40:08+00:00","article_modified_time":"2026-01-16T13:13:29+00:00","og_image":[{"width":2500,"height":1875,"url":"https:\/\/www.asajacyl.com\/soria\/wp-content\/uploads\/sites\/9\/2025\/12\/IMG_9437.jpg","type":"image\/jpeg"}],"author":"Juan Ignacio Prieto Nieto","twitter_card":"summary_large_image","twitter_misc":{"Escrito por":"Juan Ignacio Prieto Nieto","Tiempo de lectura":"7 minutos"},"schema":{"@context":"https:\/\/schema.org","@graph":[{"@type":"WebPage","@id":"https:\/\/www.asajacyl.com\/soria\/asaja-soria-informa\/asaja-soria-pone-el-punto-de-mira-en-bruselas-con-los-premios-espiga-y-tizon-2025-y-la-nueva-pac","url":"https:\/\/www.asajacyl.com\/soria\/asaja-soria-informa\/asaja-soria-pone-el-punto-de-mira-en-bruselas-con-los-premios-espiga-y-tizon-2025-y-la-nueva-pac","name":"ASAJA Soria pone el punto de mira en Bruselas, con los Premios Espiga y Tiz\u00f3n 2025 y la nueva PAC - ASAJA Soria","isPartOf":{"@id":"https:\/\/www.asajacyl.com\/soria\/#website"},"primaryImageOfPage":{"@id":"https:\/\/www.asajacyl.com\/soria\/asaja-soria-informa\/asaja-soria-pone-el-punto-de-mira-en-bruselas-con-los-premios-espiga-y-tizon-2025-y-la-nueva-pac#primaryimage"},"image":{"@id":"https:\/\/www.asajacyl.com\/soria\/asaja-soria-informa\/asaja-soria-pone-el-punto-de-mira-en-bruselas-con-los-premios-espiga-y-tizon-2025-y-la-nueva-pac#primaryimage"},"thumbnailUrl":"https:\/\/www.asajacyl.com\/soria\/wp-content\/uploads\/sites\/9\/2025\/12\/IMG_9437.jpg","datePublished":"2025-12-22T13:40:08+00:00","dateModified":"2026-01-16T13:13:29+00:00","author":{"@id":"https:\/\/www.asajacyl.com\/soria\/#\/schema\/person\/fd3081c40255119ce8133b87e6aedfab"},"description":"En esta decimonovena edici\u00f3n, reconocimiento para el COPA-COGECA por su incansable labor en defensa de la agricultura y ganader\u00eda europea. Reprimenda a la","breadcrumb":{"@id":"https:\/\/www.asajacyl.com\/soria\/asaja-soria-informa\/asaja-soria-pone-el-punto-de-mira-en-bruselas-con-los-premios-espiga-y-tizon-2025-y-la-nueva-pac#breadcrumb"},"inLanguage":"es","potentialAction":[{"@type":"ReadAction","target":["https:\/\/www.asajacyl.com\/soria\/asaja-soria-informa\/asaja-soria-pone-el-punto-de-mira-en-bruselas-con-los-premios-espiga-y-tizon-2025-y-la-nueva-pac"]}]},{"@type":"ImageObject","inLanguage":"es","@id":"https:\/\/www.asajacyl.com\/soria\/asaja-soria-informa\/asaja-soria-pone-el-punto-de-mira-en-bruselas-con-los-premios-espiga-y-tizon-2025-y-la-nueva-pac#primaryimage","url":"https:\/\/www.asajacyl.com\/soria\/wp-content\/uploads\/sites\/9\/2025\/12\/IMG_9437.jpg","contentUrl":"https:\/\/www.asajacyl.com\/soria\/wp-content\/uploads\/sites\/9\/2025\/12\/IMG_9437.jpg","width":2500,"height":1875},{"@type":"BreadcrumbList","@id":"https:\/\/www.asajacyl.com\/soria\/asaja-soria-informa\/asaja-soria-pone-el-punto-de-mira-en-bruselas-con-los-premios-espiga-y-tizon-2025-y-la-nueva-pac#breadcrumb","itemListElement":[{"@type":"ListItem","position":1,"name":"Portada","item":"https:\/\/www.asajacyl.com\/soria\/"},{"@type":"ListItem","position":2,"name":"ASAJA Soria pone el punto de mira en Bruselas, con los Premios Espiga y Tiz\u00f3n 2025 y la nueva PAC"}]},{"@type":"WebSite","@id":"https:\/\/www.asajacyl.com\/soria\/#website","url":"https:\/\/www.asajacyl.com\/soria\/","name":"ASAJA Soria","description":"Otro sitio m\u00e1s de Provincias ASAJA Castilla y Le\u00f3n","potentialAction":[{"@type":"SearchAction","target":{"@type":"EntryPoint","urlTemplate":"https:\/\/www.asajacyl.com\/soria\/?s={search_term_string}"},"query-input":{"@type":"PropertyValueSpecification","valueRequired":true,"valueName":"search_term_string"}}],"inLanguage":"es"},{"@type":"Person","@id":"https:\/\/www.asajacyl.com\/soria\/#\/schema\/person\/fd3081c40255119ce8133b87e6aedfab","name":"Juan Ignacio Prieto Nieto","image":{"@type":"ImageObject","inLanguage":"es","@id":"https:\/\/www.asajacyl.com\/soria\/#\/schema\/person\/image\/","url":"https:\/\/secure.gravatar.com\/avatar\/8266b36e4d9001acb4700699a2468dc8?s=96&d=mm&r=g","contentUrl":"https:\/\/secure.gravatar.com\/avatar\/8266b36e4d9001acb4700699a2468dc8?s=96&d=mm&r=g","caption":"Juan Ignacio Prieto Nieto"},"url":"https:\/\/www.asajacyl.com\/soria\/author\/juanfranciscoby"}]}},"_links":{"self":[{"href":"https:\/\/www.asajacyl.com\/soria\/wp-json\/wp\/v2\/posts\/9517"}],"collection":[{"href":"https:\/\/www.asajacyl.com\/soria\/wp-json\/wp\/v2\/posts"}],"about":[{"href":"https:\/\/www.asajacyl.com\/soria\/wp-json\/wp\/v2\/types\/post"}],"author":[{"embeddable":true,"href":"https:\/\/www.asajacyl.com\/soria\/wp-json\/wp\/v2\/users\/12"}],"replies":[{"embeddable":true,"href":"https:\/\/www.asajacyl.com\/soria\/wp-json\/wp\/v2\/comments?post=9517"}],"version-history":[{"count":5,"href":"https:\/\/www.asajacyl.com\/soria\/wp-json\/wp\/v2\/posts\/9517\/revisions"}],"predecessor-version":[{"id":9530,"href":"https:\/\/www.asajacyl.com\/soria\/wp-json\/wp\/v2\/posts\/9517\/revisions\/9530"}],"wp:featuredmedia":[{"embeddable":true,"href":"https:\/\/www.asajacyl.com\/soria\/wp-json\/wp\/v2\/media\/9518"}],"wp:attachment":[{"href":"https:\/\/www.asajacyl.com\/soria\/wp-json\/wp\/v2\/media?parent=9517"}],"wp:term":[{"taxonomy":"category","embeddable":true,"href":"https:\/\/www.asajacyl.com\/soria\/wp-json\/wp\/v2\/categories?post=9517"},{"taxonomy":"post_tag","embeddable":true,"href":"https:\/\/www.asajacyl.com\/soria\/wp-json\/wp\/v2\/tags?post=9517"}],"curies":[{"name":"wp","href":"https:\/\/api.w.org\/{rel}","templated":true}]}}