{"id":9537,"date":"2025-12-30T14:49:48","date_gmt":"2025-12-30T13:49:48","guid":{"rendered":"https:\/\/www.asajacyl.com\/soria\/?p=9537"},"modified":"2025-12-30T14:49:51","modified_gmt":"2025-12-30T13:49:51","slug":"el-ano-comenzara-con-protestas","status":"publish","type":"post","link":"https:\/\/www.asajacyl.com\/soria\/asaja-soria-informa\/el-ano-comenzara-con-protestas","title":{"rendered":"EL A\u00d1O COMENZAR\u00c1 CON PROTESTAS"},"content":{"rendered":"\n\n\n<p>La Junta Directiva de ASAJA de Castilla y Le\u00f3n ha hecho balance del momento actual que vive el campo, extremadamente complicado. \u201cTerminamos 2025 y empezamos 2026 con problemas muy graves de rentabilidad en el campo, especialmente en la agricultura, tanto de secano como de regad\u00edo. Y en el horizonte pr\u00f3ximo est\u00e1 la pr\u00f3xima PAC 28-34, para la que la Comisi\u00f3n Europea propone un recorte del 22% del presupuesto, y adem\u00e1s los acuerdos que la UE firma o quiere firmar con terceros pa\u00edses, en especial Mercosur, que si se firma en los t\u00e9rminos actuales supondr\u00e1 un mazazo para nuestras producciones agr\u00edcolas y ganaderas. La situaci\u00f3n es cr\u00edtica, y nuestra respuesta ser\u00e1 contundente\u201d, ha afirmado Donaciano Dujo, indicando que \u201cdesde ASAJA lideraremos la protesta pero siempre procurando el acuerdo con todas las organizaciones, porque la fuerza radica en lograr la m\u00e1xima unidad, ASAJA quiere siempre la unidad del campo\u201d.<\/p>\n<p><img loading=\"lazy\" decoding=\"async\" class=\"aligncenter size-full wp-image-9539\" src=\"https:\/\/www.asajacyl.com\/soria\/wp-content\/uploads\/sites\/9\/2025\/12\/sede-directiva.jpg\" alt=\"\" width=\"2500\" height=\"1406\" srcset=\"https:\/\/www.asajacyl.com\/soria\/wp-content\/uploads\/sites\/9\/2025\/12\/sede-directiva.jpg 2500w, https:\/\/www.asajacyl.com\/soria\/wp-content\/uploads\/sites\/9\/2025\/12\/sede-directiva-300x169.jpg 300w, https:\/\/www.asajacyl.com\/soria\/wp-content\/uploads\/sites\/9\/2025\/12\/sede-directiva-1024x576.jpg 1024w, https:\/\/www.asajacyl.com\/soria\/wp-content\/uploads\/sites\/9\/2025\/12\/sede-directiva-768x432.jpg 768w, https:\/\/www.asajacyl.com\/soria\/wp-content\/uploads\/sites\/9\/2025\/12\/sede-directiva-1536x864.jpg 1536w, https:\/\/www.asajacyl.com\/soria\/wp-content\/uploads\/sites\/9\/2025\/12\/sede-directiva-2048x1152.jpg 2048w, https:\/\/www.asajacyl.com\/soria\/wp-content\/uploads\/sites\/9\/2025\/12\/sede-directiva-747x420.jpg 747w, https:\/\/www.asajacyl.com\/soria\/wp-content\/uploads\/sites\/9\/2025\/12\/sede-directiva-696x391.jpg 696w, https:\/\/www.asajacyl.com\/soria\/wp-content\/uploads\/sites\/9\/2025\/12\/sede-directiva-1068x601.jpg 1068w, https:\/\/www.asajacyl.com\/soria\/wp-content\/uploads\/sites\/9\/2025\/12\/sede-directiva-1920x1080.jpg 1920w\" sizes=\"(max-width: 2500px) 100vw, 2500px\" \/><\/p>\n<p>Por su parte, Pedro Barato, presidente nacional de ASAJA, ha sido rotundo al se\u00f1alar que \u201cla gran crisis del campo espa\u00f1ol se llama cultivos herb\u00e1ceos\u201d y ha apuntado directamente al presidente del Gobierno, Pedro S\u00e1nchez, para que modifique el actual rumbo de la PAC \u201cporque basta con que un presidente diga que la PAC no sale adelante para que se corrija\u201d, y tambi\u00e9n ha reclamado que Espa\u00f1a se alinee con Italia y Francia en la defensa de un acuerdo de Mercosur que beneficie a nuestras exportaciones y exija total correspondencia a todas las importaciones, que tienen que cumplir con las normativas que se nos exige a los agricultores europeos\u201d. Respecto a las movilizaciones, se\u00f1al\u00f3 que ser\u00e1 a mediados de enero cuando se anunciar\u00e1 el calendario, tanto a nivel nacional, como provincial y auton\u00f3mico, adem\u00e1s del \u00e1mbito europeo, en la l\u00ednea con las recientes protestas en Bruselas en las que ha participado activamente ASAJA.<\/p>\n<p><strong>Nuevas oficinas en la sede regional en Valladolid<\/strong><\/p>\n<p>La consejera de Agricultura, Ganader\u00eda y Desarrollo Rural, Mar\u00eda Gonz\u00e1lez Corral, acompa\u00f1ada por el presidente nacional de ASAJA, Pedro Barato, ha sido la encargada de inaugurar las nuevas oficinas de ASAJA de Castilla y Le\u00f3n en Valladolid. Un acto que ha reunido a la Junta Directiva de la OPA, presidida por Donaciano Dujo, acompa\u00f1ado por el secretario general, Jos\u00e9 Antonio Turrado y los presidentes y representantes de las nueve organizaciones provinciales en la Comunidad Aut\u00f3noma.<\/p>\n<p>Nuria Ruiz, gerente regional, ha mostrado las instalaciones, muy funcionales y adaptadas a las necesidades tecnol\u00f3gicas actuales, y que cuentan con una sala de juntas y reuniones, que permitir\u00e1 acoger sectoriales y reuniones formativas. \u201cDespu\u00e9s de 35 a\u00f1os desde la constituci\u00f3n de ASAJA de Castilla y Le\u00f3n, por fin la organizaci\u00f3n cuenta con una sede propia, lo que fortalece nuestra independencia, y adem\u00e1s permite mejorar el servicio a nuestros socios, los agricultores y ganaderos, porque la oficina regional es el nexo de uni\u00f3n entre las 9 provincias y las administraciones y la estructura nacional y en Bruselas de ASAJA\u201d, ha subrayado Donaciano Dujo. Se da solidez y se completa as\u00ed con esta sede el mapa de 45 oficinas de ASAJA en Castilla y Le\u00f3n, atendidas por 160 t\u00e9cnicos.<\/p>\n<p>Durante la visita, la consejera de Agricultura ha valorado la labor desempe\u00f1ada por ASAJA en defensa y servicio del campo, y en especial su compromiso para lograr acuerdos comunes en favor del modelo de agricultura profesional de Castilla y Le\u00f3n, y ha agradecido especialmente el compromiso de los que dan un paso al frente en las organizaciones \u201cy dedican desinteresadamente su tiempo y esfuerzo para lograr mejoras para todos los agricultores y ganaderos\u201d.<\/p>\n","protected":false},"excerpt":{"rendered":"<p>La Junta Directiva de ASAJA de Castilla y Le\u00f3n ha hecho balance del momento actual que vive el campo, extremadamente complicado. \u201cTerminamos 2025 y empezamos 2026 con problemas muy graves de rentabilidad en el campo, especialmente en la agricultura, tanto de secano como de regad\u00edo. Y en el horizonte pr\u00f3ximo est\u00e1 la pr\u00f3xima PAC 28-34, [&hellip;]<\/p>\n","protected":false},"author":12,"featured_media":9513,"comment_status":"open","ping_status":"open","sticky":false,"template":"","format":"standard","meta":{"footnotes":""},"categories":[10,25],"tags":[],"yoast_head":"<!-- This site is optimized with the Yoast SEO plugin v24.5 - https:\/\/yoast.com\/wordpress\/plugins\/seo\/ -->\n<title>EL A\u00d1O COMENZAR\u00c1 CON PROTESTAS - ASAJA Soria<\/title>\n<meta name=\"description\" content=\"La Junta Directiva de ASAJA de Castilla y Le\u00f3n ha hecho balance del momento actual que vive el campo, extremadamente complicado. \u201cTerminamos 2025 y\" \/>\n<meta name=\"robots\" content=\"index, follow, max-snippet:-1, max-image-preview:large, max-video-preview:-1\" \/>\n<link rel=\"canonical\" href=\"https:\/\/www.asajacyl.com\/soria\/asaja-soria-informa\/el-ano-comenzara-con-protestas\" \/>\n<meta property=\"og:locale\" content=\"es_ES\" \/>\n<meta property=\"og:type\" content=\"article\" \/>\n<meta property=\"og:title\" content=\"EL A\u00d1O COMENZAR\u00c1 CON PROTESTAS - ASAJA Soria\" \/>\n<meta property=\"og:description\" content=\"La Junta Directiva de ASAJA de Castilla y Le\u00f3n ha hecho balance del momento actual que vive el campo, extremadamente complicado. \u201cTerminamos 2025 y\" \/>\n<meta property=\"og:url\" content=\"https:\/\/www.asajacyl.com\/soria\/asaja-soria-informa\/el-ano-comenzara-con-protestas\" \/>\n<meta property=\"og:site_name\" content=\"ASAJA Soria\" \/>\n<meta property=\"article:published_time\" content=\"2025-12-30T13:49:48+00:00\" \/>\n<meta property=\"article:modified_time\" content=\"2025-12-30T13:49:51+00:00\" \/>\n<meta property=\"og:image\" content=\"https:\/\/www.asajacyl.com\/soria\/wp-content\/uploads\/sites\/9\/2025\/12\/IMG_9251.jpg\" \/>\n\t<meta property=\"og:image:width\" content=\"2016\" \/>\n\t<meta property=\"og:image:height\" content=\"1512\" \/>\n\t<meta property=\"og:image:type\" content=\"image\/jpeg\" \/>\n<meta name=\"author\" content=\"Juan Ignacio Prieto Nieto\" \/>\n<meta name=\"twitter:card\" content=\"summary_large_image\" \/>\n<meta name=\"twitter:label1\" content=\"Escrito por\" \/>\n\t<meta name=\"twitter:data1\" content=\"Juan Ignacio Prieto Nieto\" \/>\n\t<meta name=\"twitter:label2\" content=\"Tiempo de lectura\" \/>\n\t<meta name=\"twitter:data2\" content=\"4 minutos\" \/>\n<script type=\"application\/ld+json\" class=\"yoast-schema-graph\">{\"@context\":\"https:\/\/schema.org\",\"@graph\":[{\"@type\":\"WebPage\",\"@id\":\"https:\/\/www.asajacyl.com\/soria\/asaja-soria-informa\/el-ano-comenzara-con-protestas\",\"url\":\"https:\/\/www.asajacyl.com\/soria\/asaja-soria-informa\/el-ano-comenzara-con-protestas\",\"name\":\"EL A\u00d1O COMENZAR\u00c1 CON PROTESTAS - ASAJA Soria\",\"isPartOf\":{\"@id\":\"https:\/\/www.asajacyl.com\/soria\/#website\"},\"primaryImageOfPage\":{\"@id\":\"https:\/\/www.asajacyl.com\/soria\/asaja-soria-informa\/el-ano-comenzara-con-protestas#primaryimage\"},\"image\":{\"@id\":\"https:\/\/www.asajacyl.com\/soria\/asaja-soria-informa\/el-ano-comenzara-con-protestas#primaryimage\"},\"thumbnailUrl\":\"https:\/\/www.asajacyl.com\/soria\/wp-content\/uploads\/sites\/9\/2025\/12\/IMG_9251.jpg\",\"datePublished\":\"2025-12-30T13:49:48+00:00\",\"dateModified\":\"2025-12-30T13:49:51+00:00\",\"author\":{\"@id\":\"https:\/\/www.asajacyl.com\/soria\/#\/schema\/person\/fd3081c40255119ce8133b87e6aedfab\"},\"description\":\"La Junta Directiva de ASAJA de Castilla y Le\u00f3n ha hecho balance del momento actual que vive el campo, extremadamente complicado. \u201cTerminamos 2025 y\",\"breadcrumb\":{\"@id\":\"https:\/\/www.asajacyl.com\/soria\/asaja-soria-informa\/el-ano-comenzara-con-protestas#breadcrumb\"},\"inLanguage\":\"es\",\"potentialAction\":[{\"@type\":\"ReadAction\",\"target\":[\"https:\/\/www.asajacyl.com\/soria\/asaja-soria-informa\/el-ano-comenzara-con-protestas\"]}]},{\"@type\":\"ImageObject\",\"inLanguage\":\"es\",\"@id\":\"https:\/\/www.asajacyl.com\/soria\/asaja-soria-informa\/el-ano-comenzara-con-protestas#primaryimage\",\"url\":\"https:\/\/www.asajacyl.com\/soria\/wp-content\/uploads\/sites\/9\/2025\/12\/IMG_9251.jpg\",\"contentUrl\":\"https:\/\/www.asajacyl.com\/soria\/wp-content\/uploads\/sites\/9\/2025\/12\/IMG_9251.jpg\",\"width\":2016,\"height\":1512},{\"@type\":\"BreadcrumbList\",\"@id\":\"https:\/\/www.asajacyl.com\/soria\/asaja-soria-informa\/el-ano-comenzara-con-protestas#breadcrumb\",\"itemListElement\":[{\"@type\":\"ListItem\",\"position\":1,\"name\":\"Portada\",\"item\":\"https:\/\/www.asajacyl.com\/soria\/\"},{\"@type\":\"ListItem\",\"position\":2,\"name\":\"EL A\u00d1O COMENZAR\u00c1 CON PROTESTAS\"}]},{\"@type\":\"WebSite\",\"@id\":\"https:\/\/www.asajacyl.com\/soria\/#website\",\"url\":\"https:\/\/www.asajacyl.com\/soria\/\",\"name\":\"ASAJA Soria\",\"description\":\"Otro sitio m\u00e1s de Provincias ASAJA Castilla y Le\u00f3n\",\"potentialAction\":[{\"@type\":\"SearchAction\",\"target\":{\"@type\":\"EntryPoint\",\"urlTemplate\":\"https:\/\/www.asajacyl.com\/soria\/?s={search_term_string}\"},\"query-input\":{\"@type\":\"PropertyValueSpecification\",\"valueRequired\":true,\"valueName\":\"search_term_string\"}}],\"inLanguage\":\"es\"},{\"@type\":\"Person\",\"@id\":\"https:\/\/www.asajacyl.com\/soria\/#\/schema\/person\/fd3081c40255119ce8133b87e6aedfab\",\"name\":\"Juan Ignacio Prieto Nieto\",\"image\":{\"@type\":\"ImageObject\",\"inLanguage\":\"es\",\"@id\":\"https:\/\/www.asajacyl.com\/soria\/#\/schema\/person\/image\/\",\"url\":\"https:\/\/secure.gravatar.com\/avatar\/8266b36e4d9001acb4700699a2468dc8?s=96&d=mm&r=g\",\"contentUrl\":\"https:\/\/secure.gravatar.com\/avatar\/8266b36e4d9001acb4700699a2468dc8?s=96&d=mm&r=g\",\"caption\":\"Juan Ignacio Prieto Nieto\"},\"url\":\"https:\/\/www.asajacyl.com\/soria\/author\/juanfranciscoby\"}]}<\/script>\n<!-- \/ Yoast SEO plugin. -->","yoast_head_json":{"title":"EL A\u00d1O COMENZAR\u00c1 CON PROTESTAS - ASAJA Soria","description":"La Junta Directiva de ASAJA de Castilla y Le\u00f3n ha hecho balance del momento actual que vive el campo, extremadamente complicado. \u201cTerminamos 2025 y","robots":{"index":"index","follow":"follow","max-snippet":"max-snippet:-1","max-image-preview":"max-image-preview:large","max-video-preview":"max-video-preview:-1"},"canonical":"https:\/\/www.asajacyl.com\/soria\/asaja-soria-informa\/el-ano-comenzara-con-protestas","og_locale":"es_ES","og_type":"article","og_title":"EL A\u00d1O COMENZAR\u00c1 CON PROTESTAS - ASAJA Soria","og_description":"La Junta Directiva de ASAJA de Castilla y Le\u00f3n ha hecho balance del momento actual que vive el campo, extremadamente complicado. \u201cTerminamos 2025 y","og_url":"https:\/\/www.asajacyl.com\/soria\/asaja-soria-informa\/el-ano-comenzara-con-protestas","og_site_name":"ASAJA Soria","article_published_time":"2025-12-30T13:49:48+00:00","article_modified_time":"2025-12-30T13:49:51+00:00","og_image":[{"width":2016,"height":1512,"url":"https:\/\/www.asajacyl.com\/soria\/wp-content\/uploads\/sites\/9\/2025\/12\/IMG_9251.jpg","type":"image\/jpeg"}],"author":"Juan Ignacio Prieto Nieto","twitter_card":"summary_large_image","twitter_misc":{"Escrito por":"Juan Ignacio Prieto Nieto","Tiempo de lectura":"4 minutos"},"schema":{"@context":"https:\/\/schema.org","@graph":[{"@type":"WebPage","@id":"https:\/\/www.asajacyl.com\/soria\/asaja-soria-informa\/el-ano-comenzara-con-protestas","url":"https:\/\/www.asajacyl.com\/soria\/asaja-soria-informa\/el-ano-comenzara-con-protestas","name":"EL A\u00d1O COMENZAR\u00c1 CON PROTESTAS - ASAJA Soria","isPartOf":{"@id":"https:\/\/www.asajacyl.com\/soria\/#website"},"primaryImageOfPage":{"@id":"https:\/\/www.asajacyl.com\/soria\/asaja-soria-informa\/el-ano-comenzara-con-protestas#primaryimage"},"image":{"@id":"https:\/\/www.asajacyl.com\/soria\/asaja-soria-informa\/el-ano-comenzara-con-protestas#primaryimage"},"thumbnailUrl":"https:\/\/www.asajacyl.com\/soria\/wp-content\/uploads\/sites\/9\/2025\/12\/IMG_9251.jpg","datePublished":"2025-12-30T13:49:48+00:00","dateModified":"2025-12-30T13:49:51+00:00","author":{"@id":"https:\/\/www.asajacyl.com\/soria\/#\/schema\/person\/fd3081c40255119ce8133b87e6aedfab"},"description":"La Junta Directiva de ASAJA de Castilla y Le\u00f3n ha hecho balance del momento actual que vive el campo, extremadamente complicado. \u201cTerminamos 2025 y","breadcrumb":{"@id":"https:\/\/www.asajacyl.com\/soria\/asaja-soria-informa\/el-ano-comenzara-con-protestas#breadcrumb"},"inLanguage":"es","potentialAction":[{"@type":"ReadAction","target":["https:\/\/www.asajacyl.com\/soria\/asaja-soria-informa\/el-ano-comenzara-con-protestas"]}]},{"@type":"ImageObject","inLanguage":"es","@id":"https:\/\/www.asajacyl.com\/soria\/asaja-soria-informa\/el-ano-comenzara-con-protestas#primaryimage","url":"https:\/\/www.asajacyl.com\/soria\/wp-content\/uploads\/sites\/9\/2025\/12\/IMG_9251.jpg","contentUrl":"https:\/\/www.asajacyl.com\/soria\/wp-content\/uploads\/sites\/9\/2025\/12\/IMG_9251.jpg","width":2016,"height":1512},{"@type":"BreadcrumbList","@id":"https:\/\/www.asajacyl.com\/soria\/asaja-soria-informa\/el-ano-comenzara-con-protestas#breadcrumb","itemListElement":[{"@type":"ListItem","position":1,"name":"Portada","item":"https:\/\/www.asajacyl.com\/soria\/"},{"@type":"ListItem","position":2,"name":"EL A\u00d1O COMENZAR\u00c1 CON PROTESTAS"}]},{"@type":"WebSite","@id":"https:\/\/www.asajacyl.com\/soria\/#website","url":"https:\/\/www.asajacyl.com\/soria\/","name":"ASAJA Soria","description":"Otro sitio m\u00e1s de Provincias ASAJA Castilla y Le\u00f3n","potentialAction":[{"@type":"SearchAction","target":{"@type":"EntryPoint","urlTemplate":"https:\/\/www.asajacyl.com\/soria\/?s={search_term_string}"},"query-input":{"@type":"PropertyValueSpecification","valueRequired":true,"valueName":"search_term_string"}}],"inLanguage":"es"},{"@type":"Person","@id":"https:\/\/www.asajacyl.com\/soria\/#\/schema\/person\/fd3081c40255119ce8133b87e6aedfab","name":"Juan Ignacio Prieto Nieto","image":{"@type":"ImageObject","inLanguage":"es","@id":"https:\/\/www.asajacyl.com\/soria\/#\/schema\/person\/image\/","url":"https:\/\/secure.gravatar.com\/avatar\/8266b36e4d9001acb4700699a2468dc8?s=96&d=mm&r=g","contentUrl":"https:\/\/secure.gravatar.com\/avatar\/8266b36e4d9001acb4700699a2468dc8?s=96&d=mm&r=g","caption":"Juan Ignacio Prieto Nieto"},"url":"https:\/\/www.asajacyl.com\/soria\/author\/juanfranciscoby"}]}},"_links":{"self":[{"href":"https:\/\/www.asajacyl.com\/soria\/wp-json\/wp\/v2\/posts\/9537"}],"collection":[{"href":"https:\/\/www.asajacyl.com\/soria\/wp-json\/wp\/v2\/posts"}],"about":[{"href":"https:\/\/www.asajacyl.com\/soria\/wp-json\/wp\/v2\/types\/post"}],"author":[{"embeddable":true,"href":"https:\/\/www.asajacyl.com\/soria\/wp-json\/wp\/v2\/users\/12"}],"replies":[{"embeddable":true,"href":"https:\/\/www.asajacyl.com\/soria\/wp-json\/wp\/v2\/comments?post=9537"}],"version-history":[{"count":1,"href":"https:\/\/www.asajacyl.com\/soria\/wp-json\/wp\/v2\/posts\/9537\/revisions"}],"predecessor-version":[{"id":9540,"href":"https:\/\/www.asajacyl.com\/soria\/wp-json\/wp\/v2\/posts\/9537\/revisions\/9540"}],"wp:featuredmedia":[{"embeddable":true,"href":"https:\/\/www.asajacyl.com\/soria\/wp-json\/wp\/v2\/media\/9513"}],"wp:attachment":[{"href":"https:\/\/www.asajacyl.com\/soria\/wp-json\/wp\/v2\/media?parent=9537"}],"wp:term":[{"taxonomy":"category","embeddable":true,"href":"https:\/\/www.asajacyl.com\/soria\/wp-json\/wp\/v2\/categories?post=9537"},{"taxonomy":"post_tag","embeddable":true,"href":"https:\/\/www.asajacyl.com\/soria\/wp-json\/wp\/v2\/tags?post=9537"}],"curies":[{"name":"wp","href":"https:\/\/api.w.org\/{rel}","templated":true}]}}