{"id":9545,"date":"2026-01-08T15:20:47","date_gmt":"2026-01-08T14:20:47","guid":{"rendered":"https:\/\/www.asajacyl.com\/soria\/?p=9545"},"modified":"2026-01-16T14:10:35","modified_gmt":"2026-01-16T13:10:35","slug":"la-movilizacion-de-copa-y-cogeca-del-18-de-diciembre-en-la-que-participo-asaja-soria-desencadena-respuestas-institucionales","status":"publish","type":"post","link":"https:\/\/www.asajacyl.com\/soria\/asaja-soria-informa\/la-movilizacion-de-copa-y-cogeca-del-18-de-diciembre-en-la-que-participo-asaja-soria-desencadena-respuestas-institucionales","title":{"rendered":"La movilizaci\u00f3n de COPA y COGECA del 18 de diciembre, en la que particip\u00f3 ASAJA Soria, desencadena respuestas institucionales"},"content":{"rendered":"\n\n\n\n\n<p>En el d\u00eda de ayer, 07 de enero de 2026, por invitaci\u00f3n de la Comisi\u00f3n Europea y del ministro Panayiotou, en nombre de la presidencia Chipriota, se celebr\u00f3 la reuni\u00f3n pol\u00edtica de Ministros de Agricultura de la Uni\u00f3n Europea. En ella se trat\u00f3 la propuesta de mejora de ciertas condiciones para el sector agrario, derivadas de la hist\u00f3rica Jornada de Protesta celebrada en Bruselas el pasado 18 de diciembre de 2025.<\/p>\n<p>Lo primero que hay que decir, como primera consecuencia de esa manifestaci\u00f3n, en la que particip\u00f3 ASAJA Soria, es que la firma del acuerdo con Mercosur preparado para ser ratificado por el Consejo de Ministros de la UE en ese mismo lugar y en ese mismo d\u00eda, fue abortado y prorrogada su decisi\u00f3n en pos de nuevas propuestas destinadas a garantizar la seguridad y soberan\u00eda alimentarias de la UE en un mundo incierto.<\/p>\n<p>Desde luego, sin la celebraci\u00f3n de esta importante jornada de protesta, del 18 de diciembre pasado, no tendr\u00edan sentido cualquier otra posterior pues el acuerdo hubiera quedado firmado, como as\u00ed estaba previsto.\u00a0<\/p>\n<p>Como resumen de las medidas destinadas a aliviar las presiones actuales sobre el sector podemos destacar:<\/p>\n<p>1. Apoyo PAC y presupuesto post-2027<br \/>&#8211; Fondo de Asociaci\u00f3n Nacional y Regional: 293.700 M\u20ac.<br \/>&#8211; Red de Seguridad de Unidad: 6.300 M\u20ac para crisis.<br \/>&#8211; Inversiones rurales: m\u00ednimo 10% (hasta 63.700 M\u20ac).<br \/>&#8211; Movilizaci\u00f3n anticipada de un presupuesto adicional de otros 45.000 M\u20ac desde 2028.<br \/>&#8211; Fondo de Competitividad y programa de investigaci\u00f3n: 40.000 M\u20ac.<br \/><br \/>2. Fertilizantes<br \/>&#8211; Suspensi\u00f3n temporal de aranceles NMF sobre amon\u00edaco y urea.<br \/>&#8211; Flexibilidad CBAM y posible suspensi\u00f3n retroactiva.<br \/>&#8211; Plan de Acci\u00f3n sobre Fertilizantes en Q2 2026.<br \/><br \/>3. Competitividad global y comercio<br \/>&#8211; Exportaciones agroalimentarias UE: 235.000 M\u20ac (2024).<br \/>&#8211; Acuerdo UE-Mercosur: +50% exportaciones, protecci\u00f3n IG.<br \/>&#8211; Refuerzo de controles de importaci\u00f3n (+50% auditor\u00edas).<br \/>&#8211; Prohibici\u00f3n de pesticidas peligrosos en importaciones.<br \/>&#8211; Campa\u00f1a \u201cCompra Europeo\u201d y m\u00e1s promoci\u00f3n.<br \/><br \/>4. Mayor simplificaci\u00f3n<br \/>&#8211; Paquetes PAC y ambientales en curso.<br \/>&#8211; Di\u00e1logo sobre Directivas de Agua, Naturaleza y Nitratos en Q1 2026.<\/p>\n<p>Sin embargo, a pesar de la importancia de algunas medidas, como la reversi\u00f3n del recorte del 22% de la PAC, el paquete de medidas para aumentar la reciprocidad con terceros pa\u00edses, especialmente con Mercosur, atendiendo a las demandas de ASAJA y siguiendo las exigencias del Gobierno franc\u00e9s, y la marcha atr\u00e1s para paliar los efectos antidumping y del impuesto al cr\u00e9dito de carbono que puedan afectar a los fertilizantes el pr\u00f3ximo a\u00f1o, el COPA COGECA no ha tardado en avisar de la insuficiencia de lo tratado.<\/p>\n<p>En este enlace puedes leer la nota de prensa remitida por el COPA COGECA:<\/p>\n<p>\u00a0<\/p>\n","protected":false},"excerpt":{"rendered":"<p>En el d\u00eda de ayer, 07 de enero de 2026, por invitaci\u00f3n de la Comisi\u00f3n Europea y del ministro Panayiotou, en nombre de la presidencia Chipriota, se celebr\u00f3 la reuni\u00f3n pol\u00edtica de Ministros de Agricultura de la Uni\u00f3n Europea. En ella se trat\u00f3 la propuesta de mejora de ciertas condiciones para el sector agrario, derivadas [&hellip;]<\/p>\n","protected":false},"author":12,"featured_media":9510,"comment_status":"open","ping_status":"open","sticky":true,"template":"","format":"standard","meta":{"footnotes":""},"categories":[10,25],"tags":[],"yoast_head":"<!-- This site is optimized with the Yoast SEO plugin v24.5 - https:\/\/yoast.com\/wordpress\/plugins\/seo\/ -->\n<title>La movilizaci\u00f3n de COPA y COGECA del 18 de diciembre, en la que particip\u00f3 ASAJA Soria, desencadena respuestas institucionales - ASAJA Soria<\/title>\n<meta name=\"description\" content=\"En el d\u00eda de ayer, 07 de enero de 2026, por invitaci\u00f3n de la Comisi\u00f3n Europea y del ministro Panayiotou, en nombre de la presidencia Chipriota, se celebr\u00f3\" \/>\n<meta name=\"robots\" content=\"index, follow, max-snippet:-1, max-image-preview:large, max-video-preview:-1\" \/>\n<link rel=\"canonical\" href=\"https:\/\/www.asajacyl.com\/soria\/asaja-soria-informa\/la-movilizacion-de-copa-y-cogeca-del-18-de-diciembre-en-la-que-participo-asaja-soria-desencadena-respuestas-institucionales\" \/>\n<meta property=\"og:locale\" content=\"es_ES\" \/>\n<meta property=\"og:type\" content=\"article\" \/>\n<meta property=\"og:title\" content=\"La movilizaci\u00f3n de COPA y COGECA del 18 de diciembre, en la que particip\u00f3 ASAJA Soria, desencadena respuestas institucionales - ASAJA Soria\" \/>\n<meta property=\"og:description\" content=\"En el d\u00eda de ayer, 07 de enero de 2026, por invitaci\u00f3n de la Comisi\u00f3n Europea y del ministro Panayiotou, en nombre de la presidencia Chipriota, se celebr\u00f3\" \/>\n<meta property=\"og:url\" content=\"https:\/\/www.asajacyl.com\/soria\/asaja-soria-informa\/la-movilizacion-de-copa-y-cogeca-del-18-de-diciembre-en-la-que-participo-asaja-soria-desencadena-respuestas-institucionales\" \/>\n<meta property=\"og:site_name\" content=\"ASAJA Soria\" \/>\n<meta property=\"article:published_time\" content=\"2026-01-08T14:20:47+00:00\" \/>\n<meta property=\"article:modified_time\" content=\"2026-01-16T13:10:35+00:00\" \/>\n<meta property=\"og:image\" content=\"https:\/\/www.asajacyl.com\/soria\/wp-content\/uploads\/sites\/9\/2025\/12\/IMG_9206-e1768566061458.jpg\" \/>\n\t<meta property=\"og:image:width\" content=\"2008\" \/>\n\t<meta property=\"og:image:height\" content=\"1575\" \/>\n\t<meta property=\"og:image:type\" content=\"image\/jpeg\" \/>\n<meta name=\"author\" content=\"Juan Ignacio Prieto Nieto\" \/>\n<meta name=\"twitter:card\" content=\"summary_large_image\" \/>\n<meta name=\"twitter:label1\" content=\"Escrito por\" \/>\n\t<meta name=\"twitter:data1\" content=\"Juan Ignacio Prieto Nieto\" \/>\n\t<meta name=\"twitter:label2\" content=\"Tiempo de lectura\" \/>\n\t<meta name=\"twitter:data2\" content=\"3 minutos\" \/>\n<script type=\"application\/ld+json\" class=\"yoast-schema-graph\">{\"@context\":\"https:\/\/schema.org\",\"@graph\":[{\"@type\":\"WebPage\",\"@id\":\"https:\/\/www.asajacyl.com\/soria\/asaja-soria-informa\/la-movilizacion-de-copa-y-cogeca-del-18-de-diciembre-en-la-que-participo-asaja-soria-desencadena-respuestas-institucionales\",\"url\":\"https:\/\/www.asajacyl.com\/soria\/asaja-soria-informa\/la-movilizacion-de-copa-y-cogeca-del-18-de-diciembre-en-la-que-participo-asaja-soria-desencadena-respuestas-institucionales\",\"name\":\"La movilizaci\u00f3n de COPA y COGECA del 18 de diciembre, en la que particip\u00f3 ASAJA Soria, desencadena respuestas institucionales - ASAJA Soria\",\"isPartOf\":{\"@id\":\"https:\/\/www.asajacyl.com\/soria\/#website\"},\"primaryImageOfPage\":{\"@id\":\"https:\/\/www.asajacyl.com\/soria\/asaja-soria-informa\/la-movilizacion-de-copa-y-cogeca-del-18-de-diciembre-en-la-que-participo-asaja-soria-desencadena-respuestas-institucionales#primaryimage\"},\"image\":{\"@id\":\"https:\/\/www.asajacyl.com\/soria\/asaja-soria-informa\/la-movilizacion-de-copa-y-cogeca-del-18-de-diciembre-en-la-que-participo-asaja-soria-desencadena-respuestas-institucionales#primaryimage\"},\"thumbnailUrl\":\"https:\/\/www.asajacyl.com\/soria\/wp-content\/uploads\/sites\/9\/2025\/12\/IMG_9206-e1768566061458.jpg\",\"datePublished\":\"2026-01-08T14:20:47+00:00\",\"dateModified\":\"2026-01-16T13:10:35+00:00\",\"author\":{\"@id\":\"https:\/\/www.asajacyl.com\/soria\/#\/schema\/person\/fd3081c40255119ce8133b87e6aedfab\"},\"description\":\"En el d\u00eda de ayer, 07 de enero de 2026, por invitaci\u00f3n de la Comisi\u00f3n Europea y del ministro Panayiotou, en nombre de la presidencia Chipriota, se celebr\u00f3\",\"breadcrumb\":{\"@id\":\"https:\/\/www.asajacyl.com\/soria\/asaja-soria-informa\/la-movilizacion-de-copa-y-cogeca-del-18-de-diciembre-en-la-que-participo-asaja-soria-desencadena-respuestas-institucionales#breadcrumb\"},\"inLanguage\":\"es\",\"potentialAction\":[{\"@type\":\"ReadAction\",\"target\":[\"https:\/\/www.asajacyl.com\/soria\/asaja-soria-informa\/la-movilizacion-de-copa-y-cogeca-del-18-de-diciembre-en-la-que-participo-asaja-soria-desencadena-respuestas-institucionales\"]}]},{\"@type\":\"ImageObject\",\"inLanguage\":\"es\",\"@id\":\"https:\/\/www.asajacyl.com\/soria\/asaja-soria-informa\/la-movilizacion-de-copa-y-cogeca-del-18-de-diciembre-en-la-que-participo-asaja-soria-desencadena-respuestas-institucionales#primaryimage\",\"url\":\"https:\/\/www.asajacyl.com\/soria\/wp-content\/uploads\/sites\/9\/2025\/12\/IMG_9206-e1768566061458.jpg\",\"contentUrl\":\"https:\/\/www.asajacyl.com\/soria\/wp-content\/uploads\/sites\/9\/2025\/12\/IMG_9206-e1768566061458.jpg\",\"width\":2008,\"height\":1575},{\"@type\":\"BreadcrumbList\",\"@id\":\"https:\/\/www.asajacyl.com\/soria\/asaja-soria-informa\/la-movilizacion-de-copa-y-cogeca-del-18-de-diciembre-en-la-que-participo-asaja-soria-desencadena-respuestas-institucionales#breadcrumb\",\"itemListElement\":[{\"@type\":\"ListItem\",\"position\":1,\"name\":\"Portada\",\"item\":\"https:\/\/www.asajacyl.com\/soria\/\"},{\"@type\":\"ListItem\",\"position\":2,\"name\":\"La movilizaci\u00f3n de COPA y COGECA del 18 de diciembre, en la que particip\u00f3 ASAJA Soria, desencadena respuestas institucionales\"}]},{\"@type\":\"WebSite\",\"@id\":\"https:\/\/www.asajacyl.com\/soria\/#website\",\"url\":\"https:\/\/www.asajacyl.com\/soria\/\",\"name\":\"ASAJA Soria\",\"description\":\"Otro sitio m\u00e1s de Provincias ASAJA Castilla y Le\u00f3n\",\"potentialAction\":[{\"@type\":\"SearchAction\",\"target\":{\"@type\":\"EntryPoint\",\"urlTemplate\":\"https:\/\/www.asajacyl.com\/soria\/?s={search_term_string}\"},\"query-input\":{\"@type\":\"PropertyValueSpecification\",\"valueRequired\":true,\"valueName\":\"search_term_string\"}}],\"inLanguage\":\"es\"},{\"@type\":\"Person\",\"@id\":\"https:\/\/www.asajacyl.com\/soria\/#\/schema\/person\/fd3081c40255119ce8133b87e6aedfab\",\"name\":\"Juan Ignacio Prieto Nieto\",\"image\":{\"@type\":\"ImageObject\",\"inLanguage\":\"es\",\"@id\":\"https:\/\/www.asajacyl.com\/soria\/#\/schema\/person\/image\/\",\"url\":\"https:\/\/secure.gravatar.com\/avatar\/8266b36e4d9001acb4700699a2468dc8?s=96&d=mm&r=g\",\"contentUrl\":\"https:\/\/secure.gravatar.com\/avatar\/8266b36e4d9001acb4700699a2468dc8?s=96&d=mm&r=g\",\"caption\":\"Juan Ignacio Prieto Nieto\"},\"url\":\"https:\/\/www.asajacyl.com\/soria\/author\/juanfranciscoby\"}]}<\/script>\n<!-- \/ Yoast SEO plugin. -->","yoast_head_json":{"title":"La movilizaci\u00f3n de COPA y COGECA del 18 de diciembre, en la que particip\u00f3 ASAJA Soria, desencadena respuestas institucionales - ASAJA Soria","description":"En el d\u00eda de ayer, 07 de enero de 2026, por invitaci\u00f3n de la Comisi\u00f3n Europea y del ministro Panayiotou, en nombre de la presidencia Chipriota, se celebr\u00f3","robots":{"index":"index","follow":"follow","max-snippet":"max-snippet:-1","max-image-preview":"max-image-preview:large","max-video-preview":"max-video-preview:-1"},"canonical":"https:\/\/www.asajacyl.com\/soria\/asaja-soria-informa\/la-movilizacion-de-copa-y-cogeca-del-18-de-diciembre-en-la-que-participo-asaja-soria-desencadena-respuestas-institucionales","og_locale":"es_ES","og_type":"article","og_title":"La movilizaci\u00f3n de COPA y COGECA del 18 de diciembre, en la que particip\u00f3 ASAJA Soria, desencadena respuestas institucionales - ASAJA Soria","og_description":"En el d\u00eda de ayer, 07 de enero de 2026, por invitaci\u00f3n de la Comisi\u00f3n Europea y del ministro Panayiotou, en nombre de la presidencia Chipriota, se celebr\u00f3","og_url":"https:\/\/www.asajacyl.com\/soria\/asaja-soria-informa\/la-movilizacion-de-copa-y-cogeca-del-18-de-diciembre-en-la-que-participo-asaja-soria-desencadena-respuestas-institucionales","og_site_name":"ASAJA Soria","article_published_time":"2026-01-08T14:20:47+00:00","article_modified_time":"2026-01-16T13:10:35+00:00","og_image":[{"width":2008,"height":1575,"url":"https:\/\/www.asajacyl.com\/soria\/wp-content\/uploads\/sites\/9\/2025\/12\/IMG_9206-e1768566061458.jpg","type":"image\/jpeg"}],"author":"Juan Ignacio Prieto Nieto","twitter_card":"summary_large_image","twitter_misc":{"Escrito por":"Juan Ignacio Prieto Nieto","Tiempo de lectura":"3 minutos"},"schema":{"@context":"https:\/\/schema.org","@graph":[{"@type":"WebPage","@id":"https:\/\/www.asajacyl.com\/soria\/asaja-soria-informa\/la-movilizacion-de-copa-y-cogeca-del-18-de-diciembre-en-la-que-participo-asaja-soria-desencadena-respuestas-institucionales","url":"https:\/\/www.asajacyl.com\/soria\/asaja-soria-informa\/la-movilizacion-de-copa-y-cogeca-del-18-de-diciembre-en-la-que-participo-asaja-soria-desencadena-respuestas-institucionales","name":"La movilizaci\u00f3n de COPA y COGECA del 18 de diciembre, en la que particip\u00f3 ASAJA Soria, desencadena respuestas institucionales - ASAJA Soria","isPartOf":{"@id":"https:\/\/www.asajacyl.com\/soria\/#website"},"primaryImageOfPage":{"@id":"https:\/\/www.asajacyl.com\/soria\/asaja-soria-informa\/la-movilizacion-de-copa-y-cogeca-del-18-de-diciembre-en-la-que-participo-asaja-soria-desencadena-respuestas-institucionales#primaryimage"},"image":{"@id":"https:\/\/www.asajacyl.com\/soria\/asaja-soria-informa\/la-movilizacion-de-copa-y-cogeca-del-18-de-diciembre-en-la-que-participo-asaja-soria-desencadena-respuestas-institucionales#primaryimage"},"thumbnailUrl":"https:\/\/www.asajacyl.com\/soria\/wp-content\/uploads\/sites\/9\/2025\/12\/IMG_9206-e1768566061458.jpg","datePublished":"2026-01-08T14:20:47+00:00","dateModified":"2026-01-16T13:10:35+00:00","author":{"@id":"https:\/\/www.asajacyl.com\/soria\/#\/schema\/person\/fd3081c40255119ce8133b87e6aedfab"},"description":"En el d\u00eda de ayer, 07 de enero de 2026, por invitaci\u00f3n de la Comisi\u00f3n Europea y del ministro Panayiotou, en nombre de la presidencia Chipriota, se celebr\u00f3","breadcrumb":{"@id":"https:\/\/www.asajacyl.com\/soria\/asaja-soria-informa\/la-movilizacion-de-copa-y-cogeca-del-18-de-diciembre-en-la-que-participo-asaja-soria-desencadena-respuestas-institucionales#breadcrumb"},"inLanguage":"es","potentialAction":[{"@type":"ReadAction","target":["https:\/\/www.asajacyl.com\/soria\/asaja-soria-informa\/la-movilizacion-de-copa-y-cogeca-del-18-de-diciembre-en-la-que-participo-asaja-soria-desencadena-respuestas-institucionales"]}]},{"@type":"ImageObject","inLanguage":"es","@id":"https:\/\/www.asajacyl.com\/soria\/asaja-soria-informa\/la-movilizacion-de-copa-y-cogeca-del-18-de-diciembre-en-la-que-participo-asaja-soria-desencadena-respuestas-institucionales#primaryimage","url":"https:\/\/www.asajacyl.com\/soria\/wp-content\/uploads\/sites\/9\/2025\/12\/IMG_9206-e1768566061458.jpg","contentUrl":"https:\/\/www.asajacyl.com\/soria\/wp-content\/uploads\/sites\/9\/2025\/12\/IMG_9206-e1768566061458.jpg","width":2008,"height":1575},{"@type":"BreadcrumbList","@id":"https:\/\/www.asajacyl.com\/soria\/asaja-soria-informa\/la-movilizacion-de-copa-y-cogeca-del-18-de-diciembre-en-la-que-participo-asaja-soria-desencadena-respuestas-institucionales#breadcrumb","itemListElement":[{"@type":"ListItem","position":1,"name":"Portada","item":"https:\/\/www.asajacyl.com\/soria\/"},{"@type":"ListItem","position":2,"name":"La movilizaci\u00f3n de COPA y COGECA del 18 de diciembre, en la que particip\u00f3 ASAJA Soria, desencadena respuestas institucionales"}]},{"@type":"WebSite","@id":"https:\/\/www.asajacyl.com\/soria\/#website","url":"https:\/\/www.asajacyl.com\/soria\/","name":"ASAJA Soria","description":"Otro sitio m\u00e1s de Provincias ASAJA Castilla y Le\u00f3n","potentialAction":[{"@type":"SearchAction","target":{"@type":"EntryPoint","urlTemplate":"https:\/\/www.asajacyl.com\/soria\/?s={search_term_string}"},"query-input":{"@type":"PropertyValueSpecification","valueRequired":true,"valueName":"search_term_string"}}],"inLanguage":"es"},{"@type":"Person","@id":"https:\/\/www.asajacyl.com\/soria\/#\/schema\/person\/fd3081c40255119ce8133b87e6aedfab","name":"Juan Ignacio Prieto Nieto","image":{"@type":"ImageObject","inLanguage":"es","@id":"https:\/\/www.asajacyl.com\/soria\/#\/schema\/person\/image\/","url":"https:\/\/secure.gravatar.com\/avatar\/8266b36e4d9001acb4700699a2468dc8?s=96&d=mm&r=g","contentUrl":"https:\/\/secure.gravatar.com\/avatar\/8266b36e4d9001acb4700699a2468dc8?s=96&d=mm&r=g","caption":"Juan Ignacio Prieto Nieto"},"url":"https:\/\/www.asajacyl.com\/soria\/author\/juanfranciscoby"}]}},"_links":{"self":[{"href":"https:\/\/www.asajacyl.com\/soria\/wp-json\/wp\/v2\/posts\/9545"}],"collection":[{"href":"https:\/\/www.asajacyl.com\/soria\/wp-json\/wp\/v2\/posts"}],"about":[{"href":"https:\/\/www.asajacyl.com\/soria\/wp-json\/wp\/v2\/types\/post"}],"author":[{"embeddable":true,"href":"https:\/\/www.asajacyl.com\/soria\/wp-json\/wp\/v2\/users\/12"}],"replies":[{"embeddable":true,"href":"https:\/\/www.asajacyl.com\/soria\/wp-json\/wp\/v2\/comments?post=9545"}],"version-history":[{"count":2,"href":"https:\/\/www.asajacyl.com\/soria\/wp-json\/wp\/v2\/posts\/9545\/revisions"}],"predecessor-version":[{"id":9549,"href":"https:\/\/www.asajacyl.com\/soria\/wp-json\/wp\/v2\/posts\/9545\/revisions\/9549"}],"wp:featuredmedia":[{"embeddable":true,"href":"https:\/\/www.asajacyl.com\/soria\/wp-json\/wp\/v2\/media\/9510"}],"wp:attachment":[{"href":"https:\/\/www.asajacyl.com\/soria\/wp-json\/wp\/v2\/media?parent=9545"}],"wp:term":[{"taxonomy":"category","embeddable":true,"href":"https:\/\/www.asajacyl.com\/soria\/wp-json\/wp\/v2\/categories?post=9545"},{"taxonomy":"post_tag","embeddable":true,"href":"https:\/\/www.asajacyl.com\/soria\/wp-json\/wp\/v2\/tags?post=9545"}],"curies":[{"name":"wp","href":"https:\/\/api.w.org\/{rel}","templated":true}]}}