{"id":9552,"date":"2026-02-03T13:40:17","date_gmt":"2026-02-03T12:40:17","guid":{"rendered":"https:\/\/www.asajacyl.com\/soria\/?p=9552"},"modified":"2026-02-03T13:47:48","modified_gmt":"2026-02-03T12:47:48","slug":"asaja-coag-y-upa-de-soria-en-unidad-de-accion-siguen-con-las-protestas-con-un-nuevo-acto-para-el-29-de-enero","status":"publish","type":"post","link":"https:\/\/www.asajacyl.com\/soria\/asaja-soria-informa\/asaja-coag-y-upa-de-soria-en-unidad-de-accion-siguen-con-las-protestas-con-un-nuevo-acto-para-el-29-de-enero","title":{"rendered":"ASAJA, COAG y UPA de Soria, en unidad de acci\u00f3n, siguen con las protestas con un nuevo acto para el 29 de enero"},"content":{"rendered":"\n<h2>Antes, el d\u00eda 20, la organizaci\u00f3n participar\u00e1 en la manifestaci\u00f3n ante el Parlamento Europeo en Estrasburgo<\/h2>\n\n\n\n<p>Esta ma\u00f1ana, en unidad de acci\u00f3n, nuestras organizaciones profesionales han anunciado el pr\u00f3ximo acto reivindicativo, esta vez bajo el lema <strong>\u00abEL CAMPO NO SE VENDE. NUESTRO FIN SER\u00c1 VUESTRA HAMBRE\u00bb.<\/strong><\/p>\n<p>Transcribimos a continuaci\u00f3n el comunicado:<\/p>\n<p><span style=\"color: #333333\"><em>\u00ab<\/em><em>En unidad de acci\u00f3n con UPA, COAG y ASAJA de Soria, hemos decidido celebrar la convocatoria de un <strong>acto reivindicativo y una concentraci\u00f3n p\u00fablica de agricultores y ganaderos<\/strong>, ante la situaci\u00f3n cr\u00edtica que vive el campo soriano.<\/em><\/span><\/p>\n<p><span style=\"color: #333333\"><em>Nos vemos obligados a dar este paso por la <strong>grave preocupaci\u00f3n y el profundo malestar<\/strong> que existe en el sector agrario de nuestra provincia. En primer lugar, el <strong>acuerdo entre la Uni\u00f3n Europea y Mercosur<\/strong> supone una amenaza directa para nuestros agricultores y ganaderos, al permitir la entrada de productos procedentes de terceros pa\u00edses que no cumplen las mismas exigencias sanitarias, laborales y medioambientales que se nos imponen aqu\u00ed. Esto genera una competencia claramente desleal.<\/em><\/span><\/p>\n<figure id=\"attachment_9510\" aria-describedby=\"caption-attachment-9510\" style=\"width: 2008px\" class=\"wp-caption aligncenter\"><img loading=\"lazy\" decoding=\"async\" class=\"wp-image-9510 size-full\" src=\"https:\/\/www.asajacyl.com\/soria\/wp-content\/uploads\/sites\/9\/2025\/12\/IMG_9206-e1768566061458.jpg\" alt=\"\" width=\"2008\" height=\"1575\" srcset=\"https:\/\/www.asajacyl.com\/soria\/wp-content\/uploads\/sites\/9\/2025\/12\/IMG_9206-e1768566061458.jpg 2008w, https:\/\/www.asajacyl.com\/soria\/wp-content\/uploads\/sites\/9\/2025\/12\/IMG_9206-e1768566061458-300x235.jpg 300w, https:\/\/www.asajacyl.com\/soria\/wp-content\/uploads\/sites\/9\/2025\/12\/IMG_9206-e1768566061458-1024x803.jpg 1024w, https:\/\/www.asajacyl.com\/soria\/wp-content\/uploads\/sites\/9\/2025\/12\/IMG_9206-e1768566061458-768x602.jpg 768w, https:\/\/www.asajacyl.com\/soria\/wp-content\/uploads\/sites\/9\/2025\/12\/IMG_9206-e1768566061458-1536x1205.jpg 1536w, https:\/\/www.asajacyl.com\/soria\/wp-content\/uploads\/sites\/9\/2025\/12\/IMG_9206-e1768566061458-535x420.jpg 535w, https:\/\/www.asajacyl.com\/soria\/wp-content\/uploads\/sites\/9\/2025\/12\/IMG_9206-e1768566061458-696x546.jpg 696w, https:\/\/www.asajacyl.com\/soria\/wp-content\/uploads\/sites\/9\/2025\/12\/IMG_9206-e1768566061458-1068x838.jpg 1068w, https:\/\/www.asajacyl.com\/soria\/wp-content\/uploads\/sites\/9\/2025\/12\/IMG_9206-e1768566061458-1920x1506.jpg 1920w\" sizes=\"(max-width: 2008px) 100vw, 2008px\" \/><figcaption id=\"caption-attachment-9510\" class=\"wp-caption-text\"><span style=\"color: #333333\">Imagen de nuestra participaci\u00f3n en la jornada reivindicativa celebrada el pasado 18 de diciembre de 2025 en Bruselas.<\/span><\/figcaption><\/figure>\n<p><span style=\"color: #333333\"><em>Por este motivo anunciamos tambi\u00e9n que <strong>el pr\u00f3ximo d\u00eda 20 de enero participaremos en la manifestaci\u00f3n convocada por el CEJA (FNESA\/JA), en Estrasburgo (Francia) coincidiendo con la sesi\u00f3n plenaria del Parlamento Europeo <\/strong>en el que se deciden algunos asuntos sobre el Mercosur, con la asistencia prevista de m\u00e1s de 4500 agricultores europeos. En la provincia de Soria tememos especialmente por el vacuno de extensivo y la miel.<\/em><\/span><\/p>\n<p><span style=\"color: #333333\"><em>Aunque en este momento el acuerdo con Mercosur es el que atrae toda la atenci\u00f3n, recordamos que desde el a\u00f1o pasado se han cerrado o se est\u00e1n tratando acuerdos con: Canad\u00e1 (firmado ya), M\u00e9xico, Marruecos, Emiratos \u00c1rabes Unidos, Australia o La India (en fase final), entre muchos otros.<\/em><\/span><\/p>\n<p><span style=\"color: #333333\"><em>Pero, sin duda alguna, el pacto suscrito con EEUU y la guerra de los aranceles desatada por la administraci\u00f3n Trump, las medidas arancelarias en la relaci\u00f3n con China en el marco de las consecuencias derivadas de esta guerra comercial, y las repercusiones de la guerra en Ucrania iniciada por Rusia, son los grandes causantes de las prisas y precipitaciones que denunciamos en la b\u00fasqueda de acuerdos comerciales estables con otros terceros pa\u00edses que lleva a cabo la UE, ante la grave erosi\u00f3n de estos tres grandes mercados.<\/em><\/span><\/p>\n<p><span style=\"color: #333333\"><em>Estas prisas est\u00e1n ocasionando posibles acuerdos precipitados que generar\u00e1n perjuicios y son una amenaza para nuestras explotaciones al no aportar reciprocidad ni unas garant\u00edas m\u00ednimas para nuestra agricultura y ganader\u00eda. Por lo que puede ser la puntilla final para algunos de nuestros sectores.<\/em><\/span><\/p>\n<p><span style=\"color: #333333\"><em>Este es el motivo de la necesidad de retrasar los periodos de negociaci\u00f3n, para obtener mejoras, equilibrios y mayor justicia para nuestro sector dentro de estos acuerdos. O rechazarlos de plano cuando no existen garant\u00edas, como ahora ocurre.<\/em><\/span><\/p>\n<p><span style=\"color: #333333\"><em>Por ello desde las organizaciones venimos advirtiendo de este peligro y as\u00ed lo hemos denunciado por ejemplo en la concentraci\u00f3n ante el MAPA el a\u00f1o pasado.<\/em><\/span><\/p>\n<p><span style=\"color: #333333\"><em>Lamentablemente en esa ocasi\u00f3n echamos de menos algunas de las voces que se escuchan ahora sobre Mercosur. Recordemos que el a\u00f1o pasado protestamos por el vergonzoso acuerdo pactado por la UE con Trump, que impone el 0% de arancel para todo lo que nos viene de EEUU y por el contrario impone importantes aranceles para el env\u00edo de nuestros productos agroalimentarios. Ese acuerdo con la administraci\u00f3n Trump, sin ir m\u00e1s lejos, afecta ya a nuestros vinos sorianos con el 15% de arancel, mientras que los de California pueden venir al 0%, por no hablar del trigo o el resto, que les pasa lo mismo. Algunos sabr\u00e1n por qu\u00e9 no dijeron nada entonces.<\/em><\/span><\/p>\n<p><span style=\"color: #333333\"><em>Por desgracia en el campo, para hablar de problemas, no hace falta recurrir a esfuerzos adivinatorios sobre el resultado que tendr\u00e1n dentro de unos a\u00f1os estas negociaciones, porque ya hay graves problemas que son presente y siguen sin soluci\u00f3n como <strong>la terrible crisis de precios del cereal<\/strong>, con cotizaciones que no cubren los gastos de producci\u00f3n, en un contexto marcado por el <strong>incremento desmesurado de los costes<\/strong>, especialmente de los fertilizantes y otros insumos, como consecuencia de la guerra de Ucrania.<\/em><\/span><\/p>\n<p><span style=\"color: #333333\"><em>En la acci\u00f3n reivindicativa mencionada en el MAPA pedimos apoyo fiscal por el consumo de fertilizantes y medidas para controlar la importaci\u00f3n, y seguimos sin respuesta ni soluci\u00f3n.<\/em><\/span><\/p>\n<p><span style=\"color: #333333\"><em>Desde el sector tambi\u00e9n denunciamos la <strong>excesiva burocracia<\/strong> que las administraciones est\u00e1n imponiendo al campo, con normativas cada vez m\u00e1s complejas que dificultan nuestro trabajo diario y alejan a los profesionales de su verdadera labor: producir alimentos. No puede ser que para pedir un c\u00f3digo de producci\u00f3n o el desarrollo de una inversi\u00f3n se demoren las cosas meses, si no a\u00f1os, por no decir los tr\u00e1mites del d\u00eda a d\u00eda, con registros, comunicaciones, cuaderno de explotaci\u00f3n y dem\u00e1s engorros administrativos.<\/em><\/span><\/p>\n<p><span style=\"color: #333333\"><em>Nos preguntamos si tiene alg\u00fan sentido que se siga exigiendo aqu\u00ed lo que no se exige a ninguna producci\u00f3n que pueda venir por los acuerdos con terceros pa\u00edses que he mencionado. En nuestra opini\u00f3n: no, no tiene sentido. O se les exige a ellos lo mismo que a nosotros, o se nos exige a nosotros lo poco que se les exige a ellos. En cualquier caso, el consumidor pagar\u00e1 y debe ser consciente de la p\u00e9rdida de calidad y de soberan\u00eda alimentaria que puede traer, de un modo o del otro, este asunto.<\/em><\/span><\/p>\n<p><span style=\"color: #333333\"><em>Este exceso burocr\u00e1tico tambi\u00e9n nos afecta en otros asuntos como la necesidad del control cineg\u00e9tico ante el incremento y aparici\u00f3n de nuevas o viejas enfermedades. Por cierto, la sanidad animal es una de las grandes preocupaciones de nuestros ganaderos, pues aunque ahora estamos en el &#8216;impasse&#8217; invernal ya vemos la primavera a vuelta de la esquina y precisamos soluciones ya.<\/em><\/span><\/p>\n<p><span style=\"color: #333333\"><em>Adem\u00e1s, y a pesar de los avances arrancados a la Comisi\u00f3n en Europea, a ra\u00edz de la manifestaci\u00f3n del 18 de diciembre de 2025, en Bruselas, y esos 45.000 millones de euros m\u00e1s a partir de 2028, nos preocupa enormemente el futuro del sector ante los <strong>recortes previstos en el pr\u00f3ximo Marco Financiero Plurianual y en la Pol\u00edtica Agraria Com\u00fan para el periodo 2028-2034<\/strong>, que ponen en grave peligro la continuidad de muchas explotaciones y el futuro del medio rural en una provincia como Soria.<\/em><\/span><\/p>\n<p><span style=\"color: #333333\"><em>Por todo ello, convocamos este acto reivindicativo para <strong>defender la dignidad de nuestro trabajo, la viabilidad de nuestras explotaciones y el futuro del campo<\/strong>, y para exigir a las administraciones y fuerzas pol\u00edticas unas directrices agrarias justas, coherentes y comprometidas con los agricultores y ganaderos.<\/em><\/span><\/p>\n<p><em><span style=\"color: #333333\">El pr\u00f3ximo d\u00eda 29 de enero, en Soria capital, como coordinadamente se har\u00e1 por toda Espa\u00f1a, celebraremos una Manifestaci\u00f3n y Concentraci\u00f3n, desde Mariano Vic\u00e9n, pasando por la Delegaci\u00f3n Territorial de la Junta de Castilla y Le\u00f3n y la Subdelegaci\u00f3n del Gobierno, para terminar con un acto solemne de sepelio por la Agricultura y Ganader\u00eda Soriana, Espa\u00f1ola y Europea, en la Plaza de Mariano Granados\u00bb.<\/span><img loading=\"lazy\" decoding=\"async\" class=\"aligncenter size-full wp-image-9554\" src=\"https:\/\/www.asajacyl.com\/soria\/wp-content\/uploads\/sites\/9\/2026\/01\/Captura-de-pantalla-2026-01-16-131931.jpg\" alt=\"\" width=\"879\" height=\"576\" srcset=\"https:\/\/www.asajacyl.com\/soria\/wp-content\/uploads\/sites\/9\/2026\/01\/Captura-de-pantalla-2026-01-16-131931.jpg 879w, https:\/\/www.asajacyl.com\/soria\/wp-content\/uploads\/sites\/9\/2026\/01\/Captura-de-pantalla-2026-01-16-131931-300x197.jpg 300w, https:\/\/www.asajacyl.com\/soria\/wp-content\/uploads\/sites\/9\/2026\/01\/Captura-de-pantalla-2026-01-16-131931-768x503.jpg 768w, https:\/\/www.asajacyl.com\/soria\/wp-content\/uploads\/sites\/9\/2026\/01\/Captura-de-pantalla-2026-01-16-131931-641x420.jpg 641w, https:\/\/www.asajacyl.com\/soria\/wp-content\/uploads\/sites\/9\/2026\/01\/Captura-de-pantalla-2026-01-16-131931-696x456.jpg 696w, https:\/\/www.asajacyl.com\/soria\/wp-content\/uploads\/sites\/9\/2026\/01\/Captura-de-pantalla-2026-01-16-131931-741x486.jpg 741w\" sizes=\"(max-width: 879px) 100vw, 879px\" \/><\/em><\/p>\n","protected":false},"excerpt":{"rendered":"<p>Antes, el d\u00eda 20, la organizaci\u00f3n participar\u00e1 en la manifestaci\u00f3n ante el Parlamento Europeo en Estrasburgo Esta ma\u00f1ana, en unidad de acci\u00f3n, nuestras organizaciones profesionales han anunciado el pr\u00f3ximo acto reivindicativo, esta vez bajo el lema \u00abEL CAMPO NO SE VENDE. NUESTRO FIN SER\u00c1 VUESTRA HAMBRE\u00bb. Transcribimos a continuaci\u00f3n el comunicado: \u00abEn unidad de acci\u00f3n [&hellip;]<\/p>\n","protected":false},"author":12,"featured_media":9553,"comment_status":"open","ping_status":"open","sticky":true,"template":"","format":"standard","meta":{"footnotes":""},"categories":[10,25],"tags":[],"yoast_head":"<!-- This site is optimized with the Yoast SEO plugin v24.5 - https:\/\/yoast.com\/wordpress\/plugins\/seo\/ -->\n<title>ASAJA, COAG y UPA de Soria, en unidad de acci\u00f3n, siguen con las protestas con un nuevo acto para el 29 de enero - ASAJA Soria<\/title>\n<meta name=\"description\" content=\"Antes, el d\u00eda 20, la organizaci\u00f3n participar\u00e1 en la manifestaci\u00f3n ante el Parlamento Europeo en Estrasburgo Esta ma\u00f1ana, en unidad de acci\u00f3n, nuestras\" \/>\n<meta name=\"robots\" content=\"index, follow, max-snippet:-1, max-image-preview:large, max-video-preview:-1\" \/>\n<link rel=\"canonical\" href=\"https:\/\/www.asajacyl.com\/soria\/asaja-soria-informa\/asaja-coag-y-upa-de-soria-en-unidad-de-accion-siguen-con-las-protestas-con-un-nuevo-acto-para-el-29-de-enero\" \/>\n<meta property=\"og:locale\" content=\"es_ES\" \/>\n<meta property=\"og:type\" content=\"article\" \/>\n<meta property=\"og:title\" content=\"ASAJA, COAG y UPA de Soria, en unidad de acci\u00f3n, siguen con las protestas con un nuevo acto para el 29 de enero - ASAJA Soria\" \/>\n<meta property=\"og:description\" content=\"Antes, el d\u00eda 20, la organizaci\u00f3n participar\u00e1 en la manifestaci\u00f3n ante el Parlamento Europeo en Estrasburgo Esta ma\u00f1ana, en unidad de acci\u00f3n, nuestras\" \/>\n<meta property=\"og:url\" content=\"https:\/\/www.asajacyl.com\/soria\/asaja-soria-informa\/asaja-coag-y-upa-de-soria-en-unidad-de-accion-siguen-con-las-protestas-con-un-nuevo-acto-para-el-29-de-enero\" \/>\n<meta property=\"og:site_name\" content=\"ASAJA Soria\" \/>\n<meta property=\"article:published_time\" content=\"2026-02-03T12:40:17+00:00\" \/>\n<meta property=\"article:modified_time\" content=\"2026-02-03T12:47:48+00:00\" \/>\n<meta property=\"og:image\" content=\"https:\/\/www.asajacyl.com\/soria\/wp-content\/uploads\/sites\/9\/2026\/01\/WhatsApp-Image-2026-01-16-at-13.23.06.jpeg\" \/>\n\t<meta property=\"og:image:width\" content=\"1347\" \/>\n\t<meta property=\"og:image:height\" content=\"1066\" \/>\n\t<meta property=\"og:image:type\" content=\"image\/jpeg\" \/>\n<meta name=\"author\" content=\"Juan Ignacio Prieto Nieto\" \/>\n<meta name=\"twitter:card\" content=\"summary_large_image\" \/>\n<meta name=\"twitter:label1\" content=\"Escrito por\" \/>\n\t<meta name=\"twitter:data1\" content=\"Juan Ignacio Prieto Nieto\" \/>\n\t<meta name=\"twitter:label2\" content=\"Tiempo de lectura\" \/>\n\t<meta name=\"twitter:data2\" content=\"6 minutos\" \/>\n<script type=\"application\/ld+json\" class=\"yoast-schema-graph\">{\"@context\":\"https:\/\/schema.org\",\"@graph\":[{\"@type\":\"WebPage\",\"@id\":\"https:\/\/www.asajacyl.com\/soria\/asaja-soria-informa\/asaja-coag-y-upa-de-soria-en-unidad-de-accion-siguen-con-las-protestas-con-un-nuevo-acto-para-el-29-de-enero\",\"url\":\"https:\/\/www.asajacyl.com\/soria\/asaja-soria-informa\/asaja-coag-y-upa-de-soria-en-unidad-de-accion-siguen-con-las-protestas-con-un-nuevo-acto-para-el-29-de-enero\",\"name\":\"ASAJA, COAG y UPA de Soria, en unidad de acci\u00f3n, siguen con las protestas con un nuevo acto para el 29 de enero - ASAJA Soria\",\"isPartOf\":{\"@id\":\"https:\/\/www.asajacyl.com\/soria\/#website\"},\"primaryImageOfPage\":{\"@id\":\"https:\/\/www.asajacyl.com\/soria\/asaja-soria-informa\/asaja-coag-y-upa-de-soria-en-unidad-de-accion-siguen-con-las-protestas-con-un-nuevo-acto-para-el-29-de-enero#primaryimage\"},\"image\":{\"@id\":\"https:\/\/www.asajacyl.com\/soria\/asaja-soria-informa\/asaja-coag-y-upa-de-soria-en-unidad-de-accion-siguen-con-las-protestas-con-un-nuevo-acto-para-el-29-de-enero#primaryimage\"},\"thumbnailUrl\":\"https:\/\/www.asajacyl.com\/soria\/wp-content\/uploads\/sites\/9\/2026\/01\/WhatsApp-Image-2026-01-16-at-13.23.06.jpeg\",\"datePublished\":\"2026-02-03T12:40:17+00:00\",\"dateModified\":\"2026-02-03T12:47:48+00:00\",\"author\":{\"@id\":\"https:\/\/www.asajacyl.com\/soria\/#\/schema\/person\/fd3081c40255119ce8133b87e6aedfab\"},\"description\":\"Antes, el d\u00eda 20, la organizaci\u00f3n participar\u00e1 en la manifestaci\u00f3n ante el Parlamento Europeo en Estrasburgo Esta ma\u00f1ana, en unidad de acci\u00f3n, nuestras\",\"breadcrumb\":{\"@id\":\"https:\/\/www.asajacyl.com\/soria\/asaja-soria-informa\/asaja-coag-y-upa-de-soria-en-unidad-de-accion-siguen-con-las-protestas-con-un-nuevo-acto-para-el-29-de-enero#breadcrumb\"},\"inLanguage\":\"es\",\"potentialAction\":[{\"@type\":\"ReadAction\",\"target\":[\"https:\/\/www.asajacyl.com\/soria\/asaja-soria-informa\/asaja-coag-y-upa-de-soria-en-unidad-de-accion-siguen-con-las-protestas-con-un-nuevo-acto-para-el-29-de-enero\"]}]},{\"@type\":\"ImageObject\",\"inLanguage\":\"es\",\"@id\":\"https:\/\/www.asajacyl.com\/soria\/asaja-soria-informa\/asaja-coag-y-upa-de-soria-en-unidad-de-accion-siguen-con-las-protestas-con-un-nuevo-acto-para-el-29-de-enero#primaryimage\",\"url\":\"https:\/\/www.asajacyl.com\/soria\/wp-content\/uploads\/sites\/9\/2026\/01\/WhatsApp-Image-2026-01-16-at-13.23.06.jpeg\",\"contentUrl\":\"https:\/\/www.asajacyl.com\/soria\/wp-content\/uploads\/sites\/9\/2026\/01\/WhatsApp-Image-2026-01-16-at-13.23.06.jpeg\",\"width\":1347,\"height\":1066,\"caption\":\"Rueda de Prensa anuncio protesta d\u00eda 29 de enero\"},{\"@type\":\"BreadcrumbList\",\"@id\":\"https:\/\/www.asajacyl.com\/soria\/asaja-soria-informa\/asaja-coag-y-upa-de-soria-en-unidad-de-accion-siguen-con-las-protestas-con-un-nuevo-acto-para-el-29-de-enero#breadcrumb\",\"itemListElement\":[{\"@type\":\"ListItem\",\"position\":1,\"name\":\"Portada\",\"item\":\"https:\/\/www.asajacyl.com\/soria\/\"},{\"@type\":\"ListItem\",\"position\":2,\"name\":\"ASAJA, COAG y UPA de Soria, en unidad de acci\u00f3n, siguen con las protestas con un nuevo acto para el 29 de enero\"}]},{\"@type\":\"WebSite\",\"@id\":\"https:\/\/www.asajacyl.com\/soria\/#website\",\"url\":\"https:\/\/www.asajacyl.com\/soria\/\",\"name\":\"ASAJA Soria\",\"description\":\"Otro sitio m\u00e1s de Provincias ASAJA Castilla y Le\u00f3n\",\"potentialAction\":[{\"@type\":\"SearchAction\",\"target\":{\"@type\":\"EntryPoint\",\"urlTemplate\":\"https:\/\/www.asajacyl.com\/soria\/?s={search_term_string}\"},\"query-input\":{\"@type\":\"PropertyValueSpecification\",\"valueRequired\":true,\"valueName\":\"search_term_string\"}}],\"inLanguage\":\"es\"},{\"@type\":\"Person\",\"@id\":\"https:\/\/www.asajacyl.com\/soria\/#\/schema\/person\/fd3081c40255119ce8133b87e6aedfab\",\"name\":\"Juan Ignacio Prieto Nieto\",\"image\":{\"@type\":\"ImageObject\",\"inLanguage\":\"es\",\"@id\":\"https:\/\/www.asajacyl.com\/soria\/#\/schema\/person\/image\/\",\"url\":\"https:\/\/secure.gravatar.com\/avatar\/8266b36e4d9001acb4700699a2468dc8?s=96&d=mm&r=g\",\"contentUrl\":\"https:\/\/secure.gravatar.com\/avatar\/8266b36e4d9001acb4700699a2468dc8?s=96&d=mm&r=g\",\"caption\":\"Juan Ignacio Prieto Nieto\"},\"url\":\"https:\/\/www.asajacyl.com\/soria\/author\/juanfranciscoby\"}]}<\/script>\n<!-- \/ Yoast SEO plugin. -->","yoast_head_json":{"title":"ASAJA, COAG y UPA de Soria, en unidad de acci\u00f3n, siguen con las protestas con un nuevo acto para el 29 de enero - ASAJA Soria","description":"Antes, el d\u00eda 20, la organizaci\u00f3n participar\u00e1 en la manifestaci\u00f3n ante el Parlamento Europeo en Estrasburgo Esta ma\u00f1ana, en unidad de acci\u00f3n, nuestras","robots":{"index":"index","follow":"follow","max-snippet":"max-snippet:-1","max-image-preview":"max-image-preview:large","max-video-preview":"max-video-preview:-1"},"canonical":"https:\/\/www.asajacyl.com\/soria\/asaja-soria-informa\/asaja-coag-y-upa-de-soria-en-unidad-de-accion-siguen-con-las-protestas-con-un-nuevo-acto-para-el-29-de-enero","og_locale":"es_ES","og_type":"article","og_title":"ASAJA, COAG y UPA de Soria, en unidad de acci\u00f3n, siguen con las protestas con un nuevo acto para el 29 de enero - ASAJA Soria","og_description":"Antes, el d\u00eda 20, la organizaci\u00f3n participar\u00e1 en la manifestaci\u00f3n ante el Parlamento Europeo en Estrasburgo Esta ma\u00f1ana, en unidad de acci\u00f3n, nuestras","og_url":"https:\/\/www.asajacyl.com\/soria\/asaja-soria-informa\/asaja-coag-y-upa-de-soria-en-unidad-de-accion-siguen-con-las-protestas-con-un-nuevo-acto-para-el-29-de-enero","og_site_name":"ASAJA Soria","article_published_time":"2026-02-03T12:40:17+00:00","article_modified_time":"2026-02-03T12:47:48+00:00","og_image":[{"width":1347,"height":1066,"url":"https:\/\/www.asajacyl.com\/soria\/wp-content\/uploads\/sites\/9\/2026\/01\/WhatsApp-Image-2026-01-16-at-13.23.06.jpeg","type":"image\/jpeg"}],"author":"Juan Ignacio Prieto Nieto","twitter_card":"summary_large_image","twitter_misc":{"Escrito por":"Juan Ignacio Prieto Nieto","Tiempo de lectura":"6 minutos"},"schema":{"@context":"https:\/\/schema.org","@graph":[{"@type":"WebPage","@id":"https:\/\/www.asajacyl.com\/soria\/asaja-soria-informa\/asaja-coag-y-upa-de-soria-en-unidad-de-accion-siguen-con-las-protestas-con-un-nuevo-acto-para-el-29-de-enero","url":"https:\/\/www.asajacyl.com\/soria\/asaja-soria-informa\/asaja-coag-y-upa-de-soria-en-unidad-de-accion-siguen-con-las-protestas-con-un-nuevo-acto-para-el-29-de-enero","name":"ASAJA, COAG y UPA de Soria, en unidad de acci\u00f3n, siguen con las protestas con un nuevo acto para el 29 de enero - ASAJA Soria","isPartOf":{"@id":"https:\/\/www.asajacyl.com\/soria\/#website"},"primaryImageOfPage":{"@id":"https:\/\/www.asajacyl.com\/soria\/asaja-soria-informa\/asaja-coag-y-upa-de-soria-en-unidad-de-accion-siguen-con-las-protestas-con-un-nuevo-acto-para-el-29-de-enero#primaryimage"},"image":{"@id":"https:\/\/www.asajacyl.com\/soria\/asaja-soria-informa\/asaja-coag-y-upa-de-soria-en-unidad-de-accion-siguen-con-las-protestas-con-un-nuevo-acto-para-el-29-de-enero#primaryimage"},"thumbnailUrl":"https:\/\/www.asajacyl.com\/soria\/wp-content\/uploads\/sites\/9\/2026\/01\/WhatsApp-Image-2026-01-16-at-13.23.06.jpeg","datePublished":"2026-02-03T12:40:17+00:00","dateModified":"2026-02-03T12:47:48+00:00","author":{"@id":"https:\/\/www.asajacyl.com\/soria\/#\/schema\/person\/fd3081c40255119ce8133b87e6aedfab"},"description":"Antes, el d\u00eda 20, la organizaci\u00f3n participar\u00e1 en la manifestaci\u00f3n ante el Parlamento Europeo en Estrasburgo Esta ma\u00f1ana, en unidad de acci\u00f3n, nuestras","breadcrumb":{"@id":"https:\/\/www.asajacyl.com\/soria\/asaja-soria-informa\/asaja-coag-y-upa-de-soria-en-unidad-de-accion-siguen-con-las-protestas-con-un-nuevo-acto-para-el-29-de-enero#breadcrumb"},"inLanguage":"es","potentialAction":[{"@type":"ReadAction","target":["https:\/\/www.asajacyl.com\/soria\/asaja-soria-informa\/asaja-coag-y-upa-de-soria-en-unidad-de-accion-siguen-con-las-protestas-con-un-nuevo-acto-para-el-29-de-enero"]}]},{"@type":"ImageObject","inLanguage":"es","@id":"https:\/\/www.asajacyl.com\/soria\/asaja-soria-informa\/asaja-coag-y-upa-de-soria-en-unidad-de-accion-siguen-con-las-protestas-con-un-nuevo-acto-para-el-29-de-enero#primaryimage","url":"https:\/\/www.asajacyl.com\/soria\/wp-content\/uploads\/sites\/9\/2026\/01\/WhatsApp-Image-2026-01-16-at-13.23.06.jpeg","contentUrl":"https:\/\/www.asajacyl.com\/soria\/wp-content\/uploads\/sites\/9\/2026\/01\/WhatsApp-Image-2026-01-16-at-13.23.06.jpeg","width":1347,"height":1066,"caption":"Rueda de Prensa anuncio protesta d\u00eda 29 de enero"},{"@type":"BreadcrumbList","@id":"https:\/\/www.asajacyl.com\/soria\/asaja-soria-informa\/asaja-coag-y-upa-de-soria-en-unidad-de-accion-siguen-con-las-protestas-con-un-nuevo-acto-para-el-29-de-enero#breadcrumb","itemListElement":[{"@type":"ListItem","position":1,"name":"Portada","item":"https:\/\/www.asajacyl.com\/soria\/"},{"@type":"ListItem","position":2,"name":"ASAJA, COAG y UPA de Soria, en unidad de acci\u00f3n, siguen con las protestas con un nuevo acto para el 29 de enero"}]},{"@type":"WebSite","@id":"https:\/\/www.asajacyl.com\/soria\/#website","url":"https:\/\/www.asajacyl.com\/soria\/","name":"ASAJA Soria","description":"Otro sitio m\u00e1s de Provincias ASAJA Castilla y Le\u00f3n","potentialAction":[{"@type":"SearchAction","target":{"@type":"EntryPoint","urlTemplate":"https:\/\/www.asajacyl.com\/soria\/?s={search_term_string}"},"query-input":{"@type":"PropertyValueSpecification","valueRequired":true,"valueName":"search_term_string"}}],"inLanguage":"es"},{"@type":"Person","@id":"https:\/\/www.asajacyl.com\/soria\/#\/schema\/person\/fd3081c40255119ce8133b87e6aedfab","name":"Juan Ignacio Prieto Nieto","image":{"@type":"ImageObject","inLanguage":"es","@id":"https:\/\/www.asajacyl.com\/soria\/#\/schema\/person\/image\/","url":"https:\/\/secure.gravatar.com\/avatar\/8266b36e4d9001acb4700699a2468dc8?s=96&d=mm&r=g","contentUrl":"https:\/\/secure.gravatar.com\/avatar\/8266b36e4d9001acb4700699a2468dc8?s=96&d=mm&r=g","caption":"Juan Ignacio Prieto Nieto"},"url":"https:\/\/www.asajacyl.com\/soria\/author\/juanfranciscoby"}]}},"_links":{"self":[{"href":"https:\/\/www.asajacyl.com\/soria\/wp-json\/wp\/v2\/posts\/9552"}],"collection":[{"href":"https:\/\/www.asajacyl.com\/soria\/wp-json\/wp\/v2\/posts"}],"about":[{"href":"https:\/\/www.asajacyl.com\/soria\/wp-json\/wp\/v2\/types\/post"}],"author":[{"embeddable":true,"href":"https:\/\/www.asajacyl.com\/soria\/wp-json\/wp\/v2\/users\/12"}],"replies":[{"embeddable":true,"href":"https:\/\/www.asajacyl.com\/soria\/wp-json\/wp\/v2\/comments?post=9552"}],"version-history":[{"count":5,"href":"https:\/\/www.asajacyl.com\/soria\/wp-json\/wp\/v2\/posts\/9552\/revisions"}],"predecessor-version":[{"id":9562,"href":"https:\/\/www.asajacyl.com\/soria\/wp-json\/wp\/v2\/posts\/9552\/revisions\/9562"}],"wp:featuredmedia":[{"embeddable":true,"href":"https:\/\/www.asajacyl.com\/soria\/wp-json\/wp\/v2\/media\/9553"}],"wp:attachment":[{"href":"https:\/\/www.asajacyl.com\/soria\/wp-json\/wp\/v2\/media?parent=9552"}],"wp:term":[{"taxonomy":"category","embeddable":true,"href":"https:\/\/www.asajacyl.com\/soria\/wp-json\/wp\/v2\/categories?post=9552"},{"taxonomy":"post_tag","embeddable":true,"href":"https:\/\/www.asajacyl.com\/soria\/wp-json\/wp\/v2\/tags?post=9552"}],"curies":[{"name":"wp","href":"https:\/\/api.w.org\/{rel}","templated":true}]}}