{"id":9569,"date":"2026-01-19T14:59:14","date_gmt":"2026-01-19T13:59:14","guid":{"rendered":"https:\/\/www.asajacyl.com\/soria\/?p=9569"},"modified":"2026-01-19T14:59:16","modified_gmt":"2026-01-19T13:59:16","slug":"movilizacion-en-estrasburgo-y-votacion-clave-en-el-parlamento-europeo","status":"publish","type":"post","link":"https:\/\/www.asajacyl.com\/soria\/asaja-soria-informa\/movilizacion-en-estrasburgo-y-votacion-clave-en-el-parlamento-europeo","title":{"rendered":"Movilizaci\u00f3n en Estrasburgo y votaci\u00f3n clave en el Parlamento europeo"},"content":{"rendered":"\n<p><em>ASAJA Soria, muy pendiente de las dos citas de esta semana porque pueden marcar el futuro del campo provincial<\/em><\/p>\n<p>Las organizaciones de agricultores de la\u00a0Uni\u00f3n Europea\u00a0ya anunciaron hace unos d\u00edas una manifestaci\u00f3n en Estrasburgo, que se celebrar\u00e1 ma\u00f1ana 20 de enero para pedir al Parlamento Europeo que frene el acuerdo de asociaci\u00f3n con Mercosur.\u00a0La intenci\u00f3n es movilizarse frente a la sede de la Euroc\u00e1mara, coincidiendo con un pleno de esa instituci\u00f3n, al considerar que los parlamentarios tienen los medios para actuar sobre estas cuestiones urgentes.<\/p>\n<p>La movilizaci\u00f3n se produce en un momento en el que\u00a0los agricultores se encuentran atrapados en una espiral de precios, provocada por el aumento de los costes de fertilizantes e insumos y la ca\u00edda de los ingresos.\u00a0Para ASAJA Soria, que ya prepara otra movilizaci\u00f3n el 29 de enero que transcurrir\u00e1 por el centro de la ciudad, es m\u00e1s necesario que nunca \u201cadoptar decisiones pol\u00edticas firmes que permitan recuperar la visibilidad y la estabilidad a largo plazo. Ahora les toca actuar a los eurodiputados, demostrando el apoyo que dicen brindar a las comunidades agr\u00edcolas para garantizar la seguridad alimentaria de Europa\u201d.<\/p>\n<p>Y todo esto a expensas de una votaci\u00f3n al d\u00eda siguiente en el Parlamento Europeo, donde se decide si se solicita al Tribunal de Justicia de la UE (TJUE) que revise la legalidad del acuerdo UE-Mercosur.<\/p>\n<p>Votar a favor de esa resoluci\u00f3n significa que se activa un proceso judicial, por lo que se paraliza o congela la ratificaci\u00f3n del acuerdo y entrar\u00edan en juego consideraciones como la compatibilidad con normas europeas, la seguridad alimentaria, las cl\u00e1usulas espejo y la competencia desleal en agricultura. Por \u00faltimo, las partes del pacto que van m\u00e1s all\u00e1 de lo puramente comercial tendr\u00e1n que ser ratificadas por los parlamentos de cada uno de los Estados miembros de la Uni\u00f3n Europea, un proceso que puede demorarse a\u00f1os.<\/p>\n<p><img loading=\"lazy\" decoding=\"async\" class=\"aligncenter size-full wp-image-9570\" src=\"https:\/\/www.asajacyl.com\/soria\/wp-content\/uploads\/sites\/9\/2026\/01\/Imadeddgen1.jpg\" alt=\"\" width=\"477\" height=\"451\" srcset=\"https:\/\/www.asajacyl.com\/soria\/wp-content\/uploads\/sites\/9\/2026\/01\/Imadeddgen1.jpg 477w, https:\/\/www.asajacyl.com\/soria\/wp-content\/uploads\/sites\/9\/2026\/01\/Imadeddgen1-300x284.jpg 300w, https:\/\/www.asajacyl.com\/soria\/wp-content\/uploads\/sites\/9\/2026\/01\/Imadeddgen1-444x420.jpg 444w\" sizes=\"(max-width: 477px) 100vw, 477px\" \/><\/p>\n","protected":false},"excerpt":{"rendered":"<p>ASAJA Soria, muy pendiente de las dos citas de esta semana porque pueden marcar el futuro del campo provincial Las organizaciones de agricultores de la\u00a0Uni\u00f3n Europea\u00a0ya anunciaron hace unos d\u00edas una manifestaci\u00f3n en Estrasburgo, que se celebrar\u00e1 ma\u00f1ana 20 de enero para pedir al Parlamento Europeo que frene el acuerdo de asociaci\u00f3n con Mercosur.\u00a0La intenci\u00f3n [&hellip;]<\/p>\n","protected":false},"author":12,"featured_media":9570,"comment_status":"open","ping_status":"open","sticky":false,"template":"","format":"standard","meta":{"footnotes":""},"categories":[10,25],"tags":[],"yoast_head":"<!-- This site is optimized with the Yoast SEO plugin v24.5 - https:\/\/yoast.com\/wordpress\/plugins\/seo\/ -->\n<title>Movilizaci\u00f3n en Estrasburgo y votaci\u00f3n clave en el Parlamento europeo - ASAJA Soria<\/title>\n<meta name=\"description\" content=\"ASAJA Soria, muy pendiente de las dos citas de esta semana porque pueden marcar el futuro del campo provincial Las organizaciones de agricultores de\" \/>\n<meta name=\"robots\" content=\"index, follow, max-snippet:-1, max-image-preview:large, max-video-preview:-1\" \/>\n<link rel=\"canonical\" href=\"https:\/\/www.asajacyl.com\/soria\/asaja-soria-informa\/movilizacion-en-estrasburgo-y-votacion-clave-en-el-parlamento-europeo\" \/>\n<meta property=\"og:locale\" content=\"es_ES\" \/>\n<meta property=\"og:type\" content=\"article\" \/>\n<meta property=\"og:title\" content=\"Movilizaci\u00f3n en Estrasburgo y votaci\u00f3n clave en el Parlamento europeo - ASAJA Soria\" \/>\n<meta property=\"og:description\" content=\"ASAJA Soria, muy pendiente de las dos citas de esta semana porque pueden marcar el futuro del campo provincial Las organizaciones de agricultores de\" \/>\n<meta property=\"og:url\" content=\"https:\/\/www.asajacyl.com\/soria\/asaja-soria-informa\/movilizacion-en-estrasburgo-y-votacion-clave-en-el-parlamento-europeo\" \/>\n<meta property=\"og:site_name\" content=\"ASAJA Soria\" \/>\n<meta property=\"article:published_time\" content=\"2026-01-19T13:59:14+00:00\" \/>\n<meta property=\"article:modified_time\" content=\"2026-01-19T13:59:16+00:00\" \/>\n<meta property=\"og:image\" content=\"https:\/\/www.asajacyl.com\/soria\/wp-content\/uploads\/sites\/9\/2026\/01\/Imadeddgen1.jpg\" \/>\n\t<meta property=\"og:image:width\" content=\"477\" \/>\n\t<meta property=\"og:image:height\" content=\"451\" \/>\n\t<meta property=\"og:image:type\" content=\"image\/jpeg\" \/>\n<meta name=\"author\" content=\"Juan Ignacio Prieto Nieto\" \/>\n<meta name=\"twitter:card\" content=\"summary_large_image\" \/>\n<meta name=\"twitter:label1\" content=\"Escrito por\" \/>\n\t<meta name=\"twitter:data1\" content=\"Juan Ignacio Prieto Nieto\" \/>\n\t<meta name=\"twitter:label2\" content=\"Tiempo de lectura\" \/>\n\t<meta name=\"twitter:data2\" content=\"2 minutos\" \/>\n<script type=\"application\/ld+json\" class=\"yoast-schema-graph\">{\"@context\":\"https:\/\/schema.org\",\"@graph\":[{\"@type\":\"WebPage\",\"@id\":\"https:\/\/www.asajacyl.com\/soria\/asaja-soria-informa\/movilizacion-en-estrasburgo-y-votacion-clave-en-el-parlamento-europeo\",\"url\":\"https:\/\/www.asajacyl.com\/soria\/asaja-soria-informa\/movilizacion-en-estrasburgo-y-votacion-clave-en-el-parlamento-europeo\",\"name\":\"Movilizaci\u00f3n en Estrasburgo y votaci\u00f3n clave en el Parlamento europeo - ASAJA Soria\",\"isPartOf\":{\"@id\":\"https:\/\/www.asajacyl.com\/soria\/#website\"},\"primaryImageOfPage\":{\"@id\":\"https:\/\/www.asajacyl.com\/soria\/asaja-soria-informa\/movilizacion-en-estrasburgo-y-votacion-clave-en-el-parlamento-europeo#primaryimage\"},\"image\":{\"@id\":\"https:\/\/www.asajacyl.com\/soria\/asaja-soria-informa\/movilizacion-en-estrasburgo-y-votacion-clave-en-el-parlamento-europeo#primaryimage\"},\"thumbnailUrl\":\"https:\/\/www.asajacyl.com\/soria\/wp-content\/uploads\/sites\/9\/2026\/01\/Imadeddgen1.jpg\",\"datePublished\":\"2026-01-19T13:59:14+00:00\",\"dateModified\":\"2026-01-19T13:59:16+00:00\",\"author\":{\"@id\":\"https:\/\/www.asajacyl.com\/soria\/#\/schema\/person\/fd3081c40255119ce8133b87e6aedfab\"},\"description\":\"ASAJA Soria, muy pendiente de las dos citas de esta semana porque pueden marcar el futuro del campo provincial Las organizaciones de agricultores de\",\"breadcrumb\":{\"@id\":\"https:\/\/www.asajacyl.com\/soria\/asaja-soria-informa\/movilizacion-en-estrasburgo-y-votacion-clave-en-el-parlamento-europeo#breadcrumb\"},\"inLanguage\":\"es\",\"potentialAction\":[{\"@type\":\"ReadAction\",\"target\":[\"https:\/\/www.asajacyl.com\/soria\/asaja-soria-informa\/movilizacion-en-estrasburgo-y-votacion-clave-en-el-parlamento-europeo\"]}]},{\"@type\":\"ImageObject\",\"inLanguage\":\"es\",\"@id\":\"https:\/\/www.asajacyl.com\/soria\/asaja-soria-informa\/movilizacion-en-estrasburgo-y-votacion-clave-en-el-parlamento-europeo#primaryimage\",\"url\":\"https:\/\/www.asajacyl.com\/soria\/wp-content\/uploads\/sites\/9\/2026\/01\/Imadeddgen1.jpg\",\"contentUrl\":\"https:\/\/www.asajacyl.com\/soria\/wp-content\/uploads\/sites\/9\/2026\/01\/Imadeddgen1.jpg\",\"width\":477,\"height\":451},{\"@type\":\"BreadcrumbList\",\"@id\":\"https:\/\/www.asajacyl.com\/soria\/asaja-soria-informa\/movilizacion-en-estrasburgo-y-votacion-clave-en-el-parlamento-europeo#breadcrumb\",\"itemListElement\":[{\"@type\":\"ListItem\",\"position\":1,\"name\":\"Portada\",\"item\":\"https:\/\/www.asajacyl.com\/soria\/\"},{\"@type\":\"ListItem\",\"position\":2,\"name\":\"Movilizaci\u00f3n en Estrasburgo y votaci\u00f3n clave en el Parlamento europeo\"}]},{\"@type\":\"WebSite\",\"@id\":\"https:\/\/www.asajacyl.com\/soria\/#website\",\"url\":\"https:\/\/www.asajacyl.com\/soria\/\",\"name\":\"ASAJA Soria\",\"description\":\"Otro sitio m\u00e1s de Provincias ASAJA Castilla y Le\u00f3n\",\"potentialAction\":[{\"@type\":\"SearchAction\",\"target\":{\"@type\":\"EntryPoint\",\"urlTemplate\":\"https:\/\/www.asajacyl.com\/soria\/?s={search_term_string}\"},\"query-input\":{\"@type\":\"PropertyValueSpecification\",\"valueRequired\":true,\"valueName\":\"search_term_string\"}}],\"inLanguage\":\"es\"},{\"@type\":\"Person\",\"@id\":\"https:\/\/www.asajacyl.com\/soria\/#\/schema\/person\/fd3081c40255119ce8133b87e6aedfab\",\"name\":\"Juan Ignacio Prieto Nieto\",\"image\":{\"@type\":\"ImageObject\",\"inLanguage\":\"es\",\"@id\":\"https:\/\/www.asajacyl.com\/soria\/#\/schema\/person\/image\/\",\"url\":\"https:\/\/secure.gravatar.com\/avatar\/8266b36e4d9001acb4700699a2468dc8?s=96&d=mm&r=g\",\"contentUrl\":\"https:\/\/secure.gravatar.com\/avatar\/8266b36e4d9001acb4700699a2468dc8?s=96&d=mm&r=g\",\"caption\":\"Juan Ignacio Prieto Nieto\"},\"url\":\"https:\/\/www.asajacyl.com\/soria\/author\/juanfranciscoby\"}]}<\/script>\n<!-- \/ Yoast SEO plugin. -->","yoast_head_json":{"title":"Movilizaci\u00f3n en Estrasburgo y votaci\u00f3n clave en el Parlamento europeo - ASAJA Soria","description":"ASAJA Soria, muy pendiente de las dos citas de esta semana porque pueden marcar el futuro del campo provincial Las organizaciones de agricultores de","robots":{"index":"index","follow":"follow","max-snippet":"max-snippet:-1","max-image-preview":"max-image-preview:large","max-video-preview":"max-video-preview:-1"},"canonical":"https:\/\/www.asajacyl.com\/soria\/asaja-soria-informa\/movilizacion-en-estrasburgo-y-votacion-clave-en-el-parlamento-europeo","og_locale":"es_ES","og_type":"article","og_title":"Movilizaci\u00f3n en Estrasburgo y votaci\u00f3n clave en el Parlamento europeo - ASAJA Soria","og_description":"ASAJA Soria, muy pendiente de las dos citas de esta semana porque pueden marcar el futuro del campo provincial Las organizaciones de agricultores de","og_url":"https:\/\/www.asajacyl.com\/soria\/asaja-soria-informa\/movilizacion-en-estrasburgo-y-votacion-clave-en-el-parlamento-europeo","og_site_name":"ASAJA Soria","article_published_time":"2026-01-19T13:59:14+00:00","article_modified_time":"2026-01-19T13:59:16+00:00","og_image":[{"width":477,"height":451,"url":"https:\/\/www.asajacyl.com\/soria\/wp-content\/uploads\/sites\/9\/2026\/01\/Imadeddgen1.jpg","type":"image\/jpeg"}],"author":"Juan Ignacio Prieto Nieto","twitter_card":"summary_large_image","twitter_misc":{"Escrito por":"Juan Ignacio Prieto Nieto","Tiempo de lectura":"2 minutos"},"schema":{"@context":"https:\/\/schema.org","@graph":[{"@type":"WebPage","@id":"https:\/\/www.asajacyl.com\/soria\/asaja-soria-informa\/movilizacion-en-estrasburgo-y-votacion-clave-en-el-parlamento-europeo","url":"https:\/\/www.asajacyl.com\/soria\/asaja-soria-informa\/movilizacion-en-estrasburgo-y-votacion-clave-en-el-parlamento-europeo","name":"Movilizaci\u00f3n en Estrasburgo y votaci\u00f3n clave en el Parlamento europeo - ASAJA Soria","isPartOf":{"@id":"https:\/\/www.asajacyl.com\/soria\/#website"},"primaryImageOfPage":{"@id":"https:\/\/www.asajacyl.com\/soria\/asaja-soria-informa\/movilizacion-en-estrasburgo-y-votacion-clave-en-el-parlamento-europeo#primaryimage"},"image":{"@id":"https:\/\/www.asajacyl.com\/soria\/asaja-soria-informa\/movilizacion-en-estrasburgo-y-votacion-clave-en-el-parlamento-europeo#primaryimage"},"thumbnailUrl":"https:\/\/www.asajacyl.com\/soria\/wp-content\/uploads\/sites\/9\/2026\/01\/Imadeddgen1.jpg","datePublished":"2026-01-19T13:59:14+00:00","dateModified":"2026-01-19T13:59:16+00:00","author":{"@id":"https:\/\/www.asajacyl.com\/soria\/#\/schema\/person\/fd3081c40255119ce8133b87e6aedfab"},"description":"ASAJA Soria, muy pendiente de las dos citas de esta semana porque pueden marcar el futuro del campo provincial Las organizaciones de agricultores de","breadcrumb":{"@id":"https:\/\/www.asajacyl.com\/soria\/asaja-soria-informa\/movilizacion-en-estrasburgo-y-votacion-clave-en-el-parlamento-europeo#breadcrumb"},"inLanguage":"es","potentialAction":[{"@type":"ReadAction","target":["https:\/\/www.asajacyl.com\/soria\/asaja-soria-informa\/movilizacion-en-estrasburgo-y-votacion-clave-en-el-parlamento-europeo"]}]},{"@type":"ImageObject","inLanguage":"es","@id":"https:\/\/www.asajacyl.com\/soria\/asaja-soria-informa\/movilizacion-en-estrasburgo-y-votacion-clave-en-el-parlamento-europeo#primaryimage","url":"https:\/\/www.asajacyl.com\/soria\/wp-content\/uploads\/sites\/9\/2026\/01\/Imadeddgen1.jpg","contentUrl":"https:\/\/www.asajacyl.com\/soria\/wp-content\/uploads\/sites\/9\/2026\/01\/Imadeddgen1.jpg","width":477,"height":451},{"@type":"BreadcrumbList","@id":"https:\/\/www.asajacyl.com\/soria\/asaja-soria-informa\/movilizacion-en-estrasburgo-y-votacion-clave-en-el-parlamento-europeo#breadcrumb","itemListElement":[{"@type":"ListItem","position":1,"name":"Portada","item":"https:\/\/www.asajacyl.com\/soria\/"},{"@type":"ListItem","position":2,"name":"Movilizaci\u00f3n en Estrasburgo y votaci\u00f3n clave en el Parlamento europeo"}]},{"@type":"WebSite","@id":"https:\/\/www.asajacyl.com\/soria\/#website","url":"https:\/\/www.asajacyl.com\/soria\/","name":"ASAJA Soria","description":"Otro sitio m\u00e1s de Provincias ASAJA Castilla y Le\u00f3n","potentialAction":[{"@type":"SearchAction","target":{"@type":"EntryPoint","urlTemplate":"https:\/\/www.asajacyl.com\/soria\/?s={search_term_string}"},"query-input":{"@type":"PropertyValueSpecification","valueRequired":true,"valueName":"search_term_string"}}],"inLanguage":"es"},{"@type":"Person","@id":"https:\/\/www.asajacyl.com\/soria\/#\/schema\/person\/fd3081c40255119ce8133b87e6aedfab","name":"Juan Ignacio Prieto Nieto","image":{"@type":"ImageObject","inLanguage":"es","@id":"https:\/\/www.asajacyl.com\/soria\/#\/schema\/person\/image\/","url":"https:\/\/secure.gravatar.com\/avatar\/8266b36e4d9001acb4700699a2468dc8?s=96&d=mm&r=g","contentUrl":"https:\/\/secure.gravatar.com\/avatar\/8266b36e4d9001acb4700699a2468dc8?s=96&d=mm&r=g","caption":"Juan Ignacio Prieto Nieto"},"url":"https:\/\/www.asajacyl.com\/soria\/author\/juanfranciscoby"}]}},"_links":{"self":[{"href":"https:\/\/www.asajacyl.com\/soria\/wp-json\/wp\/v2\/posts\/9569"}],"collection":[{"href":"https:\/\/www.asajacyl.com\/soria\/wp-json\/wp\/v2\/posts"}],"about":[{"href":"https:\/\/www.asajacyl.com\/soria\/wp-json\/wp\/v2\/types\/post"}],"author":[{"embeddable":true,"href":"https:\/\/www.asajacyl.com\/soria\/wp-json\/wp\/v2\/users\/12"}],"replies":[{"embeddable":true,"href":"https:\/\/www.asajacyl.com\/soria\/wp-json\/wp\/v2\/comments?post=9569"}],"version-history":[{"count":1,"href":"https:\/\/www.asajacyl.com\/soria\/wp-json\/wp\/v2\/posts\/9569\/revisions"}],"predecessor-version":[{"id":9571,"href":"https:\/\/www.asajacyl.com\/soria\/wp-json\/wp\/v2\/posts\/9569\/revisions\/9571"}],"wp:featuredmedia":[{"embeddable":true,"href":"https:\/\/www.asajacyl.com\/soria\/wp-json\/wp\/v2\/media\/9570"}],"wp:attachment":[{"href":"https:\/\/www.asajacyl.com\/soria\/wp-json\/wp\/v2\/media?parent=9569"}],"wp:term":[{"taxonomy":"category","embeddable":true,"href":"https:\/\/www.asajacyl.com\/soria\/wp-json\/wp\/v2\/categories?post=9569"},{"taxonomy":"post_tag","embeddable":true,"href":"https:\/\/www.asajacyl.com\/soria\/wp-json\/wp\/v2\/tags?post=9569"}],"curies":[{"name":"wp","href":"https:\/\/api.w.org\/{rel}","templated":true}]}}