{"id":9573,"date":"2026-01-20T15:02:33","date_gmt":"2026-01-20T14:02:33","guid":{"rendered":"https:\/\/www.asajacyl.com\/soria\/?p=9573"},"modified":"2026-01-20T15:05:05","modified_gmt":"2026-01-20T14:05:05","slug":"asaja-pide-a-los-europarlamentarios-que-apoyen-la-investigacion-judicial-del-acuerdo-ue-mercosur","status":"publish","type":"post","link":"https:\/\/www.asajacyl.com\/soria\/asaja-soria-informa\/asaja-pide-a-los-europarlamentarios-que-apoyen-la-investigacion-judicial-del-acuerdo-ue-mercosur","title":{"rendered":"ASAJA pide a los europarlamentarios que apoyen la investigaci\u00f3n judicial del acuerdo UE-Mercosur"},"content":{"rendered":"\n\n\n<h2>Pedro Barato recuerda en Estrasburgo, ante m\u00e1s de 10.000 agricultores y ganaderos, la responsabilidad del Parlamento Europeo en la votaci\u00f3n de ma\u00f1ana<\/h2>\n<p><br \/>M\u00e1s de 10.000 agricultores y ganaderos de toda Europa se han concentrado hoy en Estrasburgo, frente al Parlamento Europeo, en una gran movilizaci\u00f3n convocada por la FNSEA y respaldada por Copa-Cogeca, en la que han participado m\u00e1s de 2.000 tractores.<\/p>\n<p>La movilizaci\u00f3n, celebrada en v\u00edsperas de la votaci\u00f3n prevista ma\u00f1ana en el Parlamento Europeo, ha tenido como objetivo reclamar a los europarlamentarios que voten a favor de la resoluci\u00f3n que permitir\u00eda solicitar al Tribunal de Justicia de la Uni\u00f3n Europea una revisi\u00f3n de la legalidad del acuerdo UE-Mercosur antes de cualquier ratificaci\u00f3n.<\/p>\n<p>Entre los manifestantes se encontraban medio centenar de agricultores y ganaderos de ASAJA, procedentes de distintos puntos de Espa\u00f1a, que se han desplazado hasta Estrasburgo para trasladar un mensaje com\u00fan: el campo europeo pide rigor jur\u00eddico, reciprocidad y garant\u00edas reales.<\/p>\n<p>\u2e3b<\/p>\n<p>Pedro Barato: \u201cLos europarlamentarios tienen una responsabilidad con el campo europeo\u201d<\/p>\n<p>Durante la movilizaci\u00f3n, el presidente de ASAJA, Pedro Barato, ha tomado la palabra ante miles de agricultores y ganaderos para recordar la trascendencia de la votaci\u00f3n de ma\u00f1ana.<\/p>\n<p>\u201cDesde ASAJA hemos dicho no al acuerdo con Mercosur tal y como est\u00e1 planteado. El mercado tiene que ser limpio, transparente y con reciprocidad. Si no se entiende eso, no se est\u00e1 defendiendo ni al campo espa\u00f1ol ni al campo europeo\u201d, ha se\u00f1alado Barato.<\/p>\n<p>El presidente de ASAJA ha insistido en que la exigencia del sector no es ideol\u00f3gica, sino jur\u00eddica y t\u00e9cnica:<br \/>\u201cLo que estamos pidiendo a los europarlamentarios es que permitan que el Tribunal de Justicia de la Uni\u00f3n Europea analice el acuerdo. Hacer las cosas deprisa y sin garant\u00edas solo genera m\u00e1s problemas\u201d.<\/p>\n<p>\u2e3b<\/p>\n<p>Reciprocidad, trazabilidad y salvaguardias<\/p>\n<p>ASAJA ha denunciado que el acuerdo UE-Mercosur, en su redacci\u00f3n actual, no garantiza una reciprocidad real en normas sanitarias, medioambientales ni de bienestar animal, y carece de mecanismos eficaces de control y salvaguardia.<\/p>\n<p>\u201c\u00bfD\u00f3nde est\u00e1n las cl\u00e1usulas espejo que se prometieron? \u00bfD\u00f3nde est\u00e1 la lista de productos prohibidos aqu\u00ed y permitidos all\u00ed? La experiencia nos demuestra que las salvaguardias llegan tarde, cuando el da\u00f1o ya est\u00e1 hecho\u201d, ha advertido Barato durante su intervenci\u00f3n.<\/p>\n<p>\u2e3b<\/p>\n<p>El campo no quiere ser moneda de cambio<\/p>\n<p>El presidente de ASAJA ha alertado tambi\u00e9n de que el sector agrario no puede seguir asumiendo el coste de decisiones comerciales y geopol\u00edticas ajenas a su realidad.<br \/>\u201cLa guerra de Ucrania la est\u00e1 pagando el campo. Los acuerdos con Marruecos los est\u00e1 pagando el campo. Y ahora se pretende que Mercosur lo vuelva a pagar el campo\u201d, ha afirmado.<\/p>\n<p>En este contexto, ASAJA considera que la votaci\u00f3n de ma\u00f1ana es clave para garantizar la seguridad jur\u00eddica, la seguridad alimentaria y la defensa del modelo agrario europeo, basado en calidad, trazabilidad y sostenibilidad.<\/p>\n<p>\u2e3b<\/p>\n<p>Una movilizaci\u00f3n con continuidad<\/p>\n<p>La concentraci\u00f3n de hoy en Estrasburgo se suma a las movilizaciones que el sector agrario europeo y espa\u00f1ol viene protagonizando en los \u00faltimos meses, tanto en Bruselas como en distintos territorios de Espa\u00f1a.<\/p>\n<p>\u201cEl campo europeo no se opone al comercio, pero s\u00ed a ser utilizado. Ma\u00f1ana los europarlamentarios tienen la oportunidad de demostrar que miran al campo para defenderlo\u201d, ha concluido Pedro Barato.<\/p>\n<p><img loading=\"lazy\" decoding=\"async\" class=\"aligncenter size-full wp-image-9574\" src=\"https:\/\/www.asajacyl.com\/soria\/wp-content\/uploads\/sites\/9\/2026\/01\/rrtyrrra48a-4939-a30d-77922e7e04d2.jpg\" alt=\"\" width=\"1600\" height=\"1200\" srcset=\"https:\/\/www.asajacyl.com\/soria\/wp-content\/uploads\/sites\/9\/2026\/01\/rrtyrrra48a-4939-a30d-77922e7e04d2.jpg 1600w, https:\/\/www.asajacyl.com\/soria\/wp-content\/uploads\/sites\/9\/2026\/01\/rrtyrrra48a-4939-a30d-77922e7e04d2-300x225.jpg 300w, https:\/\/www.asajacyl.com\/soria\/wp-content\/uploads\/sites\/9\/2026\/01\/rrtyrrra48a-4939-a30d-77922e7e04d2-1024x768.jpg 1024w, https:\/\/www.asajacyl.com\/soria\/wp-content\/uploads\/sites\/9\/2026\/01\/rrtyrrra48a-4939-a30d-77922e7e04d2-768x576.jpg 768w, https:\/\/www.asajacyl.com\/soria\/wp-content\/uploads\/sites\/9\/2026\/01\/rrtyrrra48a-4939-a30d-77922e7e04d2-1536x1152.jpg 1536w, https:\/\/www.asajacyl.com\/soria\/wp-content\/uploads\/sites\/9\/2026\/01\/rrtyrrra48a-4939-a30d-77922e7e04d2-560x420.jpg 560w, https:\/\/www.asajacyl.com\/soria\/wp-content\/uploads\/sites\/9\/2026\/01\/rrtyrrra48a-4939-a30d-77922e7e04d2-80x60.jpg 80w, https:\/\/www.asajacyl.com\/soria\/wp-content\/uploads\/sites\/9\/2026\/01\/rrtyrrra48a-4939-a30d-77922e7e04d2-696x522.jpg 696w, https:\/\/www.asajacyl.com\/soria\/wp-content\/uploads\/sites\/9\/2026\/01\/rrtyrrra48a-4939-a30d-77922e7e04d2-1068x801.jpg 1068w\" sizes=\"(max-width: 1600px) 100vw, 1600px\" \/><\/p>\n","protected":false},"excerpt":{"rendered":"<p>Pedro Barato recuerda en Estrasburgo, ante m\u00e1s de 10.000 agricultores y ganaderos, la responsabilidad del Parlamento Europeo en la votaci\u00f3n de ma\u00f1ana M\u00e1s de 10.000 agricultores y ganaderos de toda Europa se han concentrado hoy en Estrasburgo, frente al Parlamento Europeo, en una gran movilizaci\u00f3n convocada por la FNSEA y respaldada por Copa-Cogeca, en la [&hellip;]<\/p>\n","protected":false},"author":12,"featured_media":9574,"comment_status":"open","ping_status":"open","sticky":false,"template":"","format":"standard","meta":{"footnotes":""},"categories":[10,25],"tags":[],"yoast_head":"<!-- This site is optimized with the Yoast SEO plugin v24.5 - https:\/\/yoast.com\/wordpress\/plugins\/seo\/ -->\n<title>ASAJA pide a los europarlamentarios que apoyen la investigaci\u00f3n judicial del acuerdo UE-Mercosur - ASAJA Soria<\/title>\n<meta name=\"description\" content=\"Pedro Barato recuerda en Estrasburgo, ante m\u00e1s de 10.000 agricultores y ganaderos, la responsabilidad del Parlamento Europeo en la votaci\u00f3n de ma\u00f1ana M\u00e1s\" \/>\n<meta name=\"robots\" content=\"index, follow, max-snippet:-1, max-image-preview:large, max-video-preview:-1\" \/>\n<link rel=\"canonical\" href=\"https:\/\/www.asajacyl.com\/soria\/asaja-soria-informa\/asaja-pide-a-los-europarlamentarios-que-apoyen-la-investigacion-judicial-del-acuerdo-ue-mercosur\" \/>\n<meta property=\"og:locale\" content=\"es_ES\" \/>\n<meta property=\"og:type\" content=\"article\" \/>\n<meta property=\"og:title\" content=\"ASAJA pide a los europarlamentarios que apoyen la investigaci\u00f3n judicial del acuerdo UE-Mercosur - ASAJA Soria\" \/>\n<meta property=\"og:description\" content=\"Pedro Barato recuerda en Estrasburgo, ante m\u00e1s de 10.000 agricultores y ganaderos, la responsabilidad del Parlamento Europeo en la votaci\u00f3n de ma\u00f1ana M\u00e1s\" \/>\n<meta property=\"og:url\" content=\"https:\/\/www.asajacyl.com\/soria\/asaja-soria-informa\/asaja-pide-a-los-europarlamentarios-que-apoyen-la-investigacion-judicial-del-acuerdo-ue-mercosur\" \/>\n<meta property=\"og:site_name\" content=\"ASAJA Soria\" \/>\n<meta property=\"article:published_time\" content=\"2026-01-20T14:02:33+00:00\" \/>\n<meta property=\"article:modified_time\" content=\"2026-01-20T14:05:05+00:00\" \/>\n<meta property=\"og:image\" content=\"https:\/\/www.asajacyl.com\/soria\/wp-content\/uploads\/sites\/9\/2026\/01\/rrtyrrra48a-4939-a30d-77922e7e04d2.jpg\" \/>\n\t<meta property=\"og:image:width\" content=\"1600\" \/>\n\t<meta property=\"og:image:height\" content=\"1200\" \/>\n\t<meta property=\"og:image:type\" content=\"image\/jpeg\" \/>\n<meta name=\"author\" content=\"Juan Ignacio Prieto Nieto\" \/>\n<meta name=\"twitter:card\" content=\"summary_large_image\" \/>\n<meta name=\"twitter:label1\" content=\"Escrito por\" \/>\n\t<meta name=\"twitter:data1\" content=\"Juan Ignacio Prieto Nieto\" \/>\n\t<meta name=\"twitter:label2\" content=\"Tiempo de lectura\" \/>\n\t<meta name=\"twitter:data2\" content=\"3 minutos\" \/>\n<script type=\"application\/ld+json\" class=\"yoast-schema-graph\">{\"@context\":\"https:\/\/schema.org\",\"@graph\":[{\"@type\":\"WebPage\",\"@id\":\"https:\/\/www.asajacyl.com\/soria\/asaja-soria-informa\/asaja-pide-a-los-europarlamentarios-que-apoyen-la-investigacion-judicial-del-acuerdo-ue-mercosur\",\"url\":\"https:\/\/www.asajacyl.com\/soria\/asaja-soria-informa\/asaja-pide-a-los-europarlamentarios-que-apoyen-la-investigacion-judicial-del-acuerdo-ue-mercosur\",\"name\":\"ASAJA pide a los europarlamentarios que apoyen la investigaci\u00f3n judicial del acuerdo UE-Mercosur - ASAJA Soria\",\"isPartOf\":{\"@id\":\"https:\/\/www.asajacyl.com\/soria\/#website\"},\"primaryImageOfPage\":{\"@id\":\"https:\/\/www.asajacyl.com\/soria\/asaja-soria-informa\/asaja-pide-a-los-europarlamentarios-que-apoyen-la-investigacion-judicial-del-acuerdo-ue-mercosur#primaryimage\"},\"image\":{\"@id\":\"https:\/\/www.asajacyl.com\/soria\/asaja-soria-informa\/asaja-pide-a-los-europarlamentarios-que-apoyen-la-investigacion-judicial-del-acuerdo-ue-mercosur#primaryimage\"},\"thumbnailUrl\":\"https:\/\/www.asajacyl.com\/soria\/wp-content\/uploads\/sites\/9\/2026\/01\/rrtyrrra48a-4939-a30d-77922e7e04d2.jpg\",\"datePublished\":\"2026-01-20T14:02:33+00:00\",\"dateModified\":\"2026-01-20T14:05:05+00:00\",\"author\":{\"@id\":\"https:\/\/www.asajacyl.com\/soria\/#\/schema\/person\/fd3081c40255119ce8133b87e6aedfab\"},\"description\":\"Pedro Barato recuerda en Estrasburgo, ante m\u00e1s de 10.000 agricultores y ganaderos, la responsabilidad del Parlamento Europeo en la votaci\u00f3n de ma\u00f1ana M\u00e1s\",\"breadcrumb\":{\"@id\":\"https:\/\/www.asajacyl.com\/soria\/asaja-soria-informa\/asaja-pide-a-los-europarlamentarios-que-apoyen-la-investigacion-judicial-del-acuerdo-ue-mercosur#breadcrumb\"},\"inLanguage\":\"es\",\"potentialAction\":[{\"@type\":\"ReadAction\",\"target\":[\"https:\/\/www.asajacyl.com\/soria\/asaja-soria-informa\/asaja-pide-a-los-europarlamentarios-que-apoyen-la-investigacion-judicial-del-acuerdo-ue-mercosur\"]}]},{\"@type\":\"ImageObject\",\"inLanguage\":\"es\",\"@id\":\"https:\/\/www.asajacyl.com\/soria\/asaja-soria-informa\/asaja-pide-a-los-europarlamentarios-que-apoyen-la-investigacion-judicial-del-acuerdo-ue-mercosur#primaryimage\",\"url\":\"https:\/\/www.asajacyl.com\/soria\/wp-content\/uploads\/sites\/9\/2026\/01\/rrtyrrra48a-4939-a30d-77922e7e04d2.jpg\",\"contentUrl\":\"https:\/\/www.asajacyl.com\/soria\/wp-content\/uploads\/sites\/9\/2026\/01\/rrtyrrra48a-4939-a30d-77922e7e04d2.jpg\",\"width\":1600,\"height\":1200},{\"@type\":\"BreadcrumbList\",\"@id\":\"https:\/\/www.asajacyl.com\/soria\/asaja-soria-informa\/asaja-pide-a-los-europarlamentarios-que-apoyen-la-investigacion-judicial-del-acuerdo-ue-mercosur#breadcrumb\",\"itemListElement\":[{\"@type\":\"ListItem\",\"position\":1,\"name\":\"Portada\",\"item\":\"https:\/\/www.asajacyl.com\/soria\/\"},{\"@type\":\"ListItem\",\"position\":2,\"name\":\"ASAJA pide a los europarlamentarios que apoyen la investigaci\u00f3n judicial del acuerdo UE-Mercosur\"}]},{\"@type\":\"WebSite\",\"@id\":\"https:\/\/www.asajacyl.com\/soria\/#website\",\"url\":\"https:\/\/www.asajacyl.com\/soria\/\",\"name\":\"ASAJA Soria\",\"description\":\"Otro sitio m\u00e1s de Provincias ASAJA Castilla y Le\u00f3n\",\"potentialAction\":[{\"@type\":\"SearchAction\",\"target\":{\"@type\":\"EntryPoint\",\"urlTemplate\":\"https:\/\/www.asajacyl.com\/soria\/?s={search_term_string}\"},\"query-input\":{\"@type\":\"PropertyValueSpecification\",\"valueRequired\":true,\"valueName\":\"search_term_string\"}}],\"inLanguage\":\"es\"},{\"@type\":\"Person\",\"@id\":\"https:\/\/www.asajacyl.com\/soria\/#\/schema\/person\/fd3081c40255119ce8133b87e6aedfab\",\"name\":\"Juan Ignacio Prieto Nieto\",\"image\":{\"@type\":\"ImageObject\",\"inLanguage\":\"es\",\"@id\":\"https:\/\/www.asajacyl.com\/soria\/#\/schema\/person\/image\/\",\"url\":\"https:\/\/secure.gravatar.com\/avatar\/8266b36e4d9001acb4700699a2468dc8?s=96&d=mm&r=g\",\"contentUrl\":\"https:\/\/secure.gravatar.com\/avatar\/8266b36e4d9001acb4700699a2468dc8?s=96&d=mm&r=g\",\"caption\":\"Juan Ignacio Prieto Nieto\"},\"url\":\"https:\/\/www.asajacyl.com\/soria\/author\/juanfranciscoby\"}]}<\/script>\n<!-- \/ Yoast SEO plugin. -->","yoast_head_json":{"title":"ASAJA pide a los europarlamentarios que apoyen la investigaci\u00f3n judicial del acuerdo UE-Mercosur - ASAJA Soria","description":"Pedro Barato recuerda en Estrasburgo, ante m\u00e1s de 10.000 agricultores y ganaderos, la responsabilidad del Parlamento Europeo en la votaci\u00f3n de ma\u00f1ana M\u00e1s","robots":{"index":"index","follow":"follow","max-snippet":"max-snippet:-1","max-image-preview":"max-image-preview:large","max-video-preview":"max-video-preview:-1"},"canonical":"https:\/\/www.asajacyl.com\/soria\/asaja-soria-informa\/asaja-pide-a-los-europarlamentarios-que-apoyen-la-investigacion-judicial-del-acuerdo-ue-mercosur","og_locale":"es_ES","og_type":"article","og_title":"ASAJA pide a los europarlamentarios que apoyen la investigaci\u00f3n judicial del acuerdo UE-Mercosur - ASAJA Soria","og_description":"Pedro Barato recuerda en Estrasburgo, ante m\u00e1s de 10.000 agricultores y ganaderos, la responsabilidad del Parlamento Europeo en la votaci\u00f3n de ma\u00f1ana M\u00e1s","og_url":"https:\/\/www.asajacyl.com\/soria\/asaja-soria-informa\/asaja-pide-a-los-europarlamentarios-que-apoyen-la-investigacion-judicial-del-acuerdo-ue-mercosur","og_site_name":"ASAJA Soria","article_published_time":"2026-01-20T14:02:33+00:00","article_modified_time":"2026-01-20T14:05:05+00:00","og_image":[{"width":1600,"height":1200,"url":"https:\/\/www.asajacyl.com\/soria\/wp-content\/uploads\/sites\/9\/2026\/01\/rrtyrrra48a-4939-a30d-77922e7e04d2.jpg","type":"image\/jpeg"}],"author":"Juan Ignacio Prieto Nieto","twitter_card":"summary_large_image","twitter_misc":{"Escrito por":"Juan Ignacio Prieto Nieto","Tiempo de lectura":"3 minutos"},"schema":{"@context":"https:\/\/schema.org","@graph":[{"@type":"WebPage","@id":"https:\/\/www.asajacyl.com\/soria\/asaja-soria-informa\/asaja-pide-a-los-europarlamentarios-que-apoyen-la-investigacion-judicial-del-acuerdo-ue-mercosur","url":"https:\/\/www.asajacyl.com\/soria\/asaja-soria-informa\/asaja-pide-a-los-europarlamentarios-que-apoyen-la-investigacion-judicial-del-acuerdo-ue-mercosur","name":"ASAJA pide a los europarlamentarios que apoyen la investigaci\u00f3n judicial del acuerdo UE-Mercosur - ASAJA Soria","isPartOf":{"@id":"https:\/\/www.asajacyl.com\/soria\/#website"},"primaryImageOfPage":{"@id":"https:\/\/www.asajacyl.com\/soria\/asaja-soria-informa\/asaja-pide-a-los-europarlamentarios-que-apoyen-la-investigacion-judicial-del-acuerdo-ue-mercosur#primaryimage"},"image":{"@id":"https:\/\/www.asajacyl.com\/soria\/asaja-soria-informa\/asaja-pide-a-los-europarlamentarios-que-apoyen-la-investigacion-judicial-del-acuerdo-ue-mercosur#primaryimage"},"thumbnailUrl":"https:\/\/www.asajacyl.com\/soria\/wp-content\/uploads\/sites\/9\/2026\/01\/rrtyrrra48a-4939-a30d-77922e7e04d2.jpg","datePublished":"2026-01-20T14:02:33+00:00","dateModified":"2026-01-20T14:05:05+00:00","author":{"@id":"https:\/\/www.asajacyl.com\/soria\/#\/schema\/person\/fd3081c40255119ce8133b87e6aedfab"},"description":"Pedro Barato recuerda en Estrasburgo, ante m\u00e1s de 10.000 agricultores y ganaderos, la responsabilidad del Parlamento Europeo en la votaci\u00f3n de ma\u00f1ana M\u00e1s","breadcrumb":{"@id":"https:\/\/www.asajacyl.com\/soria\/asaja-soria-informa\/asaja-pide-a-los-europarlamentarios-que-apoyen-la-investigacion-judicial-del-acuerdo-ue-mercosur#breadcrumb"},"inLanguage":"es","potentialAction":[{"@type":"ReadAction","target":["https:\/\/www.asajacyl.com\/soria\/asaja-soria-informa\/asaja-pide-a-los-europarlamentarios-que-apoyen-la-investigacion-judicial-del-acuerdo-ue-mercosur"]}]},{"@type":"ImageObject","inLanguage":"es","@id":"https:\/\/www.asajacyl.com\/soria\/asaja-soria-informa\/asaja-pide-a-los-europarlamentarios-que-apoyen-la-investigacion-judicial-del-acuerdo-ue-mercosur#primaryimage","url":"https:\/\/www.asajacyl.com\/soria\/wp-content\/uploads\/sites\/9\/2026\/01\/rrtyrrra48a-4939-a30d-77922e7e04d2.jpg","contentUrl":"https:\/\/www.asajacyl.com\/soria\/wp-content\/uploads\/sites\/9\/2026\/01\/rrtyrrra48a-4939-a30d-77922e7e04d2.jpg","width":1600,"height":1200},{"@type":"BreadcrumbList","@id":"https:\/\/www.asajacyl.com\/soria\/asaja-soria-informa\/asaja-pide-a-los-europarlamentarios-que-apoyen-la-investigacion-judicial-del-acuerdo-ue-mercosur#breadcrumb","itemListElement":[{"@type":"ListItem","position":1,"name":"Portada","item":"https:\/\/www.asajacyl.com\/soria\/"},{"@type":"ListItem","position":2,"name":"ASAJA pide a los europarlamentarios que apoyen la investigaci\u00f3n judicial del acuerdo UE-Mercosur"}]},{"@type":"WebSite","@id":"https:\/\/www.asajacyl.com\/soria\/#website","url":"https:\/\/www.asajacyl.com\/soria\/","name":"ASAJA Soria","description":"Otro sitio m\u00e1s de Provincias ASAJA Castilla y Le\u00f3n","potentialAction":[{"@type":"SearchAction","target":{"@type":"EntryPoint","urlTemplate":"https:\/\/www.asajacyl.com\/soria\/?s={search_term_string}"},"query-input":{"@type":"PropertyValueSpecification","valueRequired":true,"valueName":"search_term_string"}}],"inLanguage":"es"},{"@type":"Person","@id":"https:\/\/www.asajacyl.com\/soria\/#\/schema\/person\/fd3081c40255119ce8133b87e6aedfab","name":"Juan Ignacio Prieto Nieto","image":{"@type":"ImageObject","inLanguage":"es","@id":"https:\/\/www.asajacyl.com\/soria\/#\/schema\/person\/image\/","url":"https:\/\/secure.gravatar.com\/avatar\/8266b36e4d9001acb4700699a2468dc8?s=96&d=mm&r=g","contentUrl":"https:\/\/secure.gravatar.com\/avatar\/8266b36e4d9001acb4700699a2468dc8?s=96&d=mm&r=g","caption":"Juan Ignacio Prieto Nieto"},"url":"https:\/\/www.asajacyl.com\/soria\/author\/juanfranciscoby"}]}},"_links":{"self":[{"href":"https:\/\/www.asajacyl.com\/soria\/wp-json\/wp\/v2\/posts\/9573"}],"collection":[{"href":"https:\/\/www.asajacyl.com\/soria\/wp-json\/wp\/v2\/posts"}],"about":[{"href":"https:\/\/www.asajacyl.com\/soria\/wp-json\/wp\/v2\/types\/post"}],"author":[{"embeddable":true,"href":"https:\/\/www.asajacyl.com\/soria\/wp-json\/wp\/v2\/users\/12"}],"replies":[{"embeddable":true,"href":"https:\/\/www.asajacyl.com\/soria\/wp-json\/wp\/v2\/comments?post=9573"}],"version-history":[{"count":1,"href":"https:\/\/www.asajacyl.com\/soria\/wp-json\/wp\/v2\/posts\/9573\/revisions"}],"predecessor-version":[{"id":9575,"href":"https:\/\/www.asajacyl.com\/soria\/wp-json\/wp\/v2\/posts\/9573\/revisions\/9575"}],"wp:featuredmedia":[{"embeddable":true,"href":"https:\/\/www.asajacyl.com\/soria\/wp-json\/wp\/v2\/media\/9574"}],"wp:attachment":[{"href":"https:\/\/www.asajacyl.com\/soria\/wp-json\/wp\/v2\/media?parent=9573"}],"wp:term":[{"taxonomy":"category","embeddable":true,"href":"https:\/\/www.asajacyl.com\/soria\/wp-json\/wp\/v2\/categories?post=9573"},{"taxonomy":"post_tag","embeddable":true,"href":"https:\/\/www.asajacyl.com\/soria\/wp-json\/wp\/v2\/tags?post=9573"}],"curies":[{"name":"wp","href":"https:\/\/api.w.org\/{rel}","templated":true}]}}