{"id":9582,"date":"2026-01-21T15:01:51","date_gmt":"2026-01-21T14:01:51","guid":{"rendered":"https:\/\/www.asajacyl.com\/soria\/?p=9582"},"modified":"2026-01-21T15:01:52","modified_gmt":"2026-01-21T14:01:52","slug":"manifestacion-blanca-del-sector-primario-en-soria-el-29-de-enero","status":"publish","type":"post","link":"https:\/\/www.asajacyl.com\/soria\/asaja-soria-informa\/manifestacion-blanca-del-sector-primario-en-soria-el-29-de-enero","title":{"rendered":"\u00abManifestaci\u00f3n blanca\u00bb del sector primario, en Soria, el 29 de enero"},"content":{"rendered":"\n\n\n<p>Las organizaciones convocantes de la manifestaci\u00f3n que se celebrar\u00e1 en Soria capital el pr\u00f3ximo d\u00eda 29 de enero, con el fin de que todos los agricultores, ganaderos y simpatizantes, independientemente de su adscripci\u00f3n, puedan asistir con plena libertad, han decidido que el formato sea una <strong><em><u>MANIFESTACI\u00d3N BLANCA<\/u><\/em><\/strong>, renunciando a cualquier protagonismo en esa cita, en la que estar\u00e1 prohibida la exhibici\u00f3n de logotipos o menciones a cualquier asociaci\u00f3n u organizaci\u00f3n agraria.<\/p>\n<p><img loading=\"lazy\" decoding=\"async\" class=\"aligncenter size-full wp-image-9583\" src=\"https:\/\/www.asajacyl.com\/soria\/wp-content\/uploads\/sites\/9\/2026\/01\/Imanifa-blanmagen1.jpg\" alt=\"\" width=\"501\" height=\"626\" srcset=\"https:\/\/www.asajacyl.com\/soria\/wp-content\/uploads\/sites\/9\/2026\/01\/Imanifa-blanmagen1.jpg 501w, https:\/\/www.asajacyl.com\/soria\/wp-content\/uploads\/sites\/9\/2026\/01\/Imanifa-blanmagen1-240x300.jpg 240w, https:\/\/www.asajacyl.com\/soria\/wp-content\/uploads\/sites\/9\/2026\/01\/Imanifa-blanmagen1-336x420.jpg 336w\" sizes=\"(max-width: 501px) 100vw, 501px\" \/><\/p>\n","protected":false},"excerpt":{"rendered":"<p>Las organizaciones convocantes de la manifestaci\u00f3n que se celebrar\u00e1 en Soria capital el pr\u00f3ximo d\u00eda 29 de enero, con el fin de que todos los agricultores, ganaderos y simpatizantes, independientemente de su adscripci\u00f3n, puedan asistir con plena libertad, han decidido que el formato sea una MANIFESTACI\u00d3N BLANCA, renunciando a cualquier protagonismo en esa cita, en [&hellip;]<\/p>\n","protected":false},"author":12,"featured_media":9583,"comment_status":"open","ping_status":"open","sticky":false,"template":"","format":"standard","meta":{"footnotes":""},"categories":[10,25],"tags":[],"yoast_head":"<!-- This site is optimized with the Yoast SEO plugin v24.5 - https:\/\/yoast.com\/wordpress\/plugins\/seo\/ -->\n<title>&quot;Manifestaci\u00f3n blanca&quot; del sector primario, en Soria, el 29 de enero - ASAJA Soria<\/title>\n<meta name=\"description\" content=\"Las organizaciones convocantes de la manifestaci\u00f3n que se celebrar\u00e1 en Soria capital el pr\u00f3ximo d\u00eda 29 de enero, con el fin de que todos los agricultores,\" \/>\n<meta name=\"robots\" content=\"index, follow, max-snippet:-1, max-image-preview:large, max-video-preview:-1\" \/>\n<link rel=\"canonical\" href=\"https:\/\/www.asajacyl.com\/soria\/asaja-soria-informa\/manifestacion-blanca-del-sector-primario-en-soria-el-29-de-enero\" \/>\n<meta property=\"og:locale\" content=\"es_ES\" \/>\n<meta property=\"og:type\" content=\"article\" \/>\n<meta property=\"og:title\" content=\"&quot;Manifestaci\u00f3n blanca&quot; del sector primario, en Soria, el 29 de enero - ASAJA Soria\" \/>\n<meta property=\"og:description\" content=\"Las organizaciones convocantes de la manifestaci\u00f3n que se celebrar\u00e1 en Soria capital el pr\u00f3ximo d\u00eda 29 de enero, con el fin de que todos los agricultores,\" \/>\n<meta property=\"og:url\" content=\"https:\/\/www.asajacyl.com\/soria\/asaja-soria-informa\/manifestacion-blanca-del-sector-primario-en-soria-el-29-de-enero\" \/>\n<meta property=\"og:site_name\" content=\"ASAJA Soria\" \/>\n<meta property=\"article:published_time\" content=\"2026-01-21T14:01:51+00:00\" \/>\n<meta property=\"article:modified_time\" content=\"2026-01-21T14:01:52+00:00\" \/>\n<meta property=\"og:image\" content=\"https:\/\/www.asajacyl.com\/soria\/wp-content\/uploads\/sites\/9\/2026\/01\/Imanifa-blanmagen1.jpg\" \/>\n\t<meta property=\"og:image:width\" content=\"501\" \/>\n\t<meta property=\"og:image:height\" content=\"626\" \/>\n\t<meta property=\"og:image:type\" content=\"image\/jpeg\" \/>\n<meta name=\"author\" content=\"Juan Ignacio Prieto Nieto\" \/>\n<meta name=\"twitter:card\" content=\"summary_large_image\" \/>\n<meta name=\"twitter:label1\" content=\"Escrito por\" \/>\n\t<meta name=\"twitter:data1\" content=\"Juan Ignacio Prieto Nieto\" \/>\n\t<meta name=\"twitter:label2\" content=\"Tiempo de lectura\" \/>\n\t<meta name=\"twitter:data2\" content=\"1 minuto\" \/>\n<script type=\"application\/ld+json\" class=\"yoast-schema-graph\">{\"@context\":\"https:\/\/schema.org\",\"@graph\":[{\"@type\":\"WebPage\",\"@id\":\"https:\/\/www.asajacyl.com\/soria\/asaja-soria-informa\/manifestacion-blanca-del-sector-primario-en-soria-el-29-de-enero\",\"url\":\"https:\/\/www.asajacyl.com\/soria\/asaja-soria-informa\/manifestacion-blanca-del-sector-primario-en-soria-el-29-de-enero\",\"name\":\"\\\"Manifestaci\u00f3n blanca\\\" del sector primario, en Soria, el 29 de enero - ASAJA Soria\",\"isPartOf\":{\"@id\":\"https:\/\/www.asajacyl.com\/soria\/#website\"},\"primaryImageOfPage\":{\"@id\":\"https:\/\/www.asajacyl.com\/soria\/asaja-soria-informa\/manifestacion-blanca-del-sector-primario-en-soria-el-29-de-enero#primaryimage\"},\"image\":{\"@id\":\"https:\/\/www.asajacyl.com\/soria\/asaja-soria-informa\/manifestacion-blanca-del-sector-primario-en-soria-el-29-de-enero#primaryimage\"},\"thumbnailUrl\":\"https:\/\/www.asajacyl.com\/soria\/wp-content\/uploads\/sites\/9\/2026\/01\/Imanifa-blanmagen1.jpg\",\"datePublished\":\"2026-01-21T14:01:51+00:00\",\"dateModified\":\"2026-01-21T14:01:52+00:00\",\"author\":{\"@id\":\"https:\/\/www.asajacyl.com\/soria\/#\/schema\/person\/fd3081c40255119ce8133b87e6aedfab\"},\"description\":\"Las organizaciones convocantes de la manifestaci\u00f3n que se celebrar\u00e1 en Soria capital el pr\u00f3ximo d\u00eda 29 de enero, con el fin de que todos los agricultores,\",\"breadcrumb\":{\"@id\":\"https:\/\/www.asajacyl.com\/soria\/asaja-soria-informa\/manifestacion-blanca-del-sector-primario-en-soria-el-29-de-enero#breadcrumb\"},\"inLanguage\":\"es\",\"potentialAction\":[{\"@type\":\"ReadAction\",\"target\":[\"https:\/\/www.asajacyl.com\/soria\/asaja-soria-informa\/manifestacion-blanca-del-sector-primario-en-soria-el-29-de-enero\"]}]},{\"@type\":\"ImageObject\",\"inLanguage\":\"es\",\"@id\":\"https:\/\/www.asajacyl.com\/soria\/asaja-soria-informa\/manifestacion-blanca-del-sector-primario-en-soria-el-29-de-enero#primaryimage\",\"url\":\"https:\/\/www.asajacyl.com\/soria\/wp-content\/uploads\/sites\/9\/2026\/01\/Imanifa-blanmagen1.jpg\",\"contentUrl\":\"https:\/\/www.asajacyl.com\/soria\/wp-content\/uploads\/sites\/9\/2026\/01\/Imanifa-blanmagen1.jpg\",\"width\":501,\"height\":626},{\"@type\":\"BreadcrumbList\",\"@id\":\"https:\/\/www.asajacyl.com\/soria\/asaja-soria-informa\/manifestacion-blanca-del-sector-primario-en-soria-el-29-de-enero#breadcrumb\",\"itemListElement\":[{\"@type\":\"ListItem\",\"position\":1,\"name\":\"Portada\",\"item\":\"https:\/\/www.asajacyl.com\/soria\/\"},{\"@type\":\"ListItem\",\"position\":2,\"name\":\"\u00abManifestaci\u00f3n blanca\u00bb del sector primario, en Soria, el 29 de enero\"}]},{\"@type\":\"WebSite\",\"@id\":\"https:\/\/www.asajacyl.com\/soria\/#website\",\"url\":\"https:\/\/www.asajacyl.com\/soria\/\",\"name\":\"ASAJA Soria\",\"description\":\"Otro sitio m\u00e1s de Provincias ASAJA Castilla y Le\u00f3n\",\"potentialAction\":[{\"@type\":\"SearchAction\",\"target\":{\"@type\":\"EntryPoint\",\"urlTemplate\":\"https:\/\/www.asajacyl.com\/soria\/?s={search_term_string}\"},\"query-input\":{\"@type\":\"PropertyValueSpecification\",\"valueRequired\":true,\"valueName\":\"search_term_string\"}}],\"inLanguage\":\"es\"},{\"@type\":\"Person\",\"@id\":\"https:\/\/www.asajacyl.com\/soria\/#\/schema\/person\/fd3081c40255119ce8133b87e6aedfab\",\"name\":\"Juan Ignacio Prieto Nieto\",\"image\":{\"@type\":\"ImageObject\",\"inLanguage\":\"es\",\"@id\":\"https:\/\/www.asajacyl.com\/soria\/#\/schema\/person\/image\/\",\"url\":\"https:\/\/secure.gravatar.com\/avatar\/8266b36e4d9001acb4700699a2468dc8?s=96&d=mm&r=g\",\"contentUrl\":\"https:\/\/secure.gravatar.com\/avatar\/8266b36e4d9001acb4700699a2468dc8?s=96&d=mm&r=g\",\"caption\":\"Juan Ignacio Prieto Nieto\"},\"url\":\"https:\/\/www.asajacyl.com\/soria\/author\/juanfranciscoby\"}]}<\/script>\n<!-- \/ Yoast SEO plugin. -->","yoast_head_json":{"title":"\"Manifestaci\u00f3n blanca\" del sector primario, en Soria, el 29 de enero - ASAJA Soria","description":"Las organizaciones convocantes de la manifestaci\u00f3n que se celebrar\u00e1 en Soria capital el pr\u00f3ximo d\u00eda 29 de enero, con el fin de que todos los agricultores,","robots":{"index":"index","follow":"follow","max-snippet":"max-snippet:-1","max-image-preview":"max-image-preview:large","max-video-preview":"max-video-preview:-1"},"canonical":"https:\/\/www.asajacyl.com\/soria\/asaja-soria-informa\/manifestacion-blanca-del-sector-primario-en-soria-el-29-de-enero","og_locale":"es_ES","og_type":"article","og_title":"\"Manifestaci\u00f3n blanca\" del sector primario, en Soria, el 29 de enero - ASAJA Soria","og_description":"Las organizaciones convocantes de la manifestaci\u00f3n que se celebrar\u00e1 en Soria capital el pr\u00f3ximo d\u00eda 29 de enero, con el fin de que todos los agricultores,","og_url":"https:\/\/www.asajacyl.com\/soria\/asaja-soria-informa\/manifestacion-blanca-del-sector-primario-en-soria-el-29-de-enero","og_site_name":"ASAJA Soria","article_published_time":"2026-01-21T14:01:51+00:00","article_modified_time":"2026-01-21T14:01:52+00:00","og_image":[{"width":501,"height":626,"url":"https:\/\/www.asajacyl.com\/soria\/wp-content\/uploads\/sites\/9\/2026\/01\/Imanifa-blanmagen1.jpg","type":"image\/jpeg"}],"author":"Juan Ignacio Prieto Nieto","twitter_card":"summary_large_image","twitter_misc":{"Escrito por":"Juan Ignacio Prieto Nieto","Tiempo de lectura":"1 minuto"},"schema":{"@context":"https:\/\/schema.org","@graph":[{"@type":"WebPage","@id":"https:\/\/www.asajacyl.com\/soria\/asaja-soria-informa\/manifestacion-blanca-del-sector-primario-en-soria-el-29-de-enero","url":"https:\/\/www.asajacyl.com\/soria\/asaja-soria-informa\/manifestacion-blanca-del-sector-primario-en-soria-el-29-de-enero","name":"\"Manifestaci\u00f3n blanca\" del sector primario, en Soria, el 29 de enero - ASAJA Soria","isPartOf":{"@id":"https:\/\/www.asajacyl.com\/soria\/#website"},"primaryImageOfPage":{"@id":"https:\/\/www.asajacyl.com\/soria\/asaja-soria-informa\/manifestacion-blanca-del-sector-primario-en-soria-el-29-de-enero#primaryimage"},"image":{"@id":"https:\/\/www.asajacyl.com\/soria\/asaja-soria-informa\/manifestacion-blanca-del-sector-primario-en-soria-el-29-de-enero#primaryimage"},"thumbnailUrl":"https:\/\/www.asajacyl.com\/soria\/wp-content\/uploads\/sites\/9\/2026\/01\/Imanifa-blanmagen1.jpg","datePublished":"2026-01-21T14:01:51+00:00","dateModified":"2026-01-21T14:01:52+00:00","author":{"@id":"https:\/\/www.asajacyl.com\/soria\/#\/schema\/person\/fd3081c40255119ce8133b87e6aedfab"},"description":"Las organizaciones convocantes de la manifestaci\u00f3n que se celebrar\u00e1 en Soria capital el pr\u00f3ximo d\u00eda 29 de enero, con el fin de que todos los agricultores,","breadcrumb":{"@id":"https:\/\/www.asajacyl.com\/soria\/asaja-soria-informa\/manifestacion-blanca-del-sector-primario-en-soria-el-29-de-enero#breadcrumb"},"inLanguage":"es","potentialAction":[{"@type":"ReadAction","target":["https:\/\/www.asajacyl.com\/soria\/asaja-soria-informa\/manifestacion-blanca-del-sector-primario-en-soria-el-29-de-enero"]}]},{"@type":"ImageObject","inLanguage":"es","@id":"https:\/\/www.asajacyl.com\/soria\/asaja-soria-informa\/manifestacion-blanca-del-sector-primario-en-soria-el-29-de-enero#primaryimage","url":"https:\/\/www.asajacyl.com\/soria\/wp-content\/uploads\/sites\/9\/2026\/01\/Imanifa-blanmagen1.jpg","contentUrl":"https:\/\/www.asajacyl.com\/soria\/wp-content\/uploads\/sites\/9\/2026\/01\/Imanifa-blanmagen1.jpg","width":501,"height":626},{"@type":"BreadcrumbList","@id":"https:\/\/www.asajacyl.com\/soria\/asaja-soria-informa\/manifestacion-blanca-del-sector-primario-en-soria-el-29-de-enero#breadcrumb","itemListElement":[{"@type":"ListItem","position":1,"name":"Portada","item":"https:\/\/www.asajacyl.com\/soria\/"},{"@type":"ListItem","position":2,"name":"\u00abManifestaci\u00f3n blanca\u00bb del sector primario, en Soria, el 29 de enero"}]},{"@type":"WebSite","@id":"https:\/\/www.asajacyl.com\/soria\/#website","url":"https:\/\/www.asajacyl.com\/soria\/","name":"ASAJA Soria","description":"Otro sitio m\u00e1s de Provincias ASAJA Castilla y Le\u00f3n","potentialAction":[{"@type":"SearchAction","target":{"@type":"EntryPoint","urlTemplate":"https:\/\/www.asajacyl.com\/soria\/?s={search_term_string}"},"query-input":{"@type":"PropertyValueSpecification","valueRequired":true,"valueName":"search_term_string"}}],"inLanguage":"es"},{"@type":"Person","@id":"https:\/\/www.asajacyl.com\/soria\/#\/schema\/person\/fd3081c40255119ce8133b87e6aedfab","name":"Juan Ignacio Prieto Nieto","image":{"@type":"ImageObject","inLanguage":"es","@id":"https:\/\/www.asajacyl.com\/soria\/#\/schema\/person\/image\/","url":"https:\/\/secure.gravatar.com\/avatar\/8266b36e4d9001acb4700699a2468dc8?s=96&d=mm&r=g","contentUrl":"https:\/\/secure.gravatar.com\/avatar\/8266b36e4d9001acb4700699a2468dc8?s=96&d=mm&r=g","caption":"Juan Ignacio Prieto Nieto"},"url":"https:\/\/www.asajacyl.com\/soria\/author\/juanfranciscoby"}]}},"_links":{"self":[{"href":"https:\/\/www.asajacyl.com\/soria\/wp-json\/wp\/v2\/posts\/9582"}],"collection":[{"href":"https:\/\/www.asajacyl.com\/soria\/wp-json\/wp\/v2\/posts"}],"about":[{"href":"https:\/\/www.asajacyl.com\/soria\/wp-json\/wp\/v2\/types\/post"}],"author":[{"embeddable":true,"href":"https:\/\/www.asajacyl.com\/soria\/wp-json\/wp\/v2\/users\/12"}],"replies":[{"embeddable":true,"href":"https:\/\/www.asajacyl.com\/soria\/wp-json\/wp\/v2\/comments?post=9582"}],"version-history":[{"count":1,"href":"https:\/\/www.asajacyl.com\/soria\/wp-json\/wp\/v2\/posts\/9582\/revisions"}],"predecessor-version":[{"id":9584,"href":"https:\/\/www.asajacyl.com\/soria\/wp-json\/wp\/v2\/posts\/9582\/revisions\/9584"}],"wp:featuredmedia":[{"embeddable":true,"href":"https:\/\/www.asajacyl.com\/soria\/wp-json\/wp\/v2\/media\/9583"}],"wp:attachment":[{"href":"https:\/\/www.asajacyl.com\/soria\/wp-json\/wp\/v2\/media?parent=9582"}],"wp:term":[{"taxonomy":"category","embeddable":true,"href":"https:\/\/www.asajacyl.com\/soria\/wp-json\/wp\/v2\/categories?post=9582"},{"taxonomy":"post_tag","embeddable":true,"href":"https:\/\/www.asajacyl.com\/soria\/wp-json\/wp\/v2\/tags?post=9582"}],"curies":[{"name":"wp","href":"https:\/\/api.w.org\/{rel}","templated":true}]}}