{"id":9585,"date":"2026-01-21T15:06:26","date_gmt":"2026-01-21T14:06:26","guid":{"rendered":"https:\/\/www.asajacyl.com\/soria\/?p=9585"},"modified":"2026-01-28T12:18:08","modified_gmt":"2026-01-28T11:18:08","slug":"asaja-celebra-el-aval-del-parlamento-europeo-para-someter-el-acuerdo-ue-mercosur-a-control-juridico","status":"publish","type":"post","link":"https:\/\/www.asajacyl.com\/soria\/asaja-soria-informa\/asaja-celebra-el-aval-del-parlamento-europeo-para-someter-el-acuerdo-ue-mercosur-a-control-juridico","title":{"rendered":"ASAJA CELEBRA EL AVAL DEL PARLAMENTO EUROPEO PARA SOMETER EL ACUERDO UE-MERCOSUR A CONTROL JUR\u00cdDICO"},"content":{"rendered":"\n\n\n<h2><strong><em>La organizaci\u00f3n conf\u00eda en que el control jur\u00eddico del acuerdo UE-Mercosur frene su ratificaci\u00f3n ante las dudas jur\u00eddicas y pol\u00edticas que plantea y su grave impacto sobre un sector agroalimentario claramente perjudicado por un acuerdo desequilibrado e injusto<\/em><\/strong><\/h2>\n<p>Desde <strong>ASAJA<\/strong> se valora como <strong>un paso fundamental<\/strong> la aprobaci\u00f3n, esta ma\u00f1ana en Estrasburgo, en el Pleno del <strong>Parlamento Europeo<\/strong>, de la solicitud para <strong>someter a control jur\u00eddico<\/strong>, mediante un dictamen del Tribunal de Justicia de la Uni\u00f3n Europea, el acuerdo UE-Mercosur. Esta decisi\u00f3n permite avanzar en el an\u00e1lisis de un acuerdo que el sector agrario y ganadero viene denunciando desde hace tiempo por su <strong>grave impacto econ\u00f3mico, productivo y territorial<\/strong>, as\u00ed como por las <strong>dudas jur\u00eddicas y pol\u00edticas de fondo<\/strong> que plantea. El presidente nacional de ASAJA, <strong>Pedro Barato<\/strong>, subraya que la aprobaci\u00f3n de esta solicitud \u201crefleja que existen dudas jur\u00eddicas y pol\u00edticas reales sobre el acuerdo UE-Mercosur\u201d y conf\u00eda en que este dictamen \u201csirva para frenar la ratificaci\u00f3n de un acuerdo claramente desequilibrado y perjudicial para los agricultores y ganaderos europeos\u201d.<\/p>\n<p>ASAJA espera que este paso contribuya a <strong>detener un proceso de ratificaci\u00f3n que pone en riesgo la viabilidad de miles de explotaciones<\/strong> y hace un llamamiento al <strong>Gobierno de Espa\u00f1a<\/strong> para que defienda de forma clara al sector agrario y ganadero, garantizando el <strong>principio de reciprocidad<\/strong> y unas <strong>condiciones de competencia justas<\/strong>.<\/p>\n<p>ASAJA insiste en que lo relevante de la votaci\u00f3n es que <strong>el acuerdo UE-Mercosur ser\u00e1 sometido a un examen jur\u00eddico<\/strong>, algo imprescindible ante un texto que genera <strong>inseguridad, desequilibrios y una clara competencia desleal<\/strong> para el campo europeo y, en particular, para el sector agrario y ganadero espa\u00f1ol.<\/p>\n<p><img loading=\"lazy\" decoding=\"async\" class=\"aligncenter size-full wp-image-9587\" src=\"https:\/\/www.asajacyl.com\/soria\/wp-content\/uploads\/sites\/9\/2026\/01\/votoe05a-4f85-a3dc-6c93375b805c.jpg\" alt=\"\" width=\"887\" height=\"501\" srcset=\"https:\/\/www.asajacyl.com\/soria\/wp-content\/uploads\/sites\/9\/2026\/01\/votoe05a-4f85-a3dc-6c93375b805c.jpg 887w, https:\/\/www.asajacyl.com\/soria\/wp-content\/uploads\/sites\/9\/2026\/01\/votoe05a-4f85-a3dc-6c93375b805c-300x169.jpg 300w, https:\/\/www.asajacyl.com\/soria\/wp-content\/uploads\/sites\/9\/2026\/01\/votoe05a-4f85-a3dc-6c93375b805c-768x434.jpg 768w, https:\/\/www.asajacyl.com\/soria\/wp-content\/uploads\/sites\/9\/2026\/01\/votoe05a-4f85-a3dc-6c93375b805c-744x420.jpg 744w, https:\/\/www.asajacyl.com\/soria\/wp-content\/uploads\/sites\/9\/2026\/01\/votoe05a-4f85-a3dc-6c93375b805c-696x393.jpg 696w\" sizes=\"(max-width: 887px) 100vw, 887px\" \/><\/p>\n<p>La organizaci\u00f3n considera igualmente <strong>muy relevante el reconocimiento impl\u00edcito al papel desarrollado por ASAJA<\/strong>, que ha impulsado de forma activa, a trav\u00e9s de la Vicepresidencia del <strong>COPA<\/strong>, las movilizaciones celebradas el <strong>18 de diciembre en Bruselas<\/strong> y el <strong>20 de enero en Estrasburgo<\/strong>, coincidiendo con esta votaci\u00f3n. Estas protestas han sido determinantes para situar en la agenda pol\u00edtica europea las preocupaciones reales del campo y para que el acuerdo sea finalmente sometido a control jur\u00eddico. En este sentido, ASAJA subraya la <strong>importancia de que agricultores y ganaderos est\u00e9n organizados y representados a trav\u00e9s de organizaciones profesionales agrarias<\/strong>, ya que solo desde una estructura fuerte, unida y con presencia en los centros de decisi\u00f3n europeos es posible defender los intereses del sector y alcanzar objetivos concretos como el logrado hoy. Igualmente, ASAJA quiere <strong>agradecer expresamente el compromiso, el esfuerzo y la implicaci\u00f3n de todos los agricultores y ganaderos<\/strong> que han participado en las movilizaciones de Bruselas y Estrasburgo, demostrando que la uni\u00f3n del sector y la movilizaci\u00f3n siguen siendo herramientas clave para proteger el futuro del campo europeo.<\/p>\n<p><img loading=\"lazy\" decoding=\"async\" class=\"wp-image-9510 alignleft\" src=\"https:\/\/www.asajacyl.com\/soria\/wp-content\/uploads\/sites\/9\/2025\/12\/IMG_9206-e1768566061458.jpg\" alt=\"\" width=\"375\" height=\"294\" srcset=\"https:\/\/www.asajacyl.com\/soria\/wp-content\/uploads\/sites\/9\/2025\/12\/IMG_9206-e1768566061458.jpg 2008w, https:\/\/www.asajacyl.com\/soria\/wp-content\/uploads\/sites\/9\/2025\/12\/IMG_9206-e1768566061458-300x235.jpg 300w, https:\/\/www.asajacyl.com\/soria\/wp-content\/uploads\/sites\/9\/2025\/12\/IMG_9206-e1768566061458-1024x803.jpg 1024w, https:\/\/www.asajacyl.com\/soria\/wp-content\/uploads\/sites\/9\/2025\/12\/IMG_9206-e1768566061458-768x602.jpg 768w, https:\/\/www.asajacyl.com\/soria\/wp-content\/uploads\/sites\/9\/2025\/12\/IMG_9206-e1768566061458-1536x1205.jpg 1536w, https:\/\/www.asajacyl.com\/soria\/wp-content\/uploads\/sites\/9\/2025\/12\/IMG_9206-e1768566061458-535x420.jpg 535w, https:\/\/www.asajacyl.com\/soria\/wp-content\/uploads\/sites\/9\/2025\/12\/IMG_9206-e1768566061458-696x546.jpg 696w, https:\/\/www.asajacyl.com\/soria\/wp-content\/uploads\/sites\/9\/2025\/12\/IMG_9206-e1768566061458-1068x838.jpg 1068w, https:\/\/www.asajacyl.com\/soria\/wp-content\/uploads\/sites\/9\/2025\/12\/IMG_9206-e1768566061458-1920x1506.jpg 1920w\" sizes=\"(max-width: 375px) 100vw, 375px\" \/><\/p>\n<p><img loading=\"lazy\" decoding=\"async\" class=\"wp-image-9511 alignnone\" src=\"https:\/\/www.asajacyl.com\/soria\/wp-content\/uploads\/sites\/9\/2025\/12\/IMG_9309.jpg\" alt=\"\" width=\"293\" height=\"304\" srcset=\"https:\/\/www.asajacyl.com\/soria\/wp-content\/uploads\/sites\/9\/2025\/12\/IMG_9309.jpg 1970w, https:\/\/www.asajacyl.com\/soria\/wp-content\/uploads\/sites\/9\/2025\/12\/IMG_9309-290x300.jpg 290w, https:\/\/www.asajacyl.com\/soria\/wp-content\/uploads\/sites\/9\/2025\/12\/IMG_9309-988x1024.jpg 988w, https:\/\/www.asajacyl.com\/soria\/wp-content\/uploads\/sites\/9\/2025\/12\/IMG_9309-768x796.jpg 768w, https:\/\/www.asajacyl.com\/soria\/wp-content\/uploads\/sites\/9\/2025\/12\/IMG_9309-1483x1536.jpg 1483w, https:\/\/www.asajacyl.com\/soria\/wp-content\/uploads\/sites\/9\/2025\/12\/IMG_9309-405x420.jpg 405w, https:\/\/www.asajacyl.com\/soria\/wp-content\/uploads\/sites\/9\/2025\/12\/IMG_9309-696x721.jpg 696w, https:\/\/www.asajacyl.com\/soria\/wp-content\/uploads\/sites\/9\/2025\/12\/IMG_9309-1068x1106.jpg 1068w, https:\/\/www.asajacyl.com\/soria\/wp-content\/uploads\/sites\/9\/2025\/12\/IMG_9309-1920x1989.jpg 1920w\" sizes=\"(max-width: 293px) 100vw, 293px\" \/><\/p>\n","protected":false},"excerpt":{"rendered":"<p>La organizaci\u00f3n conf\u00eda en que el control jur\u00eddico del acuerdo UE-Mercosur frene su ratificaci\u00f3n ante las dudas jur\u00eddicas y pol\u00edticas que plantea y su grave impacto sobre un sector agroalimentario claramente perjudicado por un acuerdo desequilibrado e injusto Desde ASAJA se valora como un paso fundamental la aprobaci\u00f3n, esta ma\u00f1ana en Estrasburgo, en el Pleno [&hellip;]<\/p>\n","protected":false},"author":12,"featured_media":9587,"comment_status":"open","ping_status":"open","sticky":false,"template":"","format":"standard","meta":{"footnotes":""},"categories":[10,25],"tags":[],"yoast_head":"<!-- This site is optimized with the Yoast SEO plugin v24.5 - https:\/\/yoast.com\/wordpress\/plugins\/seo\/ -->\n<title>ASAJA CELEBRA EL AVAL DEL PARLAMENTO EUROPEO PARA SOMETER EL ACUERDO UE-MERCOSUR A CONTROL JUR\u00cdDICO - ASAJA Soria<\/title>\n<meta name=\"description\" content=\"La organizaci\u00f3n conf\u00eda en que el control jur\u00eddico del acuerdo UE-Mercosur frene su ratificaci\u00f3n ante las dudas jur\u00eddicas y pol\u00edticas que plantea y su\" \/>\n<meta name=\"robots\" content=\"index, follow, max-snippet:-1, max-image-preview:large, max-video-preview:-1\" \/>\n<link rel=\"canonical\" href=\"https:\/\/www.asajacyl.com\/soria\/asaja-soria-informa\/asaja-celebra-el-aval-del-parlamento-europeo-para-someter-el-acuerdo-ue-mercosur-a-control-juridico\" \/>\n<meta property=\"og:locale\" content=\"es_ES\" \/>\n<meta property=\"og:type\" content=\"article\" \/>\n<meta property=\"og:title\" content=\"ASAJA CELEBRA EL AVAL DEL PARLAMENTO EUROPEO PARA SOMETER EL ACUERDO UE-MERCOSUR A CONTROL JUR\u00cdDICO - ASAJA Soria\" \/>\n<meta property=\"og:description\" content=\"La organizaci\u00f3n conf\u00eda en que el control jur\u00eddico del acuerdo UE-Mercosur frene su ratificaci\u00f3n ante las dudas jur\u00eddicas y pol\u00edticas que plantea y su\" \/>\n<meta property=\"og:url\" content=\"https:\/\/www.asajacyl.com\/soria\/asaja-soria-informa\/asaja-celebra-el-aval-del-parlamento-europeo-para-someter-el-acuerdo-ue-mercosur-a-control-juridico\" \/>\n<meta property=\"og:site_name\" content=\"ASAJA Soria\" \/>\n<meta property=\"article:published_time\" content=\"2026-01-21T14:06:26+00:00\" \/>\n<meta property=\"article:modified_time\" content=\"2026-01-28T11:18:08+00:00\" \/>\n<meta property=\"og:image\" content=\"https:\/\/www.asajacyl.com\/soria\/wp-content\/uploads\/sites\/9\/2026\/01\/votoe05a-4f85-a3dc-6c93375b805c.jpg\" \/>\n\t<meta property=\"og:image:width\" content=\"887\" \/>\n\t<meta property=\"og:image:height\" content=\"501\" \/>\n\t<meta property=\"og:image:type\" content=\"image\/jpeg\" \/>\n<meta name=\"author\" content=\"Juan Ignacio Prieto Nieto\" \/>\n<meta name=\"twitter:card\" content=\"summary_large_image\" \/>\n<meta name=\"twitter:label1\" content=\"Escrito por\" \/>\n\t<meta name=\"twitter:data1\" content=\"Juan Ignacio Prieto Nieto\" \/>\n\t<meta name=\"twitter:label2\" content=\"Tiempo de lectura\" \/>\n\t<meta name=\"twitter:data2\" content=\"3 minutos\" \/>\n<script type=\"application\/ld+json\" class=\"yoast-schema-graph\">{\"@context\":\"https:\/\/schema.org\",\"@graph\":[{\"@type\":\"WebPage\",\"@id\":\"https:\/\/www.asajacyl.com\/soria\/asaja-soria-informa\/asaja-celebra-el-aval-del-parlamento-europeo-para-someter-el-acuerdo-ue-mercosur-a-control-juridico\",\"url\":\"https:\/\/www.asajacyl.com\/soria\/asaja-soria-informa\/asaja-celebra-el-aval-del-parlamento-europeo-para-someter-el-acuerdo-ue-mercosur-a-control-juridico\",\"name\":\"ASAJA CELEBRA EL AVAL DEL PARLAMENTO EUROPEO PARA SOMETER EL ACUERDO UE-MERCOSUR A CONTROL JUR\u00cdDICO - ASAJA Soria\",\"isPartOf\":{\"@id\":\"https:\/\/www.asajacyl.com\/soria\/#website\"},\"primaryImageOfPage\":{\"@id\":\"https:\/\/www.asajacyl.com\/soria\/asaja-soria-informa\/asaja-celebra-el-aval-del-parlamento-europeo-para-someter-el-acuerdo-ue-mercosur-a-control-juridico#primaryimage\"},\"image\":{\"@id\":\"https:\/\/www.asajacyl.com\/soria\/asaja-soria-informa\/asaja-celebra-el-aval-del-parlamento-europeo-para-someter-el-acuerdo-ue-mercosur-a-control-juridico#primaryimage\"},\"thumbnailUrl\":\"https:\/\/www.asajacyl.com\/soria\/wp-content\/uploads\/sites\/9\/2026\/01\/votoe05a-4f85-a3dc-6c93375b805c.jpg\",\"datePublished\":\"2026-01-21T14:06:26+00:00\",\"dateModified\":\"2026-01-28T11:18:08+00:00\",\"author\":{\"@id\":\"https:\/\/www.asajacyl.com\/soria\/#\/schema\/person\/fd3081c40255119ce8133b87e6aedfab\"},\"description\":\"La organizaci\u00f3n conf\u00eda en que el control jur\u00eddico del acuerdo UE-Mercosur frene su ratificaci\u00f3n ante las dudas jur\u00eddicas y pol\u00edticas que plantea y su\",\"breadcrumb\":{\"@id\":\"https:\/\/www.asajacyl.com\/soria\/asaja-soria-informa\/asaja-celebra-el-aval-del-parlamento-europeo-para-someter-el-acuerdo-ue-mercosur-a-control-juridico#breadcrumb\"},\"inLanguage\":\"es\",\"potentialAction\":[{\"@type\":\"ReadAction\",\"target\":[\"https:\/\/www.asajacyl.com\/soria\/asaja-soria-informa\/asaja-celebra-el-aval-del-parlamento-europeo-para-someter-el-acuerdo-ue-mercosur-a-control-juridico\"]}]},{\"@type\":\"ImageObject\",\"inLanguage\":\"es\",\"@id\":\"https:\/\/www.asajacyl.com\/soria\/asaja-soria-informa\/asaja-celebra-el-aval-del-parlamento-europeo-para-someter-el-acuerdo-ue-mercosur-a-control-juridico#primaryimage\",\"url\":\"https:\/\/www.asajacyl.com\/soria\/wp-content\/uploads\/sites\/9\/2026\/01\/votoe05a-4f85-a3dc-6c93375b805c.jpg\",\"contentUrl\":\"https:\/\/www.asajacyl.com\/soria\/wp-content\/uploads\/sites\/9\/2026\/01\/votoe05a-4f85-a3dc-6c93375b805c.jpg\",\"width\":887,\"height\":501},{\"@type\":\"BreadcrumbList\",\"@id\":\"https:\/\/www.asajacyl.com\/soria\/asaja-soria-informa\/asaja-celebra-el-aval-del-parlamento-europeo-para-someter-el-acuerdo-ue-mercosur-a-control-juridico#breadcrumb\",\"itemListElement\":[{\"@type\":\"ListItem\",\"position\":1,\"name\":\"Portada\",\"item\":\"https:\/\/www.asajacyl.com\/soria\/\"},{\"@type\":\"ListItem\",\"position\":2,\"name\":\"ASAJA CELEBRA EL AVAL DEL PARLAMENTO EUROPEO PARA SOMETER EL ACUERDO UE-MERCOSUR A CONTROL JUR\u00cdDICO\"}]},{\"@type\":\"WebSite\",\"@id\":\"https:\/\/www.asajacyl.com\/soria\/#website\",\"url\":\"https:\/\/www.asajacyl.com\/soria\/\",\"name\":\"ASAJA Soria\",\"description\":\"Otro sitio m\u00e1s de Provincias ASAJA Castilla y Le\u00f3n\",\"potentialAction\":[{\"@type\":\"SearchAction\",\"target\":{\"@type\":\"EntryPoint\",\"urlTemplate\":\"https:\/\/www.asajacyl.com\/soria\/?s={search_term_string}\"},\"query-input\":{\"@type\":\"PropertyValueSpecification\",\"valueRequired\":true,\"valueName\":\"search_term_string\"}}],\"inLanguage\":\"es\"},{\"@type\":\"Person\",\"@id\":\"https:\/\/www.asajacyl.com\/soria\/#\/schema\/person\/fd3081c40255119ce8133b87e6aedfab\",\"name\":\"Juan Ignacio Prieto Nieto\",\"image\":{\"@type\":\"ImageObject\",\"inLanguage\":\"es\",\"@id\":\"https:\/\/www.asajacyl.com\/soria\/#\/schema\/person\/image\/\",\"url\":\"https:\/\/secure.gravatar.com\/avatar\/8266b36e4d9001acb4700699a2468dc8?s=96&d=mm&r=g\",\"contentUrl\":\"https:\/\/secure.gravatar.com\/avatar\/8266b36e4d9001acb4700699a2468dc8?s=96&d=mm&r=g\",\"caption\":\"Juan Ignacio Prieto Nieto\"},\"url\":\"https:\/\/www.asajacyl.com\/soria\/author\/juanfranciscoby\"}]}<\/script>\n<!-- \/ Yoast SEO plugin. -->","yoast_head_json":{"title":"ASAJA CELEBRA EL AVAL DEL PARLAMENTO EUROPEO PARA SOMETER EL ACUERDO UE-MERCOSUR A CONTROL JUR\u00cdDICO - ASAJA Soria","description":"La organizaci\u00f3n conf\u00eda en que el control jur\u00eddico del acuerdo UE-Mercosur frene su ratificaci\u00f3n ante las dudas jur\u00eddicas y pol\u00edticas que plantea y su","robots":{"index":"index","follow":"follow","max-snippet":"max-snippet:-1","max-image-preview":"max-image-preview:large","max-video-preview":"max-video-preview:-1"},"canonical":"https:\/\/www.asajacyl.com\/soria\/asaja-soria-informa\/asaja-celebra-el-aval-del-parlamento-europeo-para-someter-el-acuerdo-ue-mercosur-a-control-juridico","og_locale":"es_ES","og_type":"article","og_title":"ASAJA CELEBRA EL AVAL DEL PARLAMENTO EUROPEO PARA SOMETER EL ACUERDO UE-MERCOSUR A CONTROL JUR\u00cdDICO - ASAJA Soria","og_description":"La organizaci\u00f3n conf\u00eda en que el control jur\u00eddico del acuerdo UE-Mercosur frene su ratificaci\u00f3n ante las dudas jur\u00eddicas y pol\u00edticas que plantea y su","og_url":"https:\/\/www.asajacyl.com\/soria\/asaja-soria-informa\/asaja-celebra-el-aval-del-parlamento-europeo-para-someter-el-acuerdo-ue-mercosur-a-control-juridico","og_site_name":"ASAJA Soria","article_published_time":"2026-01-21T14:06:26+00:00","article_modified_time":"2026-01-28T11:18:08+00:00","og_image":[{"width":887,"height":501,"url":"https:\/\/www.asajacyl.com\/soria\/wp-content\/uploads\/sites\/9\/2026\/01\/votoe05a-4f85-a3dc-6c93375b805c.jpg","type":"image\/jpeg"}],"author":"Juan Ignacio Prieto Nieto","twitter_card":"summary_large_image","twitter_misc":{"Escrito por":"Juan Ignacio Prieto Nieto","Tiempo de lectura":"3 minutos"},"schema":{"@context":"https:\/\/schema.org","@graph":[{"@type":"WebPage","@id":"https:\/\/www.asajacyl.com\/soria\/asaja-soria-informa\/asaja-celebra-el-aval-del-parlamento-europeo-para-someter-el-acuerdo-ue-mercosur-a-control-juridico","url":"https:\/\/www.asajacyl.com\/soria\/asaja-soria-informa\/asaja-celebra-el-aval-del-parlamento-europeo-para-someter-el-acuerdo-ue-mercosur-a-control-juridico","name":"ASAJA CELEBRA EL AVAL DEL PARLAMENTO EUROPEO PARA SOMETER EL ACUERDO UE-MERCOSUR A CONTROL JUR\u00cdDICO - ASAJA Soria","isPartOf":{"@id":"https:\/\/www.asajacyl.com\/soria\/#website"},"primaryImageOfPage":{"@id":"https:\/\/www.asajacyl.com\/soria\/asaja-soria-informa\/asaja-celebra-el-aval-del-parlamento-europeo-para-someter-el-acuerdo-ue-mercosur-a-control-juridico#primaryimage"},"image":{"@id":"https:\/\/www.asajacyl.com\/soria\/asaja-soria-informa\/asaja-celebra-el-aval-del-parlamento-europeo-para-someter-el-acuerdo-ue-mercosur-a-control-juridico#primaryimage"},"thumbnailUrl":"https:\/\/www.asajacyl.com\/soria\/wp-content\/uploads\/sites\/9\/2026\/01\/votoe05a-4f85-a3dc-6c93375b805c.jpg","datePublished":"2026-01-21T14:06:26+00:00","dateModified":"2026-01-28T11:18:08+00:00","author":{"@id":"https:\/\/www.asajacyl.com\/soria\/#\/schema\/person\/fd3081c40255119ce8133b87e6aedfab"},"description":"La organizaci\u00f3n conf\u00eda en que el control jur\u00eddico del acuerdo UE-Mercosur frene su ratificaci\u00f3n ante las dudas jur\u00eddicas y pol\u00edticas que plantea y su","breadcrumb":{"@id":"https:\/\/www.asajacyl.com\/soria\/asaja-soria-informa\/asaja-celebra-el-aval-del-parlamento-europeo-para-someter-el-acuerdo-ue-mercosur-a-control-juridico#breadcrumb"},"inLanguage":"es","potentialAction":[{"@type":"ReadAction","target":["https:\/\/www.asajacyl.com\/soria\/asaja-soria-informa\/asaja-celebra-el-aval-del-parlamento-europeo-para-someter-el-acuerdo-ue-mercosur-a-control-juridico"]}]},{"@type":"ImageObject","inLanguage":"es","@id":"https:\/\/www.asajacyl.com\/soria\/asaja-soria-informa\/asaja-celebra-el-aval-del-parlamento-europeo-para-someter-el-acuerdo-ue-mercosur-a-control-juridico#primaryimage","url":"https:\/\/www.asajacyl.com\/soria\/wp-content\/uploads\/sites\/9\/2026\/01\/votoe05a-4f85-a3dc-6c93375b805c.jpg","contentUrl":"https:\/\/www.asajacyl.com\/soria\/wp-content\/uploads\/sites\/9\/2026\/01\/votoe05a-4f85-a3dc-6c93375b805c.jpg","width":887,"height":501},{"@type":"BreadcrumbList","@id":"https:\/\/www.asajacyl.com\/soria\/asaja-soria-informa\/asaja-celebra-el-aval-del-parlamento-europeo-para-someter-el-acuerdo-ue-mercosur-a-control-juridico#breadcrumb","itemListElement":[{"@type":"ListItem","position":1,"name":"Portada","item":"https:\/\/www.asajacyl.com\/soria\/"},{"@type":"ListItem","position":2,"name":"ASAJA CELEBRA EL AVAL DEL PARLAMENTO EUROPEO PARA SOMETER EL ACUERDO UE-MERCOSUR A CONTROL JUR\u00cdDICO"}]},{"@type":"WebSite","@id":"https:\/\/www.asajacyl.com\/soria\/#website","url":"https:\/\/www.asajacyl.com\/soria\/","name":"ASAJA Soria","description":"Otro sitio m\u00e1s de Provincias ASAJA Castilla y Le\u00f3n","potentialAction":[{"@type":"SearchAction","target":{"@type":"EntryPoint","urlTemplate":"https:\/\/www.asajacyl.com\/soria\/?s={search_term_string}"},"query-input":{"@type":"PropertyValueSpecification","valueRequired":true,"valueName":"search_term_string"}}],"inLanguage":"es"},{"@type":"Person","@id":"https:\/\/www.asajacyl.com\/soria\/#\/schema\/person\/fd3081c40255119ce8133b87e6aedfab","name":"Juan Ignacio Prieto Nieto","image":{"@type":"ImageObject","inLanguage":"es","@id":"https:\/\/www.asajacyl.com\/soria\/#\/schema\/person\/image\/","url":"https:\/\/secure.gravatar.com\/avatar\/8266b36e4d9001acb4700699a2468dc8?s=96&d=mm&r=g","contentUrl":"https:\/\/secure.gravatar.com\/avatar\/8266b36e4d9001acb4700699a2468dc8?s=96&d=mm&r=g","caption":"Juan Ignacio Prieto Nieto"},"url":"https:\/\/www.asajacyl.com\/soria\/author\/juanfranciscoby"}]}},"_links":{"self":[{"href":"https:\/\/www.asajacyl.com\/soria\/wp-json\/wp\/v2\/posts\/9585"}],"collection":[{"href":"https:\/\/www.asajacyl.com\/soria\/wp-json\/wp\/v2\/posts"}],"about":[{"href":"https:\/\/www.asajacyl.com\/soria\/wp-json\/wp\/v2\/types\/post"}],"author":[{"embeddable":true,"href":"https:\/\/www.asajacyl.com\/soria\/wp-json\/wp\/v2\/users\/12"}],"replies":[{"embeddable":true,"href":"https:\/\/www.asajacyl.com\/soria\/wp-json\/wp\/v2\/comments?post=9585"}],"version-history":[{"count":2,"href":"https:\/\/www.asajacyl.com\/soria\/wp-json\/wp\/v2\/posts\/9585\/revisions"}],"predecessor-version":[{"id":9588,"href":"https:\/\/www.asajacyl.com\/soria\/wp-json\/wp\/v2\/posts\/9585\/revisions\/9588"}],"wp:featuredmedia":[{"embeddable":true,"href":"https:\/\/www.asajacyl.com\/soria\/wp-json\/wp\/v2\/media\/9587"}],"wp:attachment":[{"href":"https:\/\/www.asajacyl.com\/soria\/wp-json\/wp\/v2\/media?parent=9585"}],"wp:term":[{"taxonomy":"category","embeddable":true,"href":"https:\/\/www.asajacyl.com\/soria\/wp-json\/wp\/v2\/categories?post=9585"},{"taxonomy":"post_tag","embeddable":true,"href":"https:\/\/www.asajacyl.com\/soria\/wp-json\/wp\/v2\/tags?post=9585"}],"curies":[{"name":"wp","href":"https:\/\/api.w.org\/{rel}","templated":true}]}}