{"id":9589,"date":"2026-02-03T13:39:36","date_gmt":"2026-02-03T12:39:36","guid":{"rendered":"https:\/\/www.asajacyl.com\/soria\/?p=9589"},"modified":"2026-02-03T13:39:38","modified_gmt":"2026-02-03T12:39:38","slug":"asaja-pide-a-la-comision-y-al-consejo-que-respeten-la-voluntad-del-parlamento-europeo-y-no-activen-provisionalmente-el-acuerdo-ue-mercosur","status":"publish","type":"post","link":"https:\/\/www.asajacyl.com\/soria\/asaja-soria-informa\/asaja-pide-a-la-comision-y-al-consejo-que-respeten-la-voluntad-del-parlamento-europeo-y-no-activen-provisionalmente-el-acuerdo-ue-mercosur","title":{"rendered":"ASAJA PIDE A LA COMISI\u00d3N Y AL CONSEJO QUE RESPETEN LA VOLUNTAD DEL PARLAMENTO EUROPEO Y NO ACTIVEN PROVISIONALMENTE EL ACUERDO UE-MERCOSUR"},"content":{"rendered":"\n\n\n<h2><em>La organizaci\u00f3n reclama esperar al dictamen del Tribunal de Justicia de la UE ante las dudas jur\u00eddicas y pol\u00edticas existentes y pone en valor la unidad y movilizaci\u00f3n del campo europeo<\/em><\/h2>\n<p><strong>Madrid, 22 de enero de 2026.-<\/strong> La Asociaci\u00f3n Agraria J\u00f3venes Agricultores (ASAJA) ha reclamado a la Comisi\u00f3n Europea y al Consejo que respeten la voluntad expresada por el <strong>Parlamento Europeo<\/strong>, que ha solicitado un dictamen al <strong>Tribunal de Justicia de la Uni\u00f3n Europea<\/strong> sobre la legalidad del acuerdo UE-Mercosur, y que no se active de forma provisional la parte comercial del tratado mientras dure el proceso judicial.<\/p>\n<p>ASAJA considera que aplicar provisionalmente el acuerdo pese a la decisi\u00f3n del Parlamento supondr\u00eda <strong>desvirtuar una resoluci\u00f3n democr\u00e1tica<\/strong> adoptada por una C\u00e1mara claramente dividida, lo que, a su juicio, evidencia la existencia de dudas jur\u00eddicas y pol\u00edticas de fondo sobre el acuerdo.<\/p>\n<p>La organizaci\u00f3n agraria subraya que el pronunciamiento del Parlamento Europeo no es simb\u00f3lico y <strong>debe ser respetado por el resto de instituciones comunitarias.<\/strong> Forzar la aplicaci\u00f3n provisional del acuerdo mientras el TJUE analiza su legalidad solo contribuir\u00eda, seg\u00fan ASAJA, a aumentar la desconfianza del sector agrario y de los ciudadanos hacia la Uni\u00f3n Europea.<\/p>\n<p>ASAJA ha puesto en valor la<strong> movilizaci\u00f3n unitaria del campo<\/strong> <strong>europeo<\/strong> en las \u00faltimas semanas, con concentraciones en Bruselas y Estrasburgo, que han logrado situar el debate sobre Mercosur en el centro de la agenda pol\u00edtica comunitaria.<\/p>\n<p>Asimismo, la organizaci\u00f3n ha mostrado su preocupaci\u00f3n por las declaraciones de la vicepresidenta ejecutiva de la Comisi\u00f3n Europea, <strong>Teresa Ribera<\/strong>, favorables a una posible aplicaci\u00f3n provisional del acuerdo, al considerar que no atienden a las dudas jur\u00eddicas planteadas ni a las preocupaciones del sector agrario.<\/p>\n<p>ASAJA insiste en que no<strong> se trata<\/strong> de bloquear el comercio, sino <strong>de garantizar seguridad jur\u00eddica y respeto institucional<\/strong>, y reclama que sea el Tribunal de Justicia de la UE quien determine el futuro del acuerdo UE-Mercosur.<\/p>\n<p>\u00a0<\/p>\n<p>\u00a0<\/p>\n","protected":false},"excerpt":{"rendered":"<p>La organizaci\u00f3n reclama esperar al dictamen del Tribunal de Justicia de la UE ante las dudas jur\u00eddicas y pol\u00edticas existentes y pone en valor la unidad y movilizaci\u00f3n del campo europeo Madrid, 22 de enero de 2026.- La Asociaci\u00f3n Agraria J\u00f3venes Agricultores (ASAJA) ha reclamado a la Comisi\u00f3n Europea y al Consejo que respeten la [&hellip;]<\/p>\n","protected":false},"author":12,"featured_media":9512,"comment_status":"open","ping_status":"open","sticky":false,"template":"","format":"standard","meta":{"footnotes":""},"categories":[10,25],"tags":[],"yoast_head":"<!-- This site is optimized with the Yoast SEO plugin v24.5 - https:\/\/yoast.com\/wordpress\/plugins\/seo\/ -->\n<title>ASAJA PIDE A LA COMISI\u00d3N Y AL CONSEJO QUE RESPETEN LA VOLUNTAD DEL PARLAMENTO EUROPEO Y NO ACTIVEN PROVISIONALMENTE EL ACUERDO UE-MERCOSUR - ASAJA Soria<\/title>\n<meta name=\"description\" content=\"La organizaci\u00f3n reclama esperar al dictamen del Tribunal de Justicia de la UE ante las dudas jur\u00eddicas y pol\u00edticas existentes y pone en valor la unidad y\" \/>\n<meta name=\"robots\" content=\"index, follow, max-snippet:-1, max-image-preview:large, max-video-preview:-1\" \/>\n<link rel=\"canonical\" href=\"https:\/\/www.asajacyl.com\/soria\/asaja-soria-informa\/asaja-pide-a-la-comision-y-al-consejo-que-respeten-la-voluntad-del-parlamento-europeo-y-no-activen-provisionalmente-el-acuerdo-ue-mercosur\" \/>\n<meta property=\"og:locale\" content=\"es_ES\" \/>\n<meta property=\"og:type\" content=\"article\" \/>\n<meta property=\"og:title\" content=\"ASAJA PIDE A LA COMISI\u00d3N Y AL CONSEJO QUE RESPETEN LA VOLUNTAD DEL PARLAMENTO EUROPEO Y NO ACTIVEN PROVISIONALMENTE EL ACUERDO UE-MERCOSUR - ASAJA Soria\" \/>\n<meta property=\"og:description\" content=\"La organizaci\u00f3n reclama esperar al dictamen del Tribunal de Justicia de la UE ante las dudas jur\u00eddicas y pol\u00edticas existentes y pone en valor la unidad y\" \/>\n<meta property=\"og:url\" content=\"https:\/\/www.asajacyl.com\/soria\/asaja-soria-informa\/asaja-pide-a-la-comision-y-al-consejo-que-respeten-la-voluntad-del-parlamento-europeo-y-no-activen-provisionalmente-el-acuerdo-ue-mercosur\" \/>\n<meta property=\"og:site_name\" content=\"ASAJA Soria\" \/>\n<meta property=\"article:published_time\" content=\"2026-02-03T12:39:36+00:00\" \/>\n<meta property=\"article:modified_time\" content=\"2026-02-03T12:39:38+00:00\" \/>\n<meta property=\"og:image\" content=\"https:\/\/www.asajacyl.com\/soria\/wp-content\/uploads\/sites\/9\/2025\/12\/IMG_9256-1.jpg\" \/>\n\t<meta property=\"og:image:width\" content=\"2016\" \/>\n\t<meta property=\"og:image:height\" content=\"1512\" \/>\n\t<meta property=\"og:image:type\" content=\"image\/jpeg\" \/>\n<meta name=\"author\" content=\"Juan Ignacio Prieto Nieto\" \/>\n<meta name=\"twitter:card\" content=\"summary_large_image\" \/>\n<meta name=\"twitter:label1\" content=\"Escrito por\" \/>\n\t<meta name=\"twitter:data1\" content=\"Juan Ignacio Prieto Nieto\" \/>\n\t<meta name=\"twitter:label2\" content=\"Tiempo de lectura\" \/>\n\t<meta name=\"twitter:data2\" content=\"2 minutos\" \/>\n<script type=\"application\/ld+json\" class=\"yoast-schema-graph\">{\"@context\":\"https:\/\/schema.org\",\"@graph\":[{\"@type\":\"WebPage\",\"@id\":\"https:\/\/www.asajacyl.com\/soria\/asaja-soria-informa\/asaja-pide-a-la-comision-y-al-consejo-que-respeten-la-voluntad-del-parlamento-europeo-y-no-activen-provisionalmente-el-acuerdo-ue-mercosur\",\"url\":\"https:\/\/www.asajacyl.com\/soria\/asaja-soria-informa\/asaja-pide-a-la-comision-y-al-consejo-que-respeten-la-voluntad-del-parlamento-europeo-y-no-activen-provisionalmente-el-acuerdo-ue-mercosur\",\"name\":\"ASAJA PIDE A LA COMISI\u00d3N Y AL CONSEJO QUE RESPETEN LA VOLUNTAD DEL PARLAMENTO EUROPEO Y NO ACTIVEN PROVISIONALMENTE EL ACUERDO UE-MERCOSUR - ASAJA Soria\",\"isPartOf\":{\"@id\":\"https:\/\/www.asajacyl.com\/soria\/#website\"},\"primaryImageOfPage\":{\"@id\":\"https:\/\/www.asajacyl.com\/soria\/asaja-soria-informa\/asaja-pide-a-la-comision-y-al-consejo-que-respeten-la-voluntad-del-parlamento-europeo-y-no-activen-provisionalmente-el-acuerdo-ue-mercosur#primaryimage\"},\"image\":{\"@id\":\"https:\/\/www.asajacyl.com\/soria\/asaja-soria-informa\/asaja-pide-a-la-comision-y-al-consejo-que-respeten-la-voluntad-del-parlamento-europeo-y-no-activen-provisionalmente-el-acuerdo-ue-mercosur#primaryimage\"},\"thumbnailUrl\":\"https:\/\/www.asajacyl.com\/soria\/wp-content\/uploads\/sites\/9\/2025\/12\/IMG_9256-1.jpg\",\"datePublished\":\"2026-02-03T12:39:36+00:00\",\"dateModified\":\"2026-02-03T12:39:38+00:00\",\"author\":{\"@id\":\"https:\/\/www.asajacyl.com\/soria\/#\/schema\/person\/fd3081c40255119ce8133b87e6aedfab\"},\"description\":\"La organizaci\u00f3n reclama esperar al dictamen del Tribunal de Justicia de la UE ante las dudas jur\u00eddicas y pol\u00edticas existentes y pone en valor la unidad y\",\"breadcrumb\":{\"@id\":\"https:\/\/www.asajacyl.com\/soria\/asaja-soria-informa\/asaja-pide-a-la-comision-y-al-consejo-que-respeten-la-voluntad-del-parlamento-europeo-y-no-activen-provisionalmente-el-acuerdo-ue-mercosur#breadcrumb\"},\"inLanguage\":\"es\",\"potentialAction\":[{\"@type\":\"ReadAction\",\"target\":[\"https:\/\/www.asajacyl.com\/soria\/asaja-soria-informa\/asaja-pide-a-la-comision-y-al-consejo-que-respeten-la-voluntad-del-parlamento-europeo-y-no-activen-provisionalmente-el-acuerdo-ue-mercosur\"]}]},{\"@type\":\"ImageObject\",\"inLanguage\":\"es\",\"@id\":\"https:\/\/www.asajacyl.com\/soria\/asaja-soria-informa\/asaja-pide-a-la-comision-y-al-consejo-que-respeten-la-voluntad-del-parlamento-europeo-y-no-activen-provisionalmente-el-acuerdo-ue-mercosur#primaryimage\",\"url\":\"https:\/\/www.asajacyl.com\/soria\/wp-content\/uploads\/sites\/9\/2025\/12\/IMG_9256-1.jpg\",\"contentUrl\":\"https:\/\/www.asajacyl.com\/soria\/wp-content\/uploads\/sites\/9\/2025\/12\/IMG_9256-1.jpg\",\"width\":2016,\"height\":1512},{\"@type\":\"BreadcrumbList\",\"@id\":\"https:\/\/www.asajacyl.com\/soria\/asaja-soria-informa\/asaja-pide-a-la-comision-y-al-consejo-que-respeten-la-voluntad-del-parlamento-europeo-y-no-activen-provisionalmente-el-acuerdo-ue-mercosur#breadcrumb\",\"itemListElement\":[{\"@type\":\"ListItem\",\"position\":1,\"name\":\"Portada\",\"item\":\"https:\/\/www.asajacyl.com\/soria\/\"},{\"@type\":\"ListItem\",\"position\":2,\"name\":\"ASAJA PIDE A LA COMISI\u00d3N Y AL CONSEJO QUE RESPETEN LA VOLUNTAD DEL PARLAMENTO EUROPEO Y NO ACTIVEN PROVISIONALMENTE EL ACUERDO UE-MERCOSUR\"}]},{\"@type\":\"WebSite\",\"@id\":\"https:\/\/www.asajacyl.com\/soria\/#website\",\"url\":\"https:\/\/www.asajacyl.com\/soria\/\",\"name\":\"ASAJA Soria\",\"description\":\"Otro sitio m\u00e1s de Provincias ASAJA Castilla y Le\u00f3n\",\"potentialAction\":[{\"@type\":\"SearchAction\",\"target\":{\"@type\":\"EntryPoint\",\"urlTemplate\":\"https:\/\/www.asajacyl.com\/soria\/?s={search_term_string}\"},\"query-input\":{\"@type\":\"PropertyValueSpecification\",\"valueRequired\":true,\"valueName\":\"search_term_string\"}}],\"inLanguage\":\"es\"},{\"@type\":\"Person\",\"@id\":\"https:\/\/www.asajacyl.com\/soria\/#\/schema\/person\/fd3081c40255119ce8133b87e6aedfab\",\"name\":\"Juan Ignacio Prieto Nieto\",\"image\":{\"@type\":\"ImageObject\",\"inLanguage\":\"es\",\"@id\":\"https:\/\/www.asajacyl.com\/soria\/#\/schema\/person\/image\/\",\"url\":\"https:\/\/secure.gravatar.com\/avatar\/8266b36e4d9001acb4700699a2468dc8?s=96&d=mm&r=g\",\"contentUrl\":\"https:\/\/secure.gravatar.com\/avatar\/8266b36e4d9001acb4700699a2468dc8?s=96&d=mm&r=g\",\"caption\":\"Juan Ignacio Prieto Nieto\"},\"url\":\"https:\/\/www.asajacyl.com\/soria\/author\/juanfranciscoby\"}]}<\/script>\n<!-- \/ Yoast SEO plugin. -->","yoast_head_json":{"title":"ASAJA PIDE A LA COMISI\u00d3N Y AL CONSEJO QUE RESPETEN LA VOLUNTAD DEL PARLAMENTO EUROPEO Y NO ACTIVEN PROVISIONALMENTE EL ACUERDO UE-MERCOSUR - ASAJA Soria","description":"La organizaci\u00f3n reclama esperar al dictamen del Tribunal de Justicia de la UE ante las dudas jur\u00eddicas y pol\u00edticas existentes y pone en valor la unidad y","robots":{"index":"index","follow":"follow","max-snippet":"max-snippet:-1","max-image-preview":"max-image-preview:large","max-video-preview":"max-video-preview:-1"},"canonical":"https:\/\/www.asajacyl.com\/soria\/asaja-soria-informa\/asaja-pide-a-la-comision-y-al-consejo-que-respeten-la-voluntad-del-parlamento-europeo-y-no-activen-provisionalmente-el-acuerdo-ue-mercosur","og_locale":"es_ES","og_type":"article","og_title":"ASAJA PIDE A LA COMISI\u00d3N Y AL CONSEJO QUE RESPETEN LA VOLUNTAD DEL PARLAMENTO EUROPEO Y NO ACTIVEN PROVISIONALMENTE EL ACUERDO UE-MERCOSUR - ASAJA Soria","og_description":"La organizaci\u00f3n reclama esperar al dictamen del Tribunal de Justicia de la UE ante las dudas jur\u00eddicas y pol\u00edticas existentes y pone en valor la unidad y","og_url":"https:\/\/www.asajacyl.com\/soria\/asaja-soria-informa\/asaja-pide-a-la-comision-y-al-consejo-que-respeten-la-voluntad-del-parlamento-europeo-y-no-activen-provisionalmente-el-acuerdo-ue-mercosur","og_site_name":"ASAJA Soria","article_published_time":"2026-02-03T12:39:36+00:00","article_modified_time":"2026-02-03T12:39:38+00:00","og_image":[{"width":2016,"height":1512,"url":"https:\/\/www.asajacyl.com\/soria\/wp-content\/uploads\/sites\/9\/2025\/12\/IMG_9256-1.jpg","type":"image\/jpeg"}],"author":"Juan Ignacio Prieto Nieto","twitter_card":"summary_large_image","twitter_misc":{"Escrito por":"Juan Ignacio Prieto Nieto","Tiempo de lectura":"2 minutos"},"schema":{"@context":"https:\/\/schema.org","@graph":[{"@type":"WebPage","@id":"https:\/\/www.asajacyl.com\/soria\/asaja-soria-informa\/asaja-pide-a-la-comision-y-al-consejo-que-respeten-la-voluntad-del-parlamento-europeo-y-no-activen-provisionalmente-el-acuerdo-ue-mercosur","url":"https:\/\/www.asajacyl.com\/soria\/asaja-soria-informa\/asaja-pide-a-la-comision-y-al-consejo-que-respeten-la-voluntad-del-parlamento-europeo-y-no-activen-provisionalmente-el-acuerdo-ue-mercosur","name":"ASAJA PIDE A LA COMISI\u00d3N Y AL CONSEJO QUE RESPETEN LA VOLUNTAD DEL PARLAMENTO EUROPEO Y NO ACTIVEN PROVISIONALMENTE EL ACUERDO UE-MERCOSUR - ASAJA Soria","isPartOf":{"@id":"https:\/\/www.asajacyl.com\/soria\/#website"},"primaryImageOfPage":{"@id":"https:\/\/www.asajacyl.com\/soria\/asaja-soria-informa\/asaja-pide-a-la-comision-y-al-consejo-que-respeten-la-voluntad-del-parlamento-europeo-y-no-activen-provisionalmente-el-acuerdo-ue-mercosur#primaryimage"},"image":{"@id":"https:\/\/www.asajacyl.com\/soria\/asaja-soria-informa\/asaja-pide-a-la-comision-y-al-consejo-que-respeten-la-voluntad-del-parlamento-europeo-y-no-activen-provisionalmente-el-acuerdo-ue-mercosur#primaryimage"},"thumbnailUrl":"https:\/\/www.asajacyl.com\/soria\/wp-content\/uploads\/sites\/9\/2025\/12\/IMG_9256-1.jpg","datePublished":"2026-02-03T12:39:36+00:00","dateModified":"2026-02-03T12:39:38+00:00","author":{"@id":"https:\/\/www.asajacyl.com\/soria\/#\/schema\/person\/fd3081c40255119ce8133b87e6aedfab"},"description":"La organizaci\u00f3n reclama esperar al dictamen del Tribunal de Justicia de la UE ante las dudas jur\u00eddicas y pol\u00edticas existentes y pone en valor la unidad y","breadcrumb":{"@id":"https:\/\/www.asajacyl.com\/soria\/asaja-soria-informa\/asaja-pide-a-la-comision-y-al-consejo-que-respeten-la-voluntad-del-parlamento-europeo-y-no-activen-provisionalmente-el-acuerdo-ue-mercosur#breadcrumb"},"inLanguage":"es","potentialAction":[{"@type":"ReadAction","target":["https:\/\/www.asajacyl.com\/soria\/asaja-soria-informa\/asaja-pide-a-la-comision-y-al-consejo-que-respeten-la-voluntad-del-parlamento-europeo-y-no-activen-provisionalmente-el-acuerdo-ue-mercosur"]}]},{"@type":"ImageObject","inLanguage":"es","@id":"https:\/\/www.asajacyl.com\/soria\/asaja-soria-informa\/asaja-pide-a-la-comision-y-al-consejo-que-respeten-la-voluntad-del-parlamento-europeo-y-no-activen-provisionalmente-el-acuerdo-ue-mercosur#primaryimage","url":"https:\/\/www.asajacyl.com\/soria\/wp-content\/uploads\/sites\/9\/2025\/12\/IMG_9256-1.jpg","contentUrl":"https:\/\/www.asajacyl.com\/soria\/wp-content\/uploads\/sites\/9\/2025\/12\/IMG_9256-1.jpg","width":2016,"height":1512},{"@type":"BreadcrumbList","@id":"https:\/\/www.asajacyl.com\/soria\/asaja-soria-informa\/asaja-pide-a-la-comision-y-al-consejo-que-respeten-la-voluntad-del-parlamento-europeo-y-no-activen-provisionalmente-el-acuerdo-ue-mercosur#breadcrumb","itemListElement":[{"@type":"ListItem","position":1,"name":"Portada","item":"https:\/\/www.asajacyl.com\/soria\/"},{"@type":"ListItem","position":2,"name":"ASAJA PIDE A LA COMISI\u00d3N Y AL CONSEJO QUE RESPETEN LA VOLUNTAD DEL PARLAMENTO EUROPEO Y NO ACTIVEN PROVISIONALMENTE EL ACUERDO UE-MERCOSUR"}]},{"@type":"WebSite","@id":"https:\/\/www.asajacyl.com\/soria\/#website","url":"https:\/\/www.asajacyl.com\/soria\/","name":"ASAJA Soria","description":"Otro sitio m\u00e1s de Provincias ASAJA Castilla y Le\u00f3n","potentialAction":[{"@type":"SearchAction","target":{"@type":"EntryPoint","urlTemplate":"https:\/\/www.asajacyl.com\/soria\/?s={search_term_string}"},"query-input":{"@type":"PropertyValueSpecification","valueRequired":true,"valueName":"search_term_string"}}],"inLanguage":"es"},{"@type":"Person","@id":"https:\/\/www.asajacyl.com\/soria\/#\/schema\/person\/fd3081c40255119ce8133b87e6aedfab","name":"Juan Ignacio Prieto Nieto","image":{"@type":"ImageObject","inLanguage":"es","@id":"https:\/\/www.asajacyl.com\/soria\/#\/schema\/person\/image\/","url":"https:\/\/secure.gravatar.com\/avatar\/8266b36e4d9001acb4700699a2468dc8?s=96&d=mm&r=g","contentUrl":"https:\/\/secure.gravatar.com\/avatar\/8266b36e4d9001acb4700699a2468dc8?s=96&d=mm&r=g","caption":"Juan Ignacio Prieto Nieto"},"url":"https:\/\/www.asajacyl.com\/soria\/author\/juanfranciscoby"}]}},"_links":{"self":[{"href":"https:\/\/www.asajacyl.com\/soria\/wp-json\/wp\/v2\/posts\/9589"}],"collection":[{"href":"https:\/\/www.asajacyl.com\/soria\/wp-json\/wp\/v2\/posts"}],"about":[{"href":"https:\/\/www.asajacyl.com\/soria\/wp-json\/wp\/v2\/types\/post"}],"author":[{"embeddable":true,"href":"https:\/\/www.asajacyl.com\/soria\/wp-json\/wp\/v2\/users\/12"}],"replies":[{"embeddable":true,"href":"https:\/\/www.asajacyl.com\/soria\/wp-json\/wp\/v2\/comments?post=9589"}],"version-history":[{"count":1,"href":"https:\/\/www.asajacyl.com\/soria\/wp-json\/wp\/v2\/posts\/9589\/revisions"}],"predecessor-version":[{"id":9590,"href":"https:\/\/www.asajacyl.com\/soria\/wp-json\/wp\/v2\/posts\/9589\/revisions\/9590"}],"wp:featuredmedia":[{"embeddable":true,"href":"https:\/\/www.asajacyl.com\/soria\/wp-json\/wp\/v2\/media\/9512"}],"wp:attachment":[{"href":"https:\/\/www.asajacyl.com\/soria\/wp-json\/wp\/v2\/media?parent=9589"}],"wp:term":[{"taxonomy":"category","embeddable":true,"href":"https:\/\/www.asajacyl.com\/soria\/wp-json\/wp\/v2\/categories?post=9589"},{"taxonomy":"post_tag","embeddable":true,"href":"https:\/\/www.asajacyl.com\/soria\/wp-json\/wp\/v2\/tags?post=9589"}],"curies":[{"name":"wp","href":"https:\/\/api.w.org\/{rel}","templated":true}]}}