{"id":9594,"date":"2026-01-23T14:26:26","date_gmt":"2026-01-23T13:26:26","guid":{"rendered":"https:\/\/www.asajacyl.com\/soria\/?p=9594"},"modified":"2026-01-23T14:26:27","modified_gmt":"2026-01-23T13:26:27","slug":"reunion-con-la-presidenta-de-la-chd-para-tratar-acerca-de-las-actuaciones-de-limpieza-recopiladas-por-asaja-soria","status":"publish","type":"post","link":"https:\/\/www.asajacyl.com\/soria\/asaja-soria-informa\/reunion-con-la-presidenta-de-la-chd-para-tratar-acerca-de-las-actuaciones-de-limpieza-recopiladas-por-asaja-soria","title":{"rendered":"Reuni\u00f3n con la presidenta de la CHD para tratar acerca de las actuaciones de limpieza recopiladas por ASAJA Soria"},"content":{"rendered":"\n<p>Esta ma\u00f1ana ha tenido lugar una reuni\u00f3n entre ASAJA Soria y la Confederaci\u00f3n Hidrogr\u00e1fica del Duero (CHD), en Valladolid, para tratar sobre el informe del conjunto de problemas en cuanto al estado de la red fluvial de la provincia, que la organizaci\u00f3n profesional agraria ya elabor\u00f3 y envi\u00f3 tras reunirse con el subdelegado del Gobierno en Soria, Miguel Latorre, el pasado mes de junio.<\/p>\n<p>El encuentro llega a petici\u00f3n de la presidenta de ASAJA Soria, Ana Pastor, quien en una carta enviada el a\u00f1o pasado a la presidenta de la CHD, Mar\u00eda Jes\u00fas Lafuente, le transmiti\u00f3 la inquietud del sector y puso encima de la mesa aquellos problemas generados para las fincas y cultivos, o de acceso al ganado, que para la OPA pueden ser evitados con las oportunas actuaciones en la red fluvial.<\/p>\n<p>La iniciativa surgi\u00f3 con motivo de los excesos de agua de la primavera pasada, que gener\u00f3 numerosos problemas y perjuicios para el campo, lo que llev\u00f3 a ASAJA a elaborar esa recopilaci\u00f3n junto con sus socios para se\u00f1alar los diversos puntos con problemas. Por eso, ASAJA Soria envi\u00f3 en junio a la CHD el informe de aquellos problemas detectados por sus socios en toda la provincia y que quedaron aglutinados en unas 200 p\u00e1ginas con fotograf\u00edas, detalles de situaci\u00f3n y municipios afectados.<\/p>\n<p>En la reuni\u00f3n de hoy, ASAJA Soria ha pedido a la Confederaci\u00f3n Hidrogr\u00e1fica del Duero que el presupuesto disponible tenga en cuenta aquellas actuaciones demandadas por los socios de ASAJA.<\/p>\n<p>La presidenta de la CHD, que estaba acompa\u00f1ada por el Comisario de Aguas, Alejandro Cozar, ha se\u00f1alado que har\u00eda lo posible, pero que hay que ser conscientes del presupuesto limitado, y m\u00e1s habiendo 83.000 kil\u00f3metros de cauces. Aun as\u00ed, el presupuesto de 2026, y con la reserva de 2027, alcanza los 2 millones.<\/p>\n<p>ASAJA Soria ha hecho hincapi\u00e9 en que en las limpiezas de cauces que no precisen dragados o uso de maquinaria sea suficiente la declaraci\u00f3n responsable para poderlas abordar, tanto desde las corporaciones locales como los propios agricultores; todo ello con diligencia en el procedimiento para agilizar las actuaciones.<\/p>\n<p>En cuanto al establecimiento de bandas de protecci\u00f3n, ASAJA insisti\u00f3 a Lafuente sobre la situaci\u00f3n particular en la cabecera del Duero. La organizaci\u00f3n profesional agraria presentar\u00e1 argumentos y una propuesta para un trato diferencial, aprovechando que se encuentra en fase de anuncio el nuevo Plan Hidrol\u00f3gico. Adem\u00e1s, record\u00f3 que la Uni\u00f3n Europea ya ha puesto encima de la mesa un paquete adicional para el Marco Financiero Plurianual, despu\u00e9s de las protestas del pasado 18 de diciembre en Bruselas con presencia de ASAJA Soria, en el que se recoge una revisi\u00f3n de la directiva de aguas y nitratos. En ese sentido, ASAJA pide que se tenga en cuenta la intenci\u00f3n de la Uni\u00f3n Europea de rebajar la presi\u00f3n regulatoria hacia los agricultores y ganaderos.<\/p>\n<p>Aunque este informe da detalle de problemas puntuales que los socios de ASAJA fueron notificando, con car\u00e1cter general la opa quiere trasladar que ahora m\u00e1s que nunca es necesario el cuidado de la red fluvial deteriorada. Para este cuidado es precisa la limpieza y mantenimiento de los cauces y recuperar su funci\u00f3n canalizadora y evacuadora en toda la provincia. Es crucial que desde la administraci\u00f3n se dote de presupuesto suficiente para, de manera prioritaria, abordar las soluciones t\u00e9cnicas a los problemas detectados en este informe y aquellos otros que se pudieran identificar por parte de los servicios de la administraci\u00f3n auton\u00f3mica, local o del Estado. \u00a0<\/p>\n<p>Asimismo, ASAJA Soria asegur\u00f3 en la reuni\u00f3n, a la que tambi\u00e9n han acudido el vicepresidente, Fernando Borque, y el secretario t\u00e9cnico, Juan Francisco Barcones, que la p\u00e9rdida de funcionalidad de la red fluvial afecta severamente al potencial productivo de las parcelas afectadas, impide o dificulta los trabajos agr\u00edcolas y ganaderos de extensas \u00e1reas y arruina en muchas ocasiones el fruto del esfuerzo de incluso varias generaciones en su mejora y mantenimiento.<\/p>\n<p>Desde ASAJA Soria se agradece el inter\u00e9s de la presidenta de la Confederaci\u00f3n Hidrogr\u00e1fica en recoger estas demandas y espera que puedan ser atendidas.<\/p>\n","protected":false},"excerpt":{"rendered":"<p>Esta ma\u00f1ana ha tenido lugar una reuni\u00f3n entre ASAJA Soria y la Confederaci\u00f3n Hidrogr\u00e1fica del Duero (CHD), en Valladolid, para tratar sobre el informe del conjunto de problemas en cuanto al estado de la red fluvial de la provincia, que la organizaci\u00f3n profesional agraria ya elabor\u00f3 y envi\u00f3 tras reunirse con el subdelegado del Gobierno [&hellip;]<\/p>\n","protected":false},"author":12,"featured_media":9595,"comment_status":"open","ping_status":"open","sticky":false,"template":"","format":"standard","meta":{"footnotes":""},"categories":[10,25],"tags":[],"yoast_head":"<!-- This site is optimized with the Yoast SEO plugin v24.5 - https:\/\/yoast.com\/wordpress\/plugins\/seo\/ -->\n<title>Reuni\u00f3n con la presidenta de la CHD para tratar acerca de las actuaciones de limpieza recopiladas por ASAJA Soria - ASAJA Soria<\/title>\n<meta name=\"description\" content=\"Esta ma\u00f1ana ha tenido lugar una reuni\u00f3n entre ASAJA Soria y la Confederaci\u00f3n Hidrogr\u00e1fica del Duero (CHD), en Valladolid, para tratar sobre el informe del\" \/>\n<meta name=\"robots\" content=\"index, follow, max-snippet:-1, max-image-preview:large, max-video-preview:-1\" \/>\n<link rel=\"canonical\" href=\"https:\/\/www.asajacyl.com\/soria\/asaja-soria-informa\/reunion-con-la-presidenta-de-la-chd-para-tratar-acerca-de-las-actuaciones-de-limpieza-recopiladas-por-asaja-soria\" \/>\n<meta property=\"og:locale\" content=\"es_ES\" \/>\n<meta property=\"og:type\" content=\"article\" \/>\n<meta property=\"og:title\" content=\"Reuni\u00f3n con la presidenta de la CHD para tratar acerca de las actuaciones de limpieza recopiladas por ASAJA Soria - ASAJA Soria\" \/>\n<meta property=\"og:description\" content=\"Esta ma\u00f1ana ha tenido lugar una reuni\u00f3n entre ASAJA Soria y la Confederaci\u00f3n Hidrogr\u00e1fica del Duero (CHD), en Valladolid, para tratar sobre el informe del\" \/>\n<meta property=\"og:url\" content=\"https:\/\/www.asajacyl.com\/soria\/asaja-soria-informa\/reunion-con-la-presidenta-de-la-chd-para-tratar-acerca-de-las-actuaciones-de-limpieza-recopiladas-por-asaja-soria\" \/>\n<meta property=\"og:site_name\" content=\"ASAJA Soria\" \/>\n<meta property=\"article:published_time\" content=\"2026-01-23T13:26:26+00:00\" \/>\n<meta property=\"article:modified_time\" content=\"2026-01-23T13:26:27+00:00\" \/>\n<meta property=\"og:image\" content=\"https:\/\/www.asajacyl.com\/soria\/wp-content\/uploads\/sites\/9\/2026\/01\/977f2633-48c9-442f-8a63-b7145cd472be.jpg\" \/>\n\t<meta property=\"og:image:width\" content=\"2048\" \/>\n\t<meta property=\"og:image:height\" content=\"1536\" \/>\n\t<meta property=\"og:image:type\" content=\"image\/jpeg\" \/>\n<meta name=\"author\" content=\"Juan Ignacio Prieto Nieto\" \/>\n<meta name=\"twitter:card\" content=\"summary_large_image\" \/>\n<meta name=\"twitter:label1\" content=\"Escrito por\" \/>\n\t<meta name=\"twitter:data1\" content=\"Juan Ignacio Prieto Nieto\" \/>\n\t<meta name=\"twitter:label2\" content=\"Tiempo de lectura\" \/>\n\t<meta name=\"twitter:data2\" content=\"4 minutos\" \/>\n<script type=\"application\/ld+json\" class=\"yoast-schema-graph\">{\"@context\":\"https:\/\/schema.org\",\"@graph\":[{\"@type\":\"WebPage\",\"@id\":\"https:\/\/www.asajacyl.com\/soria\/asaja-soria-informa\/reunion-con-la-presidenta-de-la-chd-para-tratar-acerca-de-las-actuaciones-de-limpieza-recopiladas-por-asaja-soria\",\"url\":\"https:\/\/www.asajacyl.com\/soria\/asaja-soria-informa\/reunion-con-la-presidenta-de-la-chd-para-tratar-acerca-de-las-actuaciones-de-limpieza-recopiladas-por-asaja-soria\",\"name\":\"Reuni\u00f3n con la presidenta de la CHD para tratar acerca de las actuaciones de limpieza recopiladas por ASAJA Soria - ASAJA Soria\",\"isPartOf\":{\"@id\":\"https:\/\/www.asajacyl.com\/soria\/#website\"},\"primaryImageOfPage\":{\"@id\":\"https:\/\/www.asajacyl.com\/soria\/asaja-soria-informa\/reunion-con-la-presidenta-de-la-chd-para-tratar-acerca-de-las-actuaciones-de-limpieza-recopiladas-por-asaja-soria#primaryimage\"},\"image\":{\"@id\":\"https:\/\/www.asajacyl.com\/soria\/asaja-soria-informa\/reunion-con-la-presidenta-de-la-chd-para-tratar-acerca-de-las-actuaciones-de-limpieza-recopiladas-por-asaja-soria#primaryimage\"},\"thumbnailUrl\":\"https:\/\/www.asajacyl.com\/soria\/wp-content\/uploads\/sites\/9\/2026\/01\/977f2633-48c9-442f-8a63-b7145cd472be.jpg\",\"datePublished\":\"2026-01-23T13:26:26+00:00\",\"dateModified\":\"2026-01-23T13:26:27+00:00\",\"author\":{\"@id\":\"https:\/\/www.asajacyl.com\/soria\/#\/schema\/person\/fd3081c40255119ce8133b87e6aedfab\"},\"description\":\"Esta ma\u00f1ana ha tenido lugar una reuni\u00f3n entre ASAJA Soria y la Confederaci\u00f3n Hidrogr\u00e1fica del Duero (CHD), en Valladolid, para tratar sobre el informe del\",\"breadcrumb\":{\"@id\":\"https:\/\/www.asajacyl.com\/soria\/asaja-soria-informa\/reunion-con-la-presidenta-de-la-chd-para-tratar-acerca-de-las-actuaciones-de-limpieza-recopiladas-por-asaja-soria#breadcrumb\"},\"inLanguage\":\"es\",\"potentialAction\":[{\"@type\":\"ReadAction\",\"target\":[\"https:\/\/www.asajacyl.com\/soria\/asaja-soria-informa\/reunion-con-la-presidenta-de-la-chd-para-tratar-acerca-de-las-actuaciones-de-limpieza-recopiladas-por-asaja-soria\"]}]},{\"@type\":\"ImageObject\",\"inLanguage\":\"es\",\"@id\":\"https:\/\/www.asajacyl.com\/soria\/asaja-soria-informa\/reunion-con-la-presidenta-de-la-chd-para-tratar-acerca-de-las-actuaciones-de-limpieza-recopiladas-por-asaja-soria#primaryimage\",\"url\":\"https:\/\/www.asajacyl.com\/soria\/wp-content\/uploads\/sites\/9\/2026\/01\/977f2633-48c9-442f-8a63-b7145cd472be.jpg\",\"contentUrl\":\"https:\/\/www.asajacyl.com\/soria\/wp-content\/uploads\/sites\/9\/2026\/01\/977f2633-48c9-442f-8a63-b7145cd472be.jpg\",\"width\":2048,\"height\":1536},{\"@type\":\"BreadcrumbList\",\"@id\":\"https:\/\/www.asajacyl.com\/soria\/asaja-soria-informa\/reunion-con-la-presidenta-de-la-chd-para-tratar-acerca-de-las-actuaciones-de-limpieza-recopiladas-por-asaja-soria#breadcrumb\",\"itemListElement\":[{\"@type\":\"ListItem\",\"position\":1,\"name\":\"Portada\",\"item\":\"https:\/\/www.asajacyl.com\/soria\/\"},{\"@type\":\"ListItem\",\"position\":2,\"name\":\"Reuni\u00f3n con la presidenta de la CHD para tratar acerca de las actuaciones de limpieza recopiladas por ASAJA Soria\"}]},{\"@type\":\"WebSite\",\"@id\":\"https:\/\/www.asajacyl.com\/soria\/#website\",\"url\":\"https:\/\/www.asajacyl.com\/soria\/\",\"name\":\"ASAJA Soria\",\"description\":\"Otro sitio m\u00e1s de Provincias ASAJA Castilla y Le\u00f3n\",\"potentialAction\":[{\"@type\":\"SearchAction\",\"target\":{\"@type\":\"EntryPoint\",\"urlTemplate\":\"https:\/\/www.asajacyl.com\/soria\/?s={search_term_string}\"},\"query-input\":{\"@type\":\"PropertyValueSpecification\",\"valueRequired\":true,\"valueName\":\"search_term_string\"}}],\"inLanguage\":\"es\"},{\"@type\":\"Person\",\"@id\":\"https:\/\/www.asajacyl.com\/soria\/#\/schema\/person\/fd3081c40255119ce8133b87e6aedfab\",\"name\":\"Juan Ignacio Prieto Nieto\",\"image\":{\"@type\":\"ImageObject\",\"inLanguage\":\"es\",\"@id\":\"https:\/\/www.asajacyl.com\/soria\/#\/schema\/person\/image\/\",\"url\":\"https:\/\/secure.gravatar.com\/avatar\/8266b36e4d9001acb4700699a2468dc8?s=96&d=mm&r=g\",\"contentUrl\":\"https:\/\/secure.gravatar.com\/avatar\/8266b36e4d9001acb4700699a2468dc8?s=96&d=mm&r=g\",\"caption\":\"Juan Ignacio Prieto Nieto\"},\"url\":\"https:\/\/www.asajacyl.com\/soria\/author\/juanfranciscoby\"}]}<\/script>\n<!-- \/ Yoast SEO plugin. -->","yoast_head_json":{"title":"Reuni\u00f3n con la presidenta de la CHD para tratar acerca de las actuaciones de limpieza recopiladas por ASAJA Soria - ASAJA Soria","description":"Esta ma\u00f1ana ha tenido lugar una reuni\u00f3n entre ASAJA Soria y la Confederaci\u00f3n Hidrogr\u00e1fica del Duero (CHD), en Valladolid, para tratar sobre el informe del","robots":{"index":"index","follow":"follow","max-snippet":"max-snippet:-1","max-image-preview":"max-image-preview:large","max-video-preview":"max-video-preview:-1"},"canonical":"https:\/\/www.asajacyl.com\/soria\/asaja-soria-informa\/reunion-con-la-presidenta-de-la-chd-para-tratar-acerca-de-las-actuaciones-de-limpieza-recopiladas-por-asaja-soria","og_locale":"es_ES","og_type":"article","og_title":"Reuni\u00f3n con la presidenta de la CHD para tratar acerca de las actuaciones de limpieza recopiladas por ASAJA Soria - ASAJA Soria","og_description":"Esta ma\u00f1ana ha tenido lugar una reuni\u00f3n entre ASAJA Soria y la Confederaci\u00f3n Hidrogr\u00e1fica del Duero (CHD), en Valladolid, para tratar sobre el informe del","og_url":"https:\/\/www.asajacyl.com\/soria\/asaja-soria-informa\/reunion-con-la-presidenta-de-la-chd-para-tratar-acerca-de-las-actuaciones-de-limpieza-recopiladas-por-asaja-soria","og_site_name":"ASAJA Soria","article_published_time":"2026-01-23T13:26:26+00:00","article_modified_time":"2026-01-23T13:26:27+00:00","og_image":[{"width":2048,"height":1536,"url":"https:\/\/www.asajacyl.com\/soria\/wp-content\/uploads\/sites\/9\/2026\/01\/977f2633-48c9-442f-8a63-b7145cd472be.jpg","type":"image\/jpeg"}],"author":"Juan Ignacio Prieto Nieto","twitter_card":"summary_large_image","twitter_misc":{"Escrito por":"Juan Ignacio Prieto Nieto","Tiempo de lectura":"4 minutos"},"schema":{"@context":"https:\/\/schema.org","@graph":[{"@type":"WebPage","@id":"https:\/\/www.asajacyl.com\/soria\/asaja-soria-informa\/reunion-con-la-presidenta-de-la-chd-para-tratar-acerca-de-las-actuaciones-de-limpieza-recopiladas-por-asaja-soria","url":"https:\/\/www.asajacyl.com\/soria\/asaja-soria-informa\/reunion-con-la-presidenta-de-la-chd-para-tratar-acerca-de-las-actuaciones-de-limpieza-recopiladas-por-asaja-soria","name":"Reuni\u00f3n con la presidenta de la CHD para tratar acerca de las actuaciones de limpieza recopiladas por ASAJA Soria - ASAJA Soria","isPartOf":{"@id":"https:\/\/www.asajacyl.com\/soria\/#website"},"primaryImageOfPage":{"@id":"https:\/\/www.asajacyl.com\/soria\/asaja-soria-informa\/reunion-con-la-presidenta-de-la-chd-para-tratar-acerca-de-las-actuaciones-de-limpieza-recopiladas-por-asaja-soria#primaryimage"},"image":{"@id":"https:\/\/www.asajacyl.com\/soria\/asaja-soria-informa\/reunion-con-la-presidenta-de-la-chd-para-tratar-acerca-de-las-actuaciones-de-limpieza-recopiladas-por-asaja-soria#primaryimage"},"thumbnailUrl":"https:\/\/www.asajacyl.com\/soria\/wp-content\/uploads\/sites\/9\/2026\/01\/977f2633-48c9-442f-8a63-b7145cd472be.jpg","datePublished":"2026-01-23T13:26:26+00:00","dateModified":"2026-01-23T13:26:27+00:00","author":{"@id":"https:\/\/www.asajacyl.com\/soria\/#\/schema\/person\/fd3081c40255119ce8133b87e6aedfab"},"description":"Esta ma\u00f1ana ha tenido lugar una reuni\u00f3n entre ASAJA Soria y la Confederaci\u00f3n Hidrogr\u00e1fica del Duero (CHD), en Valladolid, para tratar sobre el informe del","breadcrumb":{"@id":"https:\/\/www.asajacyl.com\/soria\/asaja-soria-informa\/reunion-con-la-presidenta-de-la-chd-para-tratar-acerca-de-las-actuaciones-de-limpieza-recopiladas-por-asaja-soria#breadcrumb"},"inLanguage":"es","potentialAction":[{"@type":"ReadAction","target":["https:\/\/www.asajacyl.com\/soria\/asaja-soria-informa\/reunion-con-la-presidenta-de-la-chd-para-tratar-acerca-de-las-actuaciones-de-limpieza-recopiladas-por-asaja-soria"]}]},{"@type":"ImageObject","inLanguage":"es","@id":"https:\/\/www.asajacyl.com\/soria\/asaja-soria-informa\/reunion-con-la-presidenta-de-la-chd-para-tratar-acerca-de-las-actuaciones-de-limpieza-recopiladas-por-asaja-soria#primaryimage","url":"https:\/\/www.asajacyl.com\/soria\/wp-content\/uploads\/sites\/9\/2026\/01\/977f2633-48c9-442f-8a63-b7145cd472be.jpg","contentUrl":"https:\/\/www.asajacyl.com\/soria\/wp-content\/uploads\/sites\/9\/2026\/01\/977f2633-48c9-442f-8a63-b7145cd472be.jpg","width":2048,"height":1536},{"@type":"BreadcrumbList","@id":"https:\/\/www.asajacyl.com\/soria\/asaja-soria-informa\/reunion-con-la-presidenta-de-la-chd-para-tratar-acerca-de-las-actuaciones-de-limpieza-recopiladas-por-asaja-soria#breadcrumb","itemListElement":[{"@type":"ListItem","position":1,"name":"Portada","item":"https:\/\/www.asajacyl.com\/soria\/"},{"@type":"ListItem","position":2,"name":"Reuni\u00f3n con la presidenta de la CHD para tratar acerca de las actuaciones de limpieza recopiladas por ASAJA Soria"}]},{"@type":"WebSite","@id":"https:\/\/www.asajacyl.com\/soria\/#website","url":"https:\/\/www.asajacyl.com\/soria\/","name":"ASAJA Soria","description":"Otro sitio m\u00e1s de Provincias ASAJA Castilla y Le\u00f3n","potentialAction":[{"@type":"SearchAction","target":{"@type":"EntryPoint","urlTemplate":"https:\/\/www.asajacyl.com\/soria\/?s={search_term_string}"},"query-input":{"@type":"PropertyValueSpecification","valueRequired":true,"valueName":"search_term_string"}}],"inLanguage":"es"},{"@type":"Person","@id":"https:\/\/www.asajacyl.com\/soria\/#\/schema\/person\/fd3081c40255119ce8133b87e6aedfab","name":"Juan Ignacio Prieto Nieto","image":{"@type":"ImageObject","inLanguage":"es","@id":"https:\/\/www.asajacyl.com\/soria\/#\/schema\/person\/image\/","url":"https:\/\/secure.gravatar.com\/avatar\/8266b36e4d9001acb4700699a2468dc8?s=96&d=mm&r=g","contentUrl":"https:\/\/secure.gravatar.com\/avatar\/8266b36e4d9001acb4700699a2468dc8?s=96&d=mm&r=g","caption":"Juan Ignacio Prieto Nieto"},"url":"https:\/\/www.asajacyl.com\/soria\/author\/juanfranciscoby"}]}},"_links":{"self":[{"href":"https:\/\/www.asajacyl.com\/soria\/wp-json\/wp\/v2\/posts\/9594"}],"collection":[{"href":"https:\/\/www.asajacyl.com\/soria\/wp-json\/wp\/v2\/posts"}],"about":[{"href":"https:\/\/www.asajacyl.com\/soria\/wp-json\/wp\/v2\/types\/post"}],"author":[{"embeddable":true,"href":"https:\/\/www.asajacyl.com\/soria\/wp-json\/wp\/v2\/users\/12"}],"replies":[{"embeddable":true,"href":"https:\/\/www.asajacyl.com\/soria\/wp-json\/wp\/v2\/comments?post=9594"}],"version-history":[{"count":1,"href":"https:\/\/www.asajacyl.com\/soria\/wp-json\/wp\/v2\/posts\/9594\/revisions"}],"predecessor-version":[{"id":9596,"href":"https:\/\/www.asajacyl.com\/soria\/wp-json\/wp\/v2\/posts\/9594\/revisions\/9596"}],"wp:featuredmedia":[{"embeddable":true,"href":"https:\/\/www.asajacyl.com\/soria\/wp-json\/wp\/v2\/media\/9595"}],"wp:attachment":[{"href":"https:\/\/www.asajacyl.com\/soria\/wp-json\/wp\/v2\/media?parent=9594"}],"wp:term":[{"taxonomy":"category","embeddable":true,"href":"https:\/\/www.asajacyl.com\/soria\/wp-json\/wp\/v2\/categories?post=9594"},{"taxonomy":"post_tag","embeddable":true,"href":"https:\/\/www.asajacyl.com\/soria\/wp-json\/wp\/v2\/tags?post=9594"}],"curies":[{"name":"wp","href":"https:\/\/api.w.org\/{rel}","templated":true}]}}