{"id":9598,"date":"2026-01-26T11:49:18","date_gmt":"2026-01-26T10:49:18","guid":{"rendered":"https:\/\/www.asajacyl.com\/soria\/?p=9598"},"modified":"2026-01-26T12:38:01","modified_gmt":"2026-01-26T11:38:01","slug":"asaja-soria-el-acuerdo-con-estados-unidos-es-humillante-y-vergonzoso","status":"publish","type":"post","link":"https:\/\/www.asajacyl.com\/soria\/asaja-soria-informa\/asaja-soria-el-acuerdo-con-estados-unidos-es-humillante-y-vergonzoso","title":{"rendered":"ASAJA Soria: \u201cEl acuerdo con Estados Unidos es humillante y vergonzoso\u201d"},"content":{"rendered":"\n<h2><em>La organizaci\u00f3n profesional agraria no quiere poner solamente el foco en Mercosur y <\/em><em>rechaza frontalmente la aberraci\u00f3n arancelaria consentida a Donald Trump<\/em><\/h2>\n<p>El acuerdo comercial alcanzado entre la Uni\u00f3n Europea y Estados Unidos en 2025, con incidencia para 2026, ha establecido un arancel del 15% sobre la mayor\u00eda de las exportaciones agroalimentarias. ASAJA Soria no quiere resignarse a que las exportaciones de productos como el vino de la Ribera del Duero de Soria a Estados Unidos est\u00e9n penalizadas con un arancel del 15%, mientras que los vinos procedentes de California lleguen al 0%. Por no hablar del trigo estadounidense que llega a los puertos espa\u00f1oles al 0 %, como el ucraniano.<\/p>\n<p>Es una imposici\u00f3n de Estados Unidos que rompe con el equilibrio del libre comercio y que para ASAJA Soria es humillante y vergonzosa. El regreso de Donald Trump a la Casa Blanca ya est\u00e1 teniendo un impacto claramente negativo para el sector agrario europeo, y en especial para el espa\u00f1ol, en una doble vertiente. Por un lado, su estrategia de priorizar el gasto en Defensa ha forzado a la Uni\u00f3n Europea a reajustar sus prioridades presupuestarias. Como consecuencia directa, se prev\u00e9n recortes sin precedentes en la Pol\u00edtica Agraria Com\u00fan (PAC) a partir de 2027, afectando gravemente a los pagos directos que reciben miles de agricultores.<\/p>\n<p>Por otro lado, la imposici\u00f3n de esos nuevos aranceles del 15% por parte de EE. UU., sin reciprocidad, va a golpear de lleno a las exportaciones agr\u00edcolas, encareciendo la salida de productos nacionales. Esta doble presi\u00f3n -menos PAC y m\u00e1s barreras comerciales- implica una p\u00e9rdida de la competitividad del sector y deja al campo europeo en una situaci\u00f3n de creciente vulnerabilidad frente a mercados exteriores.<\/p>\n<p>ASAJA Soria tambi\u00e9n denuncia que no haya un informe jur\u00eddico respecto a este acuerdo, como s\u00ed lo hay con Mercosur, y a la vez pide una Europa que defienda a sus productores, que apueste por la soberan\u00eda alimentaria y que no sacrifique la agricultura en nombre de equilibrios geopol\u00edticos o pactos comerciales poco transparentes y apresurados. El momento exige valent\u00eda pol\u00edtica, una revisi\u00f3n urgente de los acuerdos comerciales que se firman con terceros pa\u00edses, exigir la reciprocidad y unas mismas reglas para las importaciones.<\/p>\n<p>Ante la posibilidad del anuncio por parte de la UE de una revisi\u00f3n del acuerdo alcanzado en 2025 con EE.UU., tras los \u00faltimos acontecimientos derivados del encontronazo diplom\u00e1tico respecto a la soberan\u00eda de Groenlandia con amenaza de m\u00e1s aranceles por parte de Trump, ASAJA Soria -como ya hizo en su momento- sigue rechazando frontalmente el pacto en estas condiciones.<\/p>\n<p>ASAJA plantea la necesidad de medidas de protecci\u00f3n para el sector agrario, como compensaciones econ\u00f3micas de las instituciones europeas y la autorizaci\u00f3n para que los Estados miembros otorguen ayudas estatales a sectores sensibles afectados por los aranceles, a la vez que recuerda que mientras los productos europeos ven encarecerse sus exportaciones, los procedentes de otros pa\u00edses como Estados Unidos salen ganando en esta la guerra comercial en la que el sector agrario\u00a0y la ciudadan\u00eda en general son los grandes perdedores.<\/p>\n","protected":false},"excerpt":{"rendered":"<p>La organizaci\u00f3n profesional agraria no quiere poner solamente el foco en Mercosur y rechaza frontalmente la aberraci\u00f3n arancelaria consentida a Donald Trump El acuerdo comercial alcanzado entre la Uni\u00f3n Europea y Estados Unidos en 2025, con incidencia para 2026, ha establecido un arancel del 15% sobre la mayor\u00eda de las exportaciones agroalimentarias. ASAJA Soria no [&hellip;]<\/p>\n","protected":false},"author":12,"featured_media":9599,"comment_status":"open","ping_status":"open","sticky":false,"template":"","format":"standard","meta":{"footnotes":""},"categories":[10,25],"tags":[],"yoast_head":"<!-- This site is optimized with the Yoast SEO plugin v24.5 - https:\/\/yoast.com\/wordpress\/plugins\/seo\/ -->\n<title>ASAJA Soria: \u201cEl acuerdo con Estados Unidos es humillante y vergonzoso\u201d - ASAJA Soria<\/title>\n<meta name=\"description\" content=\"La organizaci\u00f3n profesional agraria no quiere poner solamente el foco en Mercosur y rechaza frontalmente la aberraci\u00f3n arancelaria consentida a Donald\" \/>\n<meta name=\"robots\" content=\"index, follow, max-snippet:-1, max-image-preview:large, max-video-preview:-1\" \/>\n<link rel=\"canonical\" href=\"https:\/\/www.asajacyl.com\/soria\/asaja-soria-informa\/asaja-soria-el-acuerdo-con-estados-unidos-es-humillante-y-vergonzoso\" \/>\n<meta property=\"og:locale\" content=\"es_ES\" \/>\n<meta property=\"og:type\" content=\"article\" \/>\n<meta property=\"og:title\" content=\"ASAJA Soria: \u201cEl acuerdo con Estados Unidos es humillante y vergonzoso\u201d - ASAJA Soria\" \/>\n<meta property=\"og:description\" content=\"La organizaci\u00f3n profesional agraria no quiere poner solamente el foco en Mercosur y rechaza frontalmente la aberraci\u00f3n arancelaria consentida a Donald\" \/>\n<meta property=\"og:url\" content=\"https:\/\/www.asajacyl.com\/soria\/asaja-soria-informa\/asaja-soria-el-acuerdo-con-estados-unidos-es-humillante-y-vergonzoso\" \/>\n<meta property=\"og:site_name\" content=\"ASAJA Soria\" \/>\n<meta property=\"article:published_time\" content=\"2026-01-26T10:49:18+00:00\" \/>\n<meta property=\"article:modified_time\" content=\"2026-01-26T11:38:01+00:00\" \/>\n<meta property=\"og:image\" content=\"https:\/\/www.asajacyl.com\/soria\/wp-content\/uploads\/sites\/9\/2026\/01\/eeuuuemagen1.jpg\" \/>\n\t<meta property=\"og:image:width\" content=\"567\" \/>\n\t<meta property=\"og:image:height\" content=\"394\" \/>\n\t<meta property=\"og:image:type\" content=\"image\/jpeg\" \/>\n<meta name=\"author\" content=\"Juan Ignacio Prieto Nieto\" \/>\n<meta name=\"twitter:card\" content=\"summary_large_image\" \/>\n<meta name=\"twitter:label1\" content=\"Escrito por\" \/>\n\t<meta name=\"twitter:data1\" content=\"Juan Ignacio Prieto Nieto\" \/>\n\t<meta name=\"twitter:label2\" content=\"Tiempo de lectura\" \/>\n\t<meta name=\"twitter:data2\" content=\"3 minutos\" \/>\n<script type=\"application\/ld+json\" class=\"yoast-schema-graph\">{\"@context\":\"https:\/\/schema.org\",\"@graph\":[{\"@type\":\"WebPage\",\"@id\":\"https:\/\/www.asajacyl.com\/soria\/asaja-soria-informa\/asaja-soria-el-acuerdo-con-estados-unidos-es-humillante-y-vergonzoso\",\"url\":\"https:\/\/www.asajacyl.com\/soria\/asaja-soria-informa\/asaja-soria-el-acuerdo-con-estados-unidos-es-humillante-y-vergonzoso\",\"name\":\"ASAJA Soria: \u201cEl acuerdo con Estados Unidos es humillante y vergonzoso\u201d - ASAJA Soria\",\"isPartOf\":{\"@id\":\"https:\/\/www.asajacyl.com\/soria\/#website\"},\"primaryImageOfPage\":{\"@id\":\"https:\/\/www.asajacyl.com\/soria\/asaja-soria-informa\/asaja-soria-el-acuerdo-con-estados-unidos-es-humillante-y-vergonzoso#primaryimage\"},\"image\":{\"@id\":\"https:\/\/www.asajacyl.com\/soria\/asaja-soria-informa\/asaja-soria-el-acuerdo-con-estados-unidos-es-humillante-y-vergonzoso#primaryimage\"},\"thumbnailUrl\":\"https:\/\/www.asajacyl.com\/soria\/wp-content\/uploads\/sites\/9\/2026\/01\/eeuuuemagen1.jpg\",\"datePublished\":\"2026-01-26T10:49:18+00:00\",\"dateModified\":\"2026-01-26T11:38:01+00:00\",\"author\":{\"@id\":\"https:\/\/www.asajacyl.com\/soria\/#\/schema\/person\/fd3081c40255119ce8133b87e6aedfab\"},\"description\":\"La organizaci\u00f3n profesional agraria no quiere poner solamente el foco en Mercosur y rechaza frontalmente la aberraci\u00f3n arancelaria consentida a Donald\",\"breadcrumb\":{\"@id\":\"https:\/\/www.asajacyl.com\/soria\/asaja-soria-informa\/asaja-soria-el-acuerdo-con-estados-unidos-es-humillante-y-vergonzoso#breadcrumb\"},\"inLanguage\":\"es\",\"potentialAction\":[{\"@type\":\"ReadAction\",\"target\":[\"https:\/\/www.asajacyl.com\/soria\/asaja-soria-informa\/asaja-soria-el-acuerdo-con-estados-unidos-es-humillante-y-vergonzoso\"]}]},{\"@type\":\"ImageObject\",\"inLanguage\":\"es\",\"@id\":\"https:\/\/www.asajacyl.com\/soria\/asaja-soria-informa\/asaja-soria-el-acuerdo-con-estados-unidos-es-humillante-y-vergonzoso#primaryimage\",\"url\":\"https:\/\/www.asajacyl.com\/soria\/wp-content\/uploads\/sites\/9\/2026\/01\/eeuuuemagen1.jpg\",\"contentUrl\":\"https:\/\/www.asajacyl.com\/soria\/wp-content\/uploads\/sites\/9\/2026\/01\/eeuuuemagen1.jpg\",\"width\":567,\"height\":394},{\"@type\":\"BreadcrumbList\",\"@id\":\"https:\/\/www.asajacyl.com\/soria\/asaja-soria-informa\/asaja-soria-el-acuerdo-con-estados-unidos-es-humillante-y-vergonzoso#breadcrumb\",\"itemListElement\":[{\"@type\":\"ListItem\",\"position\":1,\"name\":\"Portada\",\"item\":\"https:\/\/www.asajacyl.com\/soria\/\"},{\"@type\":\"ListItem\",\"position\":2,\"name\":\"ASAJA Soria: \u201cEl acuerdo con Estados Unidos es humillante y vergonzoso\u201d\"}]},{\"@type\":\"WebSite\",\"@id\":\"https:\/\/www.asajacyl.com\/soria\/#website\",\"url\":\"https:\/\/www.asajacyl.com\/soria\/\",\"name\":\"ASAJA Soria\",\"description\":\"Otro sitio m\u00e1s de Provincias ASAJA Castilla y Le\u00f3n\",\"potentialAction\":[{\"@type\":\"SearchAction\",\"target\":{\"@type\":\"EntryPoint\",\"urlTemplate\":\"https:\/\/www.asajacyl.com\/soria\/?s={search_term_string}\"},\"query-input\":{\"@type\":\"PropertyValueSpecification\",\"valueRequired\":true,\"valueName\":\"search_term_string\"}}],\"inLanguage\":\"es\"},{\"@type\":\"Person\",\"@id\":\"https:\/\/www.asajacyl.com\/soria\/#\/schema\/person\/fd3081c40255119ce8133b87e6aedfab\",\"name\":\"Juan Ignacio Prieto Nieto\",\"image\":{\"@type\":\"ImageObject\",\"inLanguage\":\"es\",\"@id\":\"https:\/\/www.asajacyl.com\/soria\/#\/schema\/person\/image\/\",\"url\":\"https:\/\/secure.gravatar.com\/avatar\/8266b36e4d9001acb4700699a2468dc8?s=96&d=mm&r=g\",\"contentUrl\":\"https:\/\/secure.gravatar.com\/avatar\/8266b36e4d9001acb4700699a2468dc8?s=96&d=mm&r=g\",\"caption\":\"Juan Ignacio Prieto Nieto\"},\"url\":\"https:\/\/www.asajacyl.com\/soria\/author\/juanfranciscoby\"}]}<\/script>\n<!-- \/ Yoast SEO plugin. -->","yoast_head_json":{"title":"ASAJA Soria: \u201cEl acuerdo con Estados Unidos es humillante y vergonzoso\u201d - ASAJA Soria","description":"La organizaci\u00f3n profesional agraria no quiere poner solamente el foco en Mercosur y rechaza frontalmente la aberraci\u00f3n arancelaria consentida a Donald","robots":{"index":"index","follow":"follow","max-snippet":"max-snippet:-1","max-image-preview":"max-image-preview:large","max-video-preview":"max-video-preview:-1"},"canonical":"https:\/\/www.asajacyl.com\/soria\/asaja-soria-informa\/asaja-soria-el-acuerdo-con-estados-unidos-es-humillante-y-vergonzoso","og_locale":"es_ES","og_type":"article","og_title":"ASAJA Soria: \u201cEl acuerdo con Estados Unidos es humillante y vergonzoso\u201d - ASAJA Soria","og_description":"La organizaci\u00f3n profesional agraria no quiere poner solamente el foco en Mercosur y rechaza frontalmente la aberraci\u00f3n arancelaria consentida a Donald","og_url":"https:\/\/www.asajacyl.com\/soria\/asaja-soria-informa\/asaja-soria-el-acuerdo-con-estados-unidos-es-humillante-y-vergonzoso","og_site_name":"ASAJA Soria","article_published_time":"2026-01-26T10:49:18+00:00","article_modified_time":"2026-01-26T11:38:01+00:00","og_image":[{"width":567,"height":394,"url":"https:\/\/www.asajacyl.com\/soria\/wp-content\/uploads\/sites\/9\/2026\/01\/eeuuuemagen1.jpg","type":"image\/jpeg"}],"author":"Juan Ignacio Prieto Nieto","twitter_card":"summary_large_image","twitter_misc":{"Escrito por":"Juan Ignacio Prieto Nieto","Tiempo de lectura":"3 minutos"},"schema":{"@context":"https:\/\/schema.org","@graph":[{"@type":"WebPage","@id":"https:\/\/www.asajacyl.com\/soria\/asaja-soria-informa\/asaja-soria-el-acuerdo-con-estados-unidos-es-humillante-y-vergonzoso","url":"https:\/\/www.asajacyl.com\/soria\/asaja-soria-informa\/asaja-soria-el-acuerdo-con-estados-unidos-es-humillante-y-vergonzoso","name":"ASAJA Soria: \u201cEl acuerdo con Estados Unidos es humillante y vergonzoso\u201d - ASAJA Soria","isPartOf":{"@id":"https:\/\/www.asajacyl.com\/soria\/#website"},"primaryImageOfPage":{"@id":"https:\/\/www.asajacyl.com\/soria\/asaja-soria-informa\/asaja-soria-el-acuerdo-con-estados-unidos-es-humillante-y-vergonzoso#primaryimage"},"image":{"@id":"https:\/\/www.asajacyl.com\/soria\/asaja-soria-informa\/asaja-soria-el-acuerdo-con-estados-unidos-es-humillante-y-vergonzoso#primaryimage"},"thumbnailUrl":"https:\/\/www.asajacyl.com\/soria\/wp-content\/uploads\/sites\/9\/2026\/01\/eeuuuemagen1.jpg","datePublished":"2026-01-26T10:49:18+00:00","dateModified":"2026-01-26T11:38:01+00:00","author":{"@id":"https:\/\/www.asajacyl.com\/soria\/#\/schema\/person\/fd3081c40255119ce8133b87e6aedfab"},"description":"La organizaci\u00f3n profesional agraria no quiere poner solamente el foco en Mercosur y rechaza frontalmente la aberraci\u00f3n arancelaria consentida a Donald","breadcrumb":{"@id":"https:\/\/www.asajacyl.com\/soria\/asaja-soria-informa\/asaja-soria-el-acuerdo-con-estados-unidos-es-humillante-y-vergonzoso#breadcrumb"},"inLanguage":"es","potentialAction":[{"@type":"ReadAction","target":["https:\/\/www.asajacyl.com\/soria\/asaja-soria-informa\/asaja-soria-el-acuerdo-con-estados-unidos-es-humillante-y-vergonzoso"]}]},{"@type":"ImageObject","inLanguage":"es","@id":"https:\/\/www.asajacyl.com\/soria\/asaja-soria-informa\/asaja-soria-el-acuerdo-con-estados-unidos-es-humillante-y-vergonzoso#primaryimage","url":"https:\/\/www.asajacyl.com\/soria\/wp-content\/uploads\/sites\/9\/2026\/01\/eeuuuemagen1.jpg","contentUrl":"https:\/\/www.asajacyl.com\/soria\/wp-content\/uploads\/sites\/9\/2026\/01\/eeuuuemagen1.jpg","width":567,"height":394},{"@type":"BreadcrumbList","@id":"https:\/\/www.asajacyl.com\/soria\/asaja-soria-informa\/asaja-soria-el-acuerdo-con-estados-unidos-es-humillante-y-vergonzoso#breadcrumb","itemListElement":[{"@type":"ListItem","position":1,"name":"Portada","item":"https:\/\/www.asajacyl.com\/soria\/"},{"@type":"ListItem","position":2,"name":"ASAJA Soria: \u201cEl acuerdo con Estados Unidos es humillante y vergonzoso\u201d"}]},{"@type":"WebSite","@id":"https:\/\/www.asajacyl.com\/soria\/#website","url":"https:\/\/www.asajacyl.com\/soria\/","name":"ASAJA Soria","description":"Otro sitio m\u00e1s de Provincias ASAJA Castilla y Le\u00f3n","potentialAction":[{"@type":"SearchAction","target":{"@type":"EntryPoint","urlTemplate":"https:\/\/www.asajacyl.com\/soria\/?s={search_term_string}"},"query-input":{"@type":"PropertyValueSpecification","valueRequired":true,"valueName":"search_term_string"}}],"inLanguage":"es"},{"@type":"Person","@id":"https:\/\/www.asajacyl.com\/soria\/#\/schema\/person\/fd3081c40255119ce8133b87e6aedfab","name":"Juan Ignacio Prieto Nieto","image":{"@type":"ImageObject","inLanguage":"es","@id":"https:\/\/www.asajacyl.com\/soria\/#\/schema\/person\/image\/","url":"https:\/\/secure.gravatar.com\/avatar\/8266b36e4d9001acb4700699a2468dc8?s=96&d=mm&r=g","contentUrl":"https:\/\/secure.gravatar.com\/avatar\/8266b36e4d9001acb4700699a2468dc8?s=96&d=mm&r=g","caption":"Juan Ignacio Prieto Nieto"},"url":"https:\/\/www.asajacyl.com\/soria\/author\/juanfranciscoby"}]}},"_links":{"self":[{"href":"https:\/\/www.asajacyl.com\/soria\/wp-json\/wp\/v2\/posts\/9598"}],"collection":[{"href":"https:\/\/www.asajacyl.com\/soria\/wp-json\/wp\/v2\/posts"}],"about":[{"href":"https:\/\/www.asajacyl.com\/soria\/wp-json\/wp\/v2\/types\/post"}],"author":[{"embeddable":true,"href":"https:\/\/www.asajacyl.com\/soria\/wp-json\/wp\/v2\/users\/12"}],"replies":[{"embeddable":true,"href":"https:\/\/www.asajacyl.com\/soria\/wp-json\/wp\/v2\/comments?post=9598"}],"version-history":[{"count":2,"href":"https:\/\/www.asajacyl.com\/soria\/wp-json\/wp\/v2\/posts\/9598\/revisions"}],"predecessor-version":[{"id":9601,"href":"https:\/\/www.asajacyl.com\/soria\/wp-json\/wp\/v2\/posts\/9598\/revisions\/9601"}],"wp:featuredmedia":[{"embeddable":true,"href":"https:\/\/www.asajacyl.com\/soria\/wp-json\/wp\/v2\/media\/9599"}],"wp:attachment":[{"href":"https:\/\/www.asajacyl.com\/soria\/wp-json\/wp\/v2\/media?parent=9598"}],"wp:term":[{"taxonomy":"category","embeddable":true,"href":"https:\/\/www.asajacyl.com\/soria\/wp-json\/wp\/v2\/categories?post=9598"},{"taxonomy":"post_tag","embeddable":true,"href":"https:\/\/www.asajacyl.com\/soria\/wp-json\/wp\/v2\/tags?post=9598"}],"curies":[{"name":"wp","href":"https:\/\/api.w.org\/{rel}","templated":true}]}}