{"id":9611,"date":"2026-02-03T13:36:29","date_gmt":"2026-02-03T12:36:29","guid":{"rendered":"https:\/\/www.asajacyl.com\/soria\/?p=9611"},"modified":"2026-02-05T14:18:40","modified_gmt":"2026-02-05T13:18:40","slug":"el-campo-soriano-clama-bajo-una-incesante-lluvia-nuestra-ruina-sera-vuestra-hambre","status":"publish","type":"post","link":"https:\/\/www.asajacyl.com\/soria\/asaja-soria-informa\/el-campo-soriano-clama-bajo-una-incesante-lluvia-nuestra-ruina-sera-vuestra-hambre","title":{"rendered":"El campo soriano clama bajo una incesante lluvia: \u201cNuestra ruina ser\u00e1 vuestra hambre\u201d"},"content":{"rendered":"\n\n\n<h2><em>ASAJA, junto a otras organizaciones profesionales agrarias convocantes, entreg\u00f3 sendos escritos reivindicativos en la Delegaci\u00f3n Territorial de la Junta y en la Subdelegaci\u00f3n del Gobierno de Espa\u00f1a en una jornada a modo de funeral simb\u00f3lico del agro provincial, tambi\u00e9n con presencia de tractores y con la lectura de un manifiesto en la plaza de Mariano Granados<\/em><\/h2>\n<p>Los agricultores y ganaderos de Soria han salido a la calle este 29 de enero para dejar bien claro que el campo no se vende, que la ruina del sector ser\u00e1 el hambre para todos. La jornada de protesta, en un d\u00eda muy desapacible de lluvia y viento, ha estado caracterizada por la ausencia de siglas para subrayar la importancia de la unidad de acci\u00f3n y de la representaci\u00f3n agraria\u00a0para que las demandas del sector lleguen desde aqu\u00ed a los centros de decisi\u00f3n europeos y puedan traducirse en avances concretos.<\/p>\n<p><img loading=\"lazy\" decoding=\"async\" class=\"aligncenter size-full wp-image-9617\" src=\"https:\/\/www.asajacyl.com\/soria\/wp-content\/uploads\/sites\/9\/2026\/01\/IMG_0019.jpg\" alt=\"\" width=\"1870\" height=\"2500\" srcset=\"https:\/\/www.asajacyl.com\/soria\/wp-content\/uploads\/sites\/9\/2026\/01\/IMG_0019.jpg 1870w, https:\/\/www.asajacyl.com\/soria\/wp-content\/uploads\/sites\/9\/2026\/01\/IMG_0019-224x300.jpg 224w, https:\/\/www.asajacyl.com\/soria\/wp-content\/uploads\/sites\/9\/2026\/01\/IMG_0019-766x1024.jpg 766w, https:\/\/www.asajacyl.com\/soria\/wp-content\/uploads\/sites\/9\/2026\/01\/IMG_0019-768x1027.jpg 768w, https:\/\/www.asajacyl.com\/soria\/wp-content\/uploads\/sites\/9\/2026\/01\/IMG_0019-1149x1536.jpg 1149w, https:\/\/www.asajacyl.com\/soria\/wp-content\/uploads\/sites\/9\/2026\/01\/IMG_0019-1532x2048.jpg 1532w, https:\/\/www.asajacyl.com\/soria\/wp-content\/uploads\/sites\/9\/2026\/01\/IMG_0019-314x420.jpg 314w, https:\/\/www.asajacyl.com\/soria\/wp-content\/uploads\/sites\/9\/2026\/01\/IMG_0019-696x930.jpg 696w, https:\/\/www.asajacyl.com\/soria\/wp-content\/uploads\/sites\/9\/2026\/01\/IMG_0019-1068x1428.jpg 1068w\" sizes=\"(max-width: 1870px) 100vw, 1870px\" \/><\/p>\n<p>La manifestaci\u00f3n arranc\u00f3 al mediod\u00eda por las calles m\u00e1s c\u00e9ntricas de la capital soriana. Los tractores encabezaban la protesta y portaban lemas como \u2018Agur, Mercosur\u2019, \u2018No a todos los acuerdos, con prisas, que venden al campo\u2019, \u2018No al humillante pacto comercial con Estados Unidos en estas condiciones\u2019, \u2018Decisiones pol\u00edticas malas o ausentes. Ruina total y defunci\u00f3n\u2019 o \u2018Los precios del cereal por el suelo y los insumos por el techo\u2019.<\/p>\n<p>Detr\u00e1s de ellos, cuatro profesionales del campo portaron un ata\u00fad donde se pod\u00eda leer \u2018Agricultura y Ganader\u00eda\u2019. Y un poco m\u00e1s atr\u00e1s, se colocaron los varios centenares de personas que respaldaban el lema: \u201cEl campo no se vende. Nuestro fin ser\u00e1 vuestra hambre\u201d.<\/p>\n<p>\u00a0<\/p>\n<p><img loading=\"lazy\" decoding=\"async\" class=\"wp-image-9626 alignnone\" src=\"https:\/\/www.asajacyl.com\/soria\/wp-content\/uploads\/sites\/9\/2026\/01\/IMG_0002.jpg\" alt=\"\" width=\"490\" height=\"368\" srcset=\"https:\/\/www.asajacyl.com\/soria\/wp-content\/uploads\/sites\/9\/2026\/01\/IMG_0002.jpg 2500w, https:\/\/www.asajacyl.com\/soria\/wp-content\/uploads\/sites\/9\/2026\/01\/IMG_0002-300x225.jpg 300w, https:\/\/www.asajacyl.com\/soria\/wp-content\/uploads\/sites\/9\/2026\/01\/IMG_0002-1024x768.jpg 1024w, https:\/\/www.asajacyl.com\/soria\/wp-content\/uploads\/sites\/9\/2026\/01\/IMG_0002-768x576.jpg 768w, https:\/\/www.asajacyl.com\/soria\/wp-content\/uploads\/sites\/9\/2026\/01\/IMG_0002-1536x1152.jpg 1536w, https:\/\/www.asajacyl.com\/soria\/wp-content\/uploads\/sites\/9\/2026\/01\/IMG_0002-2048x1536.jpg 2048w, https:\/\/www.asajacyl.com\/soria\/wp-content\/uploads\/sites\/9\/2026\/01\/IMG_0002-560x420.jpg 560w, https:\/\/www.asajacyl.com\/soria\/wp-content\/uploads\/sites\/9\/2026\/01\/IMG_0002-80x60.jpg 80w, https:\/\/www.asajacyl.com\/soria\/wp-content\/uploads\/sites\/9\/2026\/01\/IMG_0002-696x522.jpg 696w, https:\/\/www.asajacyl.com\/soria\/wp-content\/uploads\/sites\/9\/2026\/01\/IMG_0002-1068x801.jpg 1068w, https:\/\/www.asajacyl.com\/soria\/wp-content\/uploads\/sites\/9\/2026\/01\/IMG_0002-1920x1440.jpg 1920w\" sizes=\"(max-width: 490px) 100vw, 490px\" \/><img loading=\"lazy\" decoding=\"async\" class=\"wp-image-9630 alignnone\" src=\"https:\/\/www.asajacyl.com\/soria\/wp-content\/uploads\/sites\/9\/2026\/01\/IMG_0050.jpg\" alt=\"\" width=\"279\" height=\"374\" srcset=\"https:\/\/www.asajacyl.com\/soria\/wp-content\/uploads\/sites\/9\/2026\/01\/IMG_0050.jpg 1504w, https:\/\/www.asajacyl.com\/soria\/wp-content\/uploads\/sites\/9\/2026\/01\/IMG_0050-224x300.jpg 224w, https:\/\/www.asajacyl.com\/soria\/wp-content\/uploads\/sites\/9\/2026\/01\/IMG_0050-764x1024.jpg 764w, https:\/\/www.asajacyl.com\/soria\/wp-content\/uploads\/sites\/9\/2026\/01\/IMG_0050-768x1029.jpg 768w, https:\/\/www.asajacyl.com\/soria\/wp-content\/uploads\/sites\/9\/2026\/01\/IMG_0050-1146x1536.jpg 1146w, https:\/\/www.asajacyl.com\/soria\/wp-content\/uploads\/sites\/9\/2026\/01\/IMG_0050-313x420.jpg 313w, https:\/\/www.asajacyl.com\/soria\/wp-content\/uploads\/sites\/9\/2026\/01\/IMG_0050-696x933.jpg 696w, https:\/\/www.asajacyl.com\/soria\/wp-content\/uploads\/sites\/9\/2026\/01\/IMG_0050-1068x1432.jpg 1068w\" sizes=\"(max-width: 279px) 100vw, 279px\" \/><\/p>\n<p>A mitad de recorrido, la comitiva f\u00fanebre se detuvo tanto a las puertas de la Delegaci\u00f3n Territorial de la Junta de Castilla y Le\u00f3n como de la Subdelegaci\u00f3n del Gobierno de Espa\u00f1a para hacer llegar a Alfonso Fern\u00e1ndez Ma\u00f1ueco y a Pedro S\u00e1nchez sendos escritos con una serie de reivindicaciones en defensa del campo provincial.<\/p>\n<p><img loading=\"lazy\" decoding=\"async\" class=\"wp-image-9616 alignleft\" src=\"https:\/\/www.asajacyl.com\/soria\/wp-content\/uploads\/sites\/9\/2026\/01\/IMG_0089.jpg\" alt=\"\" width=\"259\" height=\"346\" srcset=\"https:\/\/www.asajacyl.com\/soria\/wp-content\/uploads\/sites\/9\/2026\/01\/IMG_0089.jpg 1870w, https:\/\/www.asajacyl.com\/soria\/wp-content\/uploads\/sites\/9\/2026\/01\/IMG_0089-224x300.jpg 224w, https:\/\/www.asajacyl.com\/soria\/wp-content\/uploads\/sites\/9\/2026\/01\/IMG_0089-766x1024.jpg 766w, https:\/\/www.asajacyl.com\/soria\/wp-content\/uploads\/sites\/9\/2026\/01\/IMG_0089-768x1027.jpg 768w, https:\/\/www.asajacyl.com\/soria\/wp-content\/uploads\/sites\/9\/2026\/01\/IMG_0089-1149x1536.jpg 1149w, https:\/\/www.asajacyl.com\/soria\/wp-content\/uploads\/sites\/9\/2026\/01\/IMG_0089-1532x2048.jpg 1532w, https:\/\/www.asajacyl.com\/soria\/wp-content\/uploads\/sites\/9\/2026\/01\/IMG_0089-314x420.jpg 314w, https:\/\/www.asajacyl.com\/soria\/wp-content\/uploads\/sites\/9\/2026\/01\/IMG_0089-696x930.jpg 696w, https:\/\/www.asajacyl.com\/soria\/wp-content\/uploads\/sites\/9\/2026\/01\/IMG_0089-1068x1428.jpg 1068w\" sizes=\"(max-width: 259px) 100vw, 259px\" \/><\/p>\n<p><img loading=\"lazy\" decoding=\"async\" class=\" wp-image-9615 alignleft\" src=\"https:\/\/www.asajacyl.com\/soria\/wp-content\/uploads\/sites\/9\/2026\/01\/IMG_0080.jpg\" alt=\"\" width=\"265\" height=\"354\" srcset=\"https:\/\/www.asajacyl.com\/soria\/wp-content\/uploads\/sites\/9\/2026\/01\/IMG_0080.jpg 1875w, https:\/\/www.asajacyl.com\/soria\/wp-content\/uploads\/sites\/9\/2026\/01\/IMG_0080-225x300.jpg 225w, https:\/\/www.asajacyl.com\/soria\/wp-content\/uploads\/sites\/9\/2026\/01\/IMG_0080-768x1024.jpg 768w, https:\/\/www.asajacyl.com\/soria\/wp-content\/uploads\/sites\/9\/2026\/01\/IMG_0080-1152x1536.jpg 1152w, https:\/\/www.asajacyl.com\/soria\/wp-content\/uploads\/sites\/9\/2026\/01\/IMG_0080-1536x2048.jpg 1536w, https:\/\/www.asajacyl.com\/soria\/wp-content\/uploads\/sites\/9\/2026\/01\/IMG_0080-315x420.jpg 315w, https:\/\/www.asajacyl.com\/soria\/wp-content\/uploads\/sites\/9\/2026\/01\/IMG_0080-696x928.jpg 696w, https:\/\/www.asajacyl.com\/soria\/wp-content\/uploads\/sites\/9\/2026\/01\/IMG_0080-1068x1424.jpg 1068w\" sizes=\"(max-width: 265px) 100vw, 265px\" \/><\/p>\n<p>\u00a0<\/p>\n<p>\u00a0<\/p>\n<p>\u00a0<\/p>\n<p>\u00a0<\/p>\n<p>\u00a0<\/p>\n<p>\u00a0<\/p>\n<p>\u00a0<\/p>\n<p>\u00a0<\/p>\n<p>\u00a0<\/p>\n<p>\u00a0<\/p>\n<p><img loading=\"lazy\" decoding=\"async\" class=\"wp-image-9618 alignleft\" src=\"https:\/\/www.asajacyl.com\/soria\/wp-content\/uploads\/sites\/9\/2026\/01\/IMG_0152.jpg\" alt=\"\" width=\"249\" height=\"333\" srcset=\"https:\/\/www.asajacyl.com\/soria\/wp-content\/uploads\/sites\/9\/2026\/01\/IMG_0152.jpg 1870w, https:\/\/www.asajacyl.com\/soria\/wp-content\/uploads\/sites\/9\/2026\/01\/IMG_0152-224x300.jpg 224w, https:\/\/www.asajacyl.com\/soria\/wp-content\/uploads\/sites\/9\/2026\/01\/IMG_0152-766x1024.jpg 766w, https:\/\/www.asajacyl.com\/soria\/wp-content\/uploads\/sites\/9\/2026\/01\/IMG_0152-768x1027.jpg 768w, https:\/\/www.asajacyl.com\/soria\/wp-content\/uploads\/sites\/9\/2026\/01\/IMG_0152-1149x1536.jpg 1149w, https:\/\/www.asajacyl.com\/soria\/wp-content\/uploads\/sites\/9\/2026\/01\/IMG_0152-1532x2048.jpg 1532w, https:\/\/www.asajacyl.com\/soria\/wp-content\/uploads\/sites\/9\/2026\/01\/IMG_0152-314x420.jpg 314w, https:\/\/www.asajacyl.com\/soria\/wp-content\/uploads\/sites\/9\/2026\/01\/IMG_0152-696x930.jpg 696w, https:\/\/www.asajacyl.com\/soria\/wp-content\/uploads\/sites\/9\/2026\/01\/IMG_0152-1068x1428.jpg 1068w\" sizes=\"(max-width: 249px) 100vw, 249px\" \/><\/p>\n<p><img loading=\"lazy\" decoding=\"async\" class=\"wp-image-9614 alignnone\" src=\"https:\/\/www.asajacyl.com\/soria\/wp-content\/uploads\/sites\/9\/2026\/01\/IMG_0149.jpg\" alt=\"\" width=\"269\" height=\"359\" srcset=\"https:\/\/www.asajacyl.com\/soria\/wp-content\/uploads\/sites\/9\/2026\/01\/IMG_0149.jpg 1875w, https:\/\/www.asajacyl.com\/soria\/wp-content\/uploads\/sites\/9\/2026\/01\/IMG_0149-225x300.jpg 225w, https:\/\/www.asajacyl.com\/soria\/wp-content\/uploads\/sites\/9\/2026\/01\/IMG_0149-768x1024.jpg 768w, https:\/\/www.asajacyl.com\/soria\/wp-content\/uploads\/sites\/9\/2026\/01\/IMG_0149-1152x1536.jpg 1152w, https:\/\/www.asajacyl.com\/soria\/wp-content\/uploads\/sites\/9\/2026\/01\/IMG_0149-1536x2048.jpg 1536w, https:\/\/www.asajacyl.com\/soria\/wp-content\/uploads\/sites\/9\/2026\/01\/IMG_0149-315x420.jpg 315w, https:\/\/www.asajacyl.com\/soria\/wp-content\/uploads\/sites\/9\/2026\/01\/IMG_0149-696x928.jpg 696w, https:\/\/www.asajacyl.com\/soria\/wp-content\/uploads\/sites\/9\/2026\/01\/IMG_0149-1068x1424.jpg 1068w\" sizes=\"(max-width: 269px) 100vw, 269px\" \/><\/p>\n<p><img loading=\"lazy\" decoding=\"async\" class=\"wp-image-9633 alignleft\" src=\"https:\/\/www.asajacyl.com\/soria\/wp-content\/uploads\/sites\/9\/2026\/01\/ERDR7898.jpg\" alt=\"\" width=\"222\" height=\"166\" srcset=\"https:\/\/www.asajacyl.com\/soria\/wp-content\/uploads\/sites\/9\/2026\/01\/ERDR7898.jpg 2048w, https:\/\/www.asajacyl.com\/soria\/wp-content\/uploads\/sites\/9\/2026\/01\/ERDR7898-300x225.jpg 300w, https:\/\/www.asajacyl.com\/soria\/wp-content\/uploads\/sites\/9\/2026\/01\/ERDR7898-1024x768.jpg 1024w, https:\/\/www.asajacyl.com\/soria\/wp-content\/uploads\/sites\/9\/2026\/01\/ERDR7898-768x576.jpg 768w, https:\/\/www.asajacyl.com\/soria\/wp-content\/uploads\/sites\/9\/2026\/01\/ERDR7898-1536x1152.jpg 1536w, https:\/\/www.asajacyl.com\/soria\/wp-content\/uploads\/sites\/9\/2026\/01\/ERDR7898-696x522.jpg 696w, https:\/\/www.asajacyl.com\/soria\/wp-content\/uploads\/sites\/9\/2026\/01\/ERDR7898-560x420.jpg 560w, https:\/\/www.asajacyl.com\/soria\/wp-content\/uploads\/sites\/9\/2026\/01\/ERDR7898-80x60.jpg 80w, https:\/\/www.asajacyl.com\/soria\/wp-content\/uploads\/sites\/9\/2026\/01\/ERDR7898-485x360.jpg 485w, https:\/\/www.asajacyl.com\/soria\/wp-content\/uploads\/sites\/9\/2026\/01\/ERDR7898-1068x801.jpg 1068w, https:\/\/www.asajacyl.com\/soria\/wp-content\/uploads\/sites\/9\/2026\/01\/ERDR7898-1920x1440.jpg 1920w\" sizes=\"(max-width: 222px) 100vw, 222px\" \/><\/p>\n<p><img loading=\"lazy\" decoding=\"async\" class=\" wp-image-9635 alignleft\" src=\"https:\/\/www.asajacyl.com\/soria\/wp-content\/uploads\/sites\/9\/2026\/01\/IMG_0010.jpg\" alt=\"\" width=\"235\" height=\"176\" srcset=\"https:\/\/www.asajacyl.com\/soria\/wp-content\/uploads\/sites\/9\/2026\/01\/IMG_0010.jpg 2500w, https:\/\/www.asajacyl.com\/soria\/wp-content\/uploads\/sites\/9\/2026\/01\/IMG_0010-300x225.jpg 300w, https:\/\/www.asajacyl.com\/soria\/wp-content\/uploads\/sites\/9\/2026\/01\/IMG_0010-1024x768.jpg 1024w, https:\/\/www.asajacyl.com\/soria\/wp-content\/uploads\/sites\/9\/2026\/01\/IMG_0010-768x576.jpg 768w, https:\/\/www.asajacyl.com\/soria\/wp-content\/uploads\/sites\/9\/2026\/01\/IMG_0010-1536x1152.jpg 1536w, https:\/\/www.asajacyl.com\/soria\/wp-content\/uploads\/sites\/9\/2026\/01\/IMG_0010-2048x1536.jpg 2048w, https:\/\/www.asajacyl.com\/soria\/wp-content\/uploads\/sites\/9\/2026\/01\/IMG_0010-696x522.jpg 696w, https:\/\/www.asajacyl.com\/soria\/wp-content\/uploads\/sites\/9\/2026\/01\/IMG_0010-560x420.jpg 560w, https:\/\/www.asajacyl.com\/soria\/wp-content\/uploads\/sites\/9\/2026\/01\/IMG_0010-80x60.jpg 80w, https:\/\/www.asajacyl.com\/soria\/wp-content\/uploads\/sites\/9\/2026\/01\/IMG_0010-1068x801.jpg 1068w, https:\/\/www.asajacyl.com\/soria\/wp-content\/uploads\/sites\/9\/2026\/01\/IMG_0010-1920x1440.jpg 1920w\" sizes=\"(max-width: 235px) 100vw, 235px\" \/><\/p>\n<p><img loading=\"lazy\" decoding=\"async\" class=\"wp-image-9636 alignleft\" src=\"https:\/\/www.asajacyl.com\/soria\/wp-content\/uploads\/sites\/9\/2026\/01\/IMG_0046.jpg\" alt=\"\" width=\"180\" height=\"240\" srcset=\"https:\/\/www.asajacyl.com\/soria\/wp-content\/uploads\/sites\/9\/2026\/01\/IMG_0046.jpg 1870w, https:\/\/www.asajacyl.com\/soria\/wp-content\/uploads\/sites\/9\/2026\/01\/IMG_0046-224x300.jpg 224w, https:\/\/www.asajacyl.com\/soria\/wp-content\/uploads\/sites\/9\/2026\/01\/IMG_0046-766x1024.jpg 766w, https:\/\/www.asajacyl.com\/soria\/wp-content\/uploads\/sites\/9\/2026\/01\/IMG_0046-768x1027.jpg 768w, https:\/\/www.asajacyl.com\/soria\/wp-content\/uploads\/sites\/9\/2026\/01\/IMG_0046-1149x1536.jpg 1149w, https:\/\/www.asajacyl.com\/soria\/wp-content\/uploads\/sites\/9\/2026\/01\/IMG_0046-1532x2048.jpg 1532w, https:\/\/www.asajacyl.com\/soria\/wp-content\/uploads\/sites\/9\/2026\/01\/IMG_0046-314x420.jpg 314w, https:\/\/www.asajacyl.com\/soria\/wp-content\/uploads\/sites\/9\/2026\/01\/IMG_0046-696x930.jpg 696w, https:\/\/www.asajacyl.com\/soria\/wp-content\/uploads\/sites\/9\/2026\/01\/IMG_0046-1068x1428.jpg 1068w\" sizes=\"(max-width: 180px) 100vw, 180px\" \/><\/p>\n<p>\u00a0<\/p>\n<p>\u00a0<\/p>\n<p>\u00a0<\/p>\n<p>\u00a0<\/p>\n<p>\u00a0<\/p>\n<p><img loading=\"lazy\" decoding=\"async\" class=\"aligncenter size-full wp-image-9637\" src=\"https:\/\/www.asajacyl.com\/soria\/wp-content\/uploads\/sites\/9\/2026\/01\/PHOTO-2026-01-29-12-45-00.jpg\" alt=\"\" width=\"2048\" height=\"1536\" srcset=\"https:\/\/www.asajacyl.com\/soria\/wp-content\/uploads\/sites\/9\/2026\/01\/PHOTO-2026-01-29-12-45-00.jpg 2048w, https:\/\/www.asajacyl.com\/soria\/wp-content\/uploads\/sites\/9\/2026\/01\/PHOTO-2026-01-29-12-45-00-300x225.jpg 300w, https:\/\/www.asajacyl.com\/soria\/wp-content\/uploads\/sites\/9\/2026\/01\/PHOTO-2026-01-29-12-45-00-1024x768.jpg 1024w, https:\/\/www.asajacyl.com\/soria\/wp-content\/uploads\/sites\/9\/2026\/01\/PHOTO-2026-01-29-12-45-00-768x576.jpg 768w, https:\/\/www.asajacyl.com\/soria\/wp-content\/uploads\/sites\/9\/2026\/01\/PHOTO-2026-01-29-12-45-00-1536x1152.jpg 1536w, https:\/\/www.asajacyl.com\/soria\/wp-content\/uploads\/sites\/9\/2026\/01\/PHOTO-2026-01-29-12-45-00-560x420.jpg 560w, https:\/\/www.asajacyl.com\/soria\/wp-content\/uploads\/sites\/9\/2026\/01\/PHOTO-2026-01-29-12-45-00-80x60.jpg 80w, https:\/\/www.asajacyl.com\/soria\/wp-content\/uploads\/sites\/9\/2026\/01\/PHOTO-2026-01-29-12-45-00-696x522.jpg 696w, https:\/\/www.asajacyl.com\/soria\/wp-content\/uploads\/sites\/9\/2026\/01\/PHOTO-2026-01-29-12-45-00-1068x801.jpg 1068w, https:\/\/www.asajacyl.com\/soria\/wp-content\/uploads\/sites\/9\/2026\/01\/PHOTO-2026-01-29-12-45-00-1920x1440.jpg 1920w\" sizes=\"(max-width: 2048px) 100vw, 2048px\" \/><\/p>\n<p><img loading=\"lazy\" decoding=\"async\" class=\"aligncenter size-full wp-image-9640\" src=\"https:\/\/www.asajacyl.com\/soria\/wp-content\/uploads\/sites\/9\/2026\/01\/HUAM5413.jpg\" alt=\"\" width=\"1536\" height=\"2048\" srcset=\"https:\/\/www.asajacyl.com\/soria\/wp-content\/uploads\/sites\/9\/2026\/01\/HUAM5413.jpg 1536w, https:\/\/www.asajacyl.com\/soria\/wp-content\/uploads\/sites\/9\/2026\/01\/HUAM5413-225x300.jpg 225w, https:\/\/www.asajacyl.com\/soria\/wp-content\/uploads\/sites\/9\/2026\/01\/HUAM5413-768x1024.jpg 768w, https:\/\/www.asajacyl.com\/soria\/wp-content\/uploads\/sites\/9\/2026\/01\/HUAM5413-1152x1536.jpg 1152w, https:\/\/www.asajacyl.com\/soria\/wp-content\/uploads\/sites\/9\/2026\/01\/HUAM5413-315x420.jpg 315w, https:\/\/www.asajacyl.com\/soria\/wp-content\/uploads\/sites\/9\/2026\/01\/HUAM5413-696x928.jpg 696w, https:\/\/www.asajacyl.com\/soria\/wp-content\/uploads\/sites\/9\/2026\/01\/HUAM5413-1068x1424.jpg 1068w\" sizes=\"(max-width: 1536px) 100vw, 1536px\" \/><\/p>\n<p>Finalmente, y bajo un implacable aguacero, lleg\u00f3 el turno de la lectura de un manifiesto, que corri\u00f3 a cargo de la presidenta de ASAJA Soria, Ana Pastor. En \u00e9l, agradeci\u00f3 el compromiso de los agricultores y ganaderos que han participado en las movilizaciones de estos \u00faltimos meses para defender acuerdos justos y equilibrados para el sector agroalimentario, as\u00ed como la presencia de todos los que estaban presentes en la plaza Mariano Granados a pesar de la climatolog\u00eda adversa. Tambi\u00e9n enumer\u00f3 que esta protesta \u201cse sustenta en cuatro ramas que en realidad est\u00e1n en el mismo tronco: Una es decir no a los recortes de la PAC, otra es que ya basta de burocracia. La tercera tiene que ver con los acuerdos comerciales y la cuarta con la falta de rentabilidad\u201d.<\/p>\n<p><img loading=\"lazy\" decoding=\"async\" class=\"wp-image-9629 alignleft\" src=\"https:\/\/www.asajacyl.com\/soria\/wp-content\/uploads\/sites\/9\/2026\/01\/6e4996ae-49ef-4434-b31d-495b2c9354cd.jpg\" alt=\"\" width=\"321\" height=\"321\" srcset=\"https:\/\/www.asajacyl.com\/soria\/wp-content\/uploads\/sites\/9\/2026\/01\/6e4996ae-49ef-4434-b31d-495b2c9354cd.jpg 2048w, https:\/\/www.asajacyl.com\/soria\/wp-content\/uploads\/sites\/9\/2026\/01\/6e4996ae-49ef-4434-b31d-495b2c9354cd-300x300.jpg 300w, https:\/\/www.asajacyl.com\/soria\/wp-content\/uploads\/sites\/9\/2026\/01\/6e4996ae-49ef-4434-b31d-495b2c9354cd-1024x1024.jpg 1024w, https:\/\/www.asajacyl.com\/soria\/wp-content\/uploads\/sites\/9\/2026\/01\/6e4996ae-49ef-4434-b31d-495b2c9354cd-150x150.jpg 150w, https:\/\/www.asajacyl.com\/soria\/wp-content\/uploads\/sites\/9\/2026\/01\/6e4996ae-49ef-4434-b31d-495b2c9354cd-768x768.jpg 768w, https:\/\/www.asajacyl.com\/soria\/wp-content\/uploads\/sites\/9\/2026\/01\/6e4996ae-49ef-4434-b31d-495b2c9354cd-1536x1536.jpg 1536w, https:\/\/www.asajacyl.com\/soria\/wp-content\/uploads\/sites\/9\/2026\/01\/6e4996ae-49ef-4434-b31d-495b2c9354cd-420x420.jpg 420w, https:\/\/www.asajacyl.com\/soria\/wp-content\/uploads\/sites\/9\/2026\/01\/6e4996ae-49ef-4434-b31d-495b2c9354cd-696x696.jpg 696w, https:\/\/www.asajacyl.com\/soria\/wp-content\/uploads\/sites\/9\/2026\/01\/6e4996ae-49ef-4434-b31d-495b2c9354cd-1068x1068.jpg 1068w, https:\/\/www.asajacyl.com\/soria\/wp-content\/uploads\/sites\/9\/2026\/01\/6e4996ae-49ef-4434-b31d-495b2c9354cd-1920x1920.jpg 1920w\" sizes=\"(max-width: 321px) 100vw, 321px\" \/><\/p>\n<p>Tras el comunicado, los responsables de Upa y Coag leyeron una tabla reivindicativa con 10 puntos esenciales, que van desde medidas para lograr la rentabilidad de las explotaciones ganaderas y agr\u00edcolas hasta el control de la fauna, la simplificaci\u00f3n normativa, una PAC con un presupuesto suficiente y que se ataje la crisis de precios sufrida por el cereal en las tres \u00faltimas campa\u00f1as.<\/p>\n<p>AQU\u00cd PUEDES PINCHAR PARA VER EL COMUNICADO QUE HA LE\u00cdDO LA PRESIDENTA DE ASAJA SORIA Y LA TABLA REIVINDICATIVA DE LA MANIFESTACI\u00d3N DEL 29 DE ENERO DE 2026 EN SORIA.\u00a0<\/p>\n<p><a href=\"https:\/\/www.asajacyl.com\/soria\/wp-content\/uploads\/sites\/9\/2026\/01\/manifiesto-manifestacion-29-enero-26.pdf\">manifiesto manifestaci\u00f3n 29 enero 26<\/a><\/p>\n<p><a href=\"https:\/\/www.asajacyl.com\/soria\/wp-content\/uploads\/sites\/9\/2026\/01\/Tabla-Reivindicativa-dia-29-enero-OPAS.pdf\">Tabla Reivindicativa d\u00eda 29 enero OPAS<\/a><\/p>\n<p><img loading=\"lazy\" decoding=\"async\" class=\"wp-image-9645 alignleft\" src=\"https:\/\/www.asajacyl.com\/soria\/wp-content\/uploads\/sites\/9\/2026\/01\/IMG_0120.jpg\" alt=\"\" width=\"688\" height=\"920\" srcset=\"https:\/\/www.asajacyl.com\/soria\/wp-content\/uploads\/sites\/9\/2026\/01\/IMG_0120.jpg 1870w, https:\/\/www.asajacyl.com\/soria\/wp-content\/uploads\/sites\/9\/2026\/01\/IMG_0120-224x300.jpg 224w, https:\/\/www.asajacyl.com\/soria\/wp-content\/uploads\/sites\/9\/2026\/01\/IMG_0120-766x1024.jpg 766w, https:\/\/www.asajacyl.com\/soria\/wp-content\/uploads\/sites\/9\/2026\/01\/IMG_0120-768x1027.jpg 768w, https:\/\/www.asajacyl.com\/soria\/wp-content\/uploads\/sites\/9\/2026\/01\/IMG_0120-1149x1536.jpg 1149w, https:\/\/www.asajacyl.com\/soria\/wp-content\/uploads\/sites\/9\/2026\/01\/IMG_0120-1532x2048.jpg 1532w, https:\/\/www.asajacyl.com\/soria\/wp-content\/uploads\/sites\/9\/2026\/01\/IMG_0120-314x420.jpg 314w, https:\/\/www.asajacyl.com\/soria\/wp-content\/uploads\/sites\/9\/2026\/01\/IMG_0120-696x930.jpg 696w, https:\/\/www.asajacyl.com\/soria\/wp-content\/uploads\/sites\/9\/2026\/01\/IMG_0120-1068x1428.jpg 1068w\" sizes=\"(max-width: 688px) 100vw, 688px\" \/><\/p>\n<blockquote>\n<p><img loading=\"lazy\" decoding=\"async\" class=\" wp-image-9612 alignleft\" src=\"https:\/\/www.asajacyl.com\/soria\/wp-content\/uploads\/sites\/9\/2026\/01\/IMG_0183.jpg\" alt=\"\" width=\"621\" height=\"466\" srcset=\"https:\/\/www.asajacyl.com\/soria\/wp-content\/uploads\/sites\/9\/2026\/01\/IMG_0183.jpg 2500w, https:\/\/www.asajacyl.com\/soria\/wp-content\/uploads\/sites\/9\/2026\/01\/IMG_0183-300x225.jpg 300w, https:\/\/www.asajacyl.com\/soria\/wp-content\/uploads\/sites\/9\/2026\/01\/IMG_0183-1024x768.jpg 1024w, https:\/\/www.asajacyl.com\/soria\/wp-content\/uploads\/sites\/9\/2026\/01\/IMG_0183-768x576.jpg 768w, https:\/\/www.asajacyl.com\/soria\/wp-content\/uploads\/sites\/9\/2026\/01\/IMG_0183-1536x1152.jpg 1536w, https:\/\/www.asajacyl.com\/soria\/wp-content\/uploads\/sites\/9\/2026\/01\/IMG_0183-2048x1536.jpg 2048w, https:\/\/www.asajacyl.com\/soria\/wp-content\/uploads\/sites\/9\/2026\/01\/IMG_0183-560x420.jpg 560w, https:\/\/www.asajacyl.com\/soria\/wp-content\/uploads\/sites\/9\/2026\/01\/IMG_0183-80x60.jpg 80w, https:\/\/www.asajacyl.com\/soria\/wp-content\/uploads\/sites\/9\/2026\/01\/IMG_0183-696x522.jpg 696w, https:\/\/www.asajacyl.com\/soria\/wp-content\/uploads\/sites\/9\/2026\/01\/IMG_0183-1068x801.jpg 1068w, https:\/\/www.asajacyl.com\/soria\/wp-content\/uploads\/sites\/9\/2026\/01\/IMG_0183-1920x1440.jpg 1920w\" sizes=\"(max-width: 621px) 100vw, 621px\" \/><\/p>\n<\/blockquote>\n<p><img loading=\"lazy\" decoding=\"async\" class=\"wp-image-9613 alignleft\" src=\"https:\/\/www.asajacyl.com\/soria\/wp-content\/uploads\/sites\/9\/2026\/01\/IMG_0179.jpg\" alt=\"\" width=\"330\" height=\"440\" srcset=\"https:\/\/www.asajacyl.com\/soria\/wp-content\/uploads\/sites\/9\/2026\/01\/IMG_0179.jpg 1875w, https:\/\/www.asajacyl.com\/soria\/wp-content\/uploads\/sites\/9\/2026\/01\/IMG_0179-225x300.jpg 225w, https:\/\/www.asajacyl.com\/soria\/wp-content\/uploads\/sites\/9\/2026\/01\/IMG_0179-768x1024.jpg 768w, https:\/\/www.asajacyl.com\/soria\/wp-content\/uploads\/sites\/9\/2026\/01\/IMG_0179-1152x1536.jpg 1152w, https:\/\/www.asajacyl.com\/soria\/wp-content\/uploads\/sites\/9\/2026\/01\/IMG_0179-1536x2048.jpg 1536w, https:\/\/www.asajacyl.com\/soria\/wp-content\/uploads\/sites\/9\/2026\/01\/IMG_0179-315x420.jpg 315w, https:\/\/www.asajacyl.com\/soria\/wp-content\/uploads\/sites\/9\/2026\/01\/IMG_0179-696x928.jpg 696w, https:\/\/www.asajacyl.com\/soria\/wp-content\/uploads\/sites\/9\/2026\/01\/IMG_0179-1068x1424.jpg 1068w\" sizes=\"(max-width: 330px) 100vw, 330px\" \/><\/p>\n\n\n","protected":false},"excerpt":{"rendered":"<p>ASAJA, junto a otras organizaciones profesionales agrarias convocantes, entreg\u00f3 sendos escritos reivindicativos en la Delegaci\u00f3n Territorial de la Junta y en la Subdelegaci\u00f3n del Gobierno de Espa\u00f1a en una jornada a modo de funeral simb\u00f3lico del agro provincial, tambi\u00e9n con presencia de tractores y con la lectura de un manifiesto en la plaza de Mariano [&hellip;]<\/p>\n","protected":false},"author":12,"featured_media":9617,"comment_status":"open","ping_status":"open","sticky":false,"template":"","format":"standard","meta":{"footnotes":""},"categories":[10,25],"tags":[],"yoast_head":"<!-- This site is optimized with the Yoast SEO plugin v24.5 - https:\/\/yoast.com\/wordpress\/plugins\/seo\/ -->\n<title>El campo soriano clama bajo una incesante lluvia: \u201cNuestra ruina ser\u00e1 vuestra hambre\u201d - ASAJA Soria<\/title>\n<meta name=\"description\" content=\"ASAJA, junto a otras organizaciones profesionales agrarias convocantes, entreg\u00f3 sendos escritos reivindicativos en la Delegaci\u00f3n Territorial de la Junta y\" \/>\n<meta name=\"robots\" content=\"index, follow, max-snippet:-1, max-image-preview:large, max-video-preview:-1\" \/>\n<link rel=\"canonical\" href=\"https:\/\/www.asajacyl.com\/soria\/asaja-soria-informa\/el-campo-soriano-clama-bajo-una-incesante-lluvia-nuestra-ruina-sera-vuestra-hambre\" \/>\n<meta property=\"og:locale\" content=\"es_ES\" \/>\n<meta property=\"og:type\" content=\"article\" \/>\n<meta property=\"og:title\" content=\"El campo soriano clama bajo una incesante lluvia: \u201cNuestra ruina ser\u00e1 vuestra hambre\u201d - ASAJA Soria\" \/>\n<meta property=\"og:description\" content=\"ASAJA, junto a otras organizaciones profesionales agrarias convocantes, entreg\u00f3 sendos escritos reivindicativos en la Delegaci\u00f3n Territorial de la Junta y\" \/>\n<meta property=\"og:url\" content=\"https:\/\/www.asajacyl.com\/soria\/asaja-soria-informa\/el-campo-soriano-clama-bajo-una-incesante-lluvia-nuestra-ruina-sera-vuestra-hambre\" \/>\n<meta property=\"og:site_name\" content=\"ASAJA Soria\" \/>\n<meta property=\"article:published_time\" content=\"2026-02-03T12:36:29+00:00\" \/>\n<meta property=\"article:modified_time\" content=\"2026-02-05T13:18:40+00:00\" \/>\n<meta property=\"og:image\" content=\"https:\/\/www.asajacyl.com\/soria\/wp-content\/uploads\/sites\/9\/2026\/01\/IMG_0019.jpg\" \/>\n\t<meta property=\"og:image:width\" content=\"1870\" \/>\n\t<meta property=\"og:image:height\" content=\"2500\" \/>\n\t<meta property=\"og:image:type\" content=\"image\/jpeg\" \/>\n<meta name=\"author\" content=\"Juan Ignacio Prieto Nieto\" \/>\n<meta name=\"twitter:card\" content=\"summary_large_image\" \/>\n<meta name=\"twitter:label1\" content=\"Escrito por\" \/>\n\t<meta name=\"twitter:data1\" content=\"Juan Ignacio Prieto Nieto\" \/>\n\t<meta name=\"twitter:label2\" content=\"Tiempo de lectura\" \/>\n\t<meta name=\"twitter:data2\" content=\"6 minutos\" \/>\n<script type=\"application\/ld+json\" class=\"yoast-schema-graph\">{\"@context\":\"https:\/\/schema.org\",\"@graph\":[{\"@type\":\"WebPage\",\"@id\":\"https:\/\/www.asajacyl.com\/soria\/asaja-soria-informa\/el-campo-soriano-clama-bajo-una-incesante-lluvia-nuestra-ruina-sera-vuestra-hambre\",\"url\":\"https:\/\/www.asajacyl.com\/soria\/asaja-soria-informa\/el-campo-soriano-clama-bajo-una-incesante-lluvia-nuestra-ruina-sera-vuestra-hambre\",\"name\":\"El campo soriano clama bajo una incesante lluvia: \u201cNuestra ruina ser\u00e1 vuestra hambre\u201d - ASAJA Soria\",\"isPartOf\":{\"@id\":\"https:\/\/www.asajacyl.com\/soria\/#website\"},\"primaryImageOfPage\":{\"@id\":\"https:\/\/www.asajacyl.com\/soria\/asaja-soria-informa\/el-campo-soriano-clama-bajo-una-incesante-lluvia-nuestra-ruina-sera-vuestra-hambre#primaryimage\"},\"image\":{\"@id\":\"https:\/\/www.asajacyl.com\/soria\/asaja-soria-informa\/el-campo-soriano-clama-bajo-una-incesante-lluvia-nuestra-ruina-sera-vuestra-hambre#primaryimage\"},\"thumbnailUrl\":\"https:\/\/www.asajacyl.com\/soria\/wp-content\/uploads\/sites\/9\/2026\/01\/IMG_0019.jpg\",\"datePublished\":\"2026-02-03T12:36:29+00:00\",\"dateModified\":\"2026-02-05T13:18:40+00:00\",\"author\":{\"@id\":\"https:\/\/www.asajacyl.com\/soria\/#\/schema\/person\/fd3081c40255119ce8133b87e6aedfab\"},\"description\":\"ASAJA, junto a otras organizaciones profesionales agrarias convocantes, entreg\u00f3 sendos escritos reivindicativos en la Delegaci\u00f3n Territorial de la Junta y\",\"breadcrumb\":{\"@id\":\"https:\/\/www.asajacyl.com\/soria\/asaja-soria-informa\/el-campo-soriano-clama-bajo-una-incesante-lluvia-nuestra-ruina-sera-vuestra-hambre#breadcrumb\"},\"inLanguage\":\"es\",\"potentialAction\":[{\"@type\":\"ReadAction\",\"target\":[\"https:\/\/www.asajacyl.com\/soria\/asaja-soria-informa\/el-campo-soriano-clama-bajo-una-incesante-lluvia-nuestra-ruina-sera-vuestra-hambre\"]}]},{\"@type\":\"ImageObject\",\"inLanguage\":\"es\",\"@id\":\"https:\/\/www.asajacyl.com\/soria\/asaja-soria-informa\/el-campo-soriano-clama-bajo-una-incesante-lluvia-nuestra-ruina-sera-vuestra-hambre#primaryimage\",\"url\":\"https:\/\/www.asajacyl.com\/soria\/wp-content\/uploads\/sites\/9\/2026\/01\/IMG_0019.jpg\",\"contentUrl\":\"https:\/\/www.asajacyl.com\/soria\/wp-content\/uploads\/sites\/9\/2026\/01\/IMG_0019.jpg\",\"width\":1870,\"height\":2500},{\"@type\":\"BreadcrumbList\",\"@id\":\"https:\/\/www.asajacyl.com\/soria\/asaja-soria-informa\/el-campo-soriano-clama-bajo-una-incesante-lluvia-nuestra-ruina-sera-vuestra-hambre#breadcrumb\",\"itemListElement\":[{\"@type\":\"ListItem\",\"position\":1,\"name\":\"Portada\",\"item\":\"https:\/\/www.asajacyl.com\/soria\/\"},{\"@type\":\"ListItem\",\"position\":2,\"name\":\"El campo soriano clama bajo una incesante lluvia: \u201cNuestra ruina ser\u00e1 vuestra hambre\u201d\"}]},{\"@type\":\"WebSite\",\"@id\":\"https:\/\/www.asajacyl.com\/soria\/#website\",\"url\":\"https:\/\/www.asajacyl.com\/soria\/\",\"name\":\"ASAJA Soria\",\"description\":\"Otro sitio m\u00e1s de Provincias ASAJA Castilla y Le\u00f3n\",\"potentialAction\":[{\"@type\":\"SearchAction\",\"target\":{\"@type\":\"EntryPoint\",\"urlTemplate\":\"https:\/\/www.asajacyl.com\/soria\/?s={search_term_string}\"},\"query-input\":{\"@type\":\"PropertyValueSpecification\",\"valueRequired\":true,\"valueName\":\"search_term_string\"}}],\"inLanguage\":\"es\"},{\"@type\":\"Person\",\"@id\":\"https:\/\/www.asajacyl.com\/soria\/#\/schema\/person\/fd3081c40255119ce8133b87e6aedfab\",\"name\":\"Juan Ignacio Prieto Nieto\",\"image\":{\"@type\":\"ImageObject\",\"inLanguage\":\"es\",\"@id\":\"https:\/\/www.asajacyl.com\/soria\/#\/schema\/person\/image\/\",\"url\":\"https:\/\/secure.gravatar.com\/avatar\/8266b36e4d9001acb4700699a2468dc8?s=96&d=mm&r=g\",\"contentUrl\":\"https:\/\/secure.gravatar.com\/avatar\/8266b36e4d9001acb4700699a2468dc8?s=96&d=mm&r=g\",\"caption\":\"Juan Ignacio Prieto Nieto\"},\"url\":\"https:\/\/www.asajacyl.com\/soria\/author\/juanfranciscoby\"}]}<\/script>\n<!-- \/ Yoast SEO plugin. -->","yoast_head_json":{"title":"El campo soriano clama bajo una incesante lluvia: \u201cNuestra ruina ser\u00e1 vuestra hambre\u201d - ASAJA Soria","description":"ASAJA, junto a otras organizaciones profesionales agrarias convocantes, entreg\u00f3 sendos escritos reivindicativos en la Delegaci\u00f3n Territorial de la Junta y","robots":{"index":"index","follow":"follow","max-snippet":"max-snippet:-1","max-image-preview":"max-image-preview:large","max-video-preview":"max-video-preview:-1"},"canonical":"https:\/\/www.asajacyl.com\/soria\/asaja-soria-informa\/el-campo-soriano-clama-bajo-una-incesante-lluvia-nuestra-ruina-sera-vuestra-hambre","og_locale":"es_ES","og_type":"article","og_title":"El campo soriano clama bajo una incesante lluvia: \u201cNuestra ruina ser\u00e1 vuestra hambre\u201d - ASAJA Soria","og_description":"ASAJA, junto a otras organizaciones profesionales agrarias convocantes, entreg\u00f3 sendos escritos reivindicativos en la Delegaci\u00f3n Territorial de la Junta y","og_url":"https:\/\/www.asajacyl.com\/soria\/asaja-soria-informa\/el-campo-soriano-clama-bajo-una-incesante-lluvia-nuestra-ruina-sera-vuestra-hambre","og_site_name":"ASAJA Soria","article_published_time":"2026-02-03T12:36:29+00:00","article_modified_time":"2026-02-05T13:18:40+00:00","og_image":[{"width":1870,"height":2500,"url":"https:\/\/www.asajacyl.com\/soria\/wp-content\/uploads\/sites\/9\/2026\/01\/IMG_0019.jpg","type":"image\/jpeg"}],"author":"Juan Ignacio Prieto Nieto","twitter_card":"summary_large_image","twitter_misc":{"Escrito por":"Juan Ignacio Prieto Nieto","Tiempo de lectura":"6 minutos"},"schema":{"@context":"https:\/\/schema.org","@graph":[{"@type":"WebPage","@id":"https:\/\/www.asajacyl.com\/soria\/asaja-soria-informa\/el-campo-soriano-clama-bajo-una-incesante-lluvia-nuestra-ruina-sera-vuestra-hambre","url":"https:\/\/www.asajacyl.com\/soria\/asaja-soria-informa\/el-campo-soriano-clama-bajo-una-incesante-lluvia-nuestra-ruina-sera-vuestra-hambre","name":"El campo soriano clama bajo una incesante lluvia: \u201cNuestra ruina ser\u00e1 vuestra hambre\u201d - ASAJA Soria","isPartOf":{"@id":"https:\/\/www.asajacyl.com\/soria\/#website"},"primaryImageOfPage":{"@id":"https:\/\/www.asajacyl.com\/soria\/asaja-soria-informa\/el-campo-soriano-clama-bajo-una-incesante-lluvia-nuestra-ruina-sera-vuestra-hambre#primaryimage"},"image":{"@id":"https:\/\/www.asajacyl.com\/soria\/asaja-soria-informa\/el-campo-soriano-clama-bajo-una-incesante-lluvia-nuestra-ruina-sera-vuestra-hambre#primaryimage"},"thumbnailUrl":"https:\/\/www.asajacyl.com\/soria\/wp-content\/uploads\/sites\/9\/2026\/01\/IMG_0019.jpg","datePublished":"2026-02-03T12:36:29+00:00","dateModified":"2026-02-05T13:18:40+00:00","author":{"@id":"https:\/\/www.asajacyl.com\/soria\/#\/schema\/person\/fd3081c40255119ce8133b87e6aedfab"},"description":"ASAJA, junto a otras organizaciones profesionales agrarias convocantes, entreg\u00f3 sendos escritos reivindicativos en la Delegaci\u00f3n Territorial de la Junta y","breadcrumb":{"@id":"https:\/\/www.asajacyl.com\/soria\/asaja-soria-informa\/el-campo-soriano-clama-bajo-una-incesante-lluvia-nuestra-ruina-sera-vuestra-hambre#breadcrumb"},"inLanguage":"es","potentialAction":[{"@type":"ReadAction","target":["https:\/\/www.asajacyl.com\/soria\/asaja-soria-informa\/el-campo-soriano-clama-bajo-una-incesante-lluvia-nuestra-ruina-sera-vuestra-hambre"]}]},{"@type":"ImageObject","inLanguage":"es","@id":"https:\/\/www.asajacyl.com\/soria\/asaja-soria-informa\/el-campo-soriano-clama-bajo-una-incesante-lluvia-nuestra-ruina-sera-vuestra-hambre#primaryimage","url":"https:\/\/www.asajacyl.com\/soria\/wp-content\/uploads\/sites\/9\/2026\/01\/IMG_0019.jpg","contentUrl":"https:\/\/www.asajacyl.com\/soria\/wp-content\/uploads\/sites\/9\/2026\/01\/IMG_0019.jpg","width":1870,"height":2500},{"@type":"BreadcrumbList","@id":"https:\/\/www.asajacyl.com\/soria\/asaja-soria-informa\/el-campo-soriano-clama-bajo-una-incesante-lluvia-nuestra-ruina-sera-vuestra-hambre#breadcrumb","itemListElement":[{"@type":"ListItem","position":1,"name":"Portada","item":"https:\/\/www.asajacyl.com\/soria\/"},{"@type":"ListItem","position":2,"name":"El campo soriano clama bajo una incesante lluvia: \u201cNuestra ruina ser\u00e1 vuestra hambre\u201d"}]},{"@type":"WebSite","@id":"https:\/\/www.asajacyl.com\/soria\/#website","url":"https:\/\/www.asajacyl.com\/soria\/","name":"ASAJA Soria","description":"Otro sitio m\u00e1s de Provincias ASAJA Castilla y Le\u00f3n","potentialAction":[{"@type":"SearchAction","target":{"@type":"EntryPoint","urlTemplate":"https:\/\/www.asajacyl.com\/soria\/?s={search_term_string}"},"query-input":{"@type":"PropertyValueSpecification","valueRequired":true,"valueName":"search_term_string"}}],"inLanguage":"es"},{"@type":"Person","@id":"https:\/\/www.asajacyl.com\/soria\/#\/schema\/person\/fd3081c40255119ce8133b87e6aedfab","name":"Juan Ignacio Prieto Nieto","image":{"@type":"ImageObject","inLanguage":"es","@id":"https:\/\/www.asajacyl.com\/soria\/#\/schema\/person\/image\/","url":"https:\/\/secure.gravatar.com\/avatar\/8266b36e4d9001acb4700699a2468dc8?s=96&d=mm&r=g","contentUrl":"https:\/\/secure.gravatar.com\/avatar\/8266b36e4d9001acb4700699a2468dc8?s=96&d=mm&r=g","caption":"Juan Ignacio Prieto Nieto"},"url":"https:\/\/www.asajacyl.com\/soria\/author\/juanfranciscoby"}]}},"_links":{"self":[{"href":"https:\/\/www.asajacyl.com\/soria\/wp-json\/wp\/v2\/posts\/9611"}],"collection":[{"href":"https:\/\/www.asajacyl.com\/soria\/wp-json\/wp\/v2\/posts"}],"about":[{"href":"https:\/\/www.asajacyl.com\/soria\/wp-json\/wp\/v2\/types\/post"}],"author":[{"embeddable":true,"href":"https:\/\/www.asajacyl.com\/soria\/wp-json\/wp\/v2\/users\/12"}],"replies":[{"embeddable":true,"href":"https:\/\/www.asajacyl.com\/soria\/wp-json\/wp\/v2\/comments?post=9611"}],"version-history":[{"count":9,"href":"https:\/\/www.asajacyl.com\/soria\/wp-json\/wp\/v2\/posts\/9611\/revisions"}],"predecessor-version":[{"id":9646,"href":"https:\/\/www.asajacyl.com\/soria\/wp-json\/wp\/v2\/posts\/9611\/revisions\/9646"}],"wp:featuredmedia":[{"embeddable":true,"href":"https:\/\/www.asajacyl.com\/soria\/wp-json\/wp\/v2\/media\/9617"}],"wp:attachment":[{"href":"https:\/\/www.asajacyl.com\/soria\/wp-json\/wp\/v2\/media?parent=9611"}],"wp:term":[{"taxonomy":"category","embeddable":true,"href":"https:\/\/www.asajacyl.com\/soria\/wp-json\/wp\/v2\/categories?post=9611"},{"taxonomy":"post_tag","embeddable":true,"href":"https:\/\/www.asajacyl.com\/soria\/wp-json\/wp\/v2\/tags?post=9611"}],"curies":[{"name":"wp","href":"https:\/\/api.w.org\/{rel}","templated":true}]}}