{"id":9684,"date":"2026-02-11T15:06:27","date_gmt":"2026-02-11T14:06:27","guid":{"rendered":"https:\/\/www.asajacyl.com\/soria\/?p=9684"},"modified":"2026-02-11T15:08:00","modified_gmt":"2026-02-11T14:08:00","slug":"asaja-soria-propone-la-creacion-de-una-agencia-independiente-para-el-control-de-las-importaciones","status":"publish","type":"post","link":"https:\/\/www.asajacyl.com\/soria\/asaja-soria-informa\/asaja-soria-propone-la-creacion-de-una-agencia-independiente-para-el-control-de-las-importaciones","title":{"rendered":"ASAJA Soria propone la creaci\u00f3n de una agencia independiente para el control de las importaciones"},"content":{"rendered":"\n\n\n<h2><em>El Parlamento Europeo ha aprobado un paquete de cl\u00e1usulas de salvaguarda que se a\u00f1adir\u00e1n al acuerdo con Mercosur<\/em><\/h2>\n<p>\u00a0<\/p>\n<p>El Parlamento Europeo ha aprobado, este martes, una serie de medidas destinadas a la protecci\u00f3n del sector agr\u00edcola europeo; tanto frente a una entrada de productos importados superior a lo previsto como en caso de ca\u00edda abrupta de precios en productos sensibles como el pollo, la carne de vacuno, el az\u00facar, los huevos o los c\u00edtricos.<\/p>\n<p>Independientemente de los aspectos t\u00e9cnicos de estas cl\u00e1usulas aprobadas, <strong>la realidad es que desde el sector no nos creemos su aplicaci\u00f3n.<\/strong> Esta desconfianza se basa emp\u00edricamente en que otros contingentes y medidas se han superado y no han supuesto el desencadenamiento de las medidas de salvaguarda o cuando se han puesto en marcha estas medias han llegado despu\u00e9s de la crisis ya desatada y la lesi\u00f3n permanente en tejido productivo.<\/p>\n<p>As\u00ed que de poco sirve, o de nada, que este martes el Parlamento Europeo haya aprobado que las cl\u00e1usulas se activar\u00edan en un plazo de 21 d\u00edas cuando los productos afectados superen el 5% de lo importado en los tres a\u00f1os anteriores o si los precios caen por debajo del 5%. En la actualidad, solamente el 1% de las importaciones es controlado efectivamente o la cadena de denuncia es lenta o no da lugar. Por cierto, otra cadena que no funciona es la de la Ley Alimentaria, aunque esto es harina de otro costal\u2026<\/p>\n<p>Por ello, desde ASAJA Soria creemos que una f\u00f3rmula que permita restaurar confianza en los agricultores y ganaderos es que nosotros mismos participemos en los procesos de control e inspecci\u00f3n, a trav\u00e9s de la constituci\u00f3n de un \u00f3rgano o agencia p\u00fablico-privada o privada, con autorizaci\u00f3n para poder recoger muestras, contabilizar entradas y capacidad de denuncia inmediata y autom\u00e1tica a la autoridad competente para la ratificaci\u00f3n oficial de los casos que se pudieran denunciar; desencadenando autom\u00e1ticamente las medida de salvaguardia previstas y la reclamaci\u00f3n oportuna de resarcimiento de da\u00f1os a los productores espa\u00f1oles afectados.<\/p>\n<p>En la actualidad las competencias son del MAPA, coordinadamente con la AESAN (<em>Agencia Espa\u00f1ola de Seguridad Alimentaria y Nutrici\u00f3n) <\/em>dependiente del Ministerio de Derechos Sociales, Consumo y Agenda 2030.<\/p>\n<p>En opini\u00f3n de ASAJA Soria, no se pueden abordar todos los acuerdos anunciados, el \u00faltimo esta semana con Australia, sin las correspondientes cl\u00e1usulas de reciprocidad y salvaguarda y lo que es muy importante: sin contar con la confianza del sector. Por este motivo seguimos manteniendo la oposici\u00f3n a los acuerdos sin garant\u00edas ni confianza.<\/p>\n<p>ASAJA recuerda que la aprobaci\u00f3n de estas medias no impide continuar con nuestra denuncia de la legalidad, como ha ocurrido con el acuerdo de MERCOSUR suspendido hasta conocer el dictamen del Tribunal de Justicia de la UE, el pasado 21 de enero, tras la protesta de agricultores y ganaderos del d\u00eda anterior convocada por COPA COGECA y en la que particip\u00f3 ASAJA.<\/p>\n","protected":false},"excerpt":{"rendered":"<p>El Parlamento Europeo ha aprobado un paquete de cl\u00e1usulas de salvaguarda que se a\u00f1adir\u00e1n al acuerdo con Mercosur \u00a0 El Parlamento Europeo ha aprobado, este martes, una serie de medidas destinadas a la protecci\u00f3n del sector agr\u00edcola europeo; tanto frente a una entrada de productos importados superior a lo previsto como en caso de ca\u00edda [&hellip;]<\/p>\n","protected":false},"author":12,"featured_media":9685,"comment_status":"open","ping_status":"open","sticky":false,"template":"","format":"standard","meta":{"footnotes":""},"categories":[10,25],"tags":[],"yoast_head":"<!-- This site is optimized with the Yoast SEO plugin v24.5 - https:\/\/yoast.com\/wordpress\/plugins\/seo\/ -->\n<title>ASAJA Soria propone la creaci\u00f3n de una agencia independiente para el control de las importaciones - ASAJA Soria<\/title>\n<meta name=\"description\" content=\"El Parlamento Europeo ha aprobado un paquete de cl\u00e1usulas de salvaguarda que se a\u00f1adir\u00e1n al acuerdo con Mercosur \u00a0 El Parlamento Europeo ha aprobado, este\" \/>\n<meta name=\"robots\" content=\"index, follow, max-snippet:-1, max-image-preview:large, max-video-preview:-1\" \/>\n<link rel=\"canonical\" href=\"https:\/\/www.asajacyl.com\/soria\/asaja-soria-informa\/asaja-soria-propone-la-creacion-de-una-agencia-independiente-para-el-control-de-las-importaciones\" \/>\n<meta property=\"og:locale\" content=\"es_ES\" \/>\n<meta property=\"og:type\" content=\"article\" \/>\n<meta property=\"og:title\" content=\"ASAJA Soria propone la creaci\u00f3n de una agencia independiente para el control de las importaciones - ASAJA Soria\" \/>\n<meta property=\"og:description\" content=\"El Parlamento Europeo ha aprobado un paquete de cl\u00e1usulas de salvaguarda que se a\u00f1adir\u00e1n al acuerdo con Mercosur \u00a0 El Parlamento Europeo ha aprobado, este\" \/>\n<meta property=\"og:url\" content=\"https:\/\/www.asajacyl.com\/soria\/asaja-soria-informa\/asaja-soria-propone-la-creacion-de-una-agencia-independiente-para-el-control-de-las-importaciones\" \/>\n<meta property=\"og:site_name\" content=\"ASAJA Soria\" \/>\n<meta property=\"article:published_time\" content=\"2026-02-11T14:06:27+00:00\" \/>\n<meta property=\"article:modified_time\" content=\"2026-02-11T14:08:00+00:00\" \/>\n<meta property=\"og:image\" content=\"https:\/\/www.asajacyl.com\/soria\/wp-content\/uploads\/sites\/9\/2026\/02\/puertosant.jpg\" \/>\n\t<meta property=\"og:image:width\" content=\"567\" \/>\n\t<meta property=\"og:image:height\" content=\"295\" \/>\n\t<meta property=\"og:image:type\" content=\"image\/jpeg\" \/>\n<meta name=\"author\" content=\"Juan Ignacio Prieto Nieto\" \/>\n<meta name=\"twitter:card\" content=\"summary_large_image\" \/>\n<meta name=\"twitter:label1\" content=\"Escrito por\" \/>\n\t<meta name=\"twitter:data1\" content=\"Juan Ignacio Prieto Nieto\" \/>\n\t<meta name=\"twitter:label2\" content=\"Tiempo de lectura\" \/>\n\t<meta name=\"twitter:data2\" content=\"3 minutos\" \/>\n<script type=\"application\/ld+json\" class=\"yoast-schema-graph\">{\"@context\":\"https:\/\/schema.org\",\"@graph\":[{\"@type\":\"WebPage\",\"@id\":\"https:\/\/www.asajacyl.com\/soria\/asaja-soria-informa\/asaja-soria-propone-la-creacion-de-una-agencia-independiente-para-el-control-de-las-importaciones\",\"url\":\"https:\/\/www.asajacyl.com\/soria\/asaja-soria-informa\/asaja-soria-propone-la-creacion-de-una-agencia-independiente-para-el-control-de-las-importaciones\",\"name\":\"ASAJA Soria propone la creaci\u00f3n de una agencia independiente para el control de las importaciones - ASAJA Soria\",\"isPartOf\":{\"@id\":\"https:\/\/www.asajacyl.com\/soria\/#website\"},\"primaryImageOfPage\":{\"@id\":\"https:\/\/www.asajacyl.com\/soria\/asaja-soria-informa\/asaja-soria-propone-la-creacion-de-una-agencia-independiente-para-el-control-de-las-importaciones#primaryimage\"},\"image\":{\"@id\":\"https:\/\/www.asajacyl.com\/soria\/asaja-soria-informa\/asaja-soria-propone-la-creacion-de-una-agencia-independiente-para-el-control-de-las-importaciones#primaryimage\"},\"thumbnailUrl\":\"https:\/\/www.asajacyl.com\/soria\/wp-content\/uploads\/sites\/9\/2026\/02\/puertosant.jpg\",\"datePublished\":\"2026-02-11T14:06:27+00:00\",\"dateModified\":\"2026-02-11T14:08:00+00:00\",\"author\":{\"@id\":\"https:\/\/www.asajacyl.com\/soria\/#\/schema\/person\/fd3081c40255119ce8133b87e6aedfab\"},\"description\":\"El Parlamento Europeo ha aprobado un paquete de cl\u00e1usulas de salvaguarda que se a\u00f1adir\u00e1n al acuerdo con Mercosur \u00a0 El Parlamento Europeo ha aprobado, este\",\"breadcrumb\":{\"@id\":\"https:\/\/www.asajacyl.com\/soria\/asaja-soria-informa\/asaja-soria-propone-la-creacion-de-una-agencia-independiente-para-el-control-de-las-importaciones#breadcrumb\"},\"inLanguage\":\"es\",\"potentialAction\":[{\"@type\":\"ReadAction\",\"target\":[\"https:\/\/www.asajacyl.com\/soria\/asaja-soria-informa\/asaja-soria-propone-la-creacion-de-una-agencia-independiente-para-el-control-de-las-importaciones\"]}]},{\"@type\":\"ImageObject\",\"inLanguage\":\"es\",\"@id\":\"https:\/\/www.asajacyl.com\/soria\/asaja-soria-informa\/asaja-soria-propone-la-creacion-de-una-agencia-independiente-para-el-control-de-las-importaciones#primaryimage\",\"url\":\"https:\/\/www.asajacyl.com\/soria\/wp-content\/uploads\/sites\/9\/2026\/02\/puertosant.jpg\",\"contentUrl\":\"https:\/\/www.asajacyl.com\/soria\/wp-content\/uploads\/sites\/9\/2026\/02\/puertosant.jpg\",\"width\":567,\"height\":295},{\"@type\":\"BreadcrumbList\",\"@id\":\"https:\/\/www.asajacyl.com\/soria\/asaja-soria-informa\/asaja-soria-propone-la-creacion-de-una-agencia-independiente-para-el-control-de-las-importaciones#breadcrumb\",\"itemListElement\":[{\"@type\":\"ListItem\",\"position\":1,\"name\":\"Portada\",\"item\":\"https:\/\/www.asajacyl.com\/soria\/\"},{\"@type\":\"ListItem\",\"position\":2,\"name\":\"ASAJA Soria propone la creaci\u00f3n de una agencia independiente para el control de las importaciones\"}]},{\"@type\":\"WebSite\",\"@id\":\"https:\/\/www.asajacyl.com\/soria\/#website\",\"url\":\"https:\/\/www.asajacyl.com\/soria\/\",\"name\":\"ASAJA Soria\",\"description\":\"Otro sitio m\u00e1s de Provincias ASAJA Castilla y Le\u00f3n\",\"potentialAction\":[{\"@type\":\"SearchAction\",\"target\":{\"@type\":\"EntryPoint\",\"urlTemplate\":\"https:\/\/www.asajacyl.com\/soria\/?s={search_term_string}\"},\"query-input\":{\"@type\":\"PropertyValueSpecification\",\"valueRequired\":true,\"valueName\":\"search_term_string\"}}],\"inLanguage\":\"es\"},{\"@type\":\"Person\",\"@id\":\"https:\/\/www.asajacyl.com\/soria\/#\/schema\/person\/fd3081c40255119ce8133b87e6aedfab\",\"name\":\"Juan Ignacio Prieto Nieto\",\"image\":{\"@type\":\"ImageObject\",\"inLanguage\":\"es\",\"@id\":\"https:\/\/www.asajacyl.com\/soria\/#\/schema\/person\/image\/\",\"url\":\"https:\/\/secure.gravatar.com\/avatar\/8266b36e4d9001acb4700699a2468dc8?s=96&d=mm&r=g\",\"contentUrl\":\"https:\/\/secure.gravatar.com\/avatar\/8266b36e4d9001acb4700699a2468dc8?s=96&d=mm&r=g\",\"caption\":\"Juan Ignacio Prieto Nieto\"},\"url\":\"https:\/\/www.asajacyl.com\/soria\/author\/juanfranciscoby\"}]}<\/script>\n<!-- \/ Yoast SEO plugin. -->","yoast_head_json":{"title":"ASAJA Soria propone la creaci\u00f3n de una agencia independiente para el control de las importaciones - ASAJA Soria","description":"El Parlamento Europeo ha aprobado un paquete de cl\u00e1usulas de salvaguarda que se a\u00f1adir\u00e1n al acuerdo con Mercosur \u00a0 El Parlamento Europeo ha aprobado, este","robots":{"index":"index","follow":"follow","max-snippet":"max-snippet:-1","max-image-preview":"max-image-preview:large","max-video-preview":"max-video-preview:-1"},"canonical":"https:\/\/www.asajacyl.com\/soria\/asaja-soria-informa\/asaja-soria-propone-la-creacion-de-una-agencia-independiente-para-el-control-de-las-importaciones","og_locale":"es_ES","og_type":"article","og_title":"ASAJA Soria propone la creaci\u00f3n de una agencia independiente para el control de las importaciones - ASAJA Soria","og_description":"El Parlamento Europeo ha aprobado un paquete de cl\u00e1usulas de salvaguarda que se a\u00f1adir\u00e1n al acuerdo con Mercosur \u00a0 El Parlamento Europeo ha aprobado, este","og_url":"https:\/\/www.asajacyl.com\/soria\/asaja-soria-informa\/asaja-soria-propone-la-creacion-de-una-agencia-independiente-para-el-control-de-las-importaciones","og_site_name":"ASAJA Soria","article_published_time":"2026-02-11T14:06:27+00:00","article_modified_time":"2026-02-11T14:08:00+00:00","og_image":[{"width":567,"height":295,"url":"https:\/\/www.asajacyl.com\/soria\/wp-content\/uploads\/sites\/9\/2026\/02\/puertosant.jpg","type":"image\/jpeg"}],"author":"Juan Ignacio Prieto Nieto","twitter_card":"summary_large_image","twitter_misc":{"Escrito por":"Juan Ignacio Prieto Nieto","Tiempo de lectura":"3 minutos"},"schema":{"@context":"https:\/\/schema.org","@graph":[{"@type":"WebPage","@id":"https:\/\/www.asajacyl.com\/soria\/asaja-soria-informa\/asaja-soria-propone-la-creacion-de-una-agencia-independiente-para-el-control-de-las-importaciones","url":"https:\/\/www.asajacyl.com\/soria\/asaja-soria-informa\/asaja-soria-propone-la-creacion-de-una-agencia-independiente-para-el-control-de-las-importaciones","name":"ASAJA Soria propone la creaci\u00f3n de una agencia independiente para el control de las importaciones - ASAJA Soria","isPartOf":{"@id":"https:\/\/www.asajacyl.com\/soria\/#website"},"primaryImageOfPage":{"@id":"https:\/\/www.asajacyl.com\/soria\/asaja-soria-informa\/asaja-soria-propone-la-creacion-de-una-agencia-independiente-para-el-control-de-las-importaciones#primaryimage"},"image":{"@id":"https:\/\/www.asajacyl.com\/soria\/asaja-soria-informa\/asaja-soria-propone-la-creacion-de-una-agencia-independiente-para-el-control-de-las-importaciones#primaryimage"},"thumbnailUrl":"https:\/\/www.asajacyl.com\/soria\/wp-content\/uploads\/sites\/9\/2026\/02\/puertosant.jpg","datePublished":"2026-02-11T14:06:27+00:00","dateModified":"2026-02-11T14:08:00+00:00","author":{"@id":"https:\/\/www.asajacyl.com\/soria\/#\/schema\/person\/fd3081c40255119ce8133b87e6aedfab"},"description":"El Parlamento Europeo ha aprobado un paquete de cl\u00e1usulas de salvaguarda que se a\u00f1adir\u00e1n al acuerdo con Mercosur \u00a0 El Parlamento Europeo ha aprobado, este","breadcrumb":{"@id":"https:\/\/www.asajacyl.com\/soria\/asaja-soria-informa\/asaja-soria-propone-la-creacion-de-una-agencia-independiente-para-el-control-de-las-importaciones#breadcrumb"},"inLanguage":"es","potentialAction":[{"@type":"ReadAction","target":["https:\/\/www.asajacyl.com\/soria\/asaja-soria-informa\/asaja-soria-propone-la-creacion-de-una-agencia-independiente-para-el-control-de-las-importaciones"]}]},{"@type":"ImageObject","inLanguage":"es","@id":"https:\/\/www.asajacyl.com\/soria\/asaja-soria-informa\/asaja-soria-propone-la-creacion-de-una-agencia-independiente-para-el-control-de-las-importaciones#primaryimage","url":"https:\/\/www.asajacyl.com\/soria\/wp-content\/uploads\/sites\/9\/2026\/02\/puertosant.jpg","contentUrl":"https:\/\/www.asajacyl.com\/soria\/wp-content\/uploads\/sites\/9\/2026\/02\/puertosant.jpg","width":567,"height":295},{"@type":"BreadcrumbList","@id":"https:\/\/www.asajacyl.com\/soria\/asaja-soria-informa\/asaja-soria-propone-la-creacion-de-una-agencia-independiente-para-el-control-de-las-importaciones#breadcrumb","itemListElement":[{"@type":"ListItem","position":1,"name":"Portada","item":"https:\/\/www.asajacyl.com\/soria\/"},{"@type":"ListItem","position":2,"name":"ASAJA Soria propone la creaci\u00f3n de una agencia independiente para el control de las importaciones"}]},{"@type":"WebSite","@id":"https:\/\/www.asajacyl.com\/soria\/#website","url":"https:\/\/www.asajacyl.com\/soria\/","name":"ASAJA Soria","description":"Otro sitio m\u00e1s de Provincias ASAJA Castilla y Le\u00f3n","potentialAction":[{"@type":"SearchAction","target":{"@type":"EntryPoint","urlTemplate":"https:\/\/www.asajacyl.com\/soria\/?s={search_term_string}"},"query-input":{"@type":"PropertyValueSpecification","valueRequired":true,"valueName":"search_term_string"}}],"inLanguage":"es"},{"@type":"Person","@id":"https:\/\/www.asajacyl.com\/soria\/#\/schema\/person\/fd3081c40255119ce8133b87e6aedfab","name":"Juan Ignacio Prieto Nieto","image":{"@type":"ImageObject","inLanguage":"es","@id":"https:\/\/www.asajacyl.com\/soria\/#\/schema\/person\/image\/","url":"https:\/\/secure.gravatar.com\/avatar\/8266b36e4d9001acb4700699a2468dc8?s=96&d=mm&r=g","contentUrl":"https:\/\/secure.gravatar.com\/avatar\/8266b36e4d9001acb4700699a2468dc8?s=96&d=mm&r=g","caption":"Juan Ignacio Prieto Nieto"},"url":"https:\/\/www.asajacyl.com\/soria\/author\/juanfranciscoby"}]}},"_links":{"self":[{"href":"https:\/\/www.asajacyl.com\/soria\/wp-json\/wp\/v2\/posts\/9684"}],"collection":[{"href":"https:\/\/www.asajacyl.com\/soria\/wp-json\/wp\/v2\/posts"}],"about":[{"href":"https:\/\/www.asajacyl.com\/soria\/wp-json\/wp\/v2\/types\/post"}],"author":[{"embeddable":true,"href":"https:\/\/www.asajacyl.com\/soria\/wp-json\/wp\/v2\/users\/12"}],"replies":[{"embeddable":true,"href":"https:\/\/www.asajacyl.com\/soria\/wp-json\/wp\/v2\/comments?post=9684"}],"version-history":[{"count":3,"href":"https:\/\/www.asajacyl.com\/soria\/wp-json\/wp\/v2\/posts\/9684\/revisions"}],"predecessor-version":[{"id":9690,"href":"https:\/\/www.asajacyl.com\/soria\/wp-json\/wp\/v2\/posts\/9684\/revisions\/9690"}],"wp:featuredmedia":[{"embeddable":true,"href":"https:\/\/www.asajacyl.com\/soria\/wp-json\/wp\/v2\/media\/9685"}],"wp:attachment":[{"href":"https:\/\/www.asajacyl.com\/soria\/wp-json\/wp\/v2\/media?parent=9684"}],"wp:term":[{"taxonomy":"category","embeddable":true,"href":"https:\/\/www.asajacyl.com\/soria\/wp-json\/wp\/v2\/categories?post=9684"},{"taxonomy":"post_tag","embeddable":true,"href":"https:\/\/www.asajacyl.com\/soria\/wp-json\/wp\/v2\/tags?post=9684"}],"curies":[{"name":"wp","href":"https:\/\/api.w.org\/{rel}","templated":true}]}}