{"id":97,"date":"2017-11-03T00:00:00","date_gmt":"2017-11-02T23:00:00","guid":{"rendered":"https:\/\/www.asajacyl.com\/soria\/sin-categoria\/soria-anfitriona-este-ao-en-la-convencin-de-empleados-de-asaja-de-castilla-y-len"},"modified":"2017-11-14T11:23:08","modified_gmt":"2017-11-14T10:23:08","slug":"soria-anfitriona-este-ao-en-la-convencin-de-empleados-de-asaja-de-castilla-y-len","status":"publish","type":"post","link":"https:\/\/www.asajacyl.com\/soria\/asaja-soria-informa\/soria-anfitriona-este-ao-en-la-convencin-de-empleados-de-asaja-de-castilla-y-len","title":{"rendered":"Soria, anfitriona este a\u00f1o en la Convenci\u00f3n de Empleados de ASAJA de Castilla y Le\u00f3n"},"content":{"rendered":"<h2>Los d\u00edas 3 y 4 de noviembre, para favorecer la comunicaci\u00f3n entre el equipo de t\u00e9cnicos que asesora al sector agroganadero de la regi\u00f3n<\/h2>\n<p>Soria acoge los d\u00edas 3 y 4 de noviembre la Convenci\u00f3n de Empleados de ASAJA en Castilla y Le\u00f3n, en la que se re\u00fanen alrededor de 120 profesionales que trabajan en la principal organizaci\u00f3n agraria de la Comunidad Aut\u00f3noma. Con este encuentro, que cumple su novena edici\u00f3n, se procura por un lado favorecer la comunicaci\u00f3n entre el equipo de t\u00e9cnicos que asesora al sector agroganadero en las cerca de cuarenta oficinas distribuidas por toda la regi\u00f3n, y por otro propiciar la actualizaci\u00f3n de conocimientos y de sistemas de trabajo. La finalidad de todo ello es ampliar y mejorar los servicios que cada d\u00eda se ofrecen a los socios agricultores y ganaderos que pertenecen a la primera OPA de la Comunidad Aut\u00f3noma.<\/p>\n<p>La jornada del d\u00eda 3 se ha celebrado en los Salones Rosaleda de la capital soriana y ha sido inaugurada por Carmelo G\u00f3mez Sanz, presidente de ASAJA-Soria. Por la ma\u00f1ana hubo varias ponencias de especialistas, y por la tarde tuvo lugar trabajo en mesas redondas en las que el equipo de t\u00e9cnicos de ASAJA se pusieron manos a la obra para fortalecer y ampliar los servicios ofrecidos por la organizaci\u00f3n y atender las necesidades y demandas de los socios, los agricultores y ganaderos.<\/p>\n<p>El d\u00eda 4, los participantes en el encuentro se trasladar\u00e1n a la Finca La Rasa, donde visitar\u00e1n las instalaciones del grupo Nufri, especialistas en producci\u00f3n hortofrut\u00edcola.<\/p>\n<p>El equipo de profesionales de ASAJA es la cara visible de la organizaci\u00f3n, en ellos conf\u00edan los agricultores y ganaderos y a ellos les consultan cualquier tipo de problema. ASAJA entiende que ser la organizaci\u00f3n agraria mayoritaria del campo de Castilla y Le\u00f3n le obliga a ir tambi\u00e9n en cabeza a la hora de ampliar y renovar conocimientos para dar los mejores servicios a los profesionales de la agricultura y la ganader\u00eda. Desde las oficinas de ASAJA en las provincias de la regi\u00f3n se ofrecer numerosos servicios, desde la gesti\u00f3n de ayudas al asesoramiento t\u00e9cnico o jur\u00eddico, seguros, o formaci\u00f3n continua de los agricultores y ganaderos, un cap\u00edtulo reforzado recientemente con la puesta en marcha de una Plataforma online para todos aquellos j\u00f3venes que desean realizar con esta modalidad el curso de incorporaci\u00f3n a la empresa agraria y ganadera. Unos servicios que est\u00e1n en continuo cambio y expansi\u00f3n, para estar a la altura de lo que merece un sector primario cada vez m\u00e1s especializado e informado.<\/p>\n","protected":false},"excerpt":{"rendered":"<p>Los d&#237;as 3 y 4 de noviembre, para favorecer la comunicaci&#243;n entre el equipo de t&#233;cnicos que asesora al sector agroganadero de la regi&#243;n<\/p>\n","protected":false},"author":3,"featured_media":227,"comment_status":"closed","ping_status":"closed","sticky":false,"template":"","format":"standard","meta":{"footnotes":""},"categories":[10,25],"tags":[],"yoast_head":"<!-- This site is optimized with the Yoast SEO plugin v24.5 - https:\/\/yoast.com\/wordpress\/plugins\/seo\/ -->\n<title>Soria, anfitriona este a\u00f1o en la Convenci\u00f3n de Empleados de ASAJA de Castilla y Le\u00f3n<\/title>\n<meta name=\"description\" content=\"Los d\u00edas 3 y 4 de noviembre, para favorecer la comunicaci\u00f3n entre el equipo de t\u00e9cnicos que asesora al sector agroganadero de la regi\u00f3n\" \/>\n<meta name=\"robots\" content=\"index, follow, max-snippet:-1, max-image-preview:large, max-video-preview:-1\" \/>\n<link rel=\"canonical\" href=\"https:\/\/www.asajacyl.com\/soria\/asaja-soria-informa\/soria-anfitriona-este-ao-en-la-convencin-de-empleados-de-asaja-de-castilla-y-len\" \/>\n<meta property=\"og:locale\" content=\"es_ES\" \/>\n<meta property=\"og:type\" content=\"article\" \/>\n<meta property=\"og:title\" content=\"Soria, anfitriona este a\u00f1o en la Convenci\u00f3n de Empleados de ASAJA de Castilla y Le\u00f3n\" \/>\n<meta property=\"og:description\" content=\"Los d\u00edas 3 y 4 de noviembre, para favorecer la comunicaci\u00f3n entre el equipo de t\u00e9cnicos que asesora al sector agroganadero de la regi\u00f3n\" \/>\n<meta property=\"og:url\" content=\"https:\/\/www.asajacyl.com\/soria\/asaja-soria-informa\/soria-anfitriona-este-ao-en-la-convencin-de-empleados-de-asaja-de-castilla-y-len\" \/>\n<meta property=\"og:site_name\" content=\"ASAJA Soria\" \/>\n<meta property=\"article:published_time\" content=\"2017-11-02T23:00:00+00:00\" \/>\n<meta property=\"article:modified_time\" content=\"2017-11-14T10:23:08+00:00\" \/>\n<meta property=\"og:image\" content=\"https:\/\/www.asajacyl.com\/soria\/wp-content\/uploads\/sites\/9\/2017\/11\/web_c_onvencion_01-1024x459.jpg\" \/>\n\t<meta property=\"og:image:width\" content=\"1024\" \/>\n\t<meta property=\"og:image:height\" content=\"459\" \/>\n\t<meta property=\"og:image:type\" content=\"image\/jpeg\" \/>\n<meta name=\"author\" content=\"Editor\" \/>\n<meta name=\"twitter:card\" content=\"summary_large_image\" \/>\n<meta name=\"twitter:label1\" content=\"Escrito por\" \/>\n\t<meta name=\"twitter:data1\" content=\"Editor\" \/>\n\t<meta name=\"twitter:label2\" content=\"Tiempo de lectura\" \/>\n\t<meta name=\"twitter:data2\" content=\"2 minutos\" \/>\n<script type=\"application\/ld+json\" class=\"yoast-schema-graph\">{\"@context\":\"https:\/\/schema.org\",\"@graph\":[{\"@type\":\"WebPage\",\"@id\":\"https:\/\/www.asajacyl.com\/soria\/asaja-soria-informa\/soria-anfitriona-este-ao-en-la-convencin-de-empleados-de-asaja-de-castilla-y-len\",\"url\":\"https:\/\/www.asajacyl.com\/soria\/asaja-soria-informa\/soria-anfitriona-este-ao-en-la-convencin-de-empleados-de-asaja-de-castilla-y-len\",\"name\":\"Soria, anfitriona este a\u00f1o en la Convenci\u00f3n de Empleados de ASAJA de Castilla y Le\u00f3n\",\"isPartOf\":{\"@id\":\"https:\/\/www.asajacyl.com\/soria\/#website\"},\"primaryImageOfPage\":{\"@id\":\"https:\/\/www.asajacyl.com\/soria\/asaja-soria-informa\/soria-anfitriona-este-ao-en-la-convencin-de-empleados-de-asaja-de-castilla-y-len#primaryimage\"},\"image\":{\"@id\":\"https:\/\/www.asajacyl.com\/soria\/asaja-soria-informa\/soria-anfitriona-este-ao-en-la-convencin-de-empleados-de-asaja-de-castilla-y-len#primaryimage\"},\"thumbnailUrl\":\"https:\/\/www.asajacyl.com\/soria\/wp-content\/uploads\/sites\/9\/2017\/11\/web_c_onvencion_01.jpg\",\"datePublished\":\"2017-11-02T23:00:00+00:00\",\"dateModified\":\"2017-11-14T10:23:08+00:00\",\"author\":{\"@id\":\"https:\/\/www.asajacyl.com\/soria\/#\/schema\/person\/7e884476cee132331142e8ac9689f20c\"},\"description\":\"Los d\u00edas 3 y 4 de noviembre, para favorecer la comunicaci\u00f3n entre el equipo de t\u00e9cnicos que asesora al sector agroganadero de la regi\u00f3n\",\"breadcrumb\":{\"@id\":\"https:\/\/www.asajacyl.com\/soria\/asaja-soria-informa\/soria-anfitriona-este-ao-en-la-convencin-de-empleados-de-asaja-de-castilla-y-len#breadcrumb\"},\"inLanguage\":\"es\",\"potentialAction\":[{\"@type\":\"ReadAction\",\"target\":[\"https:\/\/www.asajacyl.com\/soria\/asaja-soria-informa\/soria-anfitriona-este-ao-en-la-convencin-de-empleados-de-asaja-de-castilla-y-len\"]}]},{\"@type\":\"ImageObject\",\"inLanguage\":\"es\",\"@id\":\"https:\/\/www.asajacyl.com\/soria\/asaja-soria-informa\/soria-anfitriona-este-ao-en-la-convencin-de-empleados-de-asaja-de-castilla-y-len#primaryimage\",\"url\":\"https:\/\/www.asajacyl.com\/soria\/wp-content\/uploads\/sites\/9\/2017\/11\/web_c_onvencion_01.jpg\",\"contentUrl\":\"https:\/\/www.asajacyl.com\/soria\/wp-content\/uploads\/sites\/9\/2017\/11\/web_c_onvencion_01.jpg\",\"width\":3756,\"height\":1683,\"caption\":\"Convenci\u00f3n de Empleados de ASAJA en Castilla y Le\u00f3n\"},{\"@type\":\"BreadcrumbList\",\"@id\":\"https:\/\/www.asajacyl.com\/soria\/asaja-soria-informa\/soria-anfitriona-este-ao-en-la-convencin-de-empleados-de-asaja-de-castilla-y-len#breadcrumb\",\"itemListElement\":[{\"@type\":\"ListItem\",\"position\":1,\"name\":\"Portada\",\"item\":\"https:\/\/www.asajacyl.com\/soria\/\"},{\"@type\":\"ListItem\",\"position\":2,\"name\":\"Soria, anfitriona este a\u00f1o en la Convenci\u00f3n de Empleados de ASAJA de Castilla y Le\u00f3n\"}]},{\"@type\":\"WebSite\",\"@id\":\"https:\/\/www.asajacyl.com\/soria\/#website\",\"url\":\"https:\/\/www.asajacyl.com\/soria\/\",\"name\":\"ASAJA Soria\",\"description\":\"Otro sitio m\u00e1s de Provincias ASAJA Castilla y Le\u00f3n\",\"potentialAction\":[{\"@type\":\"SearchAction\",\"target\":{\"@type\":\"EntryPoint\",\"urlTemplate\":\"https:\/\/www.asajacyl.com\/soria\/?s={search_term_string}\"},\"query-input\":{\"@type\":\"PropertyValueSpecification\",\"valueRequired\":true,\"valueName\":\"search_term_string\"}}],\"inLanguage\":\"es\"},{\"@type\":\"Person\",\"@id\":\"https:\/\/www.asajacyl.com\/soria\/#\/schema\/person\/7e884476cee132331142e8ac9689f20c\",\"name\":\"Editor\",\"image\":{\"@type\":\"ImageObject\",\"inLanguage\":\"es\",\"@id\":\"https:\/\/www.asajacyl.com\/soria\/#\/schema\/person\/image\/\",\"url\":\"https:\/\/secure.gravatar.com\/avatar\/a2ef43c165669686cfcfb0e1ffa59869?s=96&d=mm&r=g\",\"contentUrl\":\"https:\/\/secure.gravatar.com\/avatar\/a2ef43c165669686cfcfb0e1ffa59869?s=96&d=mm&r=g\",\"caption\":\"Editor\"},\"url\":\"https:\/\/www.asajacyl.com\/soria\/author\/oscargg\"}]}<\/script>\n<!-- \/ Yoast SEO plugin. -->","yoast_head_json":{"title":"Soria, anfitriona este a\u00f1o en la Convenci\u00f3n de Empleados de ASAJA de Castilla y Le\u00f3n","description":"Los d\u00edas 3 y 4 de noviembre, para favorecer la comunicaci\u00f3n entre el equipo de t\u00e9cnicos que asesora al sector agroganadero de la regi\u00f3n","robots":{"index":"index","follow":"follow","max-snippet":"max-snippet:-1","max-image-preview":"max-image-preview:large","max-video-preview":"max-video-preview:-1"},"canonical":"https:\/\/www.asajacyl.com\/soria\/asaja-soria-informa\/soria-anfitriona-este-ao-en-la-convencin-de-empleados-de-asaja-de-castilla-y-len","og_locale":"es_ES","og_type":"article","og_title":"Soria, anfitriona este a\u00f1o en la Convenci\u00f3n de Empleados de ASAJA de Castilla y Le\u00f3n","og_description":"Los d\u00edas 3 y 4 de noviembre, para favorecer la comunicaci\u00f3n entre el equipo de t\u00e9cnicos que asesora al sector agroganadero de la regi\u00f3n","og_url":"https:\/\/www.asajacyl.com\/soria\/asaja-soria-informa\/soria-anfitriona-este-ao-en-la-convencin-de-empleados-de-asaja-de-castilla-y-len","og_site_name":"ASAJA Soria","article_published_time":"2017-11-02T23:00:00+00:00","article_modified_time":"2017-11-14T10:23:08+00:00","og_image":[{"width":1024,"height":459,"url":"https:\/\/www.asajacyl.com\/soria\/wp-content\/uploads\/sites\/9\/2017\/11\/web_c_onvencion_01-1024x459.jpg","type":"image\/jpeg"}],"author":"Editor","twitter_card":"summary_large_image","twitter_misc":{"Escrito por":"Editor","Tiempo de lectura":"2 minutos"},"schema":{"@context":"https:\/\/schema.org","@graph":[{"@type":"WebPage","@id":"https:\/\/www.asajacyl.com\/soria\/asaja-soria-informa\/soria-anfitriona-este-ao-en-la-convencin-de-empleados-de-asaja-de-castilla-y-len","url":"https:\/\/www.asajacyl.com\/soria\/asaja-soria-informa\/soria-anfitriona-este-ao-en-la-convencin-de-empleados-de-asaja-de-castilla-y-len","name":"Soria, anfitriona este a\u00f1o en la Convenci\u00f3n de Empleados de ASAJA de Castilla y Le\u00f3n","isPartOf":{"@id":"https:\/\/www.asajacyl.com\/soria\/#website"},"primaryImageOfPage":{"@id":"https:\/\/www.asajacyl.com\/soria\/asaja-soria-informa\/soria-anfitriona-este-ao-en-la-convencin-de-empleados-de-asaja-de-castilla-y-len#primaryimage"},"image":{"@id":"https:\/\/www.asajacyl.com\/soria\/asaja-soria-informa\/soria-anfitriona-este-ao-en-la-convencin-de-empleados-de-asaja-de-castilla-y-len#primaryimage"},"thumbnailUrl":"https:\/\/www.asajacyl.com\/soria\/wp-content\/uploads\/sites\/9\/2017\/11\/web_c_onvencion_01.jpg","datePublished":"2017-11-02T23:00:00+00:00","dateModified":"2017-11-14T10:23:08+00:00","author":{"@id":"https:\/\/www.asajacyl.com\/soria\/#\/schema\/person\/7e884476cee132331142e8ac9689f20c"},"description":"Los d\u00edas 3 y 4 de noviembre, para favorecer la comunicaci\u00f3n entre el equipo de t\u00e9cnicos que asesora al sector agroganadero de la regi\u00f3n","breadcrumb":{"@id":"https:\/\/www.asajacyl.com\/soria\/asaja-soria-informa\/soria-anfitriona-este-ao-en-la-convencin-de-empleados-de-asaja-de-castilla-y-len#breadcrumb"},"inLanguage":"es","potentialAction":[{"@type":"ReadAction","target":["https:\/\/www.asajacyl.com\/soria\/asaja-soria-informa\/soria-anfitriona-este-ao-en-la-convencin-de-empleados-de-asaja-de-castilla-y-len"]}]},{"@type":"ImageObject","inLanguage":"es","@id":"https:\/\/www.asajacyl.com\/soria\/asaja-soria-informa\/soria-anfitriona-este-ao-en-la-convencin-de-empleados-de-asaja-de-castilla-y-len#primaryimage","url":"https:\/\/www.asajacyl.com\/soria\/wp-content\/uploads\/sites\/9\/2017\/11\/web_c_onvencion_01.jpg","contentUrl":"https:\/\/www.asajacyl.com\/soria\/wp-content\/uploads\/sites\/9\/2017\/11\/web_c_onvencion_01.jpg","width":3756,"height":1683,"caption":"Convenci\u00f3n de Empleados de ASAJA en Castilla y Le\u00f3n"},{"@type":"BreadcrumbList","@id":"https:\/\/www.asajacyl.com\/soria\/asaja-soria-informa\/soria-anfitriona-este-ao-en-la-convencin-de-empleados-de-asaja-de-castilla-y-len#breadcrumb","itemListElement":[{"@type":"ListItem","position":1,"name":"Portada","item":"https:\/\/www.asajacyl.com\/soria\/"},{"@type":"ListItem","position":2,"name":"Soria, anfitriona este a\u00f1o en la Convenci\u00f3n de Empleados de ASAJA de Castilla y Le\u00f3n"}]},{"@type":"WebSite","@id":"https:\/\/www.asajacyl.com\/soria\/#website","url":"https:\/\/www.asajacyl.com\/soria\/","name":"ASAJA Soria","description":"Otro sitio m\u00e1s de Provincias ASAJA Castilla y Le\u00f3n","potentialAction":[{"@type":"SearchAction","target":{"@type":"EntryPoint","urlTemplate":"https:\/\/www.asajacyl.com\/soria\/?s={search_term_string}"},"query-input":{"@type":"PropertyValueSpecification","valueRequired":true,"valueName":"search_term_string"}}],"inLanguage":"es"},{"@type":"Person","@id":"https:\/\/www.asajacyl.com\/soria\/#\/schema\/person\/7e884476cee132331142e8ac9689f20c","name":"Editor","image":{"@type":"ImageObject","inLanguage":"es","@id":"https:\/\/www.asajacyl.com\/soria\/#\/schema\/person\/image\/","url":"https:\/\/secure.gravatar.com\/avatar\/a2ef43c165669686cfcfb0e1ffa59869?s=96&d=mm&r=g","contentUrl":"https:\/\/secure.gravatar.com\/avatar\/a2ef43c165669686cfcfb0e1ffa59869?s=96&d=mm&r=g","caption":"Editor"},"url":"https:\/\/www.asajacyl.com\/soria\/author\/oscargg"}]}},"_links":{"self":[{"href":"https:\/\/www.asajacyl.com\/soria\/wp-json\/wp\/v2\/posts\/97"}],"collection":[{"href":"https:\/\/www.asajacyl.com\/soria\/wp-json\/wp\/v2\/posts"}],"about":[{"href":"https:\/\/www.asajacyl.com\/soria\/wp-json\/wp\/v2\/types\/post"}],"author":[{"embeddable":true,"href":"https:\/\/www.asajacyl.com\/soria\/wp-json\/wp\/v2\/users\/3"}],"replies":[{"embeddable":true,"href":"https:\/\/www.asajacyl.com\/soria\/wp-json\/wp\/v2\/comments?post=97"}],"version-history":[{"count":4,"href":"https:\/\/www.asajacyl.com\/soria\/wp-json\/wp\/v2\/posts\/97\/revisions"}],"predecessor-version":[{"id":229,"href":"https:\/\/www.asajacyl.com\/soria\/wp-json\/wp\/v2\/posts\/97\/revisions\/229"}],"wp:featuredmedia":[{"embeddable":true,"href":"https:\/\/www.asajacyl.com\/soria\/wp-json\/wp\/v2\/media\/227"}],"wp:attachment":[{"href":"https:\/\/www.asajacyl.com\/soria\/wp-json\/wp\/v2\/media?parent=97"}],"wp:term":[{"taxonomy":"category","embeddable":true,"href":"https:\/\/www.asajacyl.com\/soria\/wp-json\/wp\/v2\/categories?post=97"},{"taxonomy":"post_tag","embeddable":true,"href":"https:\/\/www.asajacyl.com\/soria\/wp-json\/wp\/v2\/tags?post=97"}],"curies":[{"name":"wp","href":"https:\/\/api.w.org\/{rel}","templated":true}]}}