{"id":9710,"date":"2026-02-23T10:10:39","date_gmt":"2026-02-23T09:10:39","guid":{"rendered":"https:\/\/www.asajacyl.com\/soria\/?p=9710"},"modified":"2026-03-10T16:13:52","modified_gmt":"2026-03-10T15:13:52","slug":"asaja-soria-pide-a-la-comision-europea-que-rechace-el-acuerdo-comercial-con-estados-unidos-en-las-condiciones-que-impone-trump","status":"publish","type":"post","link":"https:\/\/www.asajacyl.com\/soria\/asaja-soria-informa\/asaja-soria-pide-a-la-comision-europea-que-rechace-el-acuerdo-comercial-con-estados-unidos-en-las-condiciones-que-impone-trump","title":{"rendered":"ASAJA Soria pide a la Comisi\u00f3n Europea que rechace el acuerdo comercial con Estados Unidos en las condiciones que impone Trump"},"content":{"rendered":"\n\n\n<h2><strong><em>La organizaci\u00f3n -como ya hizo en su momento- se opone frontalmente al pacto y espera que se ponga fin a la aberraci\u00f3n arancelaria consentida a Washington<\/em><\/strong><\/h2>\n<p>La Comisi\u00f3n Europea ha reaccionado a la decisi\u00f3n del Tribunal Supremo de tumbar la pol\u00edtica arancelaria de Donald Trump. El presidente de Estados Unidos ha elevado el pulso diciendo que elevar\u00e1 al 15% los aranceles globales, por lo que Bruselas pide \u00abplena claridad\u00bb sobre las medidas que la Administraci\u00f3n estadounidense piensa aplicar.<\/p>\n<p>ASAJA Soria pide a Bruselas que rechace el acuerdo comercial con Estados Unidos en las condiciones de Trump; ya no tanto porque la agricultura sea moneda de cambio, que en principio es para todos los sectores, pero s\u00ed por lo que tiene de humillante, vergonzoso y por ser el origen del resto de los acuerdos que han venido despu\u00e9s.<\/p>\n<p>ASAJA Soria recuerda que, desde que se anunci\u00f3 la guerra arancelaria por parte de Donald Trump, la Comisi\u00f3n Europea ha seguido una pol\u00edtica acelerada de buscar estabilidad y amplitud de mercados bajo el amparo legal de la legislaci\u00f3n internacional del comercio y as\u00ed se han establecido o se est\u00e1n ultimando acuerdos con Canad\u00e1, Nueva Zelanda, M\u00e9xico, India, Australia, Mercosur, etc\u00e9tera\u2026<\/p>\n<p>La precipitaci\u00f3n de estos acuerdos ha tenido como detonante la guerra arancelaria de la administraci\u00f3n estadounidense. La decisi\u00f3n del Tribunal Supremo de EE.UU. el pasado viernes\u00a0de dejar en suspenso los aranceles que el presidente Donald Trump impuso de forma indiscriminada a m\u00e1s de un centenar de pa\u00edses, entre ellos a los de la UE, con un fallo (6-3) ha dejado en el aire la pol\u00edtica econ\u00f3mica de Washington. Poco despu\u00e9s de ese varapalo judicial, el mandatario dijo que subir\u00eda este arancel global al 15%, con \u00abefecto inmediato\u00bb.<\/p>\n<p>Ante esta situaci\u00f3n, ASAJA Soria se ratifica en su posici\u00f3n, que ya era totalmente beligerante y sigue protestando sobre ese acuerdo que en varias ocasiones lo ha calificado de vergonzoso. ASAJA Soria no quiere resignarse a que las exportaciones de productos como el vino de la Ribera del Duero de Soria a Estados Unidos est\u00e9n penalizadas con un arancel del 15%, mientras que los vinos procedentes de California lleguen al 0%. Por no hablar del trigo estadounidense que llega a los puertos espa\u00f1oles al 0 %, como sucede con el ucraniano.<\/p>\n<p>ASAJA Soria pide a las instituciones europeas que trabajen para que el Parlamento Europeo suspenda la ratificaci\u00f3n del acuerdo, porque es evidente que falta certeza legal y no hay ning\u00fan tipo de claridad especialmente en lo relacionado con el sector agrario.<\/p>\n<p><img loading=\"lazy\" decoding=\"async\" class=\"aligncenter size-full wp-image-9711\" src=\"https:\/\/www.asajacyl.com\/soria\/wp-content\/uploads\/sites\/9\/2026\/02\/hhImagen1.png\" alt=\"\" width=\"332\" height=\"190\" srcset=\"https:\/\/www.asajacyl.com\/soria\/wp-content\/uploads\/sites\/9\/2026\/02\/hhImagen1.png 332w, https:\/\/www.asajacyl.com\/soria\/wp-content\/uploads\/sites\/9\/2026\/02\/hhImagen1-300x172.png 300w\" sizes=\"(max-width: 332px) 100vw, 332px\" \/><\/p>\n<p><em>En febrero de 2025 Trump inici\u00f3 su anuncio de aranceles empezando por China, M\u00e9xico y Canad\u00e1. Desde entonces, casualidad, el precio del trigo se ha hundido sin precedente.<\/em><\/p>\n","protected":false},"excerpt":{"rendered":"<p>La organizaci\u00f3n -como ya hizo en su momento- se opone frontalmente al pacto y espera que se ponga fin a la aberraci\u00f3n arancelaria consentida a Washington La Comisi\u00f3n Europea ha reaccionado a la decisi\u00f3n del Tribunal Supremo de tumbar la pol\u00edtica arancelaria de Donald Trump. El presidente de Estados Unidos ha elevado el pulso diciendo [&hellip;]<\/p>\n","protected":false},"author":12,"featured_media":9711,"comment_status":"open","ping_status":"open","sticky":false,"template":"","format":"standard","meta":{"footnotes":""},"categories":[10,25],"tags":[],"yoast_head":"<!-- This site is optimized with the Yoast SEO plugin v24.5 - https:\/\/yoast.com\/wordpress\/plugins\/seo\/ -->\n<title>ASAJA Soria pide a la Comisi\u00f3n Europea que rechace el acuerdo comercial con Estados Unidos en las condiciones que impone Trump - ASAJA Soria<\/title>\n<meta name=\"description\" content=\"La organizaci\u00f3n -como ya hizo en su momento- se opone frontalmente al pacto y espera que se ponga fin a la aberraci\u00f3n arancelaria consentida a Washington\" \/>\n<meta name=\"robots\" content=\"index, follow, max-snippet:-1, max-image-preview:large, max-video-preview:-1\" \/>\n<link rel=\"canonical\" href=\"https:\/\/www.asajacyl.com\/soria\/asaja-soria-informa\/asaja-soria-pide-a-la-comision-europea-que-rechace-el-acuerdo-comercial-con-estados-unidos-en-las-condiciones-que-impone-trump\" \/>\n<meta property=\"og:locale\" content=\"es_ES\" \/>\n<meta property=\"og:type\" content=\"article\" \/>\n<meta property=\"og:title\" content=\"ASAJA Soria pide a la Comisi\u00f3n Europea que rechace el acuerdo comercial con Estados Unidos en las condiciones que impone Trump - ASAJA Soria\" \/>\n<meta property=\"og:description\" content=\"La organizaci\u00f3n -como ya hizo en su momento- se opone frontalmente al pacto y espera que se ponga fin a la aberraci\u00f3n arancelaria consentida a Washington\" \/>\n<meta property=\"og:url\" content=\"https:\/\/www.asajacyl.com\/soria\/asaja-soria-informa\/asaja-soria-pide-a-la-comision-europea-que-rechace-el-acuerdo-comercial-con-estados-unidos-en-las-condiciones-que-impone-trump\" \/>\n<meta property=\"og:site_name\" content=\"ASAJA Soria\" \/>\n<meta property=\"article:published_time\" content=\"2026-02-23T09:10:39+00:00\" \/>\n<meta property=\"article:modified_time\" content=\"2026-03-10T15:13:52+00:00\" \/>\n<meta property=\"og:image\" content=\"https:\/\/www.asajacyl.com\/soria\/wp-content\/uploads\/sites\/9\/2026\/02\/hhImagen1.png\" \/>\n\t<meta property=\"og:image:width\" content=\"332\" \/>\n\t<meta property=\"og:image:height\" content=\"190\" \/>\n\t<meta property=\"og:image:type\" content=\"image\/png\" \/>\n<meta name=\"author\" content=\"Juan Ignacio Prieto Nieto\" \/>\n<meta name=\"twitter:card\" content=\"summary_large_image\" \/>\n<meta name=\"twitter:label1\" content=\"Escrito por\" \/>\n\t<meta name=\"twitter:data1\" content=\"Juan Ignacio Prieto Nieto\" \/>\n\t<meta name=\"twitter:label2\" content=\"Tiempo de lectura\" \/>\n\t<meta name=\"twitter:data2\" content=\"3 minutos\" \/>\n<script type=\"application\/ld+json\" class=\"yoast-schema-graph\">{\"@context\":\"https:\/\/schema.org\",\"@graph\":[{\"@type\":\"WebPage\",\"@id\":\"https:\/\/www.asajacyl.com\/soria\/asaja-soria-informa\/asaja-soria-pide-a-la-comision-europea-que-rechace-el-acuerdo-comercial-con-estados-unidos-en-las-condiciones-que-impone-trump\",\"url\":\"https:\/\/www.asajacyl.com\/soria\/asaja-soria-informa\/asaja-soria-pide-a-la-comision-europea-que-rechace-el-acuerdo-comercial-con-estados-unidos-en-las-condiciones-que-impone-trump\",\"name\":\"ASAJA Soria pide a la Comisi\u00f3n Europea que rechace el acuerdo comercial con Estados Unidos en las condiciones que impone Trump - ASAJA Soria\",\"isPartOf\":{\"@id\":\"https:\/\/www.asajacyl.com\/soria\/#website\"},\"primaryImageOfPage\":{\"@id\":\"https:\/\/www.asajacyl.com\/soria\/asaja-soria-informa\/asaja-soria-pide-a-la-comision-europea-que-rechace-el-acuerdo-comercial-con-estados-unidos-en-las-condiciones-que-impone-trump#primaryimage\"},\"image\":{\"@id\":\"https:\/\/www.asajacyl.com\/soria\/asaja-soria-informa\/asaja-soria-pide-a-la-comision-europea-que-rechace-el-acuerdo-comercial-con-estados-unidos-en-las-condiciones-que-impone-trump#primaryimage\"},\"thumbnailUrl\":\"https:\/\/www.asajacyl.com\/soria\/wp-content\/uploads\/sites\/9\/2026\/02\/hhImagen1.png\",\"datePublished\":\"2026-02-23T09:10:39+00:00\",\"dateModified\":\"2026-03-10T15:13:52+00:00\",\"author\":{\"@id\":\"https:\/\/www.asajacyl.com\/soria\/#\/schema\/person\/fd3081c40255119ce8133b87e6aedfab\"},\"description\":\"La organizaci\u00f3n -como ya hizo en su momento- se opone frontalmente al pacto y espera que se ponga fin a la aberraci\u00f3n arancelaria consentida a Washington\",\"breadcrumb\":{\"@id\":\"https:\/\/www.asajacyl.com\/soria\/asaja-soria-informa\/asaja-soria-pide-a-la-comision-europea-que-rechace-el-acuerdo-comercial-con-estados-unidos-en-las-condiciones-que-impone-trump#breadcrumb\"},\"inLanguage\":\"es\",\"potentialAction\":[{\"@type\":\"ReadAction\",\"target\":[\"https:\/\/www.asajacyl.com\/soria\/asaja-soria-informa\/asaja-soria-pide-a-la-comision-europea-que-rechace-el-acuerdo-comercial-con-estados-unidos-en-las-condiciones-que-impone-trump\"]}]},{\"@type\":\"ImageObject\",\"inLanguage\":\"es\",\"@id\":\"https:\/\/www.asajacyl.com\/soria\/asaja-soria-informa\/asaja-soria-pide-a-la-comision-europea-que-rechace-el-acuerdo-comercial-con-estados-unidos-en-las-condiciones-que-impone-trump#primaryimage\",\"url\":\"https:\/\/www.asajacyl.com\/soria\/wp-content\/uploads\/sites\/9\/2026\/02\/hhImagen1.png\",\"contentUrl\":\"https:\/\/www.asajacyl.com\/soria\/wp-content\/uploads\/sites\/9\/2026\/02\/hhImagen1.png\",\"width\":332,\"height\":190},{\"@type\":\"BreadcrumbList\",\"@id\":\"https:\/\/www.asajacyl.com\/soria\/asaja-soria-informa\/asaja-soria-pide-a-la-comision-europea-que-rechace-el-acuerdo-comercial-con-estados-unidos-en-las-condiciones-que-impone-trump#breadcrumb\",\"itemListElement\":[{\"@type\":\"ListItem\",\"position\":1,\"name\":\"Portada\",\"item\":\"https:\/\/www.asajacyl.com\/soria\/\"},{\"@type\":\"ListItem\",\"position\":2,\"name\":\"ASAJA Soria pide a la Comisi\u00f3n Europea que rechace el acuerdo comercial con Estados Unidos en las condiciones que impone Trump\"}]},{\"@type\":\"WebSite\",\"@id\":\"https:\/\/www.asajacyl.com\/soria\/#website\",\"url\":\"https:\/\/www.asajacyl.com\/soria\/\",\"name\":\"ASAJA Soria\",\"description\":\"Otro sitio m\u00e1s de Provincias ASAJA Castilla y Le\u00f3n\",\"potentialAction\":[{\"@type\":\"SearchAction\",\"target\":{\"@type\":\"EntryPoint\",\"urlTemplate\":\"https:\/\/www.asajacyl.com\/soria\/?s={search_term_string}\"},\"query-input\":{\"@type\":\"PropertyValueSpecification\",\"valueRequired\":true,\"valueName\":\"search_term_string\"}}],\"inLanguage\":\"es\"},{\"@type\":\"Person\",\"@id\":\"https:\/\/www.asajacyl.com\/soria\/#\/schema\/person\/fd3081c40255119ce8133b87e6aedfab\",\"name\":\"Juan Ignacio Prieto Nieto\",\"image\":{\"@type\":\"ImageObject\",\"inLanguage\":\"es\",\"@id\":\"https:\/\/www.asajacyl.com\/soria\/#\/schema\/person\/image\/\",\"url\":\"https:\/\/secure.gravatar.com\/avatar\/8266b36e4d9001acb4700699a2468dc8?s=96&d=mm&r=g\",\"contentUrl\":\"https:\/\/secure.gravatar.com\/avatar\/8266b36e4d9001acb4700699a2468dc8?s=96&d=mm&r=g\",\"caption\":\"Juan Ignacio Prieto Nieto\"},\"url\":\"https:\/\/www.asajacyl.com\/soria\/author\/juanfranciscoby\"}]}<\/script>\n<!-- \/ Yoast SEO plugin. -->","yoast_head_json":{"title":"ASAJA Soria pide a la Comisi\u00f3n Europea que rechace el acuerdo comercial con Estados Unidos en las condiciones que impone Trump - ASAJA Soria","description":"La organizaci\u00f3n -como ya hizo en su momento- se opone frontalmente al pacto y espera que se ponga fin a la aberraci\u00f3n arancelaria consentida a Washington","robots":{"index":"index","follow":"follow","max-snippet":"max-snippet:-1","max-image-preview":"max-image-preview:large","max-video-preview":"max-video-preview:-1"},"canonical":"https:\/\/www.asajacyl.com\/soria\/asaja-soria-informa\/asaja-soria-pide-a-la-comision-europea-que-rechace-el-acuerdo-comercial-con-estados-unidos-en-las-condiciones-que-impone-trump","og_locale":"es_ES","og_type":"article","og_title":"ASAJA Soria pide a la Comisi\u00f3n Europea que rechace el acuerdo comercial con Estados Unidos en las condiciones que impone Trump - ASAJA Soria","og_description":"La organizaci\u00f3n -como ya hizo en su momento- se opone frontalmente al pacto y espera que se ponga fin a la aberraci\u00f3n arancelaria consentida a Washington","og_url":"https:\/\/www.asajacyl.com\/soria\/asaja-soria-informa\/asaja-soria-pide-a-la-comision-europea-que-rechace-el-acuerdo-comercial-con-estados-unidos-en-las-condiciones-que-impone-trump","og_site_name":"ASAJA Soria","article_published_time":"2026-02-23T09:10:39+00:00","article_modified_time":"2026-03-10T15:13:52+00:00","og_image":[{"width":332,"height":190,"url":"https:\/\/www.asajacyl.com\/soria\/wp-content\/uploads\/sites\/9\/2026\/02\/hhImagen1.png","type":"image\/png"}],"author":"Juan Ignacio Prieto Nieto","twitter_card":"summary_large_image","twitter_misc":{"Escrito por":"Juan Ignacio Prieto Nieto","Tiempo de lectura":"3 minutos"},"schema":{"@context":"https:\/\/schema.org","@graph":[{"@type":"WebPage","@id":"https:\/\/www.asajacyl.com\/soria\/asaja-soria-informa\/asaja-soria-pide-a-la-comision-europea-que-rechace-el-acuerdo-comercial-con-estados-unidos-en-las-condiciones-que-impone-trump","url":"https:\/\/www.asajacyl.com\/soria\/asaja-soria-informa\/asaja-soria-pide-a-la-comision-europea-que-rechace-el-acuerdo-comercial-con-estados-unidos-en-las-condiciones-que-impone-trump","name":"ASAJA Soria pide a la Comisi\u00f3n Europea que rechace el acuerdo comercial con Estados Unidos en las condiciones que impone Trump - ASAJA Soria","isPartOf":{"@id":"https:\/\/www.asajacyl.com\/soria\/#website"},"primaryImageOfPage":{"@id":"https:\/\/www.asajacyl.com\/soria\/asaja-soria-informa\/asaja-soria-pide-a-la-comision-europea-que-rechace-el-acuerdo-comercial-con-estados-unidos-en-las-condiciones-que-impone-trump#primaryimage"},"image":{"@id":"https:\/\/www.asajacyl.com\/soria\/asaja-soria-informa\/asaja-soria-pide-a-la-comision-europea-que-rechace-el-acuerdo-comercial-con-estados-unidos-en-las-condiciones-que-impone-trump#primaryimage"},"thumbnailUrl":"https:\/\/www.asajacyl.com\/soria\/wp-content\/uploads\/sites\/9\/2026\/02\/hhImagen1.png","datePublished":"2026-02-23T09:10:39+00:00","dateModified":"2026-03-10T15:13:52+00:00","author":{"@id":"https:\/\/www.asajacyl.com\/soria\/#\/schema\/person\/fd3081c40255119ce8133b87e6aedfab"},"description":"La organizaci\u00f3n -como ya hizo en su momento- se opone frontalmente al pacto y espera que se ponga fin a la aberraci\u00f3n arancelaria consentida a Washington","breadcrumb":{"@id":"https:\/\/www.asajacyl.com\/soria\/asaja-soria-informa\/asaja-soria-pide-a-la-comision-europea-que-rechace-el-acuerdo-comercial-con-estados-unidos-en-las-condiciones-que-impone-trump#breadcrumb"},"inLanguage":"es","potentialAction":[{"@type":"ReadAction","target":["https:\/\/www.asajacyl.com\/soria\/asaja-soria-informa\/asaja-soria-pide-a-la-comision-europea-que-rechace-el-acuerdo-comercial-con-estados-unidos-en-las-condiciones-que-impone-trump"]}]},{"@type":"ImageObject","inLanguage":"es","@id":"https:\/\/www.asajacyl.com\/soria\/asaja-soria-informa\/asaja-soria-pide-a-la-comision-europea-que-rechace-el-acuerdo-comercial-con-estados-unidos-en-las-condiciones-que-impone-trump#primaryimage","url":"https:\/\/www.asajacyl.com\/soria\/wp-content\/uploads\/sites\/9\/2026\/02\/hhImagen1.png","contentUrl":"https:\/\/www.asajacyl.com\/soria\/wp-content\/uploads\/sites\/9\/2026\/02\/hhImagen1.png","width":332,"height":190},{"@type":"BreadcrumbList","@id":"https:\/\/www.asajacyl.com\/soria\/asaja-soria-informa\/asaja-soria-pide-a-la-comision-europea-que-rechace-el-acuerdo-comercial-con-estados-unidos-en-las-condiciones-que-impone-trump#breadcrumb","itemListElement":[{"@type":"ListItem","position":1,"name":"Portada","item":"https:\/\/www.asajacyl.com\/soria\/"},{"@type":"ListItem","position":2,"name":"ASAJA Soria pide a la Comisi\u00f3n Europea que rechace el acuerdo comercial con Estados Unidos en las condiciones que impone Trump"}]},{"@type":"WebSite","@id":"https:\/\/www.asajacyl.com\/soria\/#website","url":"https:\/\/www.asajacyl.com\/soria\/","name":"ASAJA Soria","description":"Otro sitio m\u00e1s de Provincias ASAJA Castilla y Le\u00f3n","potentialAction":[{"@type":"SearchAction","target":{"@type":"EntryPoint","urlTemplate":"https:\/\/www.asajacyl.com\/soria\/?s={search_term_string}"},"query-input":{"@type":"PropertyValueSpecification","valueRequired":true,"valueName":"search_term_string"}}],"inLanguage":"es"},{"@type":"Person","@id":"https:\/\/www.asajacyl.com\/soria\/#\/schema\/person\/fd3081c40255119ce8133b87e6aedfab","name":"Juan Ignacio Prieto Nieto","image":{"@type":"ImageObject","inLanguage":"es","@id":"https:\/\/www.asajacyl.com\/soria\/#\/schema\/person\/image\/","url":"https:\/\/secure.gravatar.com\/avatar\/8266b36e4d9001acb4700699a2468dc8?s=96&d=mm&r=g","contentUrl":"https:\/\/secure.gravatar.com\/avatar\/8266b36e4d9001acb4700699a2468dc8?s=96&d=mm&r=g","caption":"Juan Ignacio Prieto Nieto"},"url":"https:\/\/www.asajacyl.com\/soria\/author\/juanfranciscoby"}]}},"_links":{"self":[{"href":"https:\/\/www.asajacyl.com\/soria\/wp-json\/wp\/v2\/posts\/9710"}],"collection":[{"href":"https:\/\/www.asajacyl.com\/soria\/wp-json\/wp\/v2\/posts"}],"about":[{"href":"https:\/\/www.asajacyl.com\/soria\/wp-json\/wp\/v2\/types\/post"}],"author":[{"embeddable":true,"href":"https:\/\/www.asajacyl.com\/soria\/wp-json\/wp\/v2\/users\/12"}],"replies":[{"embeddable":true,"href":"https:\/\/www.asajacyl.com\/soria\/wp-json\/wp\/v2\/comments?post=9710"}],"version-history":[{"count":1,"href":"https:\/\/www.asajacyl.com\/soria\/wp-json\/wp\/v2\/posts\/9710\/revisions"}],"predecessor-version":[{"id":9712,"href":"https:\/\/www.asajacyl.com\/soria\/wp-json\/wp\/v2\/posts\/9710\/revisions\/9712"}],"wp:featuredmedia":[{"embeddable":true,"href":"https:\/\/www.asajacyl.com\/soria\/wp-json\/wp\/v2\/media\/9711"}],"wp:attachment":[{"href":"https:\/\/www.asajacyl.com\/soria\/wp-json\/wp\/v2\/media?parent=9710"}],"wp:term":[{"taxonomy":"category","embeddable":true,"href":"https:\/\/www.asajacyl.com\/soria\/wp-json\/wp\/v2\/categories?post=9710"},{"taxonomy":"post_tag","embeddable":true,"href":"https:\/\/www.asajacyl.com\/soria\/wp-json\/wp\/v2\/tags?post=9710"}],"curies":[{"name":"wp","href":"https:\/\/api.w.org\/{rel}","templated":true}]}}