{"id":9746,"date":"2026-03-05T11:17:33","date_gmt":"2026-03-05T10:17:33","guid":{"rendered":"https:\/\/www.asajacyl.com\/soria\/?p=9746"},"modified":"2026-03-05T11:21:13","modified_gmt":"2026-03-05T10:21:13","slug":"asaja-avisa-del-impacto-inmediato-abonos-y-combustibles-suben-con-la-crisis-en-oriente-medio","status":"publish","type":"post","link":"https:\/\/www.asajacyl.com\/soria\/asaja-soria-informa\/asaja-avisa-del-impacto-inmediato-abonos-y-combustibles-suben-con-la-crisis-en-oriente-medio","title":{"rendered":"ASAJA AVISA DEL IMPACTO INMEDIATO: ABONOS Y COMBUSTIBLES SUBEN CON LA CRISIS EN ORIENTE MEDIO"},"content":{"rendered":"\n\n\n<p>ASAJA advierte de que la escalada del conflicto en Oriente Medio, con el foco en el estrecho de Ormuz, y el actual clima de tensi\u00f3n comercial amenazan con encarecer fertilizantes, gas\u00f3leo agr\u00edcola y energ\u00eda \u2014claves para la maquinaria y el riego\u2014 y con afectar a las exportaciones agroalimentarias a Estados Unidos, especialmente de vino y aceite de oliva.<\/p>\n<p>En estos primeros d\u00edas, agricultores trasladan ya una subida general de combustibles y un aumento de los abonos, sobre todo nitrogenados, en un contexto que afecta al comercio y la fabricaci\u00f3n de insumos como amon\u00edaco, urea, azufre y gas natural, necesarios para producir fertilizantes.<\/p>\n<p>El coste de los abonos representa en torno al 15% de los costes de producci\u00f3n y ven\u00eda tension\u00e1ndose: el precio se hab\u00eda encarecido m\u00e1s del 12% en el \u00faltimo a\u00f1o, influido por aranceles adicionales a fertilizantes de Rusia y Bielorrusia y por el Mecanismo de Ajuste en Frontera por Carbono (CBAM), en vigor desde el 1 de enero para productos intensivos en emisiones como los fertilizantes.<\/p>\n<p>En el \u00e1mbito energ\u00e9tico cabe se\u00f1alar que el\u00a0 impacto en surtidor ha sido por ahora limitado, pero se\u00f1alan que, si el Brent se estabiliza en niveles cercanos a los actuales, podr\u00eda ser razonable una subida de 8 a 10 c\u00e9ntimos por litro en las pr\u00f3ximas semanas, con un traslado que puede tardar d\u00edas o hasta dos semanas.<\/p>\n<p>Desde ASAJA ya se ha trasladado al comisario de Agricultura, Christophe Hansen, la necesidad de medidas urgentes para frenar la escalada de costes. Entre las propuestas defendidas figuran:<\/p>\n<ul>\n<li>Eliminar los aranceles a la Naci\u00f3n M\u00e1s Favorecida (NMF) al menos durante cinco a\u00f1os (y no solo un a\u00f1o).<\/li>\n<li>Fin inmediato del CBAM, para cumplir el compromiso anunciado por la Comisi\u00f3n Europea.<\/li>\n<li>Ayudas extraordinarias fuera de la PAC, adem\u00e1s de apoyos del Gobierno espa\u00f1ol.<\/li>\n<\/ul>\n<p>ASAJA subraya que \u201clas guerras nunca son buenas para el campo\u201d y pide rebajar la tensi\u00f3n y actuar con moderaci\u00f3n para evitar que agricultores y ganaderos vuelvan a pagar el impacto de crisis ajenas al sector. Si la situaci\u00f3n se prolonga, la organizaci\u00f3n reclama medidas de apoyo contundentes para sostener la viabilidad de las explotaciones.<\/p>\n<p>\u00a0<\/p>\n","protected":false},"excerpt":{"rendered":"<p>ASAJA advierte de que la escalada del conflicto en Oriente Medio, con el foco en el estrecho de Ormuz, y el actual clima de tensi\u00f3n comercial amenazan con encarecer fertilizantes, gas\u00f3leo agr\u00edcola y energ\u00eda \u2014claves para la maquinaria y el riego\u2014 y con afectar a las exportaciones agroalimentarias a Estados Unidos, especialmente de vino y [&hellip;]<\/p>\n","protected":false},"author":12,"featured_media":9102,"comment_status":"open","ping_status":"open","sticky":false,"template":"","format":"standard","meta":{"footnotes":""},"categories":[10,25],"tags":[],"yoast_head":"<!-- This site is optimized with the Yoast SEO plugin v24.5 - https:\/\/yoast.com\/wordpress\/plugins\/seo\/ -->\n<title>ASAJA AVISA DEL IMPACTO INMEDIATO: ABONOS Y COMBUSTIBLES SUBEN CON LA CRISIS EN ORIENTE MEDIO - ASAJA Soria<\/title>\n<meta name=\"description\" content=\"ASAJA advierte de que la escalada del conflicto en Oriente Medio, con el foco en el estrecho de Ormuz, y el actual clima de tensi\u00f3n comercial amenazan con\" \/>\n<meta name=\"robots\" content=\"index, follow, max-snippet:-1, max-image-preview:large, max-video-preview:-1\" \/>\n<link rel=\"canonical\" href=\"https:\/\/www.asajacyl.com\/soria\/asaja-soria-informa\/asaja-avisa-del-impacto-inmediato-abonos-y-combustibles-suben-con-la-crisis-en-oriente-medio\" \/>\n<meta property=\"og:locale\" content=\"es_ES\" \/>\n<meta property=\"og:type\" content=\"article\" \/>\n<meta property=\"og:title\" content=\"ASAJA AVISA DEL IMPACTO INMEDIATO: ABONOS Y COMBUSTIBLES SUBEN CON LA CRISIS EN ORIENTE MEDIO - ASAJA Soria\" \/>\n<meta property=\"og:description\" content=\"ASAJA advierte de que la escalada del conflicto en Oriente Medio, con el foco en el estrecho de Ormuz, y el actual clima de tensi\u00f3n comercial amenazan con\" \/>\n<meta property=\"og:url\" content=\"https:\/\/www.asajacyl.com\/soria\/asaja-soria-informa\/asaja-avisa-del-impacto-inmediato-abonos-y-combustibles-suben-con-la-crisis-en-oriente-medio\" \/>\n<meta property=\"og:site_name\" content=\"ASAJA Soria\" \/>\n<meta property=\"article:published_time\" content=\"2026-03-05T10:17:33+00:00\" \/>\n<meta property=\"article:modified_time\" content=\"2026-03-05T10:21:13+00:00\" \/>\n<meta property=\"og:image\" content=\"https:\/\/www.asajacyl.com\/soria\/wp-content\/uploads\/sites\/9\/2025\/06\/017.jpg\" \/>\n\t<meta property=\"og:image:width\" content=\"1280\" \/>\n\t<meta property=\"og:image:height\" content=\"720\" \/>\n\t<meta property=\"og:image:type\" content=\"image\/jpeg\" \/>\n<meta name=\"author\" content=\"Juan Ignacio Prieto Nieto\" \/>\n<meta name=\"twitter:card\" content=\"summary_large_image\" \/>\n<meta name=\"twitter:label1\" content=\"Escrito por\" \/>\n\t<meta name=\"twitter:data1\" content=\"Juan Ignacio Prieto Nieto\" \/>\n\t<meta name=\"twitter:label2\" content=\"Tiempo de lectura\" \/>\n\t<meta name=\"twitter:data2\" content=\"2 minutos\" \/>\n<script type=\"application\/ld+json\" class=\"yoast-schema-graph\">{\"@context\":\"https:\/\/schema.org\",\"@graph\":[{\"@type\":\"WebPage\",\"@id\":\"https:\/\/www.asajacyl.com\/soria\/asaja-soria-informa\/asaja-avisa-del-impacto-inmediato-abonos-y-combustibles-suben-con-la-crisis-en-oriente-medio\",\"url\":\"https:\/\/www.asajacyl.com\/soria\/asaja-soria-informa\/asaja-avisa-del-impacto-inmediato-abonos-y-combustibles-suben-con-la-crisis-en-oriente-medio\",\"name\":\"ASAJA AVISA DEL IMPACTO INMEDIATO: ABONOS Y COMBUSTIBLES SUBEN CON LA CRISIS EN ORIENTE MEDIO - ASAJA Soria\",\"isPartOf\":{\"@id\":\"https:\/\/www.asajacyl.com\/soria\/#website\"},\"primaryImageOfPage\":{\"@id\":\"https:\/\/www.asajacyl.com\/soria\/asaja-soria-informa\/asaja-avisa-del-impacto-inmediato-abonos-y-combustibles-suben-con-la-crisis-en-oriente-medio#primaryimage\"},\"image\":{\"@id\":\"https:\/\/www.asajacyl.com\/soria\/asaja-soria-informa\/asaja-avisa-del-impacto-inmediato-abonos-y-combustibles-suben-con-la-crisis-en-oriente-medio#primaryimage\"},\"thumbnailUrl\":\"https:\/\/www.asajacyl.com\/soria\/wp-content\/uploads\/sites\/9\/2025\/06\/017.jpg\",\"datePublished\":\"2026-03-05T10:17:33+00:00\",\"dateModified\":\"2026-03-05T10:21:13+00:00\",\"author\":{\"@id\":\"https:\/\/www.asajacyl.com\/soria\/#\/schema\/person\/fd3081c40255119ce8133b87e6aedfab\"},\"description\":\"ASAJA advierte de que la escalada del conflicto en Oriente Medio, con el foco en el estrecho de Ormuz, y el actual clima de tensi\u00f3n comercial amenazan con\",\"breadcrumb\":{\"@id\":\"https:\/\/www.asajacyl.com\/soria\/asaja-soria-informa\/asaja-avisa-del-impacto-inmediato-abonos-y-combustibles-suben-con-la-crisis-en-oriente-medio#breadcrumb\"},\"inLanguage\":\"es\",\"potentialAction\":[{\"@type\":\"ReadAction\",\"target\":[\"https:\/\/www.asajacyl.com\/soria\/asaja-soria-informa\/asaja-avisa-del-impacto-inmediato-abonos-y-combustibles-suben-con-la-crisis-en-oriente-medio\"]}]},{\"@type\":\"ImageObject\",\"inLanguage\":\"es\",\"@id\":\"https:\/\/www.asajacyl.com\/soria\/asaja-soria-informa\/asaja-avisa-del-impacto-inmediato-abonos-y-combustibles-suben-con-la-crisis-en-oriente-medio#primaryimage\",\"url\":\"https:\/\/www.asajacyl.com\/soria\/wp-content\/uploads\/sites\/9\/2025\/06\/017.jpg\",\"contentUrl\":\"https:\/\/www.asajacyl.com\/soria\/wp-content\/uploads\/sites\/9\/2025\/06\/017.jpg\",\"width\":1280,\"height\":720},{\"@type\":\"BreadcrumbList\",\"@id\":\"https:\/\/www.asajacyl.com\/soria\/asaja-soria-informa\/asaja-avisa-del-impacto-inmediato-abonos-y-combustibles-suben-con-la-crisis-en-oriente-medio#breadcrumb\",\"itemListElement\":[{\"@type\":\"ListItem\",\"position\":1,\"name\":\"Portada\",\"item\":\"https:\/\/www.asajacyl.com\/soria\/\"},{\"@type\":\"ListItem\",\"position\":2,\"name\":\"ASAJA AVISA DEL IMPACTO INMEDIATO: ABONOS Y COMBUSTIBLES SUBEN CON LA CRISIS EN ORIENTE MEDIO\"}]},{\"@type\":\"WebSite\",\"@id\":\"https:\/\/www.asajacyl.com\/soria\/#website\",\"url\":\"https:\/\/www.asajacyl.com\/soria\/\",\"name\":\"ASAJA Soria\",\"description\":\"Otro sitio m\u00e1s de Provincias ASAJA Castilla y Le\u00f3n\",\"potentialAction\":[{\"@type\":\"SearchAction\",\"target\":{\"@type\":\"EntryPoint\",\"urlTemplate\":\"https:\/\/www.asajacyl.com\/soria\/?s={search_term_string}\"},\"query-input\":{\"@type\":\"PropertyValueSpecification\",\"valueRequired\":true,\"valueName\":\"search_term_string\"}}],\"inLanguage\":\"es\"},{\"@type\":\"Person\",\"@id\":\"https:\/\/www.asajacyl.com\/soria\/#\/schema\/person\/fd3081c40255119ce8133b87e6aedfab\",\"name\":\"Juan Ignacio Prieto Nieto\",\"image\":{\"@type\":\"ImageObject\",\"inLanguage\":\"es\",\"@id\":\"https:\/\/www.asajacyl.com\/soria\/#\/schema\/person\/image\/\",\"url\":\"https:\/\/secure.gravatar.com\/avatar\/8266b36e4d9001acb4700699a2468dc8?s=96&d=mm&r=g\",\"contentUrl\":\"https:\/\/secure.gravatar.com\/avatar\/8266b36e4d9001acb4700699a2468dc8?s=96&d=mm&r=g\",\"caption\":\"Juan Ignacio Prieto Nieto\"},\"url\":\"https:\/\/www.asajacyl.com\/soria\/author\/juanfranciscoby\"}]}<\/script>\n<!-- \/ Yoast SEO plugin. -->","yoast_head_json":{"title":"ASAJA AVISA DEL IMPACTO INMEDIATO: ABONOS Y COMBUSTIBLES SUBEN CON LA CRISIS EN ORIENTE MEDIO - ASAJA Soria","description":"ASAJA advierte de que la escalada del conflicto en Oriente Medio, con el foco en el estrecho de Ormuz, y el actual clima de tensi\u00f3n comercial amenazan con","robots":{"index":"index","follow":"follow","max-snippet":"max-snippet:-1","max-image-preview":"max-image-preview:large","max-video-preview":"max-video-preview:-1"},"canonical":"https:\/\/www.asajacyl.com\/soria\/asaja-soria-informa\/asaja-avisa-del-impacto-inmediato-abonos-y-combustibles-suben-con-la-crisis-en-oriente-medio","og_locale":"es_ES","og_type":"article","og_title":"ASAJA AVISA DEL IMPACTO INMEDIATO: ABONOS Y COMBUSTIBLES SUBEN CON LA CRISIS EN ORIENTE MEDIO - ASAJA Soria","og_description":"ASAJA advierte de que la escalada del conflicto en Oriente Medio, con el foco en el estrecho de Ormuz, y el actual clima de tensi\u00f3n comercial amenazan con","og_url":"https:\/\/www.asajacyl.com\/soria\/asaja-soria-informa\/asaja-avisa-del-impacto-inmediato-abonos-y-combustibles-suben-con-la-crisis-en-oriente-medio","og_site_name":"ASAJA Soria","article_published_time":"2026-03-05T10:17:33+00:00","article_modified_time":"2026-03-05T10:21:13+00:00","og_image":[{"width":1280,"height":720,"url":"https:\/\/www.asajacyl.com\/soria\/wp-content\/uploads\/sites\/9\/2025\/06\/017.jpg","type":"image\/jpeg"}],"author":"Juan Ignacio Prieto Nieto","twitter_card":"summary_large_image","twitter_misc":{"Escrito por":"Juan Ignacio Prieto Nieto","Tiempo de lectura":"2 minutos"},"schema":{"@context":"https:\/\/schema.org","@graph":[{"@type":"WebPage","@id":"https:\/\/www.asajacyl.com\/soria\/asaja-soria-informa\/asaja-avisa-del-impacto-inmediato-abonos-y-combustibles-suben-con-la-crisis-en-oriente-medio","url":"https:\/\/www.asajacyl.com\/soria\/asaja-soria-informa\/asaja-avisa-del-impacto-inmediato-abonos-y-combustibles-suben-con-la-crisis-en-oriente-medio","name":"ASAJA AVISA DEL IMPACTO INMEDIATO: ABONOS Y COMBUSTIBLES SUBEN CON LA CRISIS EN ORIENTE MEDIO - ASAJA Soria","isPartOf":{"@id":"https:\/\/www.asajacyl.com\/soria\/#website"},"primaryImageOfPage":{"@id":"https:\/\/www.asajacyl.com\/soria\/asaja-soria-informa\/asaja-avisa-del-impacto-inmediato-abonos-y-combustibles-suben-con-la-crisis-en-oriente-medio#primaryimage"},"image":{"@id":"https:\/\/www.asajacyl.com\/soria\/asaja-soria-informa\/asaja-avisa-del-impacto-inmediato-abonos-y-combustibles-suben-con-la-crisis-en-oriente-medio#primaryimage"},"thumbnailUrl":"https:\/\/www.asajacyl.com\/soria\/wp-content\/uploads\/sites\/9\/2025\/06\/017.jpg","datePublished":"2026-03-05T10:17:33+00:00","dateModified":"2026-03-05T10:21:13+00:00","author":{"@id":"https:\/\/www.asajacyl.com\/soria\/#\/schema\/person\/fd3081c40255119ce8133b87e6aedfab"},"description":"ASAJA advierte de que la escalada del conflicto en Oriente Medio, con el foco en el estrecho de Ormuz, y el actual clima de tensi\u00f3n comercial amenazan con","breadcrumb":{"@id":"https:\/\/www.asajacyl.com\/soria\/asaja-soria-informa\/asaja-avisa-del-impacto-inmediato-abonos-y-combustibles-suben-con-la-crisis-en-oriente-medio#breadcrumb"},"inLanguage":"es","potentialAction":[{"@type":"ReadAction","target":["https:\/\/www.asajacyl.com\/soria\/asaja-soria-informa\/asaja-avisa-del-impacto-inmediato-abonos-y-combustibles-suben-con-la-crisis-en-oriente-medio"]}]},{"@type":"ImageObject","inLanguage":"es","@id":"https:\/\/www.asajacyl.com\/soria\/asaja-soria-informa\/asaja-avisa-del-impacto-inmediato-abonos-y-combustibles-suben-con-la-crisis-en-oriente-medio#primaryimage","url":"https:\/\/www.asajacyl.com\/soria\/wp-content\/uploads\/sites\/9\/2025\/06\/017.jpg","contentUrl":"https:\/\/www.asajacyl.com\/soria\/wp-content\/uploads\/sites\/9\/2025\/06\/017.jpg","width":1280,"height":720},{"@type":"BreadcrumbList","@id":"https:\/\/www.asajacyl.com\/soria\/asaja-soria-informa\/asaja-avisa-del-impacto-inmediato-abonos-y-combustibles-suben-con-la-crisis-en-oriente-medio#breadcrumb","itemListElement":[{"@type":"ListItem","position":1,"name":"Portada","item":"https:\/\/www.asajacyl.com\/soria\/"},{"@type":"ListItem","position":2,"name":"ASAJA AVISA DEL IMPACTO INMEDIATO: ABONOS Y COMBUSTIBLES SUBEN CON LA CRISIS EN ORIENTE MEDIO"}]},{"@type":"WebSite","@id":"https:\/\/www.asajacyl.com\/soria\/#website","url":"https:\/\/www.asajacyl.com\/soria\/","name":"ASAJA Soria","description":"Otro sitio m\u00e1s de Provincias ASAJA Castilla y Le\u00f3n","potentialAction":[{"@type":"SearchAction","target":{"@type":"EntryPoint","urlTemplate":"https:\/\/www.asajacyl.com\/soria\/?s={search_term_string}"},"query-input":{"@type":"PropertyValueSpecification","valueRequired":true,"valueName":"search_term_string"}}],"inLanguage":"es"},{"@type":"Person","@id":"https:\/\/www.asajacyl.com\/soria\/#\/schema\/person\/fd3081c40255119ce8133b87e6aedfab","name":"Juan Ignacio Prieto Nieto","image":{"@type":"ImageObject","inLanguage":"es","@id":"https:\/\/www.asajacyl.com\/soria\/#\/schema\/person\/image\/","url":"https:\/\/secure.gravatar.com\/avatar\/8266b36e4d9001acb4700699a2468dc8?s=96&d=mm&r=g","contentUrl":"https:\/\/secure.gravatar.com\/avatar\/8266b36e4d9001acb4700699a2468dc8?s=96&d=mm&r=g","caption":"Juan Ignacio Prieto Nieto"},"url":"https:\/\/www.asajacyl.com\/soria\/author\/juanfranciscoby"}]}},"_links":{"self":[{"href":"https:\/\/www.asajacyl.com\/soria\/wp-json\/wp\/v2\/posts\/9746"}],"collection":[{"href":"https:\/\/www.asajacyl.com\/soria\/wp-json\/wp\/v2\/posts"}],"about":[{"href":"https:\/\/www.asajacyl.com\/soria\/wp-json\/wp\/v2\/types\/post"}],"author":[{"embeddable":true,"href":"https:\/\/www.asajacyl.com\/soria\/wp-json\/wp\/v2\/users\/12"}],"replies":[{"embeddable":true,"href":"https:\/\/www.asajacyl.com\/soria\/wp-json\/wp\/v2\/comments?post=9746"}],"version-history":[{"count":2,"href":"https:\/\/www.asajacyl.com\/soria\/wp-json\/wp\/v2\/posts\/9746\/revisions"}],"predecessor-version":[{"id":9749,"href":"https:\/\/www.asajacyl.com\/soria\/wp-json\/wp\/v2\/posts\/9746\/revisions\/9749"}],"wp:featuredmedia":[{"embeddable":true,"href":"https:\/\/www.asajacyl.com\/soria\/wp-json\/wp\/v2\/media\/9102"}],"wp:attachment":[{"href":"https:\/\/www.asajacyl.com\/soria\/wp-json\/wp\/v2\/media?parent=9746"}],"wp:term":[{"taxonomy":"category","embeddable":true,"href":"https:\/\/www.asajacyl.com\/soria\/wp-json\/wp\/v2\/categories?post=9746"},{"taxonomy":"post_tag","embeddable":true,"href":"https:\/\/www.asajacyl.com\/soria\/wp-json\/wp\/v2\/tags?post=9746"}],"curies":[{"name":"wp","href":"https:\/\/api.w.org\/{rel}","templated":true}]}}