{"id":9756,"date":"2026-03-10T16:20:14","date_gmt":"2026-03-10T15:20:14","guid":{"rendered":"https:\/\/www.asajacyl.com\/soria\/?p=9756"},"modified":"2026-03-18T15:49:39","modified_gmt":"2026-03-18T14:49:39","slug":"asaja-soria-exige-medidas-urgentes-ante-el-fuerte-encarecimiento-de-los-costes-de-produccion","status":"publish","type":"post","link":"https:\/\/www.asajacyl.com\/soria\/asaja-soria-informa\/asaja-soria-exige-medidas-urgentes-ante-el-fuerte-encarecimiento-de-los-costes-de-produccion","title":{"rendered":"ASAJA Soria exige medidas urgentes ante el fuerte encarecimiento de los costes de producci\u00f3n"},"content":{"rendered":"\n\n\n<h2><em>La organizaci\u00f3n, muy presente en la concentraci\u00f3n de protesta de esta ma\u00f1ana en el centro log\u00edstico de hidrocarburos en Santovenia (Valladolid)<\/em><\/h2>\n<p>M\u00e1s de dos millares de agricultores y ganaderos de Castilla y Le\u00f3n\u00a0se han concentrado esta ma\u00f1ana en el centro log\u00edstico de hidrocarburos de\u00a0Santovenia de Pisuerga (Valladolid)\u00a0para protestar por el fuerte encarecimiento de los costes de producci\u00f3n agrarios, especialmente el\u00a0gas\u00f3leo agr\u00edcola y los fertilizantes. Entre ellos, se encontraba una delegaci\u00f3n de ASAJA Soria, encabezada por la presidenta, Ana Pastor, el vicepresidente, Fernando Borque, y el secretario general, Sergio Moreno. Adem\u00e1s de profesionales del campo provincial, tambi\u00e9n acudi\u00f3 hasta Santovenia un ingenioso, y ya hist\u00f3rico artefacto de ASAJA Soria, a modo de carromato con barriles en los que se pod\u00eda leer \u2018Ruina Soria\u2019, que dio color y vistosidad a la acci\u00f3n reivindicativa, y que ya hab\u00eda estado presente a\u00f1os antes en movilizaciones de este tipo.<\/p>\n<p>Los manifestantes, convocados por ASAJA, Upa-Coag y Uccl, han denunciado lo que consideran\u00a0subidas \u201cespeculativas\u201d del combustible, as\u00ed como de los fertilizantes agrarios que est\u00e1n poniendo en riesgo la viabilidad econ\u00f3mica de muchas explotaciones.<\/p>\n<p><img loading=\"lazy\" decoding=\"async\" class=\"aligncenter size-full wp-image-9758\" src=\"https:\/\/www.asajacyl.com\/soria\/wp-content\/uploads\/sites\/9\/2026\/03\/PHOTO-2026-03-10-15-45-54.jpg\" alt=\"\" width=\"2048\" height=\"1536\" srcset=\"https:\/\/www.asajacyl.com\/soria\/wp-content\/uploads\/sites\/9\/2026\/03\/PHOTO-2026-03-10-15-45-54.jpg 2048w, https:\/\/www.asajacyl.com\/soria\/wp-content\/uploads\/sites\/9\/2026\/03\/PHOTO-2026-03-10-15-45-54-300x225.jpg 300w, https:\/\/www.asajacyl.com\/soria\/wp-content\/uploads\/sites\/9\/2026\/03\/PHOTO-2026-03-10-15-45-54-1024x768.jpg 1024w, https:\/\/www.asajacyl.com\/soria\/wp-content\/uploads\/sites\/9\/2026\/03\/PHOTO-2026-03-10-15-45-54-768x576.jpg 768w, https:\/\/www.asajacyl.com\/soria\/wp-content\/uploads\/sites\/9\/2026\/03\/PHOTO-2026-03-10-15-45-54-1536x1152.jpg 1536w, https:\/\/www.asajacyl.com\/soria\/wp-content\/uploads\/sites\/9\/2026\/03\/PHOTO-2026-03-10-15-45-54-560x420.jpg 560w, https:\/\/www.asajacyl.com\/soria\/wp-content\/uploads\/sites\/9\/2026\/03\/PHOTO-2026-03-10-15-45-54-80x60.jpg 80w, https:\/\/www.asajacyl.com\/soria\/wp-content\/uploads\/sites\/9\/2026\/03\/PHOTO-2026-03-10-15-45-54-696x522.jpg 696w, https:\/\/www.asajacyl.com\/soria\/wp-content\/uploads\/sites\/9\/2026\/03\/PHOTO-2026-03-10-15-45-54-1068x801.jpg 1068w, https:\/\/www.asajacyl.com\/soria\/wp-content\/uploads\/sites\/9\/2026\/03\/PHOTO-2026-03-10-15-45-54-1920x1440.jpg 1920w\" sizes=\"(max-width: 2048px) 100vw, 2048px\" \/><img loading=\"lazy\" decoding=\"async\" class=\"aligncenter  wp-image-9757\" src=\"https:\/\/www.asajacyl.com\/soria\/wp-content\/uploads\/sites\/9\/2026\/03\/IMG_0764.jpg\" alt=\"\" width=\"814\" height=\"629\" srcset=\"https:\/\/www.asajacyl.com\/soria\/wp-content\/uploads\/sites\/9\/2026\/03\/IMG_0764.jpg 1290w, https:\/\/www.asajacyl.com\/soria\/wp-content\/uploads\/sites\/9\/2026\/03\/IMG_0764-300x232.jpg 300w, https:\/\/www.asajacyl.com\/soria\/wp-content\/uploads\/sites\/9\/2026\/03\/IMG_0764-1024x791.jpg 1024w, https:\/\/www.asajacyl.com\/soria\/wp-content\/uploads\/sites\/9\/2026\/03\/IMG_0764-768x593.jpg 768w, https:\/\/www.asajacyl.com\/soria\/wp-content\/uploads\/sites\/9\/2026\/03\/IMG_0764-544x420.jpg 544w, https:\/\/www.asajacyl.com\/soria\/wp-content\/uploads\/sites\/9\/2026\/03\/IMG_0764-696x537.jpg 696w, https:\/\/www.asajacyl.com\/soria\/wp-content\/uploads\/sites\/9\/2026\/03\/IMG_0764-1068x825.jpg 1068w\" sizes=\"(max-width: 814px) 100vw, 814px\" \/><img loading=\"lazy\" decoding=\"async\" class=\"aligncenter size-full wp-image-9759\" src=\"https:\/\/www.asajacyl.com\/soria\/wp-content\/uploads\/sites\/9\/2026\/03\/PHOTO-2026-03-10-15-45-06.jpg\" alt=\"\" width=\"2048\" height=\"1536\" srcset=\"https:\/\/www.asajacyl.com\/soria\/wp-content\/uploads\/sites\/9\/2026\/03\/PHOTO-2026-03-10-15-45-06.jpg 2048w, https:\/\/www.asajacyl.com\/soria\/wp-content\/uploads\/sites\/9\/2026\/03\/PHOTO-2026-03-10-15-45-06-300x225.jpg 300w, https:\/\/www.asajacyl.com\/soria\/wp-content\/uploads\/sites\/9\/2026\/03\/PHOTO-2026-03-10-15-45-06-1024x768.jpg 1024w, https:\/\/www.asajacyl.com\/soria\/wp-content\/uploads\/sites\/9\/2026\/03\/PHOTO-2026-03-10-15-45-06-768x576.jpg 768w, https:\/\/www.asajacyl.com\/soria\/wp-content\/uploads\/sites\/9\/2026\/03\/PHOTO-2026-03-10-15-45-06-1536x1152.jpg 1536w, https:\/\/www.asajacyl.com\/soria\/wp-content\/uploads\/sites\/9\/2026\/03\/PHOTO-2026-03-10-15-45-06-560x420.jpg 560w, https:\/\/www.asajacyl.com\/soria\/wp-content\/uploads\/sites\/9\/2026\/03\/PHOTO-2026-03-10-15-45-06-80x60.jpg 80w, https:\/\/www.asajacyl.com\/soria\/wp-content\/uploads\/sites\/9\/2026\/03\/PHOTO-2026-03-10-15-45-06-696x522.jpg 696w, https:\/\/www.asajacyl.com\/soria\/wp-content\/uploads\/sites\/9\/2026\/03\/PHOTO-2026-03-10-15-45-06-1068x801.jpg 1068w, https:\/\/www.asajacyl.com\/soria\/wp-content\/uploads\/sites\/9\/2026\/03\/PHOTO-2026-03-10-15-45-06-1920x1440.jpg 1920w\" sizes=\"(max-width: 2048px) 100vw, 2048px\" \/><\/p>\n<p>Para ASAJA, el aumento de los costes energ\u00e9ticos y de insumos agr\u00edcolas se est\u00e1 produciendo\u00a0justo en el momento de mayor actividad en el campo, cuando las labores de fertilizaci\u00f3n y siembra requieren un elevado consumo de combustible. Para esta organizaci\u00f3n, \u201cla avaricia de las petroleras ha encarecido los combustibles en un 50% en cuesti\u00f3n de un mes. El sector agr\u00edcola ha estado meses sin poder trabajar por las lluvias y que es ahora cuando m\u00e1s gas\u00f3leo agr\u00edcola se est\u00e1 gastando, l\u00f3gicamente\u201d. Adem\u00e1s, desde ASAJA se ha comentado a los medios de comunicaci\u00f3n justo a las puertas del centro log\u00edstico que \u201cel consumo aproximado de gas\u00f3leo agr\u00edcola en Castilla y Le\u00f3n est\u00e1 en unos 312 millones de litros, lo que significa que una explotaci\u00f3n agr\u00edcola de esta comunidad con una media de 250 hect\u00e1reas a 70 litros por hect\u00e1rea de consumo, gasta aproximadamente unos 17.000 litros al a\u00f1o; Con el incremento solo en el sobrecoste que ha tenido estos d\u00edas el gas\u00f3leo, estar\u00edamos hablando de unos 8.000 euros a mayores, es inasumible, son m\u00e1s los costes que el beneficio\u201d.<\/p>\n<p><img loading=\"lazy\" decoding=\"async\" class=\"aligncenter size-full wp-image-9760\" src=\"https:\/\/www.asajacyl.com\/soria\/wp-content\/uploads\/sites\/9\/2026\/03\/PHOTO-2026-03-10-15-43-27.jpg\" alt=\"\" width=\"1536\" height=\"2048\" srcset=\"https:\/\/www.asajacyl.com\/soria\/wp-content\/uploads\/sites\/9\/2026\/03\/PHOTO-2026-03-10-15-43-27.jpg 1536w, https:\/\/www.asajacyl.com\/soria\/wp-content\/uploads\/sites\/9\/2026\/03\/PHOTO-2026-03-10-15-43-27-225x300.jpg 225w, https:\/\/www.asajacyl.com\/soria\/wp-content\/uploads\/sites\/9\/2026\/03\/PHOTO-2026-03-10-15-43-27-768x1024.jpg 768w, https:\/\/www.asajacyl.com\/soria\/wp-content\/uploads\/sites\/9\/2026\/03\/PHOTO-2026-03-10-15-43-27-1152x1536.jpg 1152w, https:\/\/www.asajacyl.com\/soria\/wp-content\/uploads\/sites\/9\/2026\/03\/PHOTO-2026-03-10-15-43-27-315x420.jpg 315w, https:\/\/www.asajacyl.com\/soria\/wp-content\/uploads\/sites\/9\/2026\/03\/PHOTO-2026-03-10-15-43-27-696x928.jpg 696w, https:\/\/www.asajacyl.com\/soria\/wp-content\/uploads\/sites\/9\/2026\/03\/PHOTO-2026-03-10-15-43-27-1068x1424.jpg 1068w\" sizes=\"(max-width: 1536px) 100vw, 1536px\" \/><\/p>\n<p>Adem\u00e1s, el presidente regional de ASAJA, Donaciano Dujo, aprovech\u00f3 su intervenci\u00f3n para reclamar con firmeza\u00a0una intervenci\u00f3n r\u00e1pida y estrat\u00e9gica tanto del Gobierno de la naci\u00f3n como de las distintas administraciones competentes,\u00a0subrayando que \u201cla soberan\u00eda alimentaria y la supervivencia de los agricultores y ganaderos dependen de medidas valientes que protejan al sector primario de las oscilaciones inasumibles de los mercados internacionales de energ\u00eda\u201d.<\/p>\n<p>Por \u00faltimo, se ha anunciado por parte de los manifestantes una nueva concentraci\u00f3n de protesta para el pr\u00f3ximo 18 de marzo, esta vez en Valladolid capital ante la Delegaci\u00f3n del Gobierno y de la Junta de Castilla y Le\u00f3n.<\/p>\n","protected":false},"excerpt":{"rendered":"<p>La organizaci\u00f3n, muy presente en la concentraci\u00f3n de protesta de esta ma\u00f1ana en el centro log\u00edstico de hidrocarburos en Santovenia (Valladolid) M\u00e1s de dos millares de agricultores y ganaderos de Castilla y Le\u00f3n\u00a0se han concentrado esta ma\u00f1ana en el centro log\u00edstico de hidrocarburos de\u00a0Santovenia de Pisuerga (Valladolid)\u00a0para protestar por el fuerte encarecimiento de los costes [&hellip;]<\/p>\n","protected":false},"author":12,"featured_media":9760,"comment_status":"open","ping_status":"open","sticky":false,"template":"","format":"standard","meta":{"footnotes":""},"categories":[10,25],"tags":[],"yoast_head":"<!-- This site is optimized with the Yoast SEO plugin v24.5 - https:\/\/yoast.com\/wordpress\/plugins\/seo\/ -->\n<title>ASAJA Soria exige medidas urgentes ante el fuerte encarecimiento de los costes de producci\u00f3n - ASAJA Soria<\/title>\n<meta name=\"description\" content=\"La organizaci\u00f3n, muy presente en la concentraci\u00f3n de protesta de esta ma\u00f1ana en el centro log\u00edstico de hidrocarburos en Santovenia (Valladolid) M\u00e1s de dos\" \/>\n<meta name=\"robots\" content=\"index, follow, max-snippet:-1, max-image-preview:large, max-video-preview:-1\" \/>\n<link rel=\"canonical\" href=\"https:\/\/www.asajacyl.com\/soria\/asaja-soria-informa\/asaja-soria-exige-medidas-urgentes-ante-el-fuerte-encarecimiento-de-los-costes-de-produccion\" \/>\n<meta property=\"og:locale\" content=\"es_ES\" \/>\n<meta property=\"og:type\" content=\"article\" \/>\n<meta property=\"og:title\" content=\"ASAJA Soria exige medidas urgentes ante el fuerte encarecimiento de los costes de producci\u00f3n - ASAJA Soria\" \/>\n<meta property=\"og:description\" content=\"La organizaci\u00f3n, muy presente en la concentraci\u00f3n de protesta de esta ma\u00f1ana en el centro log\u00edstico de hidrocarburos en Santovenia (Valladolid) M\u00e1s de dos\" \/>\n<meta property=\"og:url\" content=\"https:\/\/www.asajacyl.com\/soria\/asaja-soria-informa\/asaja-soria-exige-medidas-urgentes-ante-el-fuerte-encarecimiento-de-los-costes-de-produccion\" \/>\n<meta property=\"og:site_name\" content=\"ASAJA Soria\" \/>\n<meta property=\"article:published_time\" content=\"2026-03-10T15:20:14+00:00\" \/>\n<meta property=\"article:modified_time\" content=\"2026-03-18T14:49:39+00:00\" \/>\n<meta property=\"og:image\" content=\"https:\/\/www.asajacyl.com\/soria\/wp-content\/uploads\/sites\/9\/2026\/03\/PHOTO-2026-03-10-15-43-27.jpg\" \/>\n\t<meta property=\"og:image:width\" content=\"1536\" \/>\n\t<meta property=\"og:image:height\" content=\"2048\" \/>\n\t<meta property=\"og:image:type\" content=\"image\/jpeg\" \/>\n<meta name=\"author\" content=\"Juan Ignacio Prieto Nieto\" \/>\n<meta name=\"twitter:card\" content=\"summary_large_image\" \/>\n<meta name=\"twitter:label1\" content=\"Escrito por\" \/>\n\t<meta name=\"twitter:data1\" content=\"Juan Ignacio Prieto Nieto\" \/>\n\t<meta name=\"twitter:label2\" content=\"Tiempo de lectura\" \/>\n\t<meta name=\"twitter:data2\" content=\"4 minutos\" \/>\n<script type=\"application\/ld+json\" class=\"yoast-schema-graph\">{\"@context\":\"https:\/\/schema.org\",\"@graph\":[{\"@type\":\"WebPage\",\"@id\":\"https:\/\/www.asajacyl.com\/soria\/asaja-soria-informa\/asaja-soria-exige-medidas-urgentes-ante-el-fuerte-encarecimiento-de-los-costes-de-produccion\",\"url\":\"https:\/\/www.asajacyl.com\/soria\/asaja-soria-informa\/asaja-soria-exige-medidas-urgentes-ante-el-fuerte-encarecimiento-de-los-costes-de-produccion\",\"name\":\"ASAJA Soria exige medidas urgentes ante el fuerte encarecimiento de los costes de producci\u00f3n - ASAJA Soria\",\"isPartOf\":{\"@id\":\"https:\/\/www.asajacyl.com\/soria\/#website\"},\"primaryImageOfPage\":{\"@id\":\"https:\/\/www.asajacyl.com\/soria\/asaja-soria-informa\/asaja-soria-exige-medidas-urgentes-ante-el-fuerte-encarecimiento-de-los-costes-de-produccion#primaryimage\"},\"image\":{\"@id\":\"https:\/\/www.asajacyl.com\/soria\/asaja-soria-informa\/asaja-soria-exige-medidas-urgentes-ante-el-fuerte-encarecimiento-de-los-costes-de-produccion#primaryimage\"},\"thumbnailUrl\":\"https:\/\/www.asajacyl.com\/soria\/wp-content\/uploads\/sites\/9\/2026\/03\/PHOTO-2026-03-10-15-43-27.jpg\",\"datePublished\":\"2026-03-10T15:20:14+00:00\",\"dateModified\":\"2026-03-18T14:49:39+00:00\",\"author\":{\"@id\":\"https:\/\/www.asajacyl.com\/soria\/#\/schema\/person\/fd3081c40255119ce8133b87e6aedfab\"},\"description\":\"La organizaci\u00f3n, muy presente en la concentraci\u00f3n de protesta de esta ma\u00f1ana en el centro log\u00edstico de hidrocarburos en Santovenia (Valladolid) M\u00e1s de dos\",\"breadcrumb\":{\"@id\":\"https:\/\/www.asajacyl.com\/soria\/asaja-soria-informa\/asaja-soria-exige-medidas-urgentes-ante-el-fuerte-encarecimiento-de-los-costes-de-produccion#breadcrumb\"},\"inLanguage\":\"es\",\"potentialAction\":[{\"@type\":\"ReadAction\",\"target\":[\"https:\/\/www.asajacyl.com\/soria\/asaja-soria-informa\/asaja-soria-exige-medidas-urgentes-ante-el-fuerte-encarecimiento-de-los-costes-de-produccion\"]}]},{\"@type\":\"ImageObject\",\"inLanguage\":\"es\",\"@id\":\"https:\/\/www.asajacyl.com\/soria\/asaja-soria-informa\/asaja-soria-exige-medidas-urgentes-ante-el-fuerte-encarecimiento-de-los-costes-de-produccion#primaryimage\",\"url\":\"https:\/\/www.asajacyl.com\/soria\/wp-content\/uploads\/sites\/9\/2026\/03\/PHOTO-2026-03-10-15-43-27.jpg\",\"contentUrl\":\"https:\/\/www.asajacyl.com\/soria\/wp-content\/uploads\/sites\/9\/2026\/03\/PHOTO-2026-03-10-15-43-27.jpg\",\"width\":1536,\"height\":2048},{\"@type\":\"BreadcrumbList\",\"@id\":\"https:\/\/www.asajacyl.com\/soria\/asaja-soria-informa\/asaja-soria-exige-medidas-urgentes-ante-el-fuerte-encarecimiento-de-los-costes-de-produccion#breadcrumb\",\"itemListElement\":[{\"@type\":\"ListItem\",\"position\":1,\"name\":\"Portada\",\"item\":\"https:\/\/www.asajacyl.com\/soria\/\"},{\"@type\":\"ListItem\",\"position\":2,\"name\":\"ASAJA Soria exige medidas urgentes ante el fuerte encarecimiento de los costes de producci\u00f3n\"}]},{\"@type\":\"WebSite\",\"@id\":\"https:\/\/www.asajacyl.com\/soria\/#website\",\"url\":\"https:\/\/www.asajacyl.com\/soria\/\",\"name\":\"ASAJA Soria\",\"description\":\"Otro sitio m\u00e1s de Provincias ASAJA Castilla y Le\u00f3n\",\"potentialAction\":[{\"@type\":\"SearchAction\",\"target\":{\"@type\":\"EntryPoint\",\"urlTemplate\":\"https:\/\/www.asajacyl.com\/soria\/?s={search_term_string}\"},\"query-input\":{\"@type\":\"PropertyValueSpecification\",\"valueRequired\":true,\"valueName\":\"search_term_string\"}}],\"inLanguage\":\"es\"},{\"@type\":\"Person\",\"@id\":\"https:\/\/www.asajacyl.com\/soria\/#\/schema\/person\/fd3081c40255119ce8133b87e6aedfab\",\"name\":\"Juan Ignacio Prieto Nieto\",\"image\":{\"@type\":\"ImageObject\",\"inLanguage\":\"es\",\"@id\":\"https:\/\/www.asajacyl.com\/soria\/#\/schema\/person\/image\/\",\"url\":\"https:\/\/secure.gravatar.com\/avatar\/8266b36e4d9001acb4700699a2468dc8?s=96&d=mm&r=g\",\"contentUrl\":\"https:\/\/secure.gravatar.com\/avatar\/8266b36e4d9001acb4700699a2468dc8?s=96&d=mm&r=g\",\"caption\":\"Juan Ignacio Prieto Nieto\"},\"url\":\"https:\/\/www.asajacyl.com\/soria\/author\/juanfranciscoby\"}]}<\/script>\n<!-- \/ Yoast SEO plugin. -->","yoast_head_json":{"title":"ASAJA Soria exige medidas urgentes ante el fuerte encarecimiento de los costes de producci\u00f3n - ASAJA Soria","description":"La organizaci\u00f3n, muy presente en la concentraci\u00f3n de protesta de esta ma\u00f1ana en el centro log\u00edstico de hidrocarburos en Santovenia (Valladolid) M\u00e1s de dos","robots":{"index":"index","follow":"follow","max-snippet":"max-snippet:-1","max-image-preview":"max-image-preview:large","max-video-preview":"max-video-preview:-1"},"canonical":"https:\/\/www.asajacyl.com\/soria\/asaja-soria-informa\/asaja-soria-exige-medidas-urgentes-ante-el-fuerte-encarecimiento-de-los-costes-de-produccion","og_locale":"es_ES","og_type":"article","og_title":"ASAJA Soria exige medidas urgentes ante el fuerte encarecimiento de los costes de producci\u00f3n - ASAJA Soria","og_description":"La organizaci\u00f3n, muy presente en la concentraci\u00f3n de protesta de esta ma\u00f1ana en el centro log\u00edstico de hidrocarburos en Santovenia (Valladolid) M\u00e1s de dos","og_url":"https:\/\/www.asajacyl.com\/soria\/asaja-soria-informa\/asaja-soria-exige-medidas-urgentes-ante-el-fuerte-encarecimiento-de-los-costes-de-produccion","og_site_name":"ASAJA Soria","article_published_time":"2026-03-10T15:20:14+00:00","article_modified_time":"2026-03-18T14:49:39+00:00","og_image":[{"width":1536,"height":2048,"url":"https:\/\/www.asajacyl.com\/soria\/wp-content\/uploads\/sites\/9\/2026\/03\/PHOTO-2026-03-10-15-43-27.jpg","type":"image\/jpeg"}],"author":"Juan Ignacio Prieto Nieto","twitter_card":"summary_large_image","twitter_misc":{"Escrito por":"Juan Ignacio Prieto Nieto","Tiempo de lectura":"4 minutos"},"schema":{"@context":"https:\/\/schema.org","@graph":[{"@type":"WebPage","@id":"https:\/\/www.asajacyl.com\/soria\/asaja-soria-informa\/asaja-soria-exige-medidas-urgentes-ante-el-fuerte-encarecimiento-de-los-costes-de-produccion","url":"https:\/\/www.asajacyl.com\/soria\/asaja-soria-informa\/asaja-soria-exige-medidas-urgentes-ante-el-fuerte-encarecimiento-de-los-costes-de-produccion","name":"ASAJA Soria exige medidas urgentes ante el fuerte encarecimiento de los costes de producci\u00f3n - ASAJA Soria","isPartOf":{"@id":"https:\/\/www.asajacyl.com\/soria\/#website"},"primaryImageOfPage":{"@id":"https:\/\/www.asajacyl.com\/soria\/asaja-soria-informa\/asaja-soria-exige-medidas-urgentes-ante-el-fuerte-encarecimiento-de-los-costes-de-produccion#primaryimage"},"image":{"@id":"https:\/\/www.asajacyl.com\/soria\/asaja-soria-informa\/asaja-soria-exige-medidas-urgentes-ante-el-fuerte-encarecimiento-de-los-costes-de-produccion#primaryimage"},"thumbnailUrl":"https:\/\/www.asajacyl.com\/soria\/wp-content\/uploads\/sites\/9\/2026\/03\/PHOTO-2026-03-10-15-43-27.jpg","datePublished":"2026-03-10T15:20:14+00:00","dateModified":"2026-03-18T14:49:39+00:00","author":{"@id":"https:\/\/www.asajacyl.com\/soria\/#\/schema\/person\/fd3081c40255119ce8133b87e6aedfab"},"description":"La organizaci\u00f3n, muy presente en la concentraci\u00f3n de protesta de esta ma\u00f1ana en el centro log\u00edstico de hidrocarburos en Santovenia (Valladolid) M\u00e1s de dos","breadcrumb":{"@id":"https:\/\/www.asajacyl.com\/soria\/asaja-soria-informa\/asaja-soria-exige-medidas-urgentes-ante-el-fuerte-encarecimiento-de-los-costes-de-produccion#breadcrumb"},"inLanguage":"es","potentialAction":[{"@type":"ReadAction","target":["https:\/\/www.asajacyl.com\/soria\/asaja-soria-informa\/asaja-soria-exige-medidas-urgentes-ante-el-fuerte-encarecimiento-de-los-costes-de-produccion"]}]},{"@type":"ImageObject","inLanguage":"es","@id":"https:\/\/www.asajacyl.com\/soria\/asaja-soria-informa\/asaja-soria-exige-medidas-urgentes-ante-el-fuerte-encarecimiento-de-los-costes-de-produccion#primaryimage","url":"https:\/\/www.asajacyl.com\/soria\/wp-content\/uploads\/sites\/9\/2026\/03\/PHOTO-2026-03-10-15-43-27.jpg","contentUrl":"https:\/\/www.asajacyl.com\/soria\/wp-content\/uploads\/sites\/9\/2026\/03\/PHOTO-2026-03-10-15-43-27.jpg","width":1536,"height":2048},{"@type":"BreadcrumbList","@id":"https:\/\/www.asajacyl.com\/soria\/asaja-soria-informa\/asaja-soria-exige-medidas-urgentes-ante-el-fuerte-encarecimiento-de-los-costes-de-produccion#breadcrumb","itemListElement":[{"@type":"ListItem","position":1,"name":"Portada","item":"https:\/\/www.asajacyl.com\/soria\/"},{"@type":"ListItem","position":2,"name":"ASAJA Soria exige medidas urgentes ante el fuerte encarecimiento de los costes de producci\u00f3n"}]},{"@type":"WebSite","@id":"https:\/\/www.asajacyl.com\/soria\/#website","url":"https:\/\/www.asajacyl.com\/soria\/","name":"ASAJA Soria","description":"Otro sitio m\u00e1s de Provincias ASAJA Castilla y Le\u00f3n","potentialAction":[{"@type":"SearchAction","target":{"@type":"EntryPoint","urlTemplate":"https:\/\/www.asajacyl.com\/soria\/?s={search_term_string}"},"query-input":{"@type":"PropertyValueSpecification","valueRequired":true,"valueName":"search_term_string"}}],"inLanguage":"es"},{"@type":"Person","@id":"https:\/\/www.asajacyl.com\/soria\/#\/schema\/person\/fd3081c40255119ce8133b87e6aedfab","name":"Juan Ignacio Prieto Nieto","image":{"@type":"ImageObject","inLanguage":"es","@id":"https:\/\/www.asajacyl.com\/soria\/#\/schema\/person\/image\/","url":"https:\/\/secure.gravatar.com\/avatar\/8266b36e4d9001acb4700699a2468dc8?s=96&d=mm&r=g","contentUrl":"https:\/\/secure.gravatar.com\/avatar\/8266b36e4d9001acb4700699a2468dc8?s=96&d=mm&r=g","caption":"Juan Ignacio Prieto Nieto"},"url":"https:\/\/www.asajacyl.com\/soria\/author\/juanfranciscoby"}]}},"_links":{"self":[{"href":"https:\/\/www.asajacyl.com\/soria\/wp-json\/wp\/v2\/posts\/9756"}],"collection":[{"href":"https:\/\/www.asajacyl.com\/soria\/wp-json\/wp\/v2\/posts"}],"about":[{"href":"https:\/\/www.asajacyl.com\/soria\/wp-json\/wp\/v2\/types\/post"}],"author":[{"embeddable":true,"href":"https:\/\/www.asajacyl.com\/soria\/wp-json\/wp\/v2\/users\/12"}],"replies":[{"embeddable":true,"href":"https:\/\/www.asajacyl.com\/soria\/wp-json\/wp\/v2\/comments?post=9756"}],"version-history":[{"count":1,"href":"https:\/\/www.asajacyl.com\/soria\/wp-json\/wp\/v2\/posts\/9756\/revisions"}],"predecessor-version":[{"id":9761,"href":"https:\/\/www.asajacyl.com\/soria\/wp-json\/wp\/v2\/posts\/9756\/revisions\/9761"}],"wp:featuredmedia":[{"embeddable":true,"href":"https:\/\/www.asajacyl.com\/soria\/wp-json\/wp\/v2\/media\/9760"}],"wp:attachment":[{"href":"https:\/\/www.asajacyl.com\/soria\/wp-json\/wp\/v2\/media?parent=9756"}],"wp:term":[{"taxonomy":"category","embeddable":true,"href":"https:\/\/www.asajacyl.com\/soria\/wp-json\/wp\/v2\/categories?post=9756"},{"taxonomy":"post_tag","embeddable":true,"href":"https:\/\/www.asajacyl.com\/soria\/wp-json\/wp\/v2\/tags?post=9756"}],"curies":[{"name":"wp","href":"https:\/\/api.w.org\/{rel}","templated":true}]}}