{"id":9771,"date":"2026-03-16T14:58:00","date_gmt":"2026-03-16T13:58:00","guid":{"rendered":"https:\/\/www.asajacyl.com\/soria\/?p=9771"},"modified":"2026-03-16T14:58:37","modified_gmt":"2026-03-16T13:58:37","slug":"el-campo-soriano-pide-responsabilidad-politica-y-coherencia-tras-las-elecciones-y-es-el-momento-de-demostrarlo","status":"publish","type":"post","link":"https:\/\/www.asajacyl.com\/soria\/asaja-soria-informa\/el-campo-soriano-pide-responsabilidad-politica-y-coherencia-tras-las-elecciones-y-es-el-momento-de-demostrarlo","title":{"rendered":"El campo soriano pide responsabilidad pol\u00edtica y coherencia tras las elecciones y es el momento de demostrarlo"},"content":{"rendered":"\n\n\n\n\n<p>Las elecciones han pasado. La campa\u00f1a electoral ha terminado y los resultados ya son conocidos. M\u00e1s all\u00e1 de pactos y componendas, ahora es el momento de que la pol\u00edtica deje de ser un ejercicio de promesas y se convierta en una herramienta real para resolver los problemas de los ciudadanos. Y entre esos problemas, el futuro del campo debe ocupar un lugar prioritario.<\/p>\n<p>Desde ASAJA Soria queremos recordar algo que durante las semanas previas a las elecciones fue evidente: el inter\u00e9s de los distintos partidos pol\u00edticos por reunirse con nuestra organizaci\u00f3n. Muchos de ellos solicitaron encuentros, quisieron escuchar nuestras preocupaciones y mostraron una aparente sensibilidad hacia la situaci\u00f3n que atraviesan los agricultores y ganaderos de nuestra provincia.<\/p>\n<p>En aquellas reuniones escuchamos palabras de comprensi\u00f3n, compromiso y voluntad de trabajar por el sector agrario. Se habl\u00f3 de la rentabilidad de las explotaciones, del comprometido momento geopol\u00edtico, de los efectos que el despoblamiento tiene y de los problemas del relevo generacional, de la excesiva presi\u00f3n normativa o de la necesidad de infraestructuras y servicios para que vivir y trabajar en el medio rural sea viable.<\/p>\n<p>Todo eso est\u00e1 muy bien. Pero ahora llega el momento de demostrarlo.<\/p>\n<p>Desde ASAJA Soria queremos trasladar un mensaje claro a todos los partidos pol\u00edticos, tanto a los que van a gobernar como a los que no: es hora de pasar de las musas al teatro, de las promesas a los hechos.<\/p>\n<p>El campo no necesita m\u00e1s declaraciones de intenciones. Necesita decisiones pol\u00edticas que mejoren realmente la vida de quienes trabajamos la tierra y cuidamos del ganado. Necesitamos medidas que garanticen precios justos, menos burocracia, apoyo real al relevo generacional y pol\u00edticas que frenen el abandono del medio rural, y en eso ellos nos dijeron que estaban de acuerdo con nosotros y que trabajar\u00edan en firme\u2026 Pues les tomamos la palabra. Toca currar, se\u00f1ores. Que nosotros en el campo estamos y estaremos todos los d\u00edas hasta dentro de otros cuatro a\u00f1os y no solamente una ma\u00f1anita o una tarde de reuni\u00f3n cada cuatro a\u00f1os\u2026<\/p>\n<p>Los agricultores y ganaderos de Soria estamos acostumbrados a trabajar con esfuerzo, constancia y responsabilidad. Esa misma responsabilidad es la que ahora reclamamos a quienes tienen la tarea de gobernar o de ejercer la oposici\u00f3n, porque adem\u00e1s ellos mismos nos lo dijeron a la cara unos d\u00edas antes de la convocatoria electoral del 15 de marzo. Y esperamos que quienes antes de las elecciones mostraron inter\u00e9s en escucharnos demuestren ahora que aquella sensibilidad no era solo parte de la campa\u00f1a. Ha llegado el momento de actuar.<\/p>\n<p>Lo dicho, tienen cuatro a\u00f1os para trabajar d\u00eda a d\u00eda, como nosotros, por el campo. Y esto no puede quedar en agua de borrajas porque el sector ya se cansa de esperar indefinidamente. Cada campa\u00f1a electoral que pasa en vano es una oportunidad perdida para nuestra agroganader\u00eda provincial, pero que nadie se equivoque: para toda la provincia en general. Es evidente que sin campo no hay futuro en Soria; un futuro que por supuesto se decide en las pol\u00edticas que se hagan -o que se dejen de hacer- desde hoy.<\/p>\n<p>\u00a0<\/p>\n<p>ANA PASTOR SORIA<\/p>\n<p>Presidenta de ASAJA Soria<\/p>\n<p>\u00a0<\/p>\n","protected":false},"excerpt":{"rendered":"<p>Las elecciones han pasado. La campa\u00f1a electoral ha terminado y los resultados ya son conocidos. M\u00e1s all\u00e1 de pactos y componendas, ahora es el momento de que la pol\u00edtica deje de ser un ejercicio de promesas y se convierta en una herramienta real para resolver los problemas de los ciudadanos. Y entre esos problemas, el [&hellip;]<\/p>\n","protected":false},"author":12,"featured_media":9084,"comment_status":"open","ping_status":"open","sticky":false,"template":"","format":"standard","meta":{"footnotes":""},"categories":[10,28],"tags":[],"yoast_head":"<!-- This site is optimized with the Yoast SEO plugin v24.5 - https:\/\/yoast.com\/wordpress\/plugins\/seo\/ -->\n<title>El campo soriano pide responsabilidad pol\u00edtica y coherencia tras las elecciones y es el momento de demostrarlo - ASAJA Soria<\/title>\n<meta name=\"description\" content=\"Las elecciones han pasado. La campa\u00f1a electoral ha terminado y los resultados ya son conocidos. M\u00e1s all\u00e1 de pactos y componendas, ahora es el momento de\" \/>\n<meta name=\"robots\" content=\"index, follow, max-snippet:-1, max-image-preview:large, max-video-preview:-1\" \/>\n<link rel=\"canonical\" href=\"https:\/\/www.asajacyl.com\/soria\/asaja-soria-informa\/el-campo-soriano-pide-responsabilidad-politica-y-coherencia-tras-las-elecciones-y-es-el-momento-de-demostrarlo\" \/>\n<meta property=\"og:locale\" content=\"es_ES\" \/>\n<meta property=\"og:type\" content=\"article\" \/>\n<meta property=\"og:title\" content=\"El campo soriano pide responsabilidad pol\u00edtica y coherencia tras las elecciones y es el momento de demostrarlo - ASAJA Soria\" \/>\n<meta property=\"og:description\" content=\"Las elecciones han pasado. La campa\u00f1a electoral ha terminado y los resultados ya son conocidos. M\u00e1s all\u00e1 de pactos y componendas, ahora es el momento de\" \/>\n<meta property=\"og:url\" content=\"https:\/\/www.asajacyl.com\/soria\/asaja-soria-informa\/el-campo-soriano-pide-responsabilidad-politica-y-coherencia-tras-las-elecciones-y-es-el-momento-de-demostrarlo\" \/>\n<meta property=\"og:site_name\" content=\"ASAJA Soria\" \/>\n<meta property=\"article:published_time\" content=\"2026-03-16T13:58:00+00:00\" \/>\n<meta property=\"article:modified_time\" content=\"2026-03-16T13:58:37+00:00\" \/>\n<meta property=\"og:image\" content=\"https:\/\/www.asajacyl.com\/soria\/wp-content\/uploads\/sites\/9\/2025\/06\/IMG_7911.jpg\" \/>\n\t<meta property=\"og:image:width\" content=\"2500\" \/>\n\t<meta property=\"og:image:height\" content=\"1875\" \/>\n\t<meta property=\"og:image:type\" content=\"image\/jpeg\" \/>\n<meta name=\"author\" content=\"Juan Ignacio Prieto Nieto\" \/>\n<meta name=\"twitter:card\" content=\"summary_large_image\" \/>\n<meta name=\"twitter:label1\" content=\"Escrito por\" \/>\n\t<meta name=\"twitter:data1\" content=\"Juan Ignacio Prieto Nieto\" \/>\n\t<meta name=\"twitter:label2\" content=\"Tiempo de lectura\" \/>\n\t<meta name=\"twitter:data2\" content=\"3 minutos\" \/>\n<script type=\"application\/ld+json\" class=\"yoast-schema-graph\">{\"@context\":\"https:\/\/schema.org\",\"@graph\":[{\"@type\":\"WebPage\",\"@id\":\"https:\/\/www.asajacyl.com\/soria\/asaja-soria-informa\/el-campo-soriano-pide-responsabilidad-politica-y-coherencia-tras-las-elecciones-y-es-el-momento-de-demostrarlo\",\"url\":\"https:\/\/www.asajacyl.com\/soria\/asaja-soria-informa\/el-campo-soriano-pide-responsabilidad-politica-y-coherencia-tras-las-elecciones-y-es-el-momento-de-demostrarlo\",\"name\":\"El campo soriano pide responsabilidad pol\u00edtica y coherencia tras las elecciones y es el momento de demostrarlo - ASAJA Soria\",\"isPartOf\":{\"@id\":\"https:\/\/www.asajacyl.com\/soria\/#website\"},\"primaryImageOfPage\":{\"@id\":\"https:\/\/www.asajacyl.com\/soria\/asaja-soria-informa\/el-campo-soriano-pide-responsabilidad-politica-y-coherencia-tras-las-elecciones-y-es-el-momento-de-demostrarlo#primaryimage\"},\"image\":{\"@id\":\"https:\/\/www.asajacyl.com\/soria\/asaja-soria-informa\/el-campo-soriano-pide-responsabilidad-politica-y-coherencia-tras-las-elecciones-y-es-el-momento-de-demostrarlo#primaryimage\"},\"thumbnailUrl\":\"https:\/\/www.asajacyl.com\/soria\/wp-content\/uploads\/sites\/9\/2025\/06\/IMG_7911.jpg\",\"datePublished\":\"2026-03-16T13:58:00+00:00\",\"dateModified\":\"2026-03-16T13:58:37+00:00\",\"author\":{\"@id\":\"https:\/\/www.asajacyl.com\/soria\/#\/schema\/person\/fd3081c40255119ce8133b87e6aedfab\"},\"description\":\"Las elecciones han pasado. La campa\u00f1a electoral ha terminado y los resultados ya son conocidos. M\u00e1s all\u00e1 de pactos y componendas, ahora es el momento de\",\"breadcrumb\":{\"@id\":\"https:\/\/www.asajacyl.com\/soria\/asaja-soria-informa\/el-campo-soriano-pide-responsabilidad-politica-y-coherencia-tras-las-elecciones-y-es-el-momento-de-demostrarlo#breadcrumb\"},\"inLanguage\":\"es\",\"potentialAction\":[{\"@type\":\"ReadAction\",\"target\":[\"https:\/\/www.asajacyl.com\/soria\/asaja-soria-informa\/el-campo-soriano-pide-responsabilidad-politica-y-coherencia-tras-las-elecciones-y-es-el-momento-de-demostrarlo\"]}]},{\"@type\":\"ImageObject\",\"inLanguage\":\"es\",\"@id\":\"https:\/\/www.asajacyl.com\/soria\/asaja-soria-informa\/el-campo-soriano-pide-responsabilidad-politica-y-coherencia-tras-las-elecciones-y-es-el-momento-de-demostrarlo#primaryimage\",\"url\":\"https:\/\/www.asajacyl.com\/soria\/wp-content\/uploads\/sites\/9\/2025\/06\/IMG_7911.jpg\",\"contentUrl\":\"https:\/\/www.asajacyl.com\/soria\/wp-content\/uploads\/sites\/9\/2025\/06\/IMG_7911.jpg\",\"width\":2500,\"height\":1875},{\"@type\":\"BreadcrumbList\",\"@id\":\"https:\/\/www.asajacyl.com\/soria\/asaja-soria-informa\/el-campo-soriano-pide-responsabilidad-politica-y-coherencia-tras-las-elecciones-y-es-el-momento-de-demostrarlo#breadcrumb\",\"itemListElement\":[{\"@type\":\"ListItem\",\"position\":1,\"name\":\"Portada\",\"item\":\"https:\/\/www.asajacyl.com\/soria\/\"},{\"@type\":\"ListItem\",\"position\":2,\"name\":\"El campo soriano pide responsabilidad pol\u00edtica y coherencia tras las elecciones y es el momento de demostrarlo\"}]},{\"@type\":\"WebSite\",\"@id\":\"https:\/\/www.asajacyl.com\/soria\/#website\",\"url\":\"https:\/\/www.asajacyl.com\/soria\/\",\"name\":\"ASAJA Soria\",\"description\":\"Otro sitio m\u00e1s de Provincias ASAJA Castilla y Le\u00f3n\",\"potentialAction\":[{\"@type\":\"SearchAction\",\"target\":{\"@type\":\"EntryPoint\",\"urlTemplate\":\"https:\/\/www.asajacyl.com\/soria\/?s={search_term_string}\"},\"query-input\":{\"@type\":\"PropertyValueSpecification\",\"valueRequired\":true,\"valueName\":\"search_term_string\"}}],\"inLanguage\":\"es\"},{\"@type\":\"Person\",\"@id\":\"https:\/\/www.asajacyl.com\/soria\/#\/schema\/person\/fd3081c40255119ce8133b87e6aedfab\",\"name\":\"Juan Ignacio Prieto Nieto\",\"image\":{\"@type\":\"ImageObject\",\"inLanguage\":\"es\",\"@id\":\"https:\/\/www.asajacyl.com\/soria\/#\/schema\/person\/image\/\",\"url\":\"https:\/\/secure.gravatar.com\/avatar\/8266b36e4d9001acb4700699a2468dc8?s=96&d=mm&r=g\",\"contentUrl\":\"https:\/\/secure.gravatar.com\/avatar\/8266b36e4d9001acb4700699a2468dc8?s=96&d=mm&r=g\",\"caption\":\"Juan Ignacio Prieto Nieto\"},\"url\":\"https:\/\/www.asajacyl.com\/soria\/author\/juanfranciscoby\"}]}<\/script>\n<!-- \/ Yoast SEO plugin. -->","yoast_head_json":{"title":"El campo soriano pide responsabilidad pol\u00edtica y coherencia tras las elecciones y es el momento de demostrarlo - ASAJA Soria","description":"Las elecciones han pasado. La campa\u00f1a electoral ha terminado y los resultados ya son conocidos. M\u00e1s all\u00e1 de pactos y componendas, ahora es el momento de","robots":{"index":"index","follow":"follow","max-snippet":"max-snippet:-1","max-image-preview":"max-image-preview:large","max-video-preview":"max-video-preview:-1"},"canonical":"https:\/\/www.asajacyl.com\/soria\/asaja-soria-informa\/el-campo-soriano-pide-responsabilidad-politica-y-coherencia-tras-las-elecciones-y-es-el-momento-de-demostrarlo","og_locale":"es_ES","og_type":"article","og_title":"El campo soriano pide responsabilidad pol\u00edtica y coherencia tras las elecciones y es el momento de demostrarlo - ASAJA Soria","og_description":"Las elecciones han pasado. La campa\u00f1a electoral ha terminado y los resultados ya son conocidos. M\u00e1s all\u00e1 de pactos y componendas, ahora es el momento de","og_url":"https:\/\/www.asajacyl.com\/soria\/asaja-soria-informa\/el-campo-soriano-pide-responsabilidad-politica-y-coherencia-tras-las-elecciones-y-es-el-momento-de-demostrarlo","og_site_name":"ASAJA Soria","article_published_time":"2026-03-16T13:58:00+00:00","article_modified_time":"2026-03-16T13:58:37+00:00","og_image":[{"width":2500,"height":1875,"url":"https:\/\/www.asajacyl.com\/soria\/wp-content\/uploads\/sites\/9\/2025\/06\/IMG_7911.jpg","type":"image\/jpeg"}],"author":"Juan Ignacio Prieto Nieto","twitter_card":"summary_large_image","twitter_misc":{"Escrito por":"Juan Ignacio Prieto Nieto","Tiempo de lectura":"3 minutos"},"schema":{"@context":"https:\/\/schema.org","@graph":[{"@type":"WebPage","@id":"https:\/\/www.asajacyl.com\/soria\/asaja-soria-informa\/el-campo-soriano-pide-responsabilidad-politica-y-coherencia-tras-las-elecciones-y-es-el-momento-de-demostrarlo","url":"https:\/\/www.asajacyl.com\/soria\/asaja-soria-informa\/el-campo-soriano-pide-responsabilidad-politica-y-coherencia-tras-las-elecciones-y-es-el-momento-de-demostrarlo","name":"El campo soriano pide responsabilidad pol\u00edtica y coherencia tras las elecciones y es el momento de demostrarlo - ASAJA Soria","isPartOf":{"@id":"https:\/\/www.asajacyl.com\/soria\/#website"},"primaryImageOfPage":{"@id":"https:\/\/www.asajacyl.com\/soria\/asaja-soria-informa\/el-campo-soriano-pide-responsabilidad-politica-y-coherencia-tras-las-elecciones-y-es-el-momento-de-demostrarlo#primaryimage"},"image":{"@id":"https:\/\/www.asajacyl.com\/soria\/asaja-soria-informa\/el-campo-soriano-pide-responsabilidad-politica-y-coherencia-tras-las-elecciones-y-es-el-momento-de-demostrarlo#primaryimage"},"thumbnailUrl":"https:\/\/www.asajacyl.com\/soria\/wp-content\/uploads\/sites\/9\/2025\/06\/IMG_7911.jpg","datePublished":"2026-03-16T13:58:00+00:00","dateModified":"2026-03-16T13:58:37+00:00","author":{"@id":"https:\/\/www.asajacyl.com\/soria\/#\/schema\/person\/fd3081c40255119ce8133b87e6aedfab"},"description":"Las elecciones han pasado. La campa\u00f1a electoral ha terminado y los resultados ya son conocidos. M\u00e1s all\u00e1 de pactos y componendas, ahora es el momento de","breadcrumb":{"@id":"https:\/\/www.asajacyl.com\/soria\/asaja-soria-informa\/el-campo-soriano-pide-responsabilidad-politica-y-coherencia-tras-las-elecciones-y-es-el-momento-de-demostrarlo#breadcrumb"},"inLanguage":"es","potentialAction":[{"@type":"ReadAction","target":["https:\/\/www.asajacyl.com\/soria\/asaja-soria-informa\/el-campo-soriano-pide-responsabilidad-politica-y-coherencia-tras-las-elecciones-y-es-el-momento-de-demostrarlo"]}]},{"@type":"ImageObject","inLanguage":"es","@id":"https:\/\/www.asajacyl.com\/soria\/asaja-soria-informa\/el-campo-soriano-pide-responsabilidad-politica-y-coherencia-tras-las-elecciones-y-es-el-momento-de-demostrarlo#primaryimage","url":"https:\/\/www.asajacyl.com\/soria\/wp-content\/uploads\/sites\/9\/2025\/06\/IMG_7911.jpg","contentUrl":"https:\/\/www.asajacyl.com\/soria\/wp-content\/uploads\/sites\/9\/2025\/06\/IMG_7911.jpg","width":2500,"height":1875},{"@type":"BreadcrumbList","@id":"https:\/\/www.asajacyl.com\/soria\/asaja-soria-informa\/el-campo-soriano-pide-responsabilidad-politica-y-coherencia-tras-las-elecciones-y-es-el-momento-de-demostrarlo#breadcrumb","itemListElement":[{"@type":"ListItem","position":1,"name":"Portada","item":"https:\/\/www.asajacyl.com\/soria\/"},{"@type":"ListItem","position":2,"name":"El campo soriano pide responsabilidad pol\u00edtica y coherencia tras las elecciones y es el momento de demostrarlo"}]},{"@type":"WebSite","@id":"https:\/\/www.asajacyl.com\/soria\/#website","url":"https:\/\/www.asajacyl.com\/soria\/","name":"ASAJA Soria","description":"Otro sitio m\u00e1s de Provincias ASAJA Castilla y Le\u00f3n","potentialAction":[{"@type":"SearchAction","target":{"@type":"EntryPoint","urlTemplate":"https:\/\/www.asajacyl.com\/soria\/?s={search_term_string}"},"query-input":{"@type":"PropertyValueSpecification","valueRequired":true,"valueName":"search_term_string"}}],"inLanguage":"es"},{"@type":"Person","@id":"https:\/\/www.asajacyl.com\/soria\/#\/schema\/person\/fd3081c40255119ce8133b87e6aedfab","name":"Juan Ignacio Prieto Nieto","image":{"@type":"ImageObject","inLanguage":"es","@id":"https:\/\/www.asajacyl.com\/soria\/#\/schema\/person\/image\/","url":"https:\/\/secure.gravatar.com\/avatar\/8266b36e4d9001acb4700699a2468dc8?s=96&d=mm&r=g","contentUrl":"https:\/\/secure.gravatar.com\/avatar\/8266b36e4d9001acb4700699a2468dc8?s=96&d=mm&r=g","caption":"Juan Ignacio Prieto Nieto"},"url":"https:\/\/www.asajacyl.com\/soria\/author\/juanfranciscoby"}]}},"_links":{"self":[{"href":"https:\/\/www.asajacyl.com\/soria\/wp-json\/wp\/v2\/posts\/9771"}],"collection":[{"href":"https:\/\/www.asajacyl.com\/soria\/wp-json\/wp\/v2\/posts"}],"about":[{"href":"https:\/\/www.asajacyl.com\/soria\/wp-json\/wp\/v2\/types\/post"}],"author":[{"embeddable":true,"href":"https:\/\/www.asajacyl.com\/soria\/wp-json\/wp\/v2\/users\/12"}],"replies":[{"embeddable":true,"href":"https:\/\/www.asajacyl.com\/soria\/wp-json\/wp\/v2\/comments?post=9771"}],"version-history":[{"count":1,"href":"https:\/\/www.asajacyl.com\/soria\/wp-json\/wp\/v2\/posts\/9771\/revisions"}],"predecessor-version":[{"id":9772,"href":"https:\/\/www.asajacyl.com\/soria\/wp-json\/wp\/v2\/posts\/9771\/revisions\/9772"}],"wp:featuredmedia":[{"embeddable":true,"href":"https:\/\/www.asajacyl.com\/soria\/wp-json\/wp\/v2\/media\/9084"}],"wp:attachment":[{"href":"https:\/\/www.asajacyl.com\/soria\/wp-json\/wp\/v2\/media?parent=9771"}],"wp:term":[{"taxonomy":"category","embeddable":true,"href":"https:\/\/www.asajacyl.com\/soria\/wp-json\/wp\/v2\/categories?post=9771"},{"taxonomy":"post_tag","embeddable":true,"href":"https:\/\/www.asajacyl.com\/soria\/wp-json\/wp\/v2\/tags?post=9771"}],"curies":[{"name":"wp","href":"https:\/\/api.w.org\/{rel}","templated":true}]}}