{"id":9851,"date":"2026-04-08T12:29:02","date_gmt":"2026-04-08T10:29:02","guid":{"rendered":"https:\/\/www.asajacyl.com\/soria\/?p=9851"},"modified":"2026-04-08T12:29:31","modified_gmt":"2026-04-08T10:29:31","slug":"cursos-de-manipulador-de-plaguicidas-de-uso-fitosanitario-nivel-basico-3","status":"publish","type":"post","link":"https:\/\/www.asajacyl.com\/soria\/servicios-socio\/cursos-jornadas\/cursos-de-manipulador-de-plaguicidas-de-uso-fitosanitario-nivel-basico-3","title":{"rendered":"CURSOS DE MANIPULADOR DE PLAGUICIDAS DE USO FITOSANITARIO \u2013 NIVEL B\u00c1SICO"},"content":{"rendered":"\n\n\n<p><img loading=\"lazy\" decoding=\"async\" class=\"aligncenter  wp-image-9859\" src=\"https:\/\/www.asajacyl.com\/soria\/wp-content\/uploads\/sites\/9\/2026\/04\/Curso-manipulador-de-plaguicidas-en-Soria.jpg\" alt=\"\" width=\"682\" height=\"1023\" srcset=\"https:\/\/www.asajacyl.com\/soria\/wp-content\/uploads\/sites\/9\/2026\/04\/Curso-manipulador-de-plaguicidas-en-Soria.jpg 1024w, https:\/\/www.asajacyl.com\/soria\/wp-content\/uploads\/sites\/9\/2026\/04\/Curso-manipulador-de-plaguicidas-en-Soria-200x300.jpg 200w, https:\/\/www.asajacyl.com\/soria\/wp-content\/uploads\/sites\/9\/2026\/04\/Curso-manipulador-de-plaguicidas-en-Soria-683x1024.jpg 683w, https:\/\/www.asajacyl.com\/soria\/wp-content\/uploads\/sites\/9\/2026\/04\/Curso-manipulador-de-plaguicidas-en-Soria-768x1152.jpg 768w, https:\/\/www.asajacyl.com\/soria\/wp-content\/uploads\/sites\/9\/2026\/04\/Curso-manipulador-de-plaguicidas-en-Soria-280x420.jpg 280w, https:\/\/www.asajacyl.com\/soria\/wp-content\/uploads\/sites\/9\/2026\/04\/Curso-manipulador-de-plaguicidas-en-Soria-696x1044.jpg 696w\" sizes=\"(max-width: 682px) 100vw, 682px\" \/><\/p>\n<p>FECHAS DE CELEBRACI\u00d3N: Del 27\/04\/2026 al 05\/05\/2026.<\/p>\n<p><br \/>MODALIDAD DE IMPARTICI\u00d3N: Presencial.<\/p>\n<p><br \/>LUGAR DE CELEBRACI\u00d3N: Aula Vivero de Empresas, Calle J, s\/n Pol. Ind. las Casas, 42005 SORIA<br \/>DURACI\u00d3N: 25 horas presenciales.<\/p>\n<p><br \/>HORARIO: De 09:00 a 14:00 horas (Excepto los d\u00edas 28 y 30 de abril de 16:00 a 21:00 horas).<\/p>\n<p><br \/>DESTINATARIOS: Agricultores y trabajadores agr\u00edcolas interesados en el uso y manipulaci\u00f3n de productos fitosanitarios, de tal modo que les permita obtener el carnet de manipulador de usuarios profesionales de productos fitosanitarios, nivel b\u00e1sico, al poseer la formaci\u00f3n habilitante.<\/p>\n<p><br \/>MATR\u00cdCULA GRATUITA: Mediante presentaci\u00f3n del modelo cumplimentado y copia del DNI, en cualquier oficina de ASAJA Soria.<br \/>CONTACTO: Tel\u00e9fono 975 21 51 71.<\/p>\n<p><br \/>FECHA DE RECEPCI\u00d3N DE SOLICITUDES: Hasta el 22 de abril de 2026.<\/p>\n<p>ORGANIZA E IMPARTE:<\/p>\n<p><a class=\"td-modal-image\" href=\"https:\/\/www.asajacyl.com\/soria\/wp-content\/uploads\/sites\/9\/2025\/08\/Imagen2.png\"><img loading=\"lazy\" decoding=\"async\" class=\"wp-image-9225 alignleft td-animation-stack-type0-2\" src=\"https:\/\/www.asajacyl.com\/soria\/wp-content\/uploads\/sites\/9\/2025\/08\/Imagen2.png\" alt=\"\" width=\"184\" height=\"64\" srcset=\"https:\/\/www.asajacyl.com\/soria\/wp-content\/uploads\/sites\/9\/2025\/08\/Imagen2.png 474w, https:\/\/www.asajacyl.com\/soria\/wp-content\/uploads\/sites\/9\/2025\/08\/Imagen2-300x104.png 300w\" sizes=\"(max-width: 184px) 100vw, 184px\" \/><\/a><\/p>\n<p>\u00a0<\/p>\n<p><br \/>FINANCIA:<\/p>\n<p>\u00a0<\/p>\n<p><a class=\"td-modal-image\" href=\"https:\/\/www.asajacyl.com\/soria\/wp-content\/uploads\/sites\/9\/2025\/08\/FINANCIA.png\"><img loading=\"lazy\" decoding=\"async\" class=\"aligncenter wp-image-9224 td-animation-stack-type0-2\" src=\"https:\/\/www.asajacyl.com\/soria\/wp-content\/uploads\/sites\/9\/2025\/08\/FINANCIA.png\" alt=\"\" width=\"693\" height=\"138\" srcset=\"https:\/\/www.asajacyl.com\/soria\/wp-content\/uploads\/sites\/9\/2025\/08\/FINANCIA.png 502w, https:\/\/www.asajacyl.com\/soria\/wp-content\/uploads\/sites\/9\/2025\/08\/FINANCIA-300x60.png 300w\" sizes=\"(max-width: 693px) 100vw, 693px\" \/><\/a><a href=\"https:\/\/www.asajacyl.com\/soria\/wp-content\/uploads\/sites\/9\/2026\/04\/cartel-Pluri-FB-Abril-2026.pdf\">cartel Pluri FB Abril 2026<\/a><\/p>\n\n\n","protected":false},"excerpt":{"rendered":"<p>FECHAS DE CELEBRACI\u00d3N: Del 27\/04\/2026 al 05\/05\/2026. MODALIDAD DE IMPARTICI\u00d3N: Presencial. LUGAR DE CELEBRACI\u00d3N: Aula Vivero de Empresas, Calle J, s\/n Pol. Ind. las Casas, 42005 SORIADURACI\u00d3N: 25 horas presenciales. HORARIO: De 09:00 a 14:00 horas (Excepto los d\u00edas 28 y 30 de abril de 16:00 a 21:00 horas). DESTINATARIOS: Agricultores y trabajadores agr\u00edcolas interesados [&hellip;]<\/p>\n","protected":false},"author":12,"featured_media":9852,"comment_status":"open","ping_status":"open","sticky":false,"template":"","format":"standard","meta":{"footnotes":""},"categories":[35],"tags":[],"yoast_head":"<!-- This site is optimized with the Yoast SEO plugin v24.5 - https:\/\/yoast.com\/wordpress\/plugins\/seo\/ -->\n<title>CURSOS DE MANIPULADOR DE PLAGUICIDAS DE USO FITOSANITARIO \u2013 NIVEL B\u00c1SICO - ASAJA Soria<\/title>\n<meta name=\"description\" content=\"FECHAS DE CELEBRACI\u00d3N: Del 27\/04\/2026 al 05\/05\/2026. MODALIDAD DE IMPARTICI\u00d3N: Presencial. LUGAR DE CELEBRACI\u00d3N: Aula Vivero de Empresas, Calle J, s\/n\" \/>\n<meta name=\"robots\" content=\"index, follow, max-snippet:-1, max-image-preview:large, max-video-preview:-1\" \/>\n<link rel=\"canonical\" href=\"https:\/\/www.asajacyl.com\/soria\/servicios-socio\/cursos-jornadas\/cursos-de-manipulador-de-plaguicidas-de-uso-fitosanitario-nivel-basico-3\" \/>\n<meta property=\"og:locale\" content=\"es_ES\" \/>\n<meta property=\"og:type\" content=\"article\" \/>\n<meta property=\"og:title\" content=\"CURSOS DE MANIPULADOR DE PLAGUICIDAS DE USO FITOSANITARIO \u2013 NIVEL B\u00c1SICO - ASAJA Soria\" \/>\n<meta property=\"og:description\" content=\"FECHAS DE CELEBRACI\u00d3N: Del 27\/04\/2026 al 05\/05\/2026. MODALIDAD DE IMPARTICI\u00d3N: Presencial. LUGAR DE CELEBRACI\u00d3N: Aula Vivero de Empresas, Calle J, s\/n\" \/>\n<meta property=\"og:url\" content=\"https:\/\/www.asajacyl.com\/soria\/servicios-socio\/cursos-jornadas\/cursos-de-manipulador-de-plaguicidas-de-uso-fitosanitario-nivel-basico-3\" \/>\n<meta property=\"og:site_name\" content=\"ASAJA Soria\" \/>\n<meta property=\"article:published_time\" content=\"2026-04-08T10:29:02+00:00\" \/>\n<meta property=\"article:modified_time\" content=\"2026-04-08T10:29:31+00:00\" \/>\n<meta property=\"og:image\" content=\"https:\/\/www.asajacyl.com\/soria\/wp-content\/uploads\/sites\/9\/2026\/04\/Curso-de-manipulador-de-pesticidas.jpg\" \/>\n\t<meta property=\"og:image:width\" content=\"1024\" \/>\n\t<meta property=\"og:image:height\" content=\"1024\" \/>\n\t<meta property=\"og:image:type\" content=\"image\/jpeg\" \/>\n<meta name=\"author\" content=\"Juan Ignacio Prieto Nieto\" \/>\n<meta name=\"twitter:card\" content=\"summary_large_image\" \/>\n<meta name=\"twitter:label1\" content=\"Escrito por\" \/>\n\t<meta name=\"twitter:data1\" content=\"Juan Ignacio Prieto Nieto\" \/>\n\t<meta name=\"twitter:label2\" content=\"Tiempo de lectura\" \/>\n\t<meta name=\"twitter:data2\" content=\"2 minutos\" \/>\n<script type=\"application\/ld+json\" class=\"yoast-schema-graph\">{\"@context\":\"https:\/\/schema.org\",\"@graph\":[{\"@type\":\"WebPage\",\"@id\":\"https:\/\/www.asajacyl.com\/soria\/servicios-socio\/cursos-jornadas\/cursos-de-manipulador-de-plaguicidas-de-uso-fitosanitario-nivel-basico-3\",\"url\":\"https:\/\/www.asajacyl.com\/soria\/servicios-socio\/cursos-jornadas\/cursos-de-manipulador-de-plaguicidas-de-uso-fitosanitario-nivel-basico-3\",\"name\":\"CURSOS DE MANIPULADOR DE PLAGUICIDAS DE USO FITOSANITARIO \u2013 NIVEL B\u00c1SICO - ASAJA Soria\",\"isPartOf\":{\"@id\":\"https:\/\/www.asajacyl.com\/soria\/#website\"},\"primaryImageOfPage\":{\"@id\":\"https:\/\/www.asajacyl.com\/soria\/servicios-socio\/cursos-jornadas\/cursos-de-manipulador-de-plaguicidas-de-uso-fitosanitario-nivel-basico-3#primaryimage\"},\"image\":{\"@id\":\"https:\/\/www.asajacyl.com\/soria\/servicios-socio\/cursos-jornadas\/cursos-de-manipulador-de-plaguicidas-de-uso-fitosanitario-nivel-basico-3#primaryimage\"},\"thumbnailUrl\":\"https:\/\/www.asajacyl.com\/soria\/wp-content\/uploads\/sites\/9\/2026\/04\/Curso-de-manipulador-de-pesticidas.jpg\",\"datePublished\":\"2026-04-08T10:29:02+00:00\",\"dateModified\":\"2026-04-08T10:29:31+00:00\",\"author\":{\"@id\":\"https:\/\/www.asajacyl.com\/soria\/#\/schema\/person\/fd3081c40255119ce8133b87e6aedfab\"},\"description\":\"FECHAS DE CELEBRACI\u00d3N: Del 27\/04\/2026 al 05\/05\/2026. MODALIDAD DE IMPARTICI\u00d3N: Presencial. LUGAR DE CELEBRACI\u00d3N: Aula Vivero de Empresas, Calle J, s\/n\",\"breadcrumb\":{\"@id\":\"https:\/\/www.asajacyl.com\/soria\/servicios-socio\/cursos-jornadas\/cursos-de-manipulador-de-plaguicidas-de-uso-fitosanitario-nivel-basico-3#breadcrumb\"},\"inLanguage\":\"es\",\"potentialAction\":[{\"@type\":\"ReadAction\",\"target\":[\"https:\/\/www.asajacyl.com\/soria\/servicios-socio\/cursos-jornadas\/cursos-de-manipulador-de-plaguicidas-de-uso-fitosanitario-nivel-basico-3\"]}]},{\"@type\":\"ImageObject\",\"inLanguage\":\"es\",\"@id\":\"https:\/\/www.asajacyl.com\/soria\/servicios-socio\/cursos-jornadas\/cursos-de-manipulador-de-plaguicidas-de-uso-fitosanitario-nivel-basico-3#primaryimage\",\"url\":\"https:\/\/www.asajacyl.com\/soria\/wp-content\/uploads\/sites\/9\/2026\/04\/Curso-de-manipulador-de-pesticidas.jpg\",\"contentUrl\":\"https:\/\/www.asajacyl.com\/soria\/wp-content\/uploads\/sites\/9\/2026\/04\/Curso-de-manipulador-de-pesticidas.jpg\",\"width\":1024,\"height\":1024},{\"@type\":\"BreadcrumbList\",\"@id\":\"https:\/\/www.asajacyl.com\/soria\/servicios-socio\/cursos-jornadas\/cursos-de-manipulador-de-plaguicidas-de-uso-fitosanitario-nivel-basico-3#breadcrumb\",\"itemListElement\":[{\"@type\":\"ListItem\",\"position\":1,\"name\":\"Portada\",\"item\":\"https:\/\/www.asajacyl.com\/soria\/\"},{\"@type\":\"ListItem\",\"position\":2,\"name\":\"CURSOS DE MANIPULADOR DE PLAGUICIDAS DE USO FITOSANITARIO \u2013 NIVEL B\u00c1SICO\"}]},{\"@type\":\"WebSite\",\"@id\":\"https:\/\/www.asajacyl.com\/soria\/#website\",\"url\":\"https:\/\/www.asajacyl.com\/soria\/\",\"name\":\"ASAJA Soria\",\"description\":\"Otro sitio m\u00e1s de Provincias ASAJA Castilla y Le\u00f3n\",\"potentialAction\":[{\"@type\":\"SearchAction\",\"target\":{\"@type\":\"EntryPoint\",\"urlTemplate\":\"https:\/\/www.asajacyl.com\/soria\/?s={search_term_string}\"},\"query-input\":{\"@type\":\"PropertyValueSpecification\",\"valueRequired\":true,\"valueName\":\"search_term_string\"}}],\"inLanguage\":\"es\"},{\"@type\":\"Person\",\"@id\":\"https:\/\/www.asajacyl.com\/soria\/#\/schema\/person\/fd3081c40255119ce8133b87e6aedfab\",\"name\":\"Juan Ignacio Prieto Nieto\",\"image\":{\"@type\":\"ImageObject\",\"inLanguage\":\"es\",\"@id\":\"https:\/\/www.asajacyl.com\/soria\/#\/schema\/person\/image\/\",\"url\":\"https:\/\/secure.gravatar.com\/avatar\/8266b36e4d9001acb4700699a2468dc8?s=96&d=mm&r=g\",\"contentUrl\":\"https:\/\/secure.gravatar.com\/avatar\/8266b36e4d9001acb4700699a2468dc8?s=96&d=mm&r=g\",\"caption\":\"Juan Ignacio Prieto Nieto\"},\"url\":\"https:\/\/www.asajacyl.com\/soria\/author\/juanfranciscoby\"}]}<\/script>\n<!-- \/ Yoast SEO plugin. -->","yoast_head_json":{"title":"CURSOS DE MANIPULADOR DE PLAGUICIDAS DE USO FITOSANITARIO \u2013 NIVEL B\u00c1SICO - ASAJA Soria","description":"FECHAS DE CELEBRACI\u00d3N: Del 27\/04\/2026 al 05\/05\/2026. MODALIDAD DE IMPARTICI\u00d3N: Presencial. LUGAR DE CELEBRACI\u00d3N: Aula Vivero de Empresas, Calle J, s\/n","robots":{"index":"index","follow":"follow","max-snippet":"max-snippet:-1","max-image-preview":"max-image-preview:large","max-video-preview":"max-video-preview:-1"},"canonical":"https:\/\/www.asajacyl.com\/soria\/servicios-socio\/cursos-jornadas\/cursos-de-manipulador-de-plaguicidas-de-uso-fitosanitario-nivel-basico-3","og_locale":"es_ES","og_type":"article","og_title":"CURSOS DE MANIPULADOR DE PLAGUICIDAS DE USO FITOSANITARIO \u2013 NIVEL B\u00c1SICO - ASAJA Soria","og_description":"FECHAS DE CELEBRACI\u00d3N: Del 27\/04\/2026 al 05\/05\/2026. MODALIDAD DE IMPARTICI\u00d3N: Presencial. LUGAR DE CELEBRACI\u00d3N: Aula Vivero de Empresas, Calle J, s\/n","og_url":"https:\/\/www.asajacyl.com\/soria\/servicios-socio\/cursos-jornadas\/cursos-de-manipulador-de-plaguicidas-de-uso-fitosanitario-nivel-basico-3","og_site_name":"ASAJA Soria","article_published_time":"2026-04-08T10:29:02+00:00","article_modified_time":"2026-04-08T10:29:31+00:00","og_image":[{"width":1024,"height":1024,"url":"https:\/\/www.asajacyl.com\/soria\/wp-content\/uploads\/sites\/9\/2026\/04\/Curso-de-manipulador-de-pesticidas.jpg","type":"image\/jpeg"}],"author":"Juan Ignacio Prieto Nieto","twitter_card":"summary_large_image","twitter_misc":{"Escrito por":"Juan Ignacio Prieto Nieto","Tiempo de lectura":"2 minutos"},"schema":{"@context":"https:\/\/schema.org","@graph":[{"@type":"WebPage","@id":"https:\/\/www.asajacyl.com\/soria\/servicios-socio\/cursos-jornadas\/cursos-de-manipulador-de-plaguicidas-de-uso-fitosanitario-nivel-basico-3","url":"https:\/\/www.asajacyl.com\/soria\/servicios-socio\/cursos-jornadas\/cursos-de-manipulador-de-plaguicidas-de-uso-fitosanitario-nivel-basico-3","name":"CURSOS DE MANIPULADOR DE PLAGUICIDAS DE USO FITOSANITARIO \u2013 NIVEL B\u00c1SICO - ASAJA Soria","isPartOf":{"@id":"https:\/\/www.asajacyl.com\/soria\/#website"},"primaryImageOfPage":{"@id":"https:\/\/www.asajacyl.com\/soria\/servicios-socio\/cursos-jornadas\/cursos-de-manipulador-de-plaguicidas-de-uso-fitosanitario-nivel-basico-3#primaryimage"},"image":{"@id":"https:\/\/www.asajacyl.com\/soria\/servicios-socio\/cursos-jornadas\/cursos-de-manipulador-de-plaguicidas-de-uso-fitosanitario-nivel-basico-3#primaryimage"},"thumbnailUrl":"https:\/\/www.asajacyl.com\/soria\/wp-content\/uploads\/sites\/9\/2026\/04\/Curso-de-manipulador-de-pesticidas.jpg","datePublished":"2026-04-08T10:29:02+00:00","dateModified":"2026-04-08T10:29:31+00:00","author":{"@id":"https:\/\/www.asajacyl.com\/soria\/#\/schema\/person\/fd3081c40255119ce8133b87e6aedfab"},"description":"FECHAS DE CELEBRACI\u00d3N: Del 27\/04\/2026 al 05\/05\/2026. MODALIDAD DE IMPARTICI\u00d3N: Presencial. LUGAR DE CELEBRACI\u00d3N: Aula Vivero de Empresas, Calle J, s\/n","breadcrumb":{"@id":"https:\/\/www.asajacyl.com\/soria\/servicios-socio\/cursos-jornadas\/cursos-de-manipulador-de-plaguicidas-de-uso-fitosanitario-nivel-basico-3#breadcrumb"},"inLanguage":"es","potentialAction":[{"@type":"ReadAction","target":["https:\/\/www.asajacyl.com\/soria\/servicios-socio\/cursos-jornadas\/cursos-de-manipulador-de-plaguicidas-de-uso-fitosanitario-nivel-basico-3"]}]},{"@type":"ImageObject","inLanguage":"es","@id":"https:\/\/www.asajacyl.com\/soria\/servicios-socio\/cursos-jornadas\/cursos-de-manipulador-de-plaguicidas-de-uso-fitosanitario-nivel-basico-3#primaryimage","url":"https:\/\/www.asajacyl.com\/soria\/wp-content\/uploads\/sites\/9\/2026\/04\/Curso-de-manipulador-de-pesticidas.jpg","contentUrl":"https:\/\/www.asajacyl.com\/soria\/wp-content\/uploads\/sites\/9\/2026\/04\/Curso-de-manipulador-de-pesticidas.jpg","width":1024,"height":1024},{"@type":"BreadcrumbList","@id":"https:\/\/www.asajacyl.com\/soria\/servicios-socio\/cursos-jornadas\/cursos-de-manipulador-de-plaguicidas-de-uso-fitosanitario-nivel-basico-3#breadcrumb","itemListElement":[{"@type":"ListItem","position":1,"name":"Portada","item":"https:\/\/www.asajacyl.com\/soria\/"},{"@type":"ListItem","position":2,"name":"CURSOS DE MANIPULADOR DE PLAGUICIDAS DE USO FITOSANITARIO \u2013 NIVEL B\u00c1SICO"}]},{"@type":"WebSite","@id":"https:\/\/www.asajacyl.com\/soria\/#website","url":"https:\/\/www.asajacyl.com\/soria\/","name":"ASAJA Soria","description":"Otro sitio m\u00e1s de Provincias ASAJA Castilla y Le\u00f3n","potentialAction":[{"@type":"SearchAction","target":{"@type":"EntryPoint","urlTemplate":"https:\/\/www.asajacyl.com\/soria\/?s={search_term_string}"},"query-input":{"@type":"PropertyValueSpecification","valueRequired":true,"valueName":"search_term_string"}}],"inLanguage":"es"},{"@type":"Person","@id":"https:\/\/www.asajacyl.com\/soria\/#\/schema\/person\/fd3081c40255119ce8133b87e6aedfab","name":"Juan Ignacio Prieto Nieto","image":{"@type":"ImageObject","inLanguage":"es","@id":"https:\/\/www.asajacyl.com\/soria\/#\/schema\/person\/image\/","url":"https:\/\/secure.gravatar.com\/avatar\/8266b36e4d9001acb4700699a2468dc8?s=96&d=mm&r=g","contentUrl":"https:\/\/secure.gravatar.com\/avatar\/8266b36e4d9001acb4700699a2468dc8?s=96&d=mm&r=g","caption":"Juan Ignacio Prieto Nieto"},"url":"https:\/\/www.asajacyl.com\/soria\/author\/juanfranciscoby"}]}},"_links":{"self":[{"href":"https:\/\/www.asajacyl.com\/soria\/wp-json\/wp\/v2\/posts\/9851"}],"collection":[{"href":"https:\/\/www.asajacyl.com\/soria\/wp-json\/wp\/v2\/posts"}],"about":[{"href":"https:\/\/www.asajacyl.com\/soria\/wp-json\/wp\/v2\/types\/post"}],"author":[{"embeddable":true,"href":"https:\/\/www.asajacyl.com\/soria\/wp-json\/wp\/v2\/users\/12"}],"replies":[{"embeddable":true,"href":"https:\/\/www.asajacyl.com\/soria\/wp-json\/wp\/v2\/comments?post=9851"}],"version-history":[{"count":4,"href":"https:\/\/www.asajacyl.com\/soria\/wp-json\/wp\/v2\/posts\/9851\/revisions"}],"predecessor-version":[{"id":9861,"href":"https:\/\/www.asajacyl.com\/soria\/wp-json\/wp\/v2\/posts\/9851\/revisions\/9861"}],"wp:featuredmedia":[{"embeddable":true,"href":"https:\/\/www.asajacyl.com\/soria\/wp-json\/wp\/v2\/media\/9852"}],"wp:attachment":[{"href":"https:\/\/www.asajacyl.com\/soria\/wp-json\/wp\/v2\/media?parent=9851"}],"wp:term":[{"taxonomy":"category","embeddable":true,"href":"https:\/\/www.asajacyl.com\/soria\/wp-json\/wp\/v2\/categories?post=9851"},{"taxonomy":"post_tag","embeddable":true,"href":"https:\/\/www.asajacyl.com\/soria\/wp-json\/wp\/v2\/tags?post=9851"}],"curies":[{"name":"wp","href":"https:\/\/api.w.org\/{rel}","templated":true}]}}