{"id":9912,"date":"2026-04-22T13:39:35","date_gmt":"2026-04-22T11:39:35","guid":{"rendered":"https:\/\/www.asajacyl.com\/soria\/?p=9912"},"modified":"2026-04-22T13:40:03","modified_gmt":"2026-04-22T11:40:03","slug":"articulo-de-opinion-de-la-revista-170-de-asaja-soria","status":"publish","type":"post","link":"https:\/\/www.asajacyl.com\/soria\/asaja-soria-informa\/opinion-asaja\/articulo-de-opinion-de-la-revista-170-de-asaja-soria","title":{"rendered":"Art\u00edculo de opini\u00f3n de la revista 170 de ASAJA Soria"},"content":{"rendered":"\n\n\n<p>El tiempo es el que es, pero no todo puede ni debe achacarse a su voluntad. Desde que llevo en el oficio de agricultora, y mucho antes tambi\u00e9n, aunque eso lo sufr\u00eda m\u00e1s directamente mi familia y el resto de profesionales del campo, en mi zona llevamos advirtiendo del riesgo que supone el deficiente estado o incluso abandono de r\u00edos, arroyos y cauces. El problema, que es muy general en toda la provincia, no es solamente que la Confederaci\u00f3n Hidrogr\u00e1fica del Duero y la del Ebro no asuman sus responsabilidades, sino que, adem\u00e1s, dificultan que agricultores y ayuntamientos podamos realizar esas labores de limpieza. Sabemos que, tarde o temprano, surgir\u00e1n problemas, pero parece que a nadie le preocupa lo suficiente dentro de las administraciones. Despu\u00e9s, cuando llegan las inundaciones y las p\u00e9rdidas, llegan tambi\u00e9n las lamentaciones. Y as\u00ed, una y otra vez.<\/p>\n<p>Por eso, desde ASAJA reclamamos medidas claras y eficaces: planes peri\u00f3dicos de limpieza y mantenimiento de cauces, la eliminaci\u00f3n de trabas administrativas para que agricultores y entidades locales puedan actuar de forma preventiva, una mejor coordinaci\u00f3n entre administraciones y una mayor inversi\u00f3n en infraestructuras hidr\u00e1ulicas. Tambi\u00e9n es fundamental evitar la acumulaci\u00f3n de vegetaci\u00f3n y sedimentos que agravan el riesgo de desbordamientos. No hay nada en estas peticiones que sea arbitrario o por antojo. A las pruebas hay que remitirse; son clave para evitar futuros da\u00f1os en todo tipo de infraestructuras y que acaban afectando al sector primario, pero tambi\u00e9n a un mont\u00f3n de instalaciones de todo \u00e1mbito en los municipios. Y del agua pasamos al petr\u00f3leo, que tambi\u00e9n tiene tela marinera en este 2026\u2026<\/p>\n<p>En infinidad de medios de comunicaci\u00f3n nos podemos ir informado sobre los efectos que va teniendo la guerra en Ir\u00e1n, y a la vez ya os hemos ido contando nuestras acciones reivindicativas desde finales de febrero, cuando empezaron los bombardeos. \u201cGasoil y fertilizante por las nubes, el campo se hunde\u201d, fue uno de los lemas de la protesta del 10 de marzo, en la que participamos cerca de 2.000 agricultores de todas las provincias de Castilla y Le\u00f3n, en el centro de hidrocarburos Exolum de Santovenia de Pisuerga. Una semana despu\u00e9s volvimos a tomar la calle, esta vez por el centro de Valladolid, y entregamos una tabla de reivindicaciones dirigidas tanto al Gobierno nacional como a la Junta de Castilla y Le\u00f3n.<\/p>\n<p>La tormenta de costes de producci\u00f3n amenaza la viabilidad de nuestra forma de vida. Al cierre de la revista, a finales de marzo, el combustible para tractores y maquinaria hab\u00eda sufrido un incremento del\u00a060% en apenas dos semanas\u00a0tras el inicio del conflicto, y el precio de los abonos nitrogenados y otros insumos clave se hab\u00edan disparado\u00a0hasta un 50%\u00a0ya a mediados de marzo de 2026. ASAJA, tras analizar las medidas publicadas el 21 de marzo en el\u00a0BOE, ha considerado que estas medidas aprobadas por el Gobierno para paliar el impacto de la\u00a0crisis energ\u00e9tica\u00a0en el sector agrario son\u00a0insuficientes\u00a0y de car\u00e1cter meramente\u00a0coyuntural, en un contexto marcado por el\u00a0aumento de los costes de producci\u00f3n\u00a0y la\u00a0falta de rentabilidad\u00a0en las explotaciones. Tambi\u00e9n enseguida\u00a0recordamos que el 60% del monto econ\u00f3mico de todos los impuestos que gravan los carburantes es transferido a las comunidades aut\u00f3nomas por lo que\u00a0pedimos el 23 de marzo ya a la Junta de Castilla y Le\u00f3n que respaldara al campo dentro de sus competencias con un nuevo paquete adicional de apoyo al sector.<\/p>\n<p>Desde la organizaci\u00f3n agraria se advirti\u00f3 desde el primer momento que estas iniciativas solo podr\u00edan tener cierto efecto si la situaci\u00f3n internacional se resuelve en el\u00a0corto plazo. En caso contrario, resultar\u00e1n claramente limitadas para afrontar la situaci\u00f3n\u00a0estructural\u00a0que atraviesan agricultores y ganaderos. Justo antes de que la revista fuera a imprenta, Donald Trump hab\u00eda ordenado paralizar durante cinco d\u00edas los ataques a infraestructuras energ\u00e9ticas iran\u00edes\u2026<\/p>\n<p>No obstante, tambi\u00e9n hay que destacar la importancia de lo conseguido, gracias a las medidas de presi\u00f3n que hemos ejercido con el apoyo recibido por los socios y simpatizantes para llevarlas a cabo, ayuda que por cierto llega para \u201ctodos\u201d.<\/p>\n<p>ANA PASTOR SORIA<\/p>\n<p>PRESIDENTA DE ASAJA SORIA<\/p>\n<p>\u00a0<\/p>\n<p>\u00a0<\/p>\n","protected":false},"excerpt":{"rendered":"<p>El tiempo es el que es, pero no todo puede ni debe achacarse a su voluntad. Desde que llevo en el oficio de agricultora, y mucho antes tambi\u00e9n, aunque eso lo sufr\u00eda m\u00e1s directamente mi familia y el resto de profesionales del campo, en mi zona llevamos advirtiendo del riesgo que supone el deficiente estado [&hellip;]<\/p>\n","protected":false},"author":12,"featured_media":8774,"comment_status":"open","ping_status":"open","sticky":false,"template":"","format":"standard","meta":{"footnotes":""},"categories":[28],"tags":[],"yoast_head":"<!-- This site is optimized with the Yoast SEO plugin v24.5 - https:\/\/yoast.com\/wordpress\/plugins\/seo\/ -->\n<title>Art\u00edculo de opini\u00f3n de la revista 170 de ASAJA Soria - ASAJA Soria<\/title>\n<meta name=\"description\" content=\"El tiempo es el que es, pero no todo puede ni debe achacarse a su voluntad. Desde que llevo en el oficio de agricultora, y mucho antes tambi\u00e9n, aunque eso\" \/>\n<meta name=\"robots\" content=\"index, follow, max-snippet:-1, max-image-preview:large, max-video-preview:-1\" \/>\n<link rel=\"canonical\" href=\"https:\/\/www.asajacyl.com\/soria\/asaja-soria-informa\/opinion-asaja\/articulo-de-opinion-de-la-revista-170-de-asaja-soria\" \/>\n<meta property=\"og:locale\" content=\"es_ES\" \/>\n<meta property=\"og:type\" content=\"article\" \/>\n<meta property=\"og:title\" content=\"Art\u00edculo de opini\u00f3n de la revista 170 de ASAJA Soria - ASAJA Soria\" \/>\n<meta property=\"og:description\" content=\"El tiempo es el que es, pero no todo puede ni debe achacarse a su voluntad. Desde que llevo en el oficio de agricultora, y mucho antes tambi\u00e9n, aunque eso\" \/>\n<meta property=\"og:url\" content=\"https:\/\/www.asajacyl.com\/soria\/asaja-soria-informa\/opinion-asaja\/articulo-de-opinion-de-la-revista-170-de-asaja-soria\" \/>\n<meta property=\"og:site_name\" content=\"ASAJA Soria\" \/>\n<meta property=\"article:published_time\" content=\"2026-04-22T11:39:35+00:00\" \/>\n<meta property=\"article:modified_time\" content=\"2026-04-22T11:40:03+00:00\" \/>\n<meta property=\"og:image\" content=\"https:\/\/www.asajacyl.com\/soria\/wp-content\/uploads\/sites\/9\/2025\/03\/6957bb45-d5aa-46e3-814d-249887301c80-copia.jpg\" \/>\n\t<meta property=\"og:image:width\" content=\"1169\" \/>\n\t<meta property=\"og:image:height\" content=\"973\" \/>\n\t<meta property=\"og:image:type\" content=\"image\/jpeg\" \/>\n<meta name=\"author\" content=\"Juan Ignacio Prieto Nieto\" \/>\n<meta name=\"twitter:card\" content=\"summary_large_image\" \/>\n<meta name=\"twitter:label1\" content=\"Escrito por\" \/>\n\t<meta name=\"twitter:data1\" content=\"Juan Ignacio Prieto Nieto\" \/>\n\t<meta name=\"twitter:label2\" content=\"Tiempo de lectura\" \/>\n\t<meta name=\"twitter:data2\" content=\"4 minutos\" \/>\n<script type=\"application\/ld+json\" class=\"yoast-schema-graph\">{\"@context\":\"https:\/\/schema.org\",\"@graph\":[{\"@type\":\"WebPage\",\"@id\":\"https:\/\/www.asajacyl.com\/soria\/asaja-soria-informa\/opinion-asaja\/articulo-de-opinion-de-la-revista-170-de-asaja-soria\",\"url\":\"https:\/\/www.asajacyl.com\/soria\/asaja-soria-informa\/opinion-asaja\/articulo-de-opinion-de-la-revista-170-de-asaja-soria\",\"name\":\"Art\u00edculo de opini\u00f3n de la revista 170 de ASAJA Soria - ASAJA Soria\",\"isPartOf\":{\"@id\":\"https:\/\/www.asajacyl.com\/soria\/#website\"},\"primaryImageOfPage\":{\"@id\":\"https:\/\/www.asajacyl.com\/soria\/asaja-soria-informa\/opinion-asaja\/articulo-de-opinion-de-la-revista-170-de-asaja-soria#primaryimage\"},\"image\":{\"@id\":\"https:\/\/www.asajacyl.com\/soria\/asaja-soria-informa\/opinion-asaja\/articulo-de-opinion-de-la-revista-170-de-asaja-soria#primaryimage\"},\"thumbnailUrl\":\"https:\/\/www.asajacyl.com\/soria\/wp-content\/uploads\/sites\/9\/2025\/03\/6957bb45-d5aa-46e3-814d-249887301c80-copia.jpg\",\"datePublished\":\"2026-04-22T11:39:35+00:00\",\"dateModified\":\"2026-04-22T11:40:03+00:00\",\"author\":{\"@id\":\"https:\/\/www.asajacyl.com\/soria\/#\/schema\/person\/fd3081c40255119ce8133b87e6aedfab\"},\"description\":\"El tiempo es el que es, pero no todo puede ni debe achacarse a su voluntad. Desde que llevo en el oficio de agricultora, y mucho antes tambi\u00e9n, aunque eso\",\"breadcrumb\":{\"@id\":\"https:\/\/www.asajacyl.com\/soria\/asaja-soria-informa\/opinion-asaja\/articulo-de-opinion-de-la-revista-170-de-asaja-soria#breadcrumb\"},\"inLanguage\":\"es\",\"potentialAction\":[{\"@type\":\"ReadAction\",\"target\":[\"https:\/\/www.asajacyl.com\/soria\/asaja-soria-informa\/opinion-asaja\/articulo-de-opinion-de-la-revista-170-de-asaja-soria\"]}]},{\"@type\":\"ImageObject\",\"inLanguage\":\"es\",\"@id\":\"https:\/\/www.asajacyl.com\/soria\/asaja-soria-informa\/opinion-asaja\/articulo-de-opinion-de-la-revista-170-de-asaja-soria#primaryimage\",\"url\":\"https:\/\/www.asajacyl.com\/soria\/wp-content\/uploads\/sites\/9\/2025\/03\/6957bb45-d5aa-46e3-814d-249887301c80-copia.jpg\",\"contentUrl\":\"https:\/\/www.asajacyl.com\/soria\/wp-content\/uploads\/sites\/9\/2025\/03\/6957bb45-d5aa-46e3-814d-249887301c80-copia.jpg\",\"width\":1169,\"height\":973},{\"@type\":\"BreadcrumbList\",\"@id\":\"https:\/\/www.asajacyl.com\/soria\/asaja-soria-informa\/opinion-asaja\/articulo-de-opinion-de-la-revista-170-de-asaja-soria#breadcrumb\",\"itemListElement\":[{\"@type\":\"ListItem\",\"position\":1,\"name\":\"Portada\",\"item\":\"https:\/\/www.asajacyl.com\/soria\/\"},{\"@type\":\"ListItem\",\"position\":2,\"name\":\"Art\u00edculo de opini\u00f3n de la revista 170 de ASAJA Soria\"}]},{\"@type\":\"WebSite\",\"@id\":\"https:\/\/www.asajacyl.com\/soria\/#website\",\"url\":\"https:\/\/www.asajacyl.com\/soria\/\",\"name\":\"ASAJA Soria\",\"description\":\"Otro sitio m\u00e1s de Provincias ASAJA Castilla y Le\u00f3n\",\"potentialAction\":[{\"@type\":\"SearchAction\",\"target\":{\"@type\":\"EntryPoint\",\"urlTemplate\":\"https:\/\/www.asajacyl.com\/soria\/?s={search_term_string}\"},\"query-input\":{\"@type\":\"PropertyValueSpecification\",\"valueRequired\":true,\"valueName\":\"search_term_string\"}}],\"inLanguage\":\"es\"},{\"@type\":\"Person\",\"@id\":\"https:\/\/www.asajacyl.com\/soria\/#\/schema\/person\/fd3081c40255119ce8133b87e6aedfab\",\"name\":\"Juan Ignacio Prieto Nieto\",\"image\":{\"@type\":\"ImageObject\",\"inLanguage\":\"es\",\"@id\":\"https:\/\/www.asajacyl.com\/soria\/#\/schema\/person\/image\/\",\"url\":\"https:\/\/secure.gravatar.com\/avatar\/8266b36e4d9001acb4700699a2468dc8?s=96&d=mm&r=g\",\"contentUrl\":\"https:\/\/secure.gravatar.com\/avatar\/8266b36e4d9001acb4700699a2468dc8?s=96&d=mm&r=g\",\"caption\":\"Juan Ignacio Prieto Nieto\"},\"url\":\"https:\/\/www.asajacyl.com\/soria\/author\/juanfranciscoby\"}]}<\/script>\n<!-- \/ Yoast SEO plugin. -->","yoast_head_json":{"title":"Art\u00edculo de opini\u00f3n de la revista 170 de ASAJA Soria - ASAJA Soria","description":"El tiempo es el que es, pero no todo puede ni debe achacarse a su voluntad. Desde que llevo en el oficio de agricultora, y mucho antes tambi\u00e9n, aunque eso","robots":{"index":"index","follow":"follow","max-snippet":"max-snippet:-1","max-image-preview":"max-image-preview:large","max-video-preview":"max-video-preview:-1"},"canonical":"https:\/\/www.asajacyl.com\/soria\/asaja-soria-informa\/opinion-asaja\/articulo-de-opinion-de-la-revista-170-de-asaja-soria","og_locale":"es_ES","og_type":"article","og_title":"Art\u00edculo de opini\u00f3n de la revista 170 de ASAJA Soria - ASAJA Soria","og_description":"El tiempo es el que es, pero no todo puede ni debe achacarse a su voluntad. Desde que llevo en el oficio de agricultora, y mucho antes tambi\u00e9n, aunque eso","og_url":"https:\/\/www.asajacyl.com\/soria\/asaja-soria-informa\/opinion-asaja\/articulo-de-opinion-de-la-revista-170-de-asaja-soria","og_site_name":"ASAJA Soria","article_published_time":"2026-04-22T11:39:35+00:00","article_modified_time":"2026-04-22T11:40:03+00:00","og_image":[{"width":1169,"height":973,"url":"https:\/\/www.asajacyl.com\/soria\/wp-content\/uploads\/sites\/9\/2025\/03\/6957bb45-d5aa-46e3-814d-249887301c80-copia.jpg","type":"image\/jpeg"}],"author":"Juan Ignacio Prieto Nieto","twitter_card":"summary_large_image","twitter_misc":{"Escrito por":"Juan Ignacio Prieto Nieto","Tiempo de lectura":"4 minutos"},"schema":{"@context":"https:\/\/schema.org","@graph":[{"@type":"WebPage","@id":"https:\/\/www.asajacyl.com\/soria\/asaja-soria-informa\/opinion-asaja\/articulo-de-opinion-de-la-revista-170-de-asaja-soria","url":"https:\/\/www.asajacyl.com\/soria\/asaja-soria-informa\/opinion-asaja\/articulo-de-opinion-de-la-revista-170-de-asaja-soria","name":"Art\u00edculo de opini\u00f3n de la revista 170 de ASAJA Soria - ASAJA Soria","isPartOf":{"@id":"https:\/\/www.asajacyl.com\/soria\/#website"},"primaryImageOfPage":{"@id":"https:\/\/www.asajacyl.com\/soria\/asaja-soria-informa\/opinion-asaja\/articulo-de-opinion-de-la-revista-170-de-asaja-soria#primaryimage"},"image":{"@id":"https:\/\/www.asajacyl.com\/soria\/asaja-soria-informa\/opinion-asaja\/articulo-de-opinion-de-la-revista-170-de-asaja-soria#primaryimage"},"thumbnailUrl":"https:\/\/www.asajacyl.com\/soria\/wp-content\/uploads\/sites\/9\/2025\/03\/6957bb45-d5aa-46e3-814d-249887301c80-copia.jpg","datePublished":"2026-04-22T11:39:35+00:00","dateModified":"2026-04-22T11:40:03+00:00","author":{"@id":"https:\/\/www.asajacyl.com\/soria\/#\/schema\/person\/fd3081c40255119ce8133b87e6aedfab"},"description":"El tiempo es el que es, pero no todo puede ni debe achacarse a su voluntad. Desde que llevo en el oficio de agricultora, y mucho antes tambi\u00e9n, aunque eso","breadcrumb":{"@id":"https:\/\/www.asajacyl.com\/soria\/asaja-soria-informa\/opinion-asaja\/articulo-de-opinion-de-la-revista-170-de-asaja-soria#breadcrumb"},"inLanguage":"es","potentialAction":[{"@type":"ReadAction","target":["https:\/\/www.asajacyl.com\/soria\/asaja-soria-informa\/opinion-asaja\/articulo-de-opinion-de-la-revista-170-de-asaja-soria"]}]},{"@type":"ImageObject","inLanguage":"es","@id":"https:\/\/www.asajacyl.com\/soria\/asaja-soria-informa\/opinion-asaja\/articulo-de-opinion-de-la-revista-170-de-asaja-soria#primaryimage","url":"https:\/\/www.asajacyl.com\/soria\/wp-content\/uploads\/sites\/9\/2025\/03\/6957bb45-d5aa-46e3-814d-249887301c80-copia.jpg","contentUrl":"https:\/\/www.asajacyl.com\/soria\/wp-content\/uploads\/sites\/9\/2025\/03\/6957bb45-d5aa-46e3-814d-249887301c80-copia.jpg","width":1169,"height":973},{"@type":"BreadcrumbList","@id":"https:\/\/www.asajacyl.com\/soria\/asaja-soria-informa\/opinion-asaja\/articulo-de-opinion-de-la-revista-170-de-asaja-soria#breadcrumb","itemListElement":[{"@type":"ListItem","position":1,"name":"Portada","item":"https:\/\/www.asajacyl.com\/soria\/"},{"@type":"ListItem","position":2,"name":"Art\u00edculo de opini\u00f3n de la revista 170 de ASAJA Soria"}]},{"@type":"WebSite","@id":"https:\/\/www.asajacyl.com\/soria\/#website","url":"https:\/\/www.asajacyl.com\/soria\/","name":"ASAJA Soria","description":"Otro sitio m\u00e1s de Provincias ASAJA Castilla y Le\u00f3n","potentialAction":[{"@type":"SearchAction","target":{"@type":"EntryPoint","urlTemplate":"https:\/\/www.asajacyl.com\/soria\/?s={search_term_string}"},"query-input":{"@type":"PropertyValueSpecification","valueRequired":true,"valueName":"search_term_string"}}],"inLanguage":"es"},{"@type":"Person","@id":"https:\/\/www.asajacyl.com\/soria\/#\/schema\/person\/fd3081c40255119ce8133b87e6aedfab","name":"Juan Ignacio Prieto Nieto","image":{"@type":"ImageObject","inLanguage":"es","@id":"https:\/\/www.asajacyl.com\/soria\/#\/schema\/person\/image\/","url":"https:\/\/secure.gravatar.com\/avatar\/8266b36e4d9001acb4700699a2468dc8?s=96&d=mm&r=g","contentUrl":"https:\/\/secure.gravatar.com\/avatar\/8266b36e4d9001acb4700699a2468dc8?s=96&d=mm&r=g","caption":"Juan Ignacio Prieto Nieto"},"url":"https:\/\/www.asajacyl.com\/soria\/author\/juanfranciscoby"}]}},"_links":{"self":[{"href":"https:\/\/www.asajacyl.com\/soria\/wp-json\/wp\/v2\/posts\/9912"}],"collection":[{"href":"https:\/\/www.asajacyl.com\/soria\/wp-json\/wp\/v2\/posts"}],"about":[{"href":"https:\/\/www.asajacyl.com\/soria\/wp-json\/wp\/v2\/types\/post"}],"author":[{"embeddable":true,"href":"https:\/\/www.asajacyl.com\/soria\/wp-json\/wp\/v2\/users\/12"}],"replies":[{"embeddable":true,"href":"https:\/\/www.asajacyl.com\/soria\/wp-json\/wp\/v2\/comments?post=9912"}],"version-history":[{"count":1,"href":"https:\/\/www.asajacyl.com\/soria\/wp-json\/wp\/v2\/posts\/9912\/revisions"}],"predecessor-version":[{"id":9913,"href":"https:\/\/www.asajacyl.com\/soria\/wp-json\/wp\/v2\/posts\/9912\/revisions\/9913"}],"wp:featuredmedia":[{"embeddable":true,"href":"https:\/\/www.asajacyl.com\/soria\/wp-json\/wp\/v2\/media\/8774"}],"wp:attachment":[{"href":"https:\/\/www.asajacyl.com\/soria\/wp-json\/wp\/v2\/media?parent=9912"}],"wp:term":[{"taxonomy":"category","embeddable":true,"href":"https:\/\/www.asajacyl.com\/soria\/wp-json\/wp\/v2\/categories?post=9912"},{"taxonomy":"post_tag","embeddable":true,"href":"https:\/\/www.asajacyl.com\/soria\/wp-json\/wp\/v2\/tags?post=9912"}],"curies":[{"name":"wp","href":"https:\/\/api.w.org\/{rel}","templated":true}]}}