{"id":9953,"date":"2026-04-27T13:01:04","date_gmt":"2026-04-27T11:01:04","guid":{"rendered":"https:\/\/www.asajacyl.com\/soria\/?p=9953"},"modified":"2026-04-27T13:09:58","modified_gmt":"2026-04-27T11:09:58","slug":"curso-de-incorporacion-a-la-empresa-agraria-modalidad-mixta-del-12-de-mayo-al-20-de-julio-de-2026","status":"publish","type":"post","link":"https:\/\/www.asajacyl.com\/soria\/servicios-socio\/cursos-jornadas\/curso-de-incorporacion-a-la-empresa-agraria-modalidad-mixta-del-12-de-mayo-al-20-de-julio-de-2026","title":{"rendered":"Curso de incorporaci\u00f3n a la empresa agraria modalidad mixta. (Del 12 de mayo al 20 de julio de 2026)"},"content":{"rendered":"\n\n\n<div class=\"td-full-screen-header-image-wrap\">\n<div class=\"td-container td-post-header\">\n<div class=\"td-post-header-holder\">\u00a0<\/div>\n<\/div>\n<\/div>\n<div class=\"td-container\">\n<div class=\"td-pb-row\">\n<div class=\"td-pb-span12 td-main-content\" role=\"main\">\n<div class=\"td-ss-main-content\">\n<div class=\"td-post-content tagdiv-type\">\n<p>ASAJA Soria organiza del 12 de mayo al 20 de julio un curso de incorporaci\u00f3n a la empresa agraria en modalidad mixta en una operaci\u00f3n cofinanciada por la Uni\u00f3n Europea a trav\u00e9s del FEADER en un 55%.<\/p>\n<p>Las acciones formativas est\u00e1n amparadas por la Orden de 23 de diciembre de 2025 por la que se convocan ayudas para la realizaci\u00f3n de acciones de formaci\u00f3n, informaci\u00f3n y demostraci\u00f3n en el marco de la intervenci\u00f3n \u00abTransferencia de conocimientos y actividades de formaci\u00f3n e informaci\u00f3n\u00bb del Plan Estrat\u00e9gico Nacional de la PAC en Espa\u00f1a 2023-2027, cofinanciadas por el FEADER y est\u00e1n dirigidas a todos los trabajadores del sector agrario y agroalimentario, y aquellos interesados en incorporarse a estos sectores.<\/p>\n<p>El curso es gratuito, tendr\u00e1 lugar en modalidad mixta y las plazas son limitadas.<\/p>\n<p>Todos aquellos\u00a0interesados en inscribirse\u00a0lo pueden hacer en cualquier oficina de ASAJA Soria.<\/p>\n<p>Los objetivos de esta acci\u00f3n formativa son mejorar la capacitaci\u00f3n profesional de los sectores agrario, forestal\/medioambiental, agroalimentario y del desarrollo rural, con el objetivo transversal de modernizar el sector, fomentando y compartiendo el conocimiento, la innovaci\u00f3n y la digitalizaci\u00f3n en la agricultura y las zonas rurales, y alentando su adopci\u00f3n.<\/p>\n<p>Para cualquier otra informaci\u00f3n pod\u00e9is dirigiros al tel\u00e9fono\u00a0975215171 en horario de 13:00h a 15:00h\u00a0o en el correo electr\u00f3nico:\u00a0<a href=\"mailto:formacion@asajacyl.com\">formacion@asajacyl.com<\/a><\/p>\n<p><img loading=\"lazy\" decoding=\"async\" class=\"aligncenter size-full wp-image-9945\" src=\"https:\/\/www.asajacyl.com\/soria\/wp-content\/uploads\/sites\/9\/2026\/04\/Anexo-2-para-redes-y-pag-web-2026-1.jpg\" alt=\"\" width=\"1160\" height=\"593\" srcset=\"https:\/\/www.asajacyl.com\/soria\/wp-content\/uploads\/sites\/9\/2026\/04\/Anexo-2-para-redes-y-pag-web-2026-1.jpg 1160w, https:\/\/www.asajacyl.com\/soria\/wp-content\/uploads\/sites\/9\/2026\/04\/Anexo-2-para-redes-y-pag-web-2026-1-300x153.jpg 300w, https:\/\/www.asajacyl.com\/soria\/wp-content\/uploads\/sites\/9\/2026\/04\/Anexo-2-para-redes-y-pag-web-2026-1-1024x523.jpg 1024w, https:\/\/www.asajacyl.com\/soria\/wp-content\/uploads\/sites\/9\/2026\/04\/Anexo-2-para-redes-y-pag-web-2026-1-768x393.jpg 768w, https:\/\/www.asajacyl.com\/soria\/wp-content\/uploads\/sites\/9\/2026\/04\/Anexo-2-para-redes-y-pag-web-2026-1-822x420.jpg 822w, https:\/\/www.asajacyl.com\/soria\/wp-content\/uploads\/sites\/9\/2026\/04\/Anexo-2-para-redes-y-pag-web-2026-1-696x356.jpg 696w, https:\/\/www.asajacyl.com\/soria\/wp-content\/uploads\/sites\/9\/2026\/04\/Anexo-2-para-redes-y-pag-web-2026-1-1068x546.jpg 1068w\" sizes=\"(max-width: 1160px) 100vw, 1160px\" \/><\/p>\n<\/div>\n<\/div>\n<\/div>\n<\/div>\n<\/div>\n","protected":false},"excerpt":{"rendered":"<p>\u00a0 ASAJA Soria organiza del 12 de mayo al 20 de julio un curso de incorporaci\u00f3n a la empresa agraria en modalidad mixta en una operaci\u00f3n cofinanciada por la Uni\u00f3n Europea a trav\u00e9s del FEADER en un 55%. Las acciones formativas est\u00e1n amparadas por la Orden de 23 de diciembre de 2025 por la que [&hellip;]<\/p>\n","protected":false},"author":12,"featured_media":9947,"comment_status":"open","ping_status":"open","sticky":false,"template":"","format":"standard","meta":{"footnotes":""},"categories":[35],"tags":[],"yoast_head":"<!-- This site is optimized with the Yoast SEO plugin v24.5 - https:\/\/yoast.com\/wordpress\/plugins\/seo\/ -->\n<title>Curso de incorporaci\u00f3n a la empresa agraria modalidad mixta. (Del 12 de mayo al 20 de julio de 2026) - ASAJA Soria<\/title>\n<meta name=\"description\" content=\"\u00a0 ASAJA Soria organiza del 12 de mayo al 20 de julio un curso de incorporaci\u00f3n a la empresa agraria en modalidad mixta en una operaci\u00f3n cofinanciada por\" \/>\n<meta name=\"robots\" content=\"index, follow, max-snippet:-1, max-image-preview:large, max-video-preview:-1\" \/>\n<link rel=\"canonical\" href=\"https:\/\/www.asajacyl.com\/soria\/servicios-socio\/cursos-jornadas\/curso-de-incorporacion-a-la-empresa-agraria-modalidad-mixta-del-12-de-mayo-al-20-de-julio-de-2026\" \/>\n<meta property=\"og:locale\" content=\"es_ES\" \/>\n<meta property=\"og:type\" content=\"article\" \/>\n<meta property=\"og:title\" content=\"Curso de incorporaci\u00f3n a la empresa agraria modalidad mixta. (Del 12 de mayo al 20 de julio de 2026) - ASAJA Soria\" \/>\n<meta property=\"og:description\" content=\"\u00a0 ASAJA Soria organiza del 12 de mayo al 20 de julio un curso de incorporaci\u00f3n a la empresa agraria en modalidad mixta en una operaci\u00f3n cofinanciada por\" \/>\n<meta property=\"og:url\" content=\"https:\/\/www.asajacyl.com\/soria\/servicios-socio\/cursos-jornadas\/curso-de-incorporacion-a-la-empresa-agraria-modalidad-mixta-del-12-de-mayo-al-20-de-julio-de-2026\" \/>\n<meta property=\"og:site_name\" content=\"ASAJA Soria\" \/>\n<meta property=\"article:published_time\" content=\"2026-04-27T11:01:04+00:00\" \/>\n<meta property=\"article:modified_time\" content=\"2026-04-27T11:09:58+00:00\" \/>\n<meta property=\"og:image\" content=\"https:\/\/www.asajacyl.com\/soria\/wp-content\/uploads\/sites\/9\/2026\/04\/ordenador-digitalizacion-asaja.jpg\" \/>\n\t<meta property=\"og:image:width\" content=\"828\" \/>\n\t<meta property=\"og:image:height\" content=\"530\" \/>\n\t<meta property=\"og:image:type\" content=\"image\/jpeg\" \/>\n<meta name=\"author\" content=\"Juan Ignacio Prieto Nieto\" \/>\n<meta name=\"twitter:card\" content=\"summary_large_image\" \/>\n<meta name=\"twitter:label1\" content=\"Escrito por\" \/>\n\t<meta name=\"twitter:data1\" content=\"Juan Ignacio Prieto Nieto\" \/>\n\t<meta name=\"twitter:label2\" content=\"Tiempo de lectura\" \/>\n\t<meta name=\"twitter:data2\" content=\"2 minutos\" \/>\n<script type=\"application\/ld+json\" class=\"yoast-schema-graph\">{\"@context\":\"https:\/\/schema.org\",\"@graph\":[{\"@type\":\"WebPage\",\"@id\":\"https:\/\/www.asajacyl.com\/soria\/servicios-socio\/cursos-jornadas\/curso-de-incorporacion-a-la-empresa-agraria-modalidad-mixta-del-12-de-mayo-al-20-de-julio-de-2026\",\"url\":\"https:\/\/www.asajacyl.com\/soria\/servicios-socio\/cursos-jornadas\/curso-de-incorporacion-a-la-empresa-agraria-modalidad-mixta-del-12-de-mayo-al-20-de-julio-de-2026\",\"name\":\"Curso de incorporaci\u00f3n a la empresa agraria modalidad mixta. (Del 12 de mayo al 20 de julio de 2026) - ASAJA Soria\",\"isPartOf\":{\"@id\":\"https:\/\/www.asajacyl.com\/soria\/#website\"},\"primaryImageOfPage\":{\"@id\":\"https:\/\/www.asajacyl.com\/soria\/servicios-socio\/cursos-jornadas\/curso-de-incorporacion-a-la-empresa-agraria-modalidad-mixta-del-12-de-mayo-al-20-de-julio-de-2026#primaryimage\"},\"image\":{\"@id\":\"https:\/\/www.asajacyl.com\/soria\/servicios-socio\/cursos-jornadas\/curso-de-incorporacion-a-la-empresa-agraria-modalidad-mixta-del-12-de-mayo-al-20-de-julio-de-2026#primaryimage\"},\"thumbnailUrl\":\"https:\/\/www.asajacyl.com\/soria\/wp-content\/uploads\/sites\/9\/2026\/04\/ordenador-digitalizacion-asaja.jpg\",\"datePublished\":\"2026-04-27T11:01:04+00:00\",\"dateModified\":\"2026-04-27T11:09:58+00:00\",\"author\":{\"@id\":\"https:\/\/www.asajacyl.com\/soria\/#\/schema\/person\/fd3081c40255119ce8133b87e6aedfab\"},\"description\":\"\u00a0 ASAJA Soria organiza del 12 de mayo al 20 de julio un curso de incorporaci\u00f3n a la empresa agraria en modalidad mixta en una operaci\u00f3n cofinanciada por\",\"breadcrumb\":{\"@id\":\"https:\/\/www.asajacyl.com\/soria\/servicios-socio\/cursos-jornadas\/curso-de-incorporacion-a-la-empresa-agraria-modalidad-mixta-del-12-de-mayo-al-20-de-julio-de-2026#breadcrumb\"},\"inLanguage\":\"es\",\"potentialAction\":[{\"@type\":\"ReadAction\",\"target\":[\"https:\/\/www.asajacyl.com\/soria\/servicios-socio\/cursos-jornadas\/curso-de-incorporacion-a-la-empresa-agraria-modalidad-mixta-del-12-de-mayo-al-20-de-julio-de-2026\"]}]},{\"@type\":\"ImageObject\",\"inLanguage\":\"es\",\"@id\":\"https:\/\/www.asajacyl.com\/soria\/servicios-socio\/cursos-jornadas\/curso-de-incorporacion-a-la-empresa-agraria-modalidad-mixta-del-12-de-mayo-al-20-de-julio-de-2026#primaryimage\",\"url\":\"https:\/\/www.asajacyl.com\/soria\/wp-content\/uploads\/sites\/9\/2026\/04\/ordenador-digitalizacion-asaja.jpg\",\"contentUrl\":\"https:\/\/www.asajacyl.com\/soria\/wp-content\/uploads\/sites\/9\/2026\/04\/ordenador-digitalizacion-asaja.jpg\",\"width\":828,\"height\":530},{\"@type\":\"BreadcrumbList\",\"@id\":\"https:\/\/www.asajacyl.com\/soria\/servicios-socio\/cursos-jornadas\/curso-de-incorporacion-a-la-empresa-agraria-modalidad-mixta-del-12-de-mayo-al-20-de-julio-de-2026#breadcrumb\",\"itemListElement\":[{\"@type\":\"ListItem\",\"position\":1,\"name\":\"Portada\",\"item\":\"https:\/\/www.asajacyl.com\/soria\/\"},{\"@type\":\"ListItem\",\"position\":2,\"name\":\"Curso de incorporaci\u00f3n a la empresa agraria modalidad mixta. (Del 12 de mayo al 20 de julio de 2026)\"}]},{\"@type\":\"WebSite\",\"@id\":\"https:\/\/www.asajacyl.com\/soria\/#website\",\"url\":\"https:\/\/www.asajacyl.com\/soria\/\",\"name\":\"ASAJA Soria\",\"description\":\"Otro sitio m\u00e1s de Provincias ASAJA Castilla y Le\u00f3n\",\"potentialAction\":[{\"@type\":\"SearchAction\",\"target\":{\"@type\":\"EntryPoint\",\"urlTemplate\":\"https:\/\/www.asajacyl.com\/soria\/?s={search_term_string}\"},\"query-input\":{\"@type\":\"PropertyValueSpecification\",\"valueRequired\":true,\"valueName\":\"search_term_string\"}}],\"inLanguage\":\"es\"},{\"@type\":\"Person\",\"@id\":\"https:\/\/www.asajacyl.com\/soria\/#\/schema\/person\/fd3081c40255119ce8133b87e6aedfab\",\"name\":\"Juan Ignacio Prieto Nieto\",\"image\":{\"@type\":\"ImageObject\",\"inLanguage\":\"es\",\"@id\":\"https:\/\/www.asajacyl.com\/soria\/#\/schema\/person\/image\/\",\"url\":\"https:\/\/secure.gravatar.com\/avatar\/8266b36e4d9001acb4700699a2468dc8?s=96&d=mm&r=g\",\"contentUrl\":\"https:\/\/secure.gravatar.com\/avatar\/8266b36e4d9001acb4700699a2468dc8?s=96&d=mm&r=g\",\"caption\":\"Juan Ignacio Prieto Nieto\"},\"url\":\"https:\/\/www.asajacyl.com\/soria\/author\/juanfranciscoby\"}]}<\/script>\n<!-- \/ Yoast SEO plugin. -->","yoast_head_json":{"title":"Curso de incorporaci\u00f3n a la empresa agraria modalidad mixta. (Del 12 de mayo al 20 de julio de 2026) - ASAJA Soria","description":"\u00a0 ASAJA Soria organiza del 12 de mayo al 20 de julio un curso de incorporaci\u00f3n a la empresa agraria en modalidad mixta en una operaci\u00f3n cofinanciada por","robots":{"index":"index","follow":"follow","max-snippet":"max-snippet:-1","max-image-preview":"max-image-preview:large","max-video-preview":"max-video-preview:-1"},"canonical":"https:\/\/www.asajacyl.com\/soria\/servicios-socio\/cursos-jornadas\/curso-de-incorporacion-a-la-empresa-agraria-modalidad-mixta-del-12-de-mayo-al-20-de-julio-de-2026","og_locale":"es_ES","og_type":"article","og_title":"Curso de incorporaci\u00f3n a la empresa agraria modalidad mixta. (Del 12 de mayo al 20 de julio de 2026) - ASAJA Soria","og_description":"\u00a0 ASAJA Soria organiza del 12 de mayo al 20 de julio un curso de incorporaci\u00f3n a la empresa agraria en modalidad mixta en una operaci\u00f3n cofinanciada por","og_url":"https:\/\/www.asajacyl.com\/soria\/servicios-socio\/cursos-jornadas\/curso-de-incorporacion-a-la-empresa-agraria-modalidad-mixta-del-12-de-mayo-al-20-de-julio-de-2026","og_site_name":"ASAJA Soria","article_published_time":"2026-04-27T11:01:04+00:00","article_modified_time":"2026-04-27T11:09:58+00:00","og_image":[{"width":828,"height":530,"url":"https:\/\/www.asajacyl.com\/soria\/wp-content\/uploads\/sites\/9\/2026\/04\/ordenador-digitalizacion-asaja.jpg","type":"image\/jpeg"}],"author":"Juan Ignacio Prieto Nieto","twitter_card":"summary_large_image","twitter_misc":{"Escrito por":"Juan Ignacio Prieto Nieto","Tiempo de lectura":"2 minutos"},"schema":{"@context":"https:\/\/schema.org","@graph":[{"@type":"WebPage","@id":"https:\/\/www.asajacyl.com\/soria\/servicios-socio\/cursos-jornadas\/curso-de-incorporacion-a-la-empresa-agraria-modalidad-mixta-del-12-de-mayo-al-20-de-julio-de-2026","url":"https:\/\/www.asajacyl.com\/soria\/servicios-socio\/cursos-jornadas\/curso-de-incorporacion-a-la-empresa-agraria-modalidad-mixta-del-12-de-mayo-al-20-de-julio-de-2026","name":"Curso de incorporaci\u00f3n a la empresa agraria modalidad mixta. (Del 12 de mayo al 20 de julio de 2026) - ASAJA Soria","isPartOf":{"@id":"https:\/\/www.asajacyl.com\/soria\/#website"},"primaryImageOfPage":{"@id":"https:\/\/www.asajacyl.com\/soria\/servicios-socio\/cursos-jornadas\/curso-de-incorporacion-a-la-empresa-agraria-modalidad-mixta-del-12-de-mayo-al-20-de-julio-de-2026#primaryimage"},"image":{"@id":"https:\/\/www.asajacyl.com\/soria\/servicios-socio\/cursos-jornadas\/curso-de-incorporacion-a-la-empresa-agraria-modalidad-mixta-del-12-de-mayo-al-20-de-julio-de-2026#primaryimage"},"thumbnailUrl":"https:\/\/www.asajacyl.com\/soria\/wp-content\/uploads\/sites\/9\/2026\/04\/ordenador-digitalizacion-asaja.jpg","datePublished":"2026-04-27T11:01:04+00:00","dateModified":"2026-04-27T11:09:58+00:00","author":{"@id":"https:\/\/www.asajacyl.com\/soria\/#\/schema\/person\/fd3081c40255119ce8133b87e6aedfab"},"description":"\u00a0 ASAJA Soria organiza del 12 de mayo al 20 de julio un curso de incorporaci\u00f3n a la empresa agraria en modalidad mixta en una operaci\u00f3n cofinanciada por","breadcrumb":{"@id":"https:\/\/www.asajacyl.com\/soria\/servicios-socio\/cursos-jornadas\/curso-de-incorporacion-a-la-empresa-agraria-modalidad-mixta-del-12-de-mayo-al-20-de-julio-de-2026#breadcrumb"},"inLanguage":"es","potentialAction":[{"@type":"ReadAction","target":["https:\/\/www.asajacyl.com\/soria\/servicios-socio\/cursos-jornadas\/curso-de-incorporacion-a-la-empresa-agraria-modalidad-mixta-del-12-de-mayo-al-20-de-julio-de-2026"]}]},{"@type":"ImageObject","inLanguage":"es","@id":"https:\/\/www.asajacyl.com\/soria\/servicios-socio\/cursos-jornadas\/curso-de-incorporacion-a-la-empresa-agraria-modalidad-mixta-del-12-de-mayo-al-20-de-julio-de-2026#primaryimage","url":"https:\/\/www.asajacyl.com\/soria\/wp-content\/uploads\/sites\/9\/2026\/04\/ordenador-digitalizacion-asaja.jpg","contentUrl":"https:\/\/www.asajacyl.com\/soria\/wp-content\/uploads\/sites\/9\/2026\/04\/ordenador-digitalizacion-asaja.jpg","width":828,"height":530},{"@type":"BreadcrumbList","@id":"https:\/\/www.asajacyl.com\/soria\/servicios-socio\/cursos-jornadas\/curso-de-incorporacion-a-la-empresa-agraria-modalidad-mixta-del-12-de-mayo-al-20-de-julio-de-2026#breadcrumb","itemListElement":[{"@type":"ListItem","position":1,"name":"Portada","item":"https:\/\/www.asajacyl.com\/soria\/"},{"@type":"ListItem","position":2,"name":"Curso de incorporaci\u00f3n a la empresa agraria modalidad mixta. (Del 12 de mayo al 20 de julio de 2026)"}]},{"@type":"WebSite","@id":"https:\/\/www.asajacyl.com\/soria\/#website","url":"https:\/\/www.asajacyl.com\/soria\/","name":"ASAJA Soria","description":"Otro sitio m\u00e1s de Provincias ASAJA Castilla y Le\u00f3n","potentialAction":[{"@type":"SearchAction","target":{"@type":"EntryPoint","urlTemplate":"https:\/\/www.asajacyl.com\/soria\/?s={search_term_string}"},"query-input":{"@type":"PropertyValueSpecification","valueRequired":true,"valueName":"search_term_string"}}],"inLanguage":"es"},{"@type":"Person","@id":"https:\/\/www.asajacyl.com\/soria\/#\/schema\/person\/fd3081c40255119ce8133b87e6aedfab","name":"Juan Ignacio Prieto Nieto","image":{"@type":"ImageObject","inLanguage":"es","@id":"https:\/\/www.asajacyl.com\/soria\/#\/schema\/person\/image\/","url":"https:\/\/secure.gravatar.com\/avatar\/8266b36e4d9001acb4700699a2468dc8?s=96&d=mm&r=g","contentUrl":"https:\/\/secure.gravatar.com\/avatar\/8266b36e4d9001acb4700699a2468dc8?s=96&d=mm&r=g","caption":"Juan Ignacio Prieto Nieto"},"url":"https:\/\/www.asajacyl.com\/soria\/author\/juanfranciscoby"}]}},"_links":{"self":[{"href":"https:\/\/www.asajacyl.com\/soria\/wp-json\/wp\/v2\/posts\/9953"}],"collection":[{"href":"https:\/\/www.asajacyl.com\/soria\/wp-json\/wp\/v2\/posts"}],"about":[{"href":"https:\/\/www.asajacyl.com\/soria\/wp-json\/wp\/v2\/types\/post"}],"author":[{"embeddable":true,"href":"https:\/\/www.asajacyl.com\/soria\/wp-json\/wp\/v2\/users\/12"}],"replies":[{"embeddable":true,"href":"https:\/\/www.asajacyl.com\/soria\/wp-json\/wp\/v2\/comments?post=9953"}],"version-history":[{"count":6,"href":"https:\/\/www.asajacyl.com\/soria\/wp-json\/wp\/v2\/posts\/9953\/revisions"}],"predecessor-version":[{"id":9961,"href":"https:\/\/www.asajacyl.com\/soria\/wp-json\/wp\/v2\/posts\/9953\/revisions\/9961"}],"wp:featuredmedia":[{"embeddable":true,"href":"https:\/\/www.asajacyl.com\/soria\/wp-json\/wp\/v2\/media\/9947"}],"wp:attachment":[{"href":"https:\/\/www.asajacyl.com\/soria\/wp-json\/wp\/v2\/media?parent=9953"}],"wp:term":[{"taxonomy":"category","embeddable":true,"href":"https:\/\/www.asajacyl.com\/soria\/wp-json\/wp\/v2\/categories?post=9953"},{"taxonomy":"post_tag","embeddable":true,"href":"https:\/\/www.asajacyl.com\/soria\/wp-json\/wp\/v2\/tags?post=9953"}],"curies":[{"name":"wp","href":"https:\/\/api.w.org\/{rel}","templated":true}]}}