{"id":1350,"date":"2017-12-29T09:52:07","date_gmt":"2017-12-29T09:52:07","guid":{"rendered":"http:\/\/www.asajacyl.com\/valladolid\/?p=1350"},"modified":"2018-02-02T11:11:38","modified_gmt":"2018-02-02T11:11:38","slug":"apoyo-unanime-los-socios-asaja-valladolid-presidente-junta-directiva","status":"publish","type":"post","link":"https:\/\/www.asajacyl.com\/valladolid\/asaja-valladolid-informa\/apoyo-unanime-los-socios-asaja-valladolid-presidente-junta-directiva","title":{"rendered":"Apoyo un\u00e1nime de los socios de ASAJA VALLADOLID a su presidente y Junta Directiva"},"content":{"rendered":"<h2><span style=\"color: #003300\"><strong>ASAJA Valladolid celebra su primera Asamblea General bajo el mandato del nuevo presidente Juan Ram\u00f3n Alonso<\/strong><\/span><\/h2>\n<p>M\u00e1s de un centenar de socios de ASAJA Valladolid llenaron el Sal\u00f3n de Actos de la Confederaci\u00f3n de Empresarios de Valladolid, para asistir a la primera Asamblea General de socios de Asaja Valladolid bajo el mandato de Juan Ram\u00f3n Alonso.<\/p>\n<p>Tras a\u00f1os de esc\u00e1ndalos, la ilusi\u00f3n, y el optimismo, han vuelto a esta organizaci\u00f3n que mira ahora el futuro con ilusiones renovadas. Los socios, muchos de ellos con voto delegado, refrendaron por unanimidad todas las propuestas y actuaciones de la Junta directiva actual.<\/p>\n<p><img loading=\"lazy\" decoding=\"async\" class=\"wp-image-1353 size-large\" src=\"http:\/\/www.asajacyl.com\/valladolid\/wp-content\/uploads\/sites\/2\/2017\/12\/asaamblea-general3-1024x758.jpg\" alt=\"asaamblea general3\" width=\"696\" height=\"515\" srcset=\"https:\/\/www.asajacyl.com\/valladolid\/wp-content\/uploads\/sites\/2\/2017\/12\/asaamblea-general3-1024x758.jpg 1024w, https:\/\/www.asajacyl.com\/valladolid\/wp-content\/uploads\/sites\/2\/2017\/12\/asaamblea-general3-300x222.jpg 300w, https:\/\/www.asajacyl.com\/valladolid\/wp-content\/uploads\/sites\/2\/2017\/12\/asaamblea-general3-768x568.jpg 768w, https:\/\/www.asajacyl.com\/valladolid\/wp-content\/uploads\/sites\/2\/2017\/12\/asaamblea-general3-80x60.jpg 80w, https:\/\/www.asajacyl.com\/valladolid\/wp-content\/uploads\/sites\/2\/2017\/12\/asaamblea-general3-485x360.jpg 485w, https:\/\/www.asajacyl.com\/valladolid\/wp-content\/uploads\/sites\/2\/2017\/12\/asaamblea-general3-696x515.jpg 696w, https:\/\/www.asajacyl.com\/valladolid\/wp-content\/uploads\/sites\/2\/2017\/12\/asaamblea-general3-1068x790.jpg 1068w, https:\/\/www.asajacyl.com\/valladolid\/wp-content\/uploads\/sites\/2\/2017\/12\/asaamblea-general3-568x420.jpg 568w, https:\/\/www.asajacyl.com\/valladolid\/wp-content\/uploads\/sites\/2\/2017\/12\/asaamblea-general3-1920x1421.jpg 1920w\" sizes=\"(max-width: 696px) 100vw, 696px\" \/><\/p>\n<p>Al acto, asistieron socios de todas las zonas de la provincia y varios invitados. Entre ellos, el presidente regional, Donaciano Dujo, y la pr\u00e1ctica totalidad de los presidentes provinciales de ASAJA Castilla y Le\u00f3n. Tambi\u00e9n estuvieron, Daniel Rodr\u00edguez, agricultor de Villasexmir y Secretario de la comisi\u00f3n de agricultura de PP de Valladolid y M\u00f3nica Mart\u00edn, agricultora de la finca Herreros y representante del sector agrario de Ciudadanos.<\/p>\n<p>Adem\u00e1s, tambi\u00e9n acudieron a esta asamblea general para mostrarle su apoyo, el agricultor, bodeguero y uno de los fundadores de ASAJA Valladolid, Honorato Calleja y los presidentes de las Asociaciones de Viticultores de Rueda y Ribera del Duero.<\/p>\n<p>El presidente de ASAJA Valladolid agradeci\u00f3 a los socios, trabajadores, y junta directiva el apoyo recibido durante este primer a\u00f1o de legislatura \u201cdif\u00edcil pero que ha servido para poner los cimientos de lo que los socios quieren que sea la nueva ASAJA Valladolid\u201d. Alonso coment\u00f3 que el refrendo de hoy es el primer paso para recuperar el protagonismo y liderazgo que nunca debimos perder. \u201cEstas buenas sensaciones, junto con el trabajo de este a\u00f1o y el apoyo que hemos recibido en esta Asamblea nos ponen en una posici\u00f3n privilegiada para afrontar con plenas garant\u00edas las elecciones al campo del pr\u00f3ximo 11 de Febrero\u201d.<\/p>\n<p>Por su parte el presidente de ASAJA Castilla y Le\u00f3n, Donaciano Dujo, hizo un balance muy positivo del trabajo realizado por la nueva junta directiva de ASAJA Valladolid. \u201cEste a\u00f1o han realizado una labor tit\u00e1nica y estoy seguro que esta provincia volver\u00e1 a la senda ganadora porque tienen la gente, los recursos, los trabajadores y un sector agrario en Valladolid que tiene un ADN 100% ASAJA\u201d.<\/p>\n<p>En este acto tambi\u00e9n se habl\u00f3 mucho del trabajo realizado este a\u00f1o por esta organizaci\u00f3n y los pr\u00f3ximos objetivos reivindicativos que pasan por seguir defendiendo los intereses de los agricultores con la Confederaci\u00f3n Hidrogr\u00e1fica del Duero, el precio de la leche, la lucha contra los topillos, o la interprofesional de la patata, entre otros.<\/p>\n<p>&nbsp;<\/p>\n<p><img loading=\"lazy\" decoding=\"async\" class=\"wp-image-1354 size-large\" src=\"http:\/\/www.asajacyl.com\/valladolid\/wp-content\/uploads\/sites\/2\/2017\/12\/PC288376-1024x768.jpg\" alt=\"\" width=\"696\" height=\"522\" srcset=\"https:\/\/www.asajacyl.com\/valladolid\/wp-content\/uploads\/sites\/2\/2017\/12\/PC288376-1024x768.jpg 1024w, https:\/\/www.asajacyl.com\/valladolid\/wp-content\/uploads\/sites\/2\/2017\/12\/PC288376-300x225.jpg 300w, https:\/\/www.asajacyl.com\/valladolid\/wp-content\/uploads\/sites\/2\/2017\/12\/PC288376-768x576.jpg 768w, https:\/\/www.asajacyl.com\/valladolid\/wp-content\/uploads\/sites\/2\/2017\/12\/PC288376-80x60.jpg 80w, https:\/\/www.asajacyl.com\/valladolid\/wp-content\/uploads\/sites\/2\/2017\/12\/PC288376-696x522.jpg 696w, https:\/\/www.asajacyl.com\/valladolid\/wp-content\/uploads\/sites\/2\/2017\/12\/PC288376-1068x801.jpg 1068w, https:\/\/www.asajacyl.com\/valladolid\/wp-content\/uploads\/sites\/2\/2017\/12\/PC288376-560x420.jpg 560w, https:\/\/www.asajacyl.com\/valladolid\/wp-content\/uploads\/sites\/2\/2017\/12\/PC288376-1920x1440.jpg 1920w\" sizes=\"(max-width: 696px) 100vw, 696px\" \/><\/p>\n<p>&nbsp;<\/p>\n<p>&nbsp;<\/p>\n","protected":false},"excerpt":{"rendered":"<p>ASAJA Valladolid celebra su primera Asamblea General bajo el mandato del nuevo presidente Juan Ram\u00f3n Alonso M\u00e1s de un centenar de socios de ASAJA Valladolid llenaron el Sal\u00f3n de Actos de la Confederaci\u00f3n de Empresarios de Valladolid, para asistir a la primera Asamblea General de socios de Asaja Valladolid bajo el mandato de Juan Ram\u00f3n [&hellip;]<\/p>\n","protected":false},"author":13,"featured_media":1352,"comment_status":"open","ping_status":"open","sticky":false,"template":"","format":"standard","meta":{"footnotes":""},"categories":[8,9],"tags":[58,90,74,79],"yoast_head":"<!-- This site is optimized with the Yoast SEO plugin v24.5 - https:\/\/yoast.com\/wordpress\/plugins\/seo\/ -->\n<title>Apoyo un\u00e1nime de los socios de ASAJA VALLADOLID a su presidente y Junta Directiva - ASAJA Valladolid<\/title>\n<meta name=\"description\" content=\"Apoyo un\u00e1nime de los socios de ASAJA VALLADOLID a su presidente y Junta Directiva. Esta OPA celebra su primera Asamblea General con Juan Ram\u00f3n Alonso\" \/>\n<meta name=\"robots\" content=\"index, follow, max-snippet:-1, max-image-preview:large, max-video-preview:-1\" \/>\n<link rel=\"canonical\" href=\"https:\/\/www.asajacyl.com\/valladolid\/asaja-valladolid-informa\/apoyo-unanime-los-socios-asaja-valladolid-presidente-junta-directiva\" \/>\n<meta property=\"og:locale\" content=\"es_ES\" \/>\n<meta property=\"og:type\" content=\"article\" \/>\n<meta property=\"og:title\" content=\"Apoyo un\u00e1nime de los socios de ASAJA VALLADOLID a su presidente y Junta Directiva - ASAJA Valladolid\" \/>\n<meta property=\"og:description\" content=\"Apoyo un\u00e1nime de los socios de ASAJA VALLADOLID a su presidente y Junta Directiva. Esta OPA celebra su primera Asamblea General con Juan Ram\u00f3n Alonso\" \/>\n<meta property=\"og:url\" content=\"https:\/\/www.asajacyl.com\/valladolid\/asaja-valladolid-informa\/apoyo-unanime-los-socios-asaja-valladolid-presidente-junta-directiva\" \/>\n<meta property=\"og:site_name\" content=\"ASAJA Valladolid\" \/>\n<meta property=\"article:published_time\" content=\"2017-12-29T09:52:07+00:00\" \/>\n<meta property=\"article:modified_time\" content=\"2018-02-02T11:11:38+00:00\" \/>\n<meta property=\"og:image\" content=\"https:\/\/www.asajacyl.com\/valladolid\/wp-content\/uploads\/sites\/2\/2017\/12\/Asamblea-General1.jpg\" \/>\n\t<meta property=\"og:image:width\" content=\"2500\" \/>\n\t<meta property=\"og:image:height\" content=\"1404\" \/>\n\t<meta property=\"og:image:type\" content=\"image\/jpeg\" \/>\n<meta name=\"author\" content=\"Mar\u00eda Natividad\" \/>\n<meta name=\"twitter:card\" content=\"summary_large_image\" \/>\n<meta name=\"twitter:label1\" content=\"Escrito por\" \/>\n\t<meta name=\"twitter:data1\" content=\"Mar\u00eda Natividad\" \/>\n\t<meta name=\"twitter:label2\" content=\"Tiempo de lectura\" \/>\n\t<meta name=\"twitter:data2\" content=\"2 minutos\" \/>\n<script type=\"application\/ld+json\" class=\"yoast-schema-graph\">{\"@context\":\"https:\/\/schema.org\",\"@graph\":[{\"@type\":\"WebPage\",\"@id\":\"https:\/\/www.asajacyl.com\/valladolid\/asaja-valladolid-informa\/apoyo-unanime-los-socios-asaja-valladolid-presidente-junta-directiva\",\"url\":\"https:\/\/www.asajacyl.com\/valladolid\/asaja-valladolid-informa\/apoyo-unanime-los-socios-asaja-valladolid-presidente-junta-directiva\",\"name\":\"Apoyo un\u00e1nime de los socios de ASAJA VALLADOLID a su presidente y Junta Directiva - ASAJA Valladolid\",\"isPartOf\":{\"@id\":\"https:\/\/www.asajacyl.com\/valladolid\/#website\"},\"primaryImageOfPage\":{\"@id\":\"https:\/\/www.asajacyl.com\/valladolid\/asaja-valladolid-informa\/apoyo-unanime-los-socios-asaja-valladolid-presidente-junta-directiva#primaryimage\"},\"image\":{\"@id\":\"https:\/\/www.asajacyl.com\/valladolid\/asaja-valladolid-informa\/apoyo-unanime-los-socios-asaja-valladolid-presidente-junta-directiva#primaryimage\"},\"thumbnailUrl\":\"https:\/\/www.asajacyl.com\/valladolid\/wp-content\/uploads\/sites\/2\/2017\/12\/Asamblea-General1.jpg\",\"datePublished\":\"2017-12-29T09:52:07+00:00\",\"dateModified\":\"2018-02-02T11:11:38+00:00\",\"author\":{\"@id\":\"https:\/\/www.asajacyl.com\/valladolid\/#\/schema\/person\/cf213adc3e576168b6850f7db054141e\"},\"description\":\"Apoyo un\u00e1nime de los socios de ASAJA VALLADOLID a su presidente y Junta Directiva. Esta OPA celebra su primera Asamblea General con Juan Ram\u00f3n Alonso\",\"breadcrumb\":{\"@id\":\"https:\/\/www.asajacyl.com\/valladolid\/asaja-valladolid-informa\/apoyo-unanime-los-socios-asaja-valladolid-presidente-junta-directiva#breadcrumb\"},\"inLanguage\":\"es\",\"potentialAction\":[{\"@type\":\"ReadAction\",\"target\":[\"https:\/\/www.asajacyl.com\/valladolid\/asaja-valladolid-informa\/apoyo-unanime-los-socios-asaja-valladolid-presidente-junta-directiva\"]}]},{\"@type\":\"ImageObject\",\"inLanguage\":\"es\",\"@id\":\"https:\/\/www.asajacyl.com\/valladolid\/asaja-valladolid-informa\/apoyo-unanime-los-socios-asaja-valladolid-presidente-junta-directiva#primaryimage\",\"url\":\"https:\/\/www.asajacyl.com\/valladolid\/wp-content\/uploads\/sites\/2\/2017\/12\/Asamblea-General1.jpg\",\"contentUrl\":\"https:\/\/www.asajacyl.com\/valladolid\/wp-content\/uploads\/sites\/2\/2017\/12\/Asamblea-General1.jpg\",\"width\":2500,\"height\":1404,\"caption\":\"Asamblea General Asaja Valladolid\"},{\"@type\":\"BreadcrumbList\",\"@id\":\"https:\/\/www.asajacyl.com\/valladolid\/asaja-valladolid-informa\/apoyo-unanime-los-socios-asaja-valladolid-presidente-junta-directiva#breadcrumb\",\"itemListElement\":[{\"@type\":\"ListItem\",\"position\":1,\"name\":\"Portada\",\"item\":\"https:\/\/www.asajacyl.com\/valladolid\/\"},{\"@type\":\"ListItem\",\"position\":2,\"name\":\"Apoyo un\u00e1nime de los socios de ASAJA VALLADOLID a su presidente y Junta Directiva\"}]},{\"@type\":\"WebSite\",\"@id\":\"https:\/\/www.asajacyl.com\/valladolid\/#website\",\"url\":\"https:\/\/www.asajacyl.com\/valladolid\/\",\"name\":\"ASAJA Valladolid\",\"description\":\"Otro sitio m\u00e1s de Provincias ASAJA Castilla y Le\u00f3n\",\"potentialAction\":[{\"@type\":\"SearchAction\",\"target\":{\"@type\":\"EntryPoint\",\"urlTemplate\":\"https:\/\/www.asajacyl.com\/valladolid\/?s={search_term_string}\"},\"query-input\":{\"@type\":\"PropertyValueSpecification\",\"valueRequired\":true,\"valueName\":\"search_term_string\"}}],\"inLanguage\":\"es\"},{\"@type\":\"Person\",\"@id\":\"https:\/\/www.asajacyl.com\/valladolid\/#\/schema\/person\/cf213adc3e576168b6850f7db054141e\",\"name\":\"Mar\u00eda Natividad\",\"image\":{\"@type\":\"ImageObject\",\"inLanguage\":\"es\",\"@id\":\"https:\/\/www.asajacyl.com\/valladolid\/#\/schema\/person\/image\/\",\"url\":\"https:\/\/secure.gravatar.com\/avatar\/7f7b3c840c2af79feac78f5eeffefc45?s=96&d=mm&r=g\",\"contentUrl\":\"https:\/\/secure.gravatar.com\/avatar\/7f7b3c840c2af79feac78f5eeffefc45?s=96&d=mm&r=g\",\"caption\":\"Mar\u00eda Natividad\"},\"url\":\"https:\/\/www.asajacyl.com\/valladolid\/author\/natividadhh\"}]}<\/script>\n<!-- \/ Yoast SEO plugin. -->","yoast_head_json":{"title":"Apoyo un\u00e1nime de los socios de ASAJA VALLADOLID a su presidente y Junta Directiva - ASAJA Valladolid","description":"Apoyo un\u00e1nime de los socios de ASAJA VALLADOLID a su presidente y Junta Directiva. Esta OPA celebra su primera Asamblea General con Juan Ram\u00f3n Alonso","robots":{"index":"index","follow":"follow","max-snippet":"max-snippet:-1","max-image-preview":"max-image-preview:large","max-video-preview":"max-video-preview:-1"},"canonical":"https:\/\/www.asajacyl.com\/valladolid\/asaja-valladolid-informa\/apoyo-unanime-los-socios-asaja-valladolid-presidente-junta-directiva","og_locale":"es_ES","og_type":"article","og_title":"Apoyo un\u00e1nime de los socios de ASAJA VALLADOLID a su presidente y Junta Directiva - ASAJA Valladolid","og_description":"Apoyo un\u00e1nime de los socios de ASAJA VALLADOLID a su presidente y Junta Directiva. Esta OPA celebra su primera Asamblea General con Juan Ram\u00f3n Alonso","og_url":"https:\/\/www.asajacyl.com\/valladolid\/asaja-valladolid-informa\/apoyo-unanime-los-socios-asaja-valladolid-presidente-junta-directiva","og_site_name":"ASAJA Valladolid","article_published_time":"2017-12-29T09:52:07+00:00","article_modified_time":"2018-02-02T11:11:38+00:00","og_image":[{"width":2500,"height":1404,"url":"https:\/\/www.asajacyl.com\/valladolid\/wp-content\/uploads\/sites\/2\/2017\/12\/Asamblea-General1.jpg","type":"image\/jpeg"}],"author":"Mar\u00eda Natividad","twitter_card":"summary_large_image","twitter_misc":{"Escrito por":"Mar\u00eda Natividad","Tiempo de lectura":"2 minutos"},"schema":{"@context":"https:\/\/schema.org","@graph":[{"@type":"WebPage","@id":"https:\/\/www.asajacyl.com\/valladolid\/asaja-valladolid-informa\/apoyo-unanime-los-socios-asaja-valladolid-presidente-junta-directiva","url":"https:\/\/www.asajacyl.com\/valladolid\/asaja-valladolid-informa\/apoyo-unanime-los-socios-asaja-valladolid-presidente-junta-directiva","name":"Apoyo un\u00e1nime de los socios de ASAJA VALLADOLID a su presidente y Junta Directiva - ASAJA Valladolid","isPartOf":{"@id":"https:\/\/www.asajacyl.com\/valladolid\/#website"},"primaryImageOfPage":{"@id":"https:\/\/www.asajacyl.com\/valladolid\/asaja-valladolid-informa\/apoyo-unanime-los-socios-asaja-valladolid-presidente-junta-directiva#primaryimage"},"image":{"@id":"https:\/\/www.asajacyl.com\/valladolid\/asaja-valladolid-informa\/apoyo-unanime-los-socios-asaja-valladolid-presidente-junta-directiva#primaryimage"},"thumbnailUrl":"https:\/\/www.asajacyl.com\/valladolid\/wp-content\/uploads\/sites\/2\/2017\/12\/Asamblea-General1.jpg","datePublished":"2017-12-29T09:52:07+00:00","dateModified":"2018-02-02T11:11:38+00:00","author":{"@id":"https:\/\/www.asajacyl.com\/valladolid\/#\/schema\/person\/cf213adc3e576168b6850f7db054141e"},"description":"Apoyo un\u00e1nime de los socios de ASAJA VALLADOLID a su presidente y Junta Directiva. Esta OPA celebra su primera Asamblea General con Juan Ram\u00f3n Alonso","breadcrumb":{"@id":"https:\/\/www.asajacyl.com\/valladolid\/asaja-valladolid-informa\/apoyo-unanime-los-socios-asaja-valladolid-presidente-junta-directiva#breadcrumb"},"inLanguage":"es","potentialAction":[{"@type":"ReadAction","target":["https:\/\/www.asajacyl.com\/valladolid\/asaja-valladolid-informa\/apoyo-unanime-los-socios-asaja-valladolid-presidente-junta-directiva"]}]},{"@type":"ImageObject","inLanguage":"es","@id":"https:\/\/www.asajacyl.com\/valladolid\/asaja-valladolid-informa\/apoyo-unanime-los-socios-asaja-valladolid-presidente-junta-directiva#primaryimage","url":"https:\/\/www.asajacyl.com\/valladolid\/wp-content\/uploads\/sites\/2\/2017\/12\/Asamblea-General1.jpg","contentUrl":"https:\/\/www.asajacyl.com\/valladolid\/wp-content\/uploads\/sites\/2\/2017\/12\/Asamblea-General1.jpg","width":2500,"height":1404,"caption":"Asamblea General Asaja Valladolid"},{"@type":"BreadcrumbList","@id":"https:\/\/www.asajacyl.com\/valladolid\/asaja-valladolid-informa\/apoyo-unanime-los-socios-asaja-valladolid-presidente-junta-directiva#breadcrumb","itemListElement":[{"@type":"ListItem","position":1,"name":"Portada","item":"https:\/\/www.asajacyl.com\/valladolid\/"},{"@type":"ListItem","position":2,"name":"Apoyo un\u00e1nime de los socios de ASAJA VALLADOLID a su presidente y Junta Directiva"}]},{"@type":"WebSite","@id":"https:\/\/www.asajacyl.com\/valladolid\/#website","url":"https:\/\/www.asajacyl.com\/valladolid\/","name":"ASAJA Valladolid","description":"Otro sitio m\u00e1s de Provincias ASAJA Castilla y Le\u00f3n","potentialAction":[{"@type":"SearchAction","target":{"@type":"EntryPoint","urlTemplate":"https:\/\/www.asajacyl.com\/valladolid\/?s={search_term_string}"},"query-input":{"@type":"PropertyValueSpecification","valueRequired":true,"valueName":"search_term_string"}}],"inLanguage":"es"},{"@type":"Person","@id":"https:\/\/www.asajacyl.com\/valladolid\/#\/schema\/person\/cf213adc3e576168b6850f7db054141e","name":"Mar\u00eda Natividad","image":{"@type":"ImageObject","inLanguage":"es","@id":"https:\/\/www.asajacyl.com\/valladolid\/#\/schema\/person\/image\/","url":"https:\/\/secure.gravatar.com\/avatar\/7f7b3c840c2af79feac78f5eeffefc45?s=96&d=mm&r=g","contentUrl":"https:\/\/secure.gravatar.com\/avatar\/7f7b3c840c2af79feac78f5eeffefc45?s=96&d=mm&r=g","caption":"Mar\u00eda Natividad"},"url":"https:\/\/www.asajacyl.com\/valladolid\/author\/natividadhh"}]}},"_links":{"self":[{"href":"https:\/\/www.asajacyl.com\/valladolid\/wp-json\/wp\/v2\/posts\/1350"}],"collection":[{"href":"https:\/\/www.asajacyl.com\/valladolid\/wp-json\/wp\/v2\/posts"}],"about":[{"href":"https:\/\/www.asajacyl.com\/valladolid\/wp-json\/wp\/v2\/types\/post"}],"author":[{"embeddable":true,"href":"https:\/\/www.asajacyl.com\/valladolid\/wp-json\/wp\/v2\/users\/13"}],"replies":[{"embeddable":true,"href":"https:\/\/www.asajacyl.com\/valladolid\/wp-json\/wp\/v2\/comments?post=1350"}],"version-history":[{"count":3,"href":"https:\/\/www.asajacyl.com\/valladolid\/wp-json\/wp\/v2\/posts\/1350\/revisions"}],"predecessor-version":[{"id":1356,"href":"https:\/\/www.asajacyl.com\/valladolid\/wp-json\/wp\/v2\/posts\/1350\/revisions\/1356"}],"wp:featuredmedia":[{"embeddable":true,"href":"https:\/\/www.asajacyl.com\/valladolid\/wp-json\/wp\/v2\/media\/1352"}],"wp:attachment":[{"href":"https:\/\/www.asajacyl.com\/valladolid\/wp-json\/wp\/v2\/media?parent=1350"}],"wp:term":[{"taxonomy":"category","embeddable":true,"href":"https:\/\/www.asajacyl.com\/valladolid\/wp-json\/wp\/v2\/categories?post=1350"},{"taxonomy":"post_tag","embeddable":true,"href":"https:\/\/www.asajacyl.com\/valladolid\/wp-json\/wp\/v2\/tags?post=1350"}],"curies":[{"name":"wp","href":"https:\/\/api.w.org\/{rel}","templated":true}]}}