{"id":1357,"date":"2018-01-02T09:46:38","date_gmt":"2018-01-02T09:46:38","guid":{"rendered":"http:\/\/www.asajacyl.com\/valladolid\/?p=1357"},"modified":"2018-01-02T09:46:38","modified_gmt":"2018-01-02T09:46:38","slug":"los-cambios-2018-trae-los-agricultores-ganaderos","status":"publish","type":"post","link":"https:\/\/www.asajacyl.com\/valladolid\/asaja-valladolid-informa\/opinion-asaja\/los-cambios-2018-trae-los-agricultores-ganaderos","title":{"rendered":"Los cambios que 2018 trae para  los agricultores y ganaderos"},"content":{"rendered":"<h2><span style=\"color: #008000\"><strong>Los servicios t\u00e9cnicos de ASAJA resumen los principales temas <\/strong><strong>a tener en cuenta por los profesionales del campo para el nuevo a\u00f1o<\/strong><\/span><\/h2>\n<p><img loading=\"lazy\" decoding=\"async\" class=\"alignnone wp-image-1361 size-full\" src=\"http:\/\/www.asajacyl.com\/valladolid\/wp-content\/uploads\/sites\/2\/2018\/01\/fito.jpg\" alt=\"\" width=\"800\" height=\"600\" srcset=\"https:\/\/www.asajacyl.com\/valladolid\/wp-content\/uploads\/sites\/2\/2018\/01\/fito.jpg 800w, https:\/\/www.asajacyl.com\/valladolid\/wp-content\/uploads\/sites\/2\/2018\/01\/fito-300x225.jpg 300w, https:\/\/www.asajacyl.com\/valladolid\/wp-content\/uploads\/sites\/2\/2018\/01\/fito-768x576.jpg 768w, https:\/\/www.asajacyl.com\/valladolid\/wp-content\/uploads\/sites\/2\/2018\/01\/fito-80x60.jpg 80w, https:\/\/www.asajacyl.com\/valladolid\/wp-content\/uploads\/sites\/2\/2018\/01\/fito-696x522.jpg 696w, https:\/\/www.asajacyl.com\/valladolid\/wp-content\/uploads\/sites\/2\/2018\/01\/fito-560x420.jpg 560w\" sizes=\"(max-width: 800px) 100vw, 800px\" \/><\/p>\n<p style=\"text-align: justify\">El temor a la persistencia de la sequ\u00eda es el lastre con el que el campo de Castilla y Le\u00f3n recibe al nuevo a\u00f1o 2018. La falta de agua, que condicion\u00f3 cosecha y pastos a lo largo del a\u00f1o que se acaba, sigue siendo la mayor preocupaci\u00f3n de los agricultores y ganaderos, ya que las escas\u00edsimas precipitaciones del oto\u00f1o apenas han permitido realizar las labores de sementera de la pr\u00f3xima campa\u00f1a, no han reverdecido las zonas pastables y siguen sin recargar embalses y acu\u00edferos.<\/p>\n<p style=\"text-align: justify\">Adem\u00e1s de la sequ\u00eda, y de los vericuetos por los que transcurra la reforma de la Pol\u00edtica Agr\u00edcola Com\u00fan, ya abierta, o de c\u00f3mo evolucionen los precios de los insumos, siempre altos, y de los productos agroganaderos, presionados a la baja, 2018 llega con una serie de novedades de car\u00e1cter administrativo que han de tener en cuenta los agricultores y ganaderos, y que los servicios t\u00e9cnicos de ASAJA resumen a continuaci\u00f3n.<\/p>\n<p style=\"text-align: justify\"><strong>PAC 2018<\/strong><\/p>\n<p style=\"text-align: justify\">De cara a la PAC 2018, es importante tener en cuenta algunas modificaciones, principalmente la <strong>prohibici\u00f3n del uso de fitosanitarios en barbechos y cultivos fijadores de nitr\u00f3geno que se declaren en la solicitud como superficies de inter\u00e9s ecol\u00f3gico<\/strong>. Tambi\u00e9n se suman nuevos casos en los que se puede considerar superficies abandonadas o en riesgo de abandono, que no ser\u00edan admisibles para la solicitud.<\/p>\n<p style=\"text-align: justify\">Principalmente, los cambios afectan al pago para las pr\u00e1cticas agr\u00edcolas beneficiosas para el clima y el medio ambiente, a los requisitos que deben cumplir las superficies de inter\u00e9s ecol\u00f3gico, prohibiendo \u00a0en ellas el uso de productos fitosanitarios en los barbechos y en las superficies de cultivos fijadores de nitr\u00f3geno. En los barbechos de estas superficies se reduce a seis meses el periodo en que no pueden destinarse a la producci\u00f3n agraria, y en los cultivos fijadores de nitr\u00f3geno, tales como leguminosas y proteaginosas, se adaptan ciertos requisitos y se admite en determinadas condiciones su mezcla con otros cultivos.<\/p>\n<p style=\"text-align: justify\">Tambi\u00e9n se clarifican las condiciones del ejercicio de la <strong>actividad agraria en las superficies de siega y en los pastos<\/strong> tradicionales locales, y se considera como situaci\u00f3n de riesgo la declaraci\u00f3n de actividades de mantenimiento en todas las parcelas de la explotaci\u00f3n. Igualmente hay cambios que afectan a las superficies abandonadas o en riesgo de abandono, ya que no se admitir\u00e1n las parcelas que lleven declaradas de barbecho m\u00e1s de cinco a\u00f1os.<\/p>\n<p style=\"text-align: justify\">Adem\u00e1s de otros ajustes t\u00e9cnicos en la gesti\u00f3n de los pagos directos, se incluyen dos nuevas limitaciones referentes a la aplicaci\u00f3n de purines en las normas de la condicionalidad.<\/p>\n<p style=\"text-align: justify\"><strong>Seguros Agrarios<\/strong><\/p>\n<p style=\"text-align: justify\">A partir de la campa\u00f1a de Seguros Agrarios 2017-2018 la Junta recupera <strong>el descuento directo al suscribirse la p\u00f3liza<\/strong>, un punto importante reclamado repetidamente por ASAJA. El tramo auton\u00f3mico de estas ayudas por parte de la Consejer\u00eda qued\u00f3 suprimido en 2012 por los problemas derivados de la crisis y comenz\u00f3 a recuperarse, no al mismo nivel de financiaci\u00f3n, en 2014. Desde entonces los agricultores han tenido que realizar la solicitud de esta ayuda aparte de la contrataci\u00f3n de los seguros en un tr\u00e1mite distinto y complejo administrativamente. Ahora este escal\u00f3n se elimina y se simplifica. Los seguros suscritos a finales de este a\u00f1o 2017, como el del cereal o el vi\u00f1edo, ya se han tramitado con este nuevo sistema que en 2018 se generaliza.<\/p>\n<p style=\"text-align: justify\"><strong>Exenci\u00f3n de tasas auton\u00f3micas<\/strong><\/p>\n<p style=\"text-align: justify\">Tal como se recoge en la Ley 7\/2017, de 28 de diciembre, de Medidas Tributarias de Castilla y Le\u00f3n, con el fin de apoyar al sector ante los graves da\u00f1os sufridos por las inclemencias meteorol\u00f3gicas, con vigencia exclusiva en el <strong>ejercicio 2018 ser\u00e1 aplicable una bonificaci\u00f3n<\/strong> del 100% en la cuota tributaria de las siguientes tasas: Tasa por actuaciones administrativas relativas a actividades agr\u00edcolas; Tasa por aprovechamiento de pastos, hierbas y rastrojeras; Tasa por prestaci\u00f3n de servicios veterinarios, y Tasa en materia de industrias agroalimentarias.<\/p>\n<p style=\"text-align: justify\"><strong>\u00a0<\/strong><strong>Aut\u00f3nomos del campo<\/strong><\/p>\n<p style=\"text-align: justify\">A finales de a\u00f1o se public\u00f3 la Ley de reformas urgentes del trabajo aut\u00f3nomo, que trae cambios importantes para los cerca de 40.000 agricultores y ganaderos que trabajan como aut\u00f3nomos en Castilla y Le\u00f3n. El periodo en que la cuota en el RETA se sit\u00faa en 50 euros (\u2018tarifa plana\u2019) a favor de los aut\u00f3nomos que causen alta inicial en el RETA o no hubieran estado en alta en el mismo en los dos a\u00f1os anteriores, <strong>a partir del 1 de enero de 2018 se ampl\u00eda a 12 meses<\/strong>, frente a los 6 actuales. Adem\u00e1s, ASAJA espera que lo antes posible se apruebe una ayuda, anunciada por la Junta, para aut\u00f3nomos menores de 30 y mayores de 60 a\u00f1os, as\u00ed como para los que realicen su actividad en el medio rural.<\/p>\n<p style=\"text-align: justify\">Por otro lado, la orden de cotizaci\u00f3n aprobada por el Gobierno, de pr\u00f3xima publicaci\u00f3n, mantiene las bases m\u00ednimas y m\u00e1ximas para los aut\u00f3nomos personas f\u00edsicas en las cuant\u00edas aprobadas en junio de 2017, es decir, 919,80\u20ac y 3.751,20\u20ac respectivamente. Sin embargo, tal como advierten los Servicios T\u00e9cnicos de ASAJA, <strong>se ver\u00e1n perjudicados por no haber presupuestos los aut\u00f3nomos societarios<\/strong> que cotizan por la base m\u00ednima. La orden mantiene que el incremento en el caso de los aut\u00f3nomos societarios, o que hayan tenido contratados a diez trabajadores de forma simult\u00e1nea en alg\u00fan momento del a\u00f1o anterior, sufrir\u00e1n una subida en su base de cotizaci\u00f3n igual a las del Grupo 1 del R\u00e9gimen General. Aunque el aumento no est\u00e1 todav\u00eda cuantificado, es previsible que se incremente de acuerdo con la subida prevista en el SMI, por lo que alcanzar\u00e1 el 4% que se acumula al 8% del a\u00f1o pasado. Para ASAJA, lo m\u00e1s adecuado ser\u00eda congelar tambi\u00e9n la base para estos aut\u00f3nomos societarios hasta que se apruebe la Ley de Presupuestos y con ella una base m\u00ednima para estos aut\u00f3nomos.<\/p>\n<p style=\"text-align: justify\"><strong>M\u00e1s tiempo de cotizaci\u00f3n<\/strong><\/p>\n<p style=\"text-align: justify\">A partir del mes de enero la edad de jubilaci\u00f3n se retrasa hasta los 65 a\u00f1os y seis meses, salvo para quienes hayan cotizado <strong>36 a\u00f1os y seis meses o m\u00e1s<\/strong>, en cuyo caso podr\u00edan retirarse a los 65 a\u00f1os. La mayor\u00eda de los agricultores y agricultoras que ahora se jubilan comenzaron a cotizar muy pronto, por lo que suelen estar dentro del grupo de quienes se jubilan con 65 a\u00f1os. Para quienes se jubilen en el 2018, se le calcula el importe de la pensi\u00f3n teniendo en cuenta la cotizaci\u00f3n de los \u00faltimos 21 a\u00f1os. El incremento de las pensiones para el a\u00f1o 2018 es de tan solo el 0,25 por ciento.<\/p>\n<p style=\"text-align: justify\"><strong>Para cualquier consulta<\/strong>, los agricultores y ganaderos tienen abiertas las puertas de la red de oficinas de ASAJA en toda Castilla y Le\u00f3n, donde les atender\u00e1 el mejor equipo de t\u00e9cnicos especializados.<\/p>\n<p style=\"text-align: justify\">\n","protected":false},"excerpt":{"rendered":"<p>Los servicios t\u00e9cnicos de ASAJA resumen los principales temas a tener en cuenta por los profesionales del campo para el nuevo a\u00f1o El temor a la persistencia de la sequ\u00eda es el lastre con el que el campo de Castilla y Le\u00f3n recibe al nuevo a\u00f1o 2018. La falta de agua, que condicion\u00f3 cosecha y [&hellip;]<\/p>\n","protected":false},"author":13,"featured_media":1359,"comment_status":"open","ping_status":"open","sticky":false,"template":"","format":"standard","meta":{"footnotes":""},"categories":[10],"tags":[92,91,70,94,76,87,93],"yoast_head":"<!-- This site is optimized with the Yoast SEO plugin v24.5 - https:\/\/yoast.com\/wordpress\/plugins\/seo\/ -->\n<title>Los cambios que 2018 trae para los agricultores y ganaderos - ASAJA Valladolid<\/title>\n<meta name=\"description\" content=\"Los cambios que 2018 trae para los agricultores y ganaderos. Los servicios t\u00e9cnicos de ASAJA resumen los temas a tener en cuenta para el nuevo a\u00f1o\" \/>\n<meta name=\"robots\" content=\"index, follow, max-snippet:-1, max-image-preview:large, max-video-preview:-1\" \/>\n<link rel=\"canonical\" href=\"https:\/\/www.asajacyl.com\/valladolid\/asaja-valladolid-informa\/opinion-asaja\/los-cambios-2018-trae-los-agricultores-ganaderos\" \/>\n<meta property=\"og:locale\" content=\"es_ES\" \/>\n<meta property=\"og:type\" content=\"article\" \/>\n<meta property=\"og:title\" content=\"Los cambios que 2018 trae para los agricultores y ganaderos - ASAJA Valladolid\" \/>\n<meta property=\"og:description\" content=\"Los cambios que 2018 trae para los agricultores y ganaderos. Los servicios t\u00e9cnicos de ASAJA resumen los temas a tener en cuenta para el nuevo a\u00f1o\" \/>\n<meta property=\"og:url\" content=\"https:\/\/www.asajacyl.com\/valladolid\/asaja-valladolid-informa\/opinion-asaja\/los-cambios-2018-trae-los-agricultores-ganaderos\" \/>\n<meta property=\"og:site_name\" content=\"ASAJA Valladolid\" \/>\n<meta property=\"article:published_time\" content=\"2018-01-02T09:46:38+00:00\" \/>\n<meta property=\"og:image\" content=\"https:\/\/www.asajacyl.com\/valladolid\/wp-content\/uploads\/sites\/2\/2018\/01\/Oficina-Valladolid.jpg\" \/>\n\t<meta property=\"og:image:width\" content=\"2028\" \/>\n\t<meta property=\"og:image:height\" content=\"2088\" \/>\n\t<meta property=\"og:image:type\" content=\"image\/jpeg\" \/>\n<meta name=\"author\" content=\"Mar\u00eda Natividad\" \/>\n<meta name=\"twitter:card\" content=\"summary_large_image\" \/>\n<meta name=\"twitter:label1\" content=\"Escrito por\" \/>\n\t<meta name=\"twitter:data1\" content=\"Mar\u00eda Natividad\" \/>\n\t<meta name=\"twitter:label2\" content=\"Tiempo de lectura\" \/>\n\t<meta name=\"twitter:data2\" content=\"6 minutos\" \/>\n<script type=\"application\/ld+json\" class=\"yoast-schema-graph\">{\"@context\":\"https:\/\/schema.org\",\"@graph\":[{\"@type\":\"WebPage\",\"@id\":\"https:\/\/www.asajacyl.com\/valladolid\/asaja-valladolid-informa\/opinion-asaja\/los-cambios-2018-trae-los-agricultores-ganaderos\",\"url\":\"https:\/\/www.asajacyl.com\/valladolid\/asaja-valladolid-informa\/opinion-asaja\/los-cambios-2018-trae-los-agricultores-ganaderos\",\"name\":\"Los cambios que 2018 trae para los agricultores y ganaderos - ASAJA Valladolid\",\"isPartOf\":{\"@id\":\"https:\/\/www.asajacyl.com\/valladolid\/#website\"},\"primaryImageOfPage\":{\"@id\":\"https:\/\/www.asajacyl.com\/valladolid\/asaja-valladolid-informa\/opinion-asaja\/los-cambios-2018-trae-los-agricultores-ganaderos#primaryimage\"},\"image\":{\"@id\":\"https:\/\/www.asajacyl.com\/valladolid\/asaja-valladolid-informa\/opinion-asaja\/los-cambios-2018-trae-los-agricultores-ganaderos#primaryimage\"},\"thumbnailUrl\":\"https:\/\/www.asajacyl.com\/valladolid\/wp-content\/uploads\/sites\/2\/2018\/01\/Oficina-Valladolid.jpg\",\"datePublished\":\"2018-01-02T09:46:38+00:00\",\"author\":{\"@id\":\"https:\/\/www.asajacyl.com\/valladolid\/#\/schema\/person\/cf213adc3e576168b6850f7db054141e\"},\"description\":\"Los cambios que 2018 trae para los agricultores y ganaderos. Los servicios t\u00e9cnicos de ASAJA resumen los temas a tener en cuenta para el nuevo a\u00f1o\",\"breadcrumb\":{\"@id\":\"https:\/\/www.asajacyl.com\/valladolid\/asaja-valladolid-informa\/opinion-asaja\/los-cambios-2018-trae-los-agricultores-ganaderos#breadcrumb\"},\"inLanguage\":\"es\",\"potentialAction\":[{\"@type\":\"ReadAction\",\"target\":[\"https:\/\/www.asajacyl.com\/valladolid\/asaja-valladolid-informa\/opinion-asaja\/los-cambios-2018-trae-los-agricultores-ganaderos\"]}]},{\"@type\":\"ImageObject\",\"inLanguage\":\"es\",\"@id\":\"https:\/\/www.asajacyl.com\/valladolid\/asaja-valladolid-informa\/opinion-asaja\/los-cambios-2018-trae-los-agricultores-ganaderos#primaryimage\",\"url\":\"https:\/\/www.asajacyl.com\/valladolid\/wp-content\/uploads\/sites\/2\/2018\/01\/Oficina-Valladolid.jpg\",\"contentUrl\":\"https:\/\/www.asajacyl.com\/valladolid\/wp-content\/uploads\/sites\/2\/2018\/01\/Oficina-Valladolid.jpg\",\"width\":2028,\"height\":2088,\"caption\":\"Oficina Valladolid\"},{\"@type\":\"BreadcrumbList\",\"@id\":\"https:\/\/www.asajacyl.com\/valladolid\/asaja-valladolid-informa\/opinion-asaja\/los-cambios-2018-trae-los-agricultores-ganaderos#breadcrumb\",\"itemListElement\":[{\"@type\":\"ListItem\",\"position\":1,\"name\":\"Portada\",\"item\":\"https:\/\/www.asajacyl.com\/valladolid\/\"},{\"@type\":\"ListItem\",\"position\":2,\"name\":\"Los cambios que 2018 trae para los agricultores y ganaderos\"}]},{\"@type\":\"WebSite\",\"@id\":\"https:\/\/www.asajacyl.com\/valladolid\/#website\",\"url\":\"https:\/\/www.asajacyl.com\/valladolid\/\",\"name\":\"ASAJA Valladolid\",\"description\":\"Otro sitio m\u00e1s de Provincias ASAJA Castilla y Le\u00f3n\",\"potentialAction\":[{\"@type\":\"SearchAction\",\"target\":{\"@type\":\"EntryPoint\",\"urlTemplate\":\"https:\/\/www.asajacyl.com\/valladolid\/?s={search_term_string}\"},\"query-input\":{\"@type\":\"PropertyValueSpecification\",\"valueRequired\":true,\"valueName\":\"search_term_string\"}}],\"inLanguage\":\"es\"},{\"@type\":\"Person\",\"@id\":\"https:\/\/www.asajacyl.com\/valladolid\/#\/schema\/person\/cf213adc3e576168b6850f7db054141e\",\"name\":\"Mar\u00eda Natividad\",\"image\":{\"@type\":\"ImageObject\",\"inLanguage\":\"es\",\"@id\":\"https:\/\/www.asajacyl.com\/valladolid\/#\/schema\/person\/image\/\",\"url\":\"https:\/\/secure.gravatar.com\/avatar\/7f7b3c840c2af79feac78f5eeffefc45?s=96&d=mm&r=g\",\"contentUrl\":\"https:\/\/secure.gravatar.com\/avatar\/7f7b3c840c2af79feac78f5eeffefc45?s=96&d=mm&r=g\",\"caption\":\"Mar\u00eda Natividad\"},\"url\":\"https:\/\/www.asajacyl.com\/valladolid\/author\/natividadhh\"}]}<\/script>\n<!-- \/ Yoast SEO plugin. -->","yoast_head_json":{"title":"Los cambios que 2018 trae para los agricultores y ganaderos - ASAJA Valladolid","description":"Los cambios que 2018 trae para los agricultores y ganaderos. Los servicios t\u00e9cnicos de ASAJA resumen los temas a tener en cuenta para el nuevo a\u00f1o","robots":{"index":"index","follow":"follow","max-snippet":"max-snippet:-1","max-image-preview":"max-image-preview:large","max-video-preview":"max-video-preview:-1"},"canonical":"https:\/\/www.asajacyl.com\/valladolid\/asaja-valladolid-informa\/opinion-asaja\/los-cambios-2018-trae-los-agricultores-ganaderos","og_locale":"es_ES","og_type":"article","og_title":"Los cambios que 2018 trae para los agricultores y ganaderos - ASAJA Valladolid","og_description":"Los cambios que 2018 trae para los agricultores y ganaderos. Los servicios t\u00e9cnicos de ASAJA resumen los temas a tener en cuenta para el nuevo a\u00f1o","og_url":"https:\/\/www.asajacyl.com\/valladolid\/asaja-valladolid-informa\/opinion-asaja\/los-cambios-2018-trae-los-agricultores-ganaderos","og_site_name":"ASAJA Valladolid","article_published_time":"2018-01-02T09:46:38+00:00","og_image":[{"width":2028,"height":2088,"url":"https:\/\/www.asajacyl.com\/valladolid\/wp-content\/uploads\/sites\/2\/2018\/01\/Oficina-Valladolid.jpg","type":"image\/jpeg"}],"author":"Mar\u00eda Natividad","twitter_card":"summary_large_image","twitter_misc":{"Escrito por":"Mar\u00eda Natividad","Tiempo de lectura":"6 minutos"},"schema":{"@context":"https:\/\/schema.org","@graph":[{"@type":"WebPage","@id":"https:\/\/www.asajacyl.com\/valladolid\/asaja-valladolid-informa\/opinion-asaja\/los-cambios-2018-trae-los-agricultores-ganaderos","url":"https:\/\/www.asajacyl.com\/valladolid\/asaja-valladolid-informa\/opinion-asaja\/los-cambios-2018-trae-los-agricultores-ganaderos","name":"Los cambios que 2018 trae para los agricultores y ganaderos - ASAJA Valladolid","isPartOf":{"@id":"https:\/\/www.asajacyl.com\/valladolid\/#website"},"primaryImageOfPage":{"@id":"https:\/\/www.asajacyl.com\/valladolid\/asaja-valladolid-informa\/opinion-asaja\/los-cambios-2018-trae-los-agricultores-ganaderos#primaryimage"},"image":{"@id":"https:\/\/www.asajacyl.com\/valladolid\/asaja-valladolid-informa\/opinion-asaja\/los-cambios-2018-trae-los-agricultores-ganaderos#primaryimage"},"thumbnailUrl":"https:\/\/www.asajacyl.com\/valladolid\/wp-content\/uploads\/sites\/2\/2018\/01\/Oficina-Valladolid.jpg","datePublished":"2018-01-02T09:46:38+00:00","author":{"@id":"https:\/\/www.asajacyl.com\/valladolid\/#\/schema\/person\/cf213adc3e576168b6850f7db054141e"},"description":"Los cambios que 2018 trae para los agricultores y ganaderos. Los servicios t\u00e9cnicos de ASAJA resumen los temas a tener en cuenta para el nuevo a\u00f1o","breadcrumb":{"@id":"https:\/\/www.asajacyl.com\/valladolid\/asaja-valladolid-informa\/opinion-asaja\/los-cambios-2018-trae-los-agricultores-ganaderos#breadcrumb"},"inLanguage":"es","potentialAction":[{"@type":"ReadAction","target":["https:\/\/www.asajacyl.com\/valladolid\/asaja-valladolid-informa\/opinion-asaja\/los-cambios-2018-trae-los-agricultores-ganaderos"]}]},{"@type":"ImageObject","inLanguage":"es","@id":"https:\/\/www.asajacyl.com\/valladolid\/asaja-valladolid-informa\/opinion-asaja\/los-cambios-2018-trae-los-agricultores-ganaderos#primaryimage","url":"https:\/\/www.asajacyl.com\/valladolid\/wp-content\/uploads\/sites\/2\/2018\/01\/Oficina-Valladolid.jpg","contentUrl":"https:\/\/www.asajacyl.com\/valladolid\/wp-content\/uploads\/sites\/2\/2018\/01\/Oficina-Valladolid.jpg","width":2028,"height":2088,"caption":"Oficina Valladolid"},{"@type":"BreadcrumbList","@id":"https:\/\/www.asajacyl.com\/valladolid\/asaja-valladolid-informa\/opinion-asaja\/los-cambios-2018-trae-los-agricultores-ganaderos#breadcrumb","itemListElement":[{"@type":"ListItem","position":1,"name":"Portada","item":"https:\/\/www.asajacyl.com\/valladolid\/"},{"@type":"ListItem","position":2,"name":"Los cambios que 2018 trae para los agricultores y ganaderos"}]},{"@type":"WebSite","@id":"https:\/\/www.asajacyl.com\/valladolid\/#website","url":"https:\/\/www.asajacyl.com\/valladolid\/","name":"ASAJA Valladolid","description":"Otro sitio m\u00e1s de Provincias ASAJA Castilla y Le\u00f3n","potentialAction":[{"@type":"SearchAction","target":{"@type":"EntryPoint","urlTemplate":"https:\/\/www.asajacyl.com\/valladolid\/?s={search_term_string}"},"query-input":{"@type":"PropertyValueSpecification","valueRequired":true,"valueName":"search_term_string"}}],"inLanguage":"es"},{"@type":"Person","@id":"https:\/\/www.asajacyl.com\/valladolid\/#\/schema\/person\/cf213adc3e576168b6850f7db054141e","name":"Mar\u00eda Natividad","image":{"@type":"ImageObject","inLanguage":"es","@id":"https:\/\/www.asajacyl.com\/valladolid\/#\/schema\/person\/image\/","url":"https:\/\/secure.gravatar.com\/avatar\/7f7b3c840c2af79feac78f5eeffefc45?s=96&d=mm&r=g","contentUrl":"https:\/\/secure.gravatar.com\/avatar\/7f7b3c840c2af79feac78f5eeffefc45?s=96&d=mm&r=g","caption":"Mar\u00eda Natividad"},"url":"https:\/\/www.asajacyl.com\/valladolid\/author\/natividadhh"}]}},"_links":{"self":[{"href":"https:\/\/www.asajacyl.com\/valladolid\/wp-json\/wp\/v2\/posts\/1357"}],"collection":[{"href":"https:\/\/www.asajacyl.com\/valladolid\/wp-json\/wp\/v2\/posts"}],"about":[{"href":"https:\/\/www.asajacyl.com\/valladolid\/wp-json\/wp\/v2\/types\/post"}],"author":[{"embeddable":true,"href":"https:\/\/www.asajacyl.com\/valladolid\/wp-json\/wp\/v2\/users\/13"}],"replies":[{"embeddable":true,"href":"https:\/\/www.asajacyl.com\/valladolid\/wp-json\/wp\/v2\/comments?post=1357"}],"version-history":[{"count":4,"href":"https:\/\/www.asajacyl.com\/valladolid\/wp-json\/wp\/v2\/posts\/1357\/revisions"}],"predecessor-version":[{"id":1363,"href":"https:\/\/www.asajacyl.com\/valladolid\/wp-json\/wp\/v2\/posts\/1357\/revisions\/1363"}],"wp:featuredmedia":[{"embeddable":true,"href":"https:\/\/www.asajacyl.com\/valladolid\/wp-json\/wp\/v2\/media\/1359"}],"wp:attachment":[{"href":"https:\/\/www.asajacyl.com\/valladolid\/wp-json\/wp\/v2\/media?parent=1357"}],"wp:term":[{"taxonomy":"category","embeddable":true,"href":"https:\/\/www.asajacyl.com\/valladolid\/wp-json\/wp\/v2\/categories?post=1357"},{"taxonomy":"post_tag","embeddable":true,"href":"https:\/\/www.asajacyl.com\/valladolid\/wp-json\/wp\/v2\/tags?post=1357"}],"curies":[{"name":"wp","href":"https:\/\/api.w.org\/{rel}","templated":true}]}}