{"id":1364,"date":"2018-01-03T12:37:48","date_gmt":"2018-01-03T12:37:48","guid":{"rendered":"http:\/\/www.asajacyl.com\/valladolid\/?p=1364"},"modified":"2018-01-03T12:37:48","modified_gmt":"2018-01-03T12:37:48","slug":"asaja-pide-no-suba-ibi-las-naves-agricolas-ganaderas","status":"publish","type":"post","link":"https:\/\/www.asajacyl.com\/valladolid\/asaja-valladolid-informa\/asaja-pide-no-suba-ibi-las-naves-agricolas-ganaderas","title":{"rendered":"ASAJA pide que no suba el IBI en las naves agr\u00edcolas y ganaderas"},"content":{"rendered":"<h2><span style=\"color: #008000\"><strong>La organizaci\u00f3n advierte del mal momento econ\u00f3mico que vive el sector y solicita a los ayuntamientos que no lo penalicen con m\u00e1s subidas<\/strong><\/span><\/h2>\n<figure id=\"attachment_1366\" aria-describedby=\"caption-attachment-1366\" style=\"width: 696px\" class=\"wp-caption alignnone\"><img loading=\"lazy\" decoding=\"async\" class=\"wp-image-1366 size-large\" src=\"http:\/\/www.asajacyl.com\/valladolid\/wp-content\/uploads\/sites\/2\/2018\/01\/Naves-ibi-1024x758.jpg\" alt=\"ASAJA pide que no suba el IBI en las naves agr\u00edcolas y ganaderas\" width=\"696\" height=\"515\" srcset=\"https:\/\/www.asajacyl.com\/valladolid\/wp-content\/uploads\/sites\/2\/2018\/01\/Naves-ibi-1024x758.jpg 1024w, https:\/\/www.asajacyl.com\/valladolid\/wp-content\/uploads\/sites\/2\/2018\/01\/Naves-ibi-300x222.jpg 300w, https:\/\/www.asajacyl.com\/valladolid\/wp-content\/uploads\/sites\/2\/2018\/01\/Naves-ibi-768x568.jpg 768w, https:\/\/www.asajacyl.com\/valladolid\/wp-content\/uploads\/sites\/2\/2018\/01\/Naves-ibi-80x60.jpg 80w, https:\/\/www.asajacyl.com\/valladolid\/wp-content\/uploads\/sites\/2\/2018\/01\/Naves-ibi-485x360.jpg 485w, https:\/\/www.asajacyl.com\/valladolid\/wp-content\/uploads\/sites\/2\/2018\/01\/Naves-ibi-696x515.jpg 696w, https:\/\/www.asajacyl.com\/valladolid\/wp-content\/uploads\/sites\/2\/2018\/01\/Naves-ibi-1068x790.jpg 1068w, https:\/\/www.asajacyl.com\/valladolid\/wp-content\/uploads\/sites\/2\/2018\/01\/Naves-ibi-568x420.jpg 568w, https:\/\/www.asajacyl.com\/valladolid\/wp-content\/uploads\/sites\/2\/2018\/01\/Naves-ibi-1920x1421.jpg 1920w\" sizes=\"(max-width: 696px) 100vw, 696px\" \/><figcaption id=\"caption-attachment-1366\" class=\"wp-caption-text\">ASAJA pide que no suba el IBI en las naves agr\u00edcolas y ganaderas<\/figcaption><\/figure>\n<p style=\"text-align: justify\">ASAJA ha pedido a los ayuntamientos de Castilla y Le\u00f3n que no apliquen este 2018 subidas en los valores catastrales en naves ganaderas o de uso agrario y demuestren \u201csensibilidad con el sector, tras una de las peores campa\u00f1as que se recuerdan tanto para los agricultores como para los ganaderos\u201d, se\u00f1ala la organizaci\u00f3n agraria.<\/p>\n<p style=\"text-align: justify\">Estos d\u00edas sal\u00eda publicado el Real Decreto Ley 20\/2017, de 29 de diciembre, por el que se aprueban diversas medidas tributarias, entre otras los\u00a0coeficientes de actualizaci\u00f3n de los valores catastrales para 2018. Castilla y Le\u00f3n es una de las comunidades en las que m\u00e1s municipios han solicitado esta subida, en total 522 ayuntamientos. La legislaci\u00f3n que ampara el IBI es nacional, pero su gesti\u00f3n corresponde a las administraciones auton\u00f3micas, provinciales y locales.<\/p>\n<p style=\"text-align: justify\">La organizaci\u00f3n profesional agraria considera que no se puede aplicar en los pueblos peque\u00f1os los mismos baremos que a las grandes urbes: \u201cse aplican criterios como el valor de la edificaci\u00f3n, pero no se tiene en cuenta que el valor de mercado no es el mismo en un pueblo que en una ciudad, ni las prestaciones p\u00fablicas que se reciben en el medio rural son las mismas\u201d, indica ASAJA. Por otro lado, es obligaci\u00f3n de las administraciones contribuir a frenar la despoblaci\u00f3n galopante que arrasa nuestros pueblos, y eso requiere un trato fiscal favorable, adecuado a sus necesidades. Algo a\u00fan m\u00e1s importante en un a\u00f1o como el que ahora comienza, con los agricultores y ganaderos tratando de remontar tras la catastr\u00f3fica campa\u00f1a pasada, marcada por una sequ\u00eda que todav\u00eda se prolonga.<\/p>\n<p style=\"text-align: justify\">Adem\u00e1s, ASAJA considera que estas subidas en el IBI de las naves ganaderas o de uso agrario \u201cmuchas veces no tienen ninguna justificaci\u00f3n porque no hay una actividad ni rendimiento econ\u00f3mico que lo respalde y, para m\u00e1s agravio, los agricultores y ganaderos se sienten indefensos porque llegan sin posibilidades reales de reclamaci\u00f3n porque la Administraci\u00f3n para estudiar las propuestas exige presentar una larga retah\u00edla de documentos, muchos de los cuales ni existen ni han existido nunca\u201d. El hecho es que se est\u00e1 valorando a las naves agr\u00edcolas y ganaderas como si estuvieran en terreno urbano y como si todas estuvieran a plena capacidad productiva, lo que se traduce en impuestos exagerados y totalmente injustos.<\/p>\n<p style=\"text-align: justify\">Por eso, desde ASAJA se apela a la responsabilidad de los municipios, para que no suban este impuesto y no penalicen a los agricultores y ganaderos, y tambi\u00e9n se pide a los t\u00e9cnicos de Hacienda que tengan en cuenta la realidad del sector al valorar las naves agr\u00edcolas y ganaderas.<\/p>\n","protected":false},"excerpt":{"rendered":"<p>La organizaci\u00f3n advierte del mal momento econ\u00f3mico que vive el sector y solicita a los ayuntamientos que no lo penalicen con m\u00e1s subidas ASAJA ha pedido a los ayuntamientos de Castilla y Le\u00f3n que no apliquen este 2018 subidas en los valores catastrales en naves ganaderas o de uso agrario y demuestren \u201csensibilidad con el [&hellip;]<\/p>\n","protected":false},"author":13,"featured_media":1366,"comment_status":"open","ping_status":"open","sticky":false,"template":"","format":"standard","meta":{"footnotes":""},"categories":[8,9],"tags":[70,95,96,97,98],"yoast_head":"<!-- This site is optimized with the Yoast SEO plugin v24.5 - https:\/\/yoast.com\/wordpress\/plugins\/seo\/ -->\n<title>ASAJA pide que no suba el IBI en las naves agr\u00edcolas y ganaderas - ASAJA Valladolid<\/title>\n<meta name=\"description\" content=\"ASAJA pide que no suba el IBI en las naves agr\u00edcolas y ganaderas. La OPA advierte del mal momento del sector y solicita que no lo penalicen\" \/>\n<meta name=\"robots\" content=\"index, follow, max-snippet:-1, max-image-preview:large, max-video-preview:-1\" \/>\n<link rel=\"canonical\" href=\"https:\/\/www.asajacyl.com\/valladolid\/asaja-valladolid-informa\/asaja-pide-no-suba-ibi-las-naves-agricolas-ganaderas\" \/>\n<meta property=\"og:locale\" content=\"es_ES\" \/>\n<meta property=\"og:type\" content=\"article\" \/>\n<meta property=\"og:title\" content=\"ASAJA pide que no suba el IBI en las naves agr\u00edcolas y ganaderas - ASAJA Valladolid\" \/>\n<meta property=\"og:description\" content=\"ASAJA pide que no suba el IBI en las naves agr\u00edcolas y ganaderas. La OPA advierte del mal momento del sector y solicita que no lo penalicen\" \/>\n<meta property=\"og:url\" content=\"https:\/\/www.asajacyl.com\/valladolid\/asaja-valladolid-informa\/asaja-pide-no-suba-ibi-las-naves-agricolas-ganaderas\" \/>\n<meta property=\"og:site_name\" content=\"ASAJA Valladolid\" \/>\n<meta property=\"article:published_time\" content=\"2018-01-03T12:37:48+00:00\" \/>\n<meta property=\"og:image\" content=\"https:\/\/www.asajacyl.com\/valladolid\/wp-content\/uploads\/sites\/2\/2018\/01\/Naves-ibi.jpg\" \/>\n\t<meta property=\"og:image:width\" content=\"2500\" \/>\n\t<meta property=\"og:image:height\" content=\"1850\" \/>\n\t<meta property=\"og:image:type\" content=\"image\/jpeg\" \/>\n<meta name=\"author\" content=\"Mar\u00eda Natividad\" \/>\n<meta name=\"twitter:card\" content=\"summary_large_image\" \/>\n<meta name=\"twitter:label1\" content=\"Escrito por\" \/>\n\t<meta name=\"twitter:data1\" content=\"Mar\u00eda Natividad\" \/>\n\t<meta name=\"twitter:label2\" content=\"Tiempo de lectura\" \/>\n\t<meta name=\"twitter:data2\" content=\"3 minutos\" \/>\n<script type=\"application\/ld+json\" class=\"yoast-schema-graph\">{\"@context\":\"https:\/\/schema.org\",\"@graph\":[{\"@type\":\"WebPage\",\"@id\":\"https:\/\/www.asajacyl.com\/valladolid\/asaja-valladolid-informa\/asaja-pide-no-suba-ibi-las-naves-agricolas-ganaderas\",\"url\":\"https:\/\/www.asajacyl.com\/valladolid\/asaja-valladolid-informa\/asaja-pide-no-suba-ibi-las-naves-agricolas-ganaderas\",\"name\":\"ASAJA pide que no suba el IBI en las naves agr\u00edcolas y ganaderas - ASAJA Valladolid\",\"isPartOf\":{\"@id\":\"https:\/\/www.asajacyl.com\/valladolid\/#website\"},\"primaryImageOfPage\":{\"@id\":\"https:\/\/www.asajacyl.com\/valladolid\/asaja-valladolid-informa\/asaja-pide-no-suba-ibi-las-naves-agricolas-ganaderas#primaryimage\"},\"image\":{\"@id\":\"https:\/\/www.asajacyl.com\/valladolid\/asaja-valladolid-informa\/asaja-pide-no-suba-ibi-las-naves-agricolas-ganaderas#primaryimage\"},\"thumbnailUrl\":\"https:\/\/www.asajacyl.com\/valladolid\/wp-content\/uploads\/sites\/2\/2018\/01\/Naves-ibi.jpg\",\"datePublished\":\"2018-01-03T12:37:48+00:00\",\"author\":{\"@id\":\"https:\/\/www.asajacyl.com\/valladolid\/#\/schema\/person\/cf213adc3e576168b6850f7db054141e\"},\"description\":\"ASAJA pide que no suba el IBI en las naves agr\u00edcolas y ganaderas. La OPA advierte del mal momento del sector y solicita que no lo penalicen\",\"breadcrumb\":{\"@id\":\"https:\/\/www.asajacyl.com\/valladolid\/asaja-valladolid-informa\/asaja-pide-no-suba-ibi-las-naves-agricolas-ganaderas#breadcrumb\"},\"inLanguage\":\"es\",\"potentialAction\":[{\"@type\":\"ReadAction\",\"target\":[\"https:\/\/www.asajacyl.com\/valladolid\/asaja-valladolid-informa\/asaja-pide-no-suba-ibi-las-naves-agricolas-ganaderas\"]}]},{\"@type\":\"ImageObject\",\"inLanguage\":\"es\",\"@id\":\"https:\/\/www.asajacyl.com\/valladolid\/asaja-valladolid-informa\/asaja-pide-no-suba-ibi-las-naves-agricolas-ganaderas#primaryimage\",\"url\":\"https:\/\/www.asajacyl.com\/valladolid\/wp-content\/uploads\/sites\/2\/2018\/01\/Naves-ibi.jpg\",\"contentUrl\":\"https:\/\/www.asajacyl.com\/valladolid\/wp-content\/uploads\/sites\/2\/2018\/01\/Naves-ibi.jpg\",\"width\":2500,\"height\":1850,\"caption\":\"ASAJA pide que no suba el IBI en las naves agr\u00edcolas y ganaderas\"},{\"@type\":\"BreadcrumbList\",\"@id\":\"https:\/\/www.asajacyl.com\/valladolid\/asaja-valladolid-informa\/asaja-pide-no-suba-ibi-las-naves-agricolas-ganaderas#breadcrumb\",\"itemListElement\":[{\"@type\":\"ListItem\",\"position\":1,\"name\":\"Portada\",\"item\":\"https:\/\/www.asajacyl.com\/valladolid\/\"},{\"@type\":\"ListItem\",\"position\":2,\"name\":\"ASAJA pide que no suba el IBI en las naves agr\u00edcolas y ganaderas\"}]},{\"@type\":\"WebSite\",\"@id\":\"https:\/\/www.asajacyl.com\/valladolid\/#website\",\"url\":\"https:\/\/www.asajacyl.com\/valladolid\/\",\"name\":\"ASAJA Valladolid\",\"description\":\"Otro sitio m\u00e1s de Provincias ASAJA Castilla y Le\u00f3n\",\"potentialAction\":[{\"@type\":\"SearchAction\",\"target\":{\"@type\":\"EntryPoint\",\"urlTemplate\":\"https:\/\/www.asajacyl.com\/valladolid\/?s={search_term_string}\"},\"query-input\":{\"@type\":\"PropertyValueSpecification\",\"valueRequired\":true,\"valueName\":\"search_term_string\"}}],\"inLanguage\":\"es\"},{\"@type\":\"Person\",\"@id\":\"https:\/\/www.asajacyl.com\/valladolid\/#\/schema\/person\/cf213adc3e576168b6850f7db054141e\",\"name\":\"Mar\u00eda Natividad\",\"image\":{\"@type\":\"ImageObject\",\"inLanguage\":\"es\",\"@id\":\"https:\/\/www.asajacyl.com\/valladolid\/#\/schema\/person\/image\/\",\"url\":\"https:\/\/secure.gravatar.com\/avatar\/7f7b3c840c2af79feac78f5eeffefc45?s=96&d=mm&r=g\",\"contentUrl\":\"https:\/\/secure.gravatar.com\/avatar\/7f7b3c840c2af79feac78f5eeffefc45?s=96&d=mm&r=g\",\"caption\":\"Mar\u00eda Natividad\"},\"url\":\"https:\/\/www.asajacyl.com\/valladolid\/author\/natividadhh\"}]}<\/script>\n<!-- \/ Yoast SEO plugin. -->","yoast_head_json":{"title":"ASAJA pide que no suba el IBI en las naves agr\u00edcolas y ganaderas - ASAJA Valladolid","description":"ASAJA pide que no suba el IBI en las naves agr\u00edcolas y ganaderas. La OPA advierte del mal momento del sector y solicita que no lo penalicen","robots":{"index":"index","follow":"follow","max-snippet":"max-snippet:-1","max-image-preview":"max-image-preview:large","max-video-preview":"max-video-preview:-1"},"canonical":"https:\/\/www.asajacyl.com\/valladolid\/asaja-valladolid-informa\/asaja-pide-no-suba-ibi-las-naves-agricolas-ganaderas","og_locale":"es_ES","og_type":"article","og_title":"ASAJA pide que no suba el IBI en las naves agr\u00edcolas y ganaderas - ASAJA Valladolid","og_description":"ASAJA pide que no suba el IBI en las naves agr\u00edcolas y ganaderas. La OPA advierte del mal momento del sector y solicita que no lo penalicen","og_url":"https:\/\/www.asajacyl.com\/valladolid\/asaja-valladolid-informa\/asaja-pide-no-suba-ibi-las-naves-agricolas-ganaderas","og_site_name":"ASAJA Valladolid","article_published_time":"2018-01-03T12:37:48+00:00","og_image":[{"width":2500,"height":1850,"url":"https:\/\/www.asajacyl.com\/valladolid\/wp-content\/uploads\/sites\/2\/2018\/01\/Naves-ibi.jpg","type":"image\/jpeg"}],"author":"Mar\u00eda Natividad","twitter_card":"summary_large_image","twitter_misc":{"Escrito por":"Mar\u00eda Natividad","Tiempo de lectura":"3 minutos"},"schema":{"@context":"https:\/\/schema.org","@graph":[{"@type":"WebPage","@id":"https:\/\/www.asajacyl.com\/valladolid\/asaja-valladolid-informa\/asaja-pide-no-suba-ibi-las-naves-agricolas-ganaderas","url":"https:\/\/www.asajacyl.com\/valladolid\/asaja-valladolid-informa\/asaja-pide-no-suba-ibi-las-naves-agricolas-ganaderas","name":"ASAJA pide que no suba el IBI en las naves agr\u00edcolas y ganaderas - ASAJA Valladolid","isPartOf":{"@id":"https:\/\/www.asajacyl.com\/valladolid\/#website"},"primaryImageOfPage":{"@id":"https:\/\/www.asajacyl.com\/valladolid\/asaja-valladolid-informa\/asaja-pide-no-suba-ibi-las-naves-agricolas-ganaderas#primaryimage"},"image":{"@id":"https:\/\/www.asajacyl.com\/valladolid\/asaja-valladolid-informa\/asaja-pide-no-suba-ibi-las-naves-agricolas-ganaderas#primaryimage"},"thumbnailUrl":"https:\/\/www.asajacyl.com\/valladolid\/wp-content\/uploads\/sites\/2\/2018\/01\/Naves-ibi.jpg","datePublished":"2018-01-03T12:37:48+00:00","author":{"@id":"https:\/\/www.asajacyl.com\/valladolid\/#\/schema\/person\/cf213adc3e576168b6850f7db054141e"},"description":"ASAJA pide que no suba el IBI en las naves agr\u00edcolas y ganaderas. La OPA advierte del mal momento del sector y solicita que no lo penalicen","breadcrumb":{"@id":"https:\/\/www.asajacyl.com\/valladolid\/asaja-valladolid-informa\/asaja-pide-no-suba-ibi-las-naves-agricolas-ganaderas#breadcrumb"},"inLanguage":"es","potentialAction":[{"@type":"ReadAction","target":["https:\/\/www.asajacyl.com\/valladolid\/asaja-valladolid-informa\/asaja-pide-no-suba-ibi-las-naves-agricolas-ganaderas"]}]},{"@type":"ImageObject","inLanguage":"es","@id":"https:\/\/www.asajacyl.com\/valladolid\/asaja-valladolid-informa\/asaja-pide-no-suba-ibi-las-naves-agricolas-ganaderas#primaryimage","url":"https:\/\/www.asajacyl.com\/valladolid\/wp-content\/uploads\/sites\/2\/2018\/01\/Naves-ibi.jpg","contentUrl":"https:\/\/www.asajacyl.com\/valladolid\/wp-content\/uploads\/sites\/2\/2018\/01\/Naves-ibi.jpg","width":2500,"height":1850,"caption":"ASAJA pide que no suba el IBI en las naves agr\u00edcolas y ganaderas"},{"@type":"BreadcrumbList","@id":"https:\/\/www.asajacyl.com\/valladolid\/asaja-valladolid-informa\/asaja-pide-no-suba-ibi-las-naves-agricolas-ganaderas#breadcrumb","itemListElement":[{"@type":"ListItem","position":1,"name":"Portada","item":"https:\/\/www.asajacyl.com\/valladolid\/"},{"@type":"ListItem","position":2,"name":"ASAJA pide que no suba el IBI en las naves agr\u00edcolas y ganaderas"}]},{"@type":"WebSite","@id":"https:\/\/www.asajacyl.com\/valladolid\/#website","url":"https:\/\/www.asajacyl.com\/valladolid\/","name":"ASAJA Valladolid","description":"Otro sitio m\u00e1s de Provincias ASAJA Castilla y Le\u00f3n","potentialAction":[{"@type":"SearchAction","target":{"@type":"EntryPoint","urlTemplate":"https:\/\/www.asajacyl.com\/valladolid\/?s={search_term_string}"},"query-input":{"@type":"PropertyValueSpecification","valueRequired":true,"valueName":"search_term_string"}}],"inLanguage":"es"},{"@type":"Person","@id":"https:\/\/www.asajacyl.com\/valladolid\/#\/schema\/person\/cf213adc3e576168b6850f7db054141e","name":"Mar\u00eda Natividad","image":{"@type":"ImageObject","inLanguage":"es","@id":"https:\/\/www.asajacyl.com\/valladolid\/#\/schema\/person\/image\/","url":"https:\/\/secure.gravatar.com\/avatar\/7f7b3c840c2af79feac78f5eeffefc45?s=96&d=mm&r=g","contentUrl":"https:\/\/secure.gravatar.com\/avatar\/7f7b3c840c2af79feac78f5eeffefc45?s=96&d=mm&r=g","caption":"Mar\u00eda Natividad"},"url":"https:\/\/www.asajacyl.com\/valladolid\/author\/natividadhh"}]}},"_links":{"self":[{"href":"https:\/\/www.asajacyl.com\/valladolid\/wp-json\/wp\/v2\/posts\/1364"}],"collection":[{"href":"https:\/\/www.asajacyl.com\/valladolid\/wp-json\/wp\/v2\/posts"}],"about":[{"href":"https:\/\/www.asajacyl.com\/valladolid\/wp-json\/wp\/v2\/types\/post"}],"author":[{"embeddable":true,"href":"https:\/\/www.asajacyl.com\/valladolid\/wp-json\/wp\/v2\/users\/13"}],"replies":[{"embeddable":true,"href":"https:\/\/www.asajacyl.com\/valladolid\/wp-json\/wp\/v2\/comments?post=1364"}],"version-history":[{"count":2,"href":"https:\/\/www.asajacyl.com\/valladolid\/wp-json\/wp\/v2\/posts\/1364\/revisions"}],"predecessor-version":[{"id":1367,"href":"https:\/\/www.asajacyl.com\/valladolid\/wp-json\/wp\/v2\/posts\/1364\/revisions\/1367"}],"wp:featuredmedia":[{"embeddable":true,"href":"https:\/\/www.asajacyl.com\/valladolid\/wp-json\/wp\/v2\/media\/1366"}],"wp:attachment":[{"href":"https:\/\/www.asajacyl.com\/valladolid\/wp-json\/wp\/v2\/media?parent=1364"}],"wp:term":[{"taxonomy":"category","embeddable":true,"href":"https:\/\/www.asajacyl.com\/valladolid\/wp-json\/wp\/v2\/categories?post=1364"},{"taxonomy":"post_tag","embeddable":true,"href":"https:\/\/www.asajacyl.com\/valladolid\/wp-json\/wp\/v2\/tags?post=1364"}],"curies":[{"name":"wp","href":"https:\/\/api.w.org\/{rel}","templated":true}]}}