{"id":1369,"date":"2018-01-10T10:16:36","date_gmt":"2018-01-10T10:16:36","guid":{"rendered":"http:\/\/www.asajacyl.com\/valladolid\/?p=1369"},"modified":"2018-01-10T10:16:36","modified_gmt":"2018-01-10T10:16:36","slug":"asaja-pide-bruselas-no-permita-la-expansion-del-lobo-acorrale-expulse-los-ganaderos","status":"publish","type":"post","link":"https:\/\/www.asajacyl.com\/valladolid\/asaja-valladolid-informa\/asaja-pide-bruselas-no-permita-la-expansion-del-lobo-acorrale-expulse-los-ganaderos","title":{"rendered":"ASAJA pide a bruselas que no permita que la expansi\u00f3n del lobo \u201cacorrale y expulse a los ganaderos"},"content":{"rendered":"<p><strong>Esta organizaci\u00f3n<\/strong><strong> espera que los responsables de la UE admitan un control m\u00e1s flexible y r<\/strong><strong>eclama la actualizaci\u00f3n de las indemnizaciones y abono de las pendientes<\/strong><\/p>\n<p style=\"text-align: justify\">ASAJA de Castilla y Le\u00f3n ha pedido a los responsables de Medio Ambiente de la Uni\u00f3n Europea, que hoy se re\u00fanen en Bruselas con el consejero de Fomento y Medio Ambiente, Juan Carlos Su\u00e1rez-Qui\u00f1ones, que \u201cno permitan que la expansi\u00f3n incontrolada del lobo en nuestra regi\u00f3n acorrale y expulse a los ganaderos de los pueblos en los que siempre han vivido\u201d.<\/p>\n<figure id=\"attachment_1371\" aria-describedby=\"caption-attachment-1371\" style=\"width: 696px\" class=\"wp-caption alignnone\"><img loading=\"lazy\" decoding=\"async\" class=\"wp-image-1371 size-large\" src=\"http:\/\/www.asajacyl.com\/valladolid\/wp-content\/uploads\/sites\/2\/2018\/01\/lobo-1024x633.jpg\" alt=\"ASAJA pide a bruselas que no permita que la expansi\u00f3n del lobo\" width=\"696\" height=\"430\" srcset=\"https:\/\/www.asajacyl.com\/valladolid\/wp-content\/uploads\/sites\/2\/2018\/01\/lobo-1024x633.jpg 1024w, https:\/\/www.asajacyl.com\/valladolid\/wp-content\/uploads\/sites\/2\/2018\/01\/lobo-300x185.jpg 300w, https:\/\/www.asajacyl.com\/valladolid\/wp-content\/uploads\/sites\/2\/2018\/01\/lobo-768x474.jpg 768w, https:\/\/www.asajacyl.com\/valladolid\/wp-content\/uploads\/sites\/2\/2018\/01\/lobo-356x220.jpg 356w, https:\/\/www.asajacyl.com\/valladolid\/wp-content\/uploads\/sites\/2\/2018\/01\/lobo-696x430.jpg 696w, https:\/\/www.asajacyl.com\/valladolid\/wp-content\/uploads\/sites\/2\/2018\/01\/lobo-1068x660.jpg 1068w, https:\/\/www.asajacyl.com\/valladolid\/wp-content\/uploads\/sites\/2\/2018\/01\/lobo-680x420.jpg 680w, https:\/\/www.asajacyl.com\/valladolid\/wp-content\/uploads\/sites\/2\/2018\/01\/lobo.jpg 1920w\" sizes=\"(max-width: 696px) 100vw, 696px\" \/><figcaption id=\"caption-attachment-1371\" class=\"wp-caption-text\">ASAJA pide a bruselas que no permita que la expansi\u00f3n del lobo<\/figcaption><\/figure>\n<p style=\"text-align: justify\">La OPA lamenta que en Bruselas \u201cse celebre como positivo el crecimiento de los censos de lobos en Castilla y Le\u00f3n, sin tener en cuenta los problemas que est\u00e1n padeciendo los ganaderos, ya que el depredador cada vez ampl\u00eda m\u00e1s su presencia m\u00e1s all\u00e1 de las zonas loberas, e irrumpe en \u00e1reas de ganader\u00eda de extensivo tradicional, haciendo imposible el manejo y dejando a la poca poblaci\u00f3n que vive en esos pueblos sin su medio de vida\u201d.<\/p>\n<p style=\"text-align: justify\">Los ganaderos son los primeros que tratan en lo posible de tomar precauciones y medidas preventivas, pero eso no impide que cada a\u00f1o se produzcan cerca de 2.000 ataques a la ganader\u00eda, muchos de ellos ni siquiera denunciados, por el hartazgo de los ganaderos y las complicaciones para recibir compensaciones. ASAJA insiste en la necesidad de frenar la proliferaci\u00f3n de manadas y pide a los responsables comunitarios que haya una mayor flexibilidad a la hora de adoptar medidas de control por parte de la administraci\u00f3n regional.<\/p>\n<p style=\"text-align: justify\">Por otra parte, la OPA insiste en la necesidad de revisar y actualizar los baremos de indemnizaci\u00f3n por especie ganadera, ya que hoy por hoy no compensan las p\u00e9rdidas que realmente sufre la explotaci\u00f3n. Adem\u00e1s, ASAJA recuerda que hay alrededor de 300 expedientes de ataques, comprendidos entre finales de 2015 y mayo de 2016, que a\u00fan no se han abonado, y que suponen alrededor de 200.000 euros pendientes de indemnizaci\u00f3n.<\/p>\n<p style=\"text-align: justify\">En resumen, ASAJA espera que haya un entendimiento entre las administraciones europea y auton\u00f3mica que se traduzca en una estrategia sobre el lobo que atienda a las demandas del las familias rurales y ganaderas, en la l\u00ednea de lo expresado por Humberto Delgado Rosa, director de Capital Natural de la Direcci\u00f3n General de Medio Ambiente de la CE, en su reciente visita a Castilla y Le\u00f3n, que admit\u00eda que en situaciones excepcionales han de buscarse alternativas tanto en la prevenci\u00f3n como en el control sostenible de la especie. Adem\u00e1s, Bruselas tiene que reconocer el papel ecol\u00f3gico de la ganader\u00eda de extensivo, pr\u00e1ctica que contribuye a la limpieza y equilibrio sostenible del medio natural.<\/p>\n","protected":false},"excerpt":{"rendered":"<p>Esta organizaci\u00f3n espera que los responsables de la UE admitan un control m\u00e1s flexible y reclama la actualizaci\u00f3n de las indemnizaciones y abono de las pendientes ASAJA de Castilla y Le\u00f3n ha pedido a los responsables de Medio Ambiente de la Uni\u00f3n Europea, que hoy se re\u00fanen en Bruselas con el consejero de Fomento y [&hellip;]<\/p>\n","protected":false},"author":13,"featured_media":1371,"comment_status":"open","ping_status":"open","sticky":false,"template":"","format":"standard","meta":{"footnotes":""},"categories":[8,9],"tags":[70,100,101,99,102],"yoast_head":"<!-- This site is optimized with the Yoast SEO plugin v24.5 - https:\/\/yoast.com\/wordpress\/plugins\/seo\/ -->\n<title>ASAJA pide a bruselas que no permita que la expansi\u00f3n del lobo \u201cacorrale y expulse a los ganaderos - ASAJA Valladolid<\/title>\n<meta name=\"description\" content=\"ASAJA pide a bruselas que no permita que la expansi\u00f3n del lobo \u201cacorrale y expulse a los ganaderos. Esta opa espera que se admita un control m\u00e1s flexible\" \/>\n<meta name=\"robots\" content=\"index, follow, max-snippet:-1, max-image-preview:large, max-video-preview:-1\" \/>\n<link rel=\"canonical\" href=\"https:\/\/www.asajacyl.com\/valladolid\/asaja-valladolid-informa\/asaja-pide-bruselas-no-permita-la-expansion-del-lobo-acorrale-expulse-los-ganaderos\" \/>\n<meta property=\"og:locale\" content=\"es_ES\" \/>\n<meta property=\"og:type\" content=\"article\" \/>\n<meta property=\"og:title\" content=\"ASAJA pide a bruselas que no permita que la expansi\u00f3n del lobo \u201cacorrale y expulse a los ganaderos - ASAJA Valladolid\" \/>\n<meta property=\"og:description\" content=\"ASAJA pide a bruselas que no permita que la expansi\u00f3n del lobo \u201cacorrale y expulse a los ganaderos. Esta opa espera que se admita un control m\u00e1s flexible\" \/>\n<meta property=\"og:url\" content=\"https:\/\/www.asajacyl.com\/valladolid\/asaja-valladolid-informa\/asaja-pide-bruselas-no-permita-la-expansion-del-lobo-acorrale-expulse-los-ganaderos\" \/>\n<meta property=\"og:site_name\" content=\"ASAJA Valladolid\" \/>\n<meta property=\"article:published_time\" content=\"2018-01-10T10:16:36+00:00\" \/>\n<meta property=\"og:image\" content=\"https:\/\/www.asajacyl.com\/valladolid\/wp-content\/uploads\/sites\/2\/2018\/01\/lobo.jpg\" \/>\n\t<meta property=\"og:image:width\" content=\"1920\" \/>\n\t<meta property=\"og:image:height\" content=\"1186\" \/>\n\t<meta property=\"og:image:type\" content=\"image\/jpeg\" \/>\n<meta name=\"author\" content=\"Mar\u00eda Natividad\" \/>\n<meta name=\"twitter:card\" content=\"summary_large_image\" \/>\n<meta name=\"twitter:label1\" content=\"Escrito por\" \/>\n\t<meta name=\"twitter:data1\" content=\"Mar\u00eda Natividad\" \/>\n\t<meta name=\"twitter:label2\" content=\"Tiempo de lectura\" \/>\n\t<meta name=\"twitter:data2\" content=\"2 minutos\" \/>\n<script type=\"application\/ld+json\" class=\"yoast-schema-graph\">{\"@context\":\"https:\/\/schema.org\",\"@graph\":[{\"@type\":\"WebPage\",\"@id\":\"https:\/\/www.asajacyl.com\/valladolid\/asaja-valladolid-informa\/asaja-pide-bruselas-no-permita-la-expansion-del-lobo-acorrale-expulse-los-ganaderos\",\"url\":\"https:\/\/www.asajacyl.com\/valladolid\/asaja-valladolid-informa\/asaja-pide-bruselas-no-permita-la-expansion-del-lobo-acorrale-expulse-los-ganaderos\",\"name\":\"ASAJA pide a bruselas que no permita que la expansi\u00f3n del lobo \u201cacorrale y expulse a los ganaderos - ASAJA Valladolid\",\"isPartOf\":{\"@id\":\"https:\/\/www.asajacyl.com\/valladolid\/#website\"},\"primaryImageOfPage\":{\"@id\":\"https:\/\/www.asajacyl.com\/valladolid\/asaja-valladolid-informa\/asaja-pide-bruselas-no-permita-la-expansion-del-lobo-acorrale-expulse-los-ganaderos#primaryimage\"},\"image\":{\"@id\":\"https:\/\/www.asajacyl.com\/valladolid\/asaja-valladolid-informa\/asaja-pide-bruselas-no-permita-la-expansion-del-lobo-acorrale-expulse-los-ganaderos#primaryimage\"},\"thumbnailUrl\":\"https:\/\/www.asajacyl.com\/valladolid\/wp-content\/uploads\/sites\/2\/2018\/01\/lobo.jpg\",\"datePublished\":\"2018-01-10T10:16:36+00:00\",\"author\":{\"@id\":\"https:\/\/www.asajacyl.com\/valladolid\/#\/schema\/person\/cf213adc3e576168b6850f7db054141e\"},\"description\":\"ASAJA pide a bruselas que no permita que la expansi\u00f3n del lobo \u201cacorrale y expulse a los ganaderos. Esta opa espera que se admita un control m\u00e1s flexible\",\"breadcrumb\":{\"@id\":\"https:\/\/www.asajacyl.com\/valladolid\/asaja-valladolid-informa\/asaja-pide-bruselas-no-permita-la-expansion-del-lobo-acorrale-expulse-los-ganaderos#breadcrumb\"},\"inLanguage\":\"es\",\"potentialAction\":[{\"@type\":\"ReadAction\",\"target\":[\"https:\/\/www.asajacyl.com\/valladolid\/asaja-valladolid-informa\/asaja-pide-bruselas-no-permita-la-expansion-del-lobo-acorrale-expulse-los-ganaderos\"]}]},{\"@type\":\"ImageObject\",\"inLanguage\":\"es\",\"@id\":\"https:\/\/www.asajacyl.com\/valladolid\/asaja-valladolid-informa\/asaja-pide-bruselas-no-permita-la-expansion-del-lobo-acorrale-expulse-los-ganaderos#primaryimage\",\"url\":\"https:\/\/www.asajacyl.com\/valladolid\/wp-content\/uploads\/sites\/2\/2018\/01\/lobo.jpg\",\"contentUrl\":\"https:\/\/www.asajacyl.com\/valladolid\/wp-content\/uploads\/sites\/2\/2018\/01\/lobo.jpg\",\"width\":1920,\"height\":1186,\"caption\":\"ASAJA pide a bruselas que no permita que la expansi\u00f3n del lobo\"},{\"@type\":\"BreadcrumbList\",\"@id\":\"https:\/\/www.asajacyl.com\/valladolid\/asaja-valladolid-informa\/asaja-pide-bruselas-no-permita-la-expansion-del-lobo-acorrale-expulse-los-ganaderos#breadcrumb\",\"itemListElement\":[{\"@type\":\"ListItem\",\"position\":1,\"name\":\"Portada\",\"item\":\"https:\/\/www.asajacyl.com\/valladolid\/\"},{\"@type\":\"ListItem\",\"position\":2,\"name\":\"ASAJA pide a bruselas que no permita que la expansi\u00f3n del lobo \u201cacorrale y expulse a los ganaderos\"}]},{\"@type\":\"WebSite\",\"@id\":\"https:\/\/www.asajacyl.com\/valladolid\/#website\",\"url\":\"https:\/\/www.asajacyl.com\/valladolid\/\",\"name\":\"ASAJA Valladolid\",\"description\":\"Otro sitio m\u00e1s de Provincias ASAJA Castilla y Le\u00f3n\",\"potentialAction\":[{\"@type\":\"SearchAction\",\"target\":{\"@type\":\"EntryPoint\",\"urlTemplate\":\"https:\/\/www.asajacyl.com\/valladolid\/?s={search_term_string}\"},\"query-input\":{\"@type\":\"PropertyValueSpecification\",\"valueRequired\":true,\"valueName\":\"search_term_string\"}}],\"inLanguage\":\"es\"},{\"@type\":\"Person\",\"@id\":\"https:\/\/www.asajacyl.com\/valladolid\/#\/schema\/person\/cf213adc3e576168b6850f7db054141e\",\"name\":\"Mar\u00eda Natividad\",\"image\":{\"@type\":\"ImageObject\",\"inLanguage\":\"es\",\"@id\":\"https:\/\/www.asajacyl.com\/valladolid\/#\/schema\/person\/image\/\",\"url\":\"https:\/\/secure.gravatar.com\/avatar\/7f7b3c840c2af79feac78f5eeffefc45?s=96&d=mm&r=g\",\"contentUrl\":\"https:\/\/secure.gravatar.com\/avatar\/7f7b3c840c2af79feac78f5eeffefc45?s=96&d=mm&r=g\",\"caption\":\"Mar\u00eda Natividad\"},\"url\":\"https:\/\/www.asajacyl.com\/valladolid\/author\/natividadhh\"}]}<\/script>\n<!-- \/ Yoast SEO plugin. -->","yoast_head_json":{"title":"ASAJA pide a bruselas que no permita que la expansi\u00f3n del lobo \u201cacorrale y expulse a los ganaderos - ASAJA Valladolid","description":"ASAJA pide a bruselas que no permita que la expansi\u00f3n del lobo \u201cacorrale y expulse a los ganaderos. Esta opa espera que se admita un control m\u00e1s flexible","robots":{"index":"index","follow":"follow","max-snippet":"max-snippet:-1","max-image-preview":"max-image-preview:large","max-video-preview":"max-video-preview:-1"},"canonical":"https:\/\/www.asajacyl.com\/valladolid\/asaja-valladolid-informa\/asaja-pide-bruselas-no-permita-la-expansion-del-lobo-acorrale-expulse-los-ganaderos","og_locale":"es_ES","og_type":"article","og_title":"ASAJA pide a bruselas que no permita que la expansi\u00f3n del lobo \u201cacorrale y expulse a los ganaderos - ASAJA Valladolid","og_description":"ASAJA pide a bruselas que no permita que la expansi\u00f3n del lobo \u201cacorrale y expulse a los ganaderos. Esta opa espera que se admita un control m\u00e1s flexible","og_url":"https:\/\/www.asajacyl.com\/valladolid\/asaja-valladolid-informa\/asaja-pide-bruselas-no-permita-la-expansion-del-lobo-acorrale-expulse-los-ganaderos","og_site_name":"ASAJA Valladolid","article_published_time":"2018-01-10T10:16:36+00:00","og_image":[{"width":1920,"height":1186,"url":"https:\/\/www.asajacyl.com\/valladolid\/wp-content\/uploads\/sites\/2\/2018\/01\/lobo.jpg","type":"image\/jpeg"}],"author":"Mar\u00eda Natividad","twitter_card":"summary_large_image","twitter_misc":{"Escrito por":"Mar\u00eda Natividad","Tiempo de lectura":"2 minutos"},"schema":{"@context":"https:\/\/schema.org","@graph":[{"@type":"WebPage","@id":"https:\/\/www.asajacyl.com\/valladolid\/asaja-valladolid-informa\/asaja-pide-bruselas-no-permita-la-expansion-del-lobo-acorrale-expulse-los-ganaderos","url":"https:\/\/www.asajacyl.com\/valladolid\/asaja-valladolid-informa\/asaja-pide-bruselas-no-permita-la-expansion-del-lobo-acorrale-expulse-los-ganaderos","name":"ASAJA pide a bruselas que no permita que la expansi\u00f3n del lobo \u201cacorrale y expulse a los ganaderos - ASAJA Valladolid","isPartOf":{"@id":"https:\/\/www.asajacyl.com\/valladolid\/#website"},"primaryImageOfPage":{"@id":"https:\/\/www.asajacyl.com\/valladolid\/asaja-valladolid-informa\/asaja-pide-bruselas-no-permita-la-expansion-del-lobo-acorrale-expulse-los-ganaderos#primaryimage"},"image":{"@id":"https:\/\/www.asajacyl.com\/valladolid\/asaja-valladolid-informa\/asaja-pide-bruselas-no-permita-la-expansion-del-lobo-acorrale-expulse-los-ganaderos#primaryimage"},"thumbnailUrl":"https:\/\/www.asajacyl.com\/valladolid\/wp-content\/uploads\/sites\/2\/2018\/01\/lobo.jpg","datePublished":"2018-01-10T10:16:36+00:00","author":{"@id":"https:\/\/www.asajacyl.com\/valladolid\/#\/schema\/person\/cf213adc3e576168b6850f7db054141e"},"description":"ASAJA pide a bruselas que no permita que la expansi\u00f3n del lobo \u201cacorrale y expulse a los ganaderos. Esta opa espera que se admita un control m\u00e1s flexible","breadcrumb":{"@id":"https:\/\/www.asajacyl.com\/valladolid\/asaja-valladolid-informa\/asaja-pide-bruselas-no-permita-la-expansion-del-lobo-acorrale-expulse-los-ganaderos#breadcrumb"},"inLanguage":"es","potentialAction":[{"@type":"ReadAction","target":["https:\/\/www.asajacyl.com\/valladolid\/asaja-valladolid-informa\/asaja-pide-bruselas-no-permita-la-expansion-del-lobo-acorrale-expulse-los-ganaderos"]}]},{"@type":"ImageObject","inLanguage":"es","@id":"https:\/\/www.asajacyl.com\/valladolid\/asaja-valladolid-informa\/asaja-pide-bruselas-no-permita-la-expansion-del-lobo-acorrale-expulse-los-ganaderos#primaryimage","url":"https:\/\/www.asajacyl.com\/valladolid\/wp-content\/uploads\/sites\/2\/2018\/01\/lobo.jpg","contentUrl":"https:\/\/www.asajacyl.com\/valladolid\/wp-content\/uploads\/sites\/2\/2018\/01\/lobo.jpg","width":1920,"height":1186,"caption":"ASAJA pide a bruselas que no permita que la expansi\u00f3n del lobo"},{"@type":"BreadcrumbList","@id":"https:\/\/www.asajacyl.com\/valladolid\/asaja-valladolid-informa\/asaja-pide-bruselas-no-permita-la-expansion-del-lobo-acorrale-expulse-los-ganaderos#breadcrumb","itemListElement":[{"@type":"ListItem","position":1,"name":"Portada","item":"https:\/\/www.asajacyl.com\/valladolid\/"},{"@type":"ListItem","position":2,"name":"ASAJA pide a bruselas que no permita que la expansi\u00f3n del lobo \u201cacorrale y expulse a los ganaderos"}]},{"@type":"WebSite","@id":"https:\/\/www.asajacyl.com\/valladolid\/#website","url":"https:\/\/www.asajacyl.com\/valladolid\/","name":"ASAJA Valladolid","description":"Otro sitio m\u00e1s de Provincias ASAJA Castilla y Le\u00f3n","potentialAction":[{"@type":"SearchAction","target":{"@type":"EntryPoint","urlTemplate":"https:\/\/www.asajacyl.com\/valladolid\/?s={search_term_string}"},"query-input":{"@type":"PropertyValueSpecification","valueRequired":true,"valueName":"search_term_string"}}],"inLanguage":"es"},{"@type":"Person","@id":"https:\/\/www.asajacyl.com\/valladolid\/#\/schema\/person\/cf213adc3e576168b6850f7db054141e","name":"Mar\u00eda Natividad","image":{"@type":"ImageObject","inLanguage":"es","@id":"https:\/\/www.asajacyl.com\/valladolid\/#\/schema\/person\/image\/","url":"https:\/\/secure.gravatar.com\/avatar\/7f7b3c840c2af79feac78f5eeffefc45?s=96&d=mm&r=g","contentUrl":"https:\/\/secure.gravatar.com\/avatar\/7f7b3c840c2af79feac78f5eeffefc45?s=96&d=mm&r=g","caption":"Mar\u00eda Natividad"},"url":"https:\/\/www.asajacyl.com\/valladolid\/author\/natividadhh"}]}},"_links":{"self":[{"href":"https:\/\/www.asajacyl.com\/valladolid\/wp-json\/wp\/v2\/posts\/1369"}],"collection":[{"href":"https:\/\/www.asajacyl.com\/valladolid\/wp-json\/wp\/v2\/posts"}],"about":[{"href":"https:\/\/www.asajacyl.com\/valladolid\/wp-json\/wp\/v2\/types\/post"}],"author":[{"embeddable":true,"href":"https:\/\/www.asajacyl.com\/valladolid\/wp-json\/wp\/v2\/users\/13"}],"replies":[{"embeddable":true,"href":"https:\/\/www.asajacyl.com\/valladolid\/wp-json\/wp\/v2\/comments?post=1369"}],"version-history":[{"count":2,"href":"https:\/\/www.asajacyl.com\/valladolid\/wp-json\/wp\/v2\/posts\/1369\/revisions"}],"predecessor-version":[{"id":1372,"href":"https:\/\/www.asajacyl.com\/valladolid\/wp-json\/wp\/v2\/posts\/1369\/revisions\/1372"}],"wp:featuredmedia":[{"embeddable":true,"href":"https:\/\/www.asajacyl.com\/valladolid\/wp-json\/wp\/v2\/media\/1371"}],"wp:attachment":[{"href":"https:\/\/www.asajacyl.com\/valladolid\/wp-json\/wp\/v2\/media?parent=1369"}],"wp:term":[{"taxonomy":"category","embeddable":true,"href":"https:\/\/www.asajacyl.com\/valladolid\/wp-json\/wp\/v2\/categories?post=1369"},{"taxonomy":"post_tag","embeddable":true,"href":"https:\/\/www.asajacyl.com\/valladolid\/wp-json\/wp\/v2\/tags?post=1369"}],"curies":[{"name":"wp","href":"https:\/\/api.w.org\/{rel}","templated":true}]}}