{"id":1416,"date":"2018-01-29T05:59:01","date_gmt":"2018-01-29T05:59:01","guid":{"rendered":"http:\/\/www.asajacyl.com\/valladolid\/?p=1416"},"modified":"2018-01-29T05:59:01","modified_gmt":"2018-01-29T05:59:01","slug":"asaja-valladolid-organiza-este-miercoles-31-una-jornada-remolacha-azucarera","status":"publish","type":"post","link":"https:\/\/www.asajacyl.com\/valladolid\/asaja-valladolid-informa\/asaja-valladolid-organiza-este-miercoles-31-una-jornada-remolacha-azucarera","title":{"rendered":"ASAJA Valladolid organiza este mi\u00e9rcoles 31 de enero una jornada sobre remolacha azucarera"},"content":{"rendered":"<h2><span style=\"color: #008000\"><strong>Este evento tendr\u00e1 lugar a partir de las 11.00 horas en el sal\u00f3n de actos de Espa\u00f1a Duero situado en la Plaza Zorrilla. Las plazas son limitadas<\/strong><\/span><\/h2>\n<p><img loading=\"lazy\" decoding=\"async\" class=\"wp-image-1418 size-large\" src=\"http:\/\/www.asajacyl.com\/valladolid\/wp-content\/uploads\/sites\/2\/2018\/01\/remolacha-1024x577.jpg\" alt=\"ASAJA Valladolid organiza este mi\u00e9rcoles 31 una jornada sobre remolacha azucarera\" width=\"696\" height=\"392\" srcset=\"https:\/\/www.asajacyl.com\/valladolid\/wp-content\/uploads\/sites\/2\/2018\/01\/remolacha-1024x577.jpg 1024w, https:\/\/www.asajacyl.com\/valladolid\/wp-content\/uploads\/sites\/2\/2018\/01\/remolacha-300x169.jpg 300w, https:\/\/www.asajacyl.com\/valladolid\/wp-content\/uploads\/sites\/2\/2018\/01\/remolacha-768x433.jpg 768w, https:\/\/www.asajacyl.com\/valladolid\/wp-content\/uploads\/sites\/2\/2018\/01\/remolacha-696x392.jpg 696w, https:\/\/www.asajacyl.com\/valladolid\/wp-content\/uploads\/sites\/2\/2018\/01\/remolacha-1068x602.jpg 1068w, https:\/\/www.asajacyl.com\/valladolid\/wp-content\/uploads\/sites\/2\/2018\/01\/remolacha-745x420.jpg 745w, https:\/\/www.asajacyl.com\/valladolid\/wp-content\/uploads\/sites\/2\/2018\/01\/remolacha.jpg 1920w\" sizes=\"(max-width: 696px) 100vw, 696px\" \/><\/p>\n<p style=\"text-align: justify\">El pr\u00f3ximo <strong>mi\u00e9rcoles 31 de enero<\/strong>, ASAJA Valladolid, organiza una jornada sobre c\u00f3mo aumentar la competitividad en el cultivo de la remolacha azucarera. Un evento, enmarcado en la nueva pol\u00edtica de la Junta Directiva de esta organizaci\u00f3n, de celebrar actos para profundizar y mejorar el conocimiento de los avances que se producen en los distintitos cultivos de nuestra provincia.<\/p>\n<p style=\"text-align: justify\">Esta jornada, <strong>que tendr\u00e1 lugar a partir de las 11.00 horas en el sal\u00f3n de actos de Espa\u00f1a Duero situado en la Plaza Zorrilla (esquina con Mar\u00eda de Molina<\/strong>), abordar\u00e1 c\u00f3mo nuestra explotaci\u00f3n de remolacha puede ser m\u00e1s competitiva a trav\u00e9s de la eficiencia energ\u00e9tica y una serie de recomendaciones sobre el cultivo de la remolacha <strong>impartidas por La Asociaci\u00f3n para la Investigaci\u00f3n de la Mejora del Cultivo de la Remolacha Azucarera, AIMCRA<\/strong>.<\/p>\n<p style=\"text-align: justify\">Los agricultores, tambi\u00e9n podr\u00e1n de primera mano, los \u00faltimos avances e investigaciones <strong>elaborados tanto por ACOR como por Azucara para que la remolacha siga siendo un cultivo de referencia.<\/strong><\/p>\n<p style=\"text-align: justify\">La entrada es libre hasta completar el aforo, <strong>pero es necesario confirmar la asistencia en el tel\u00e9fono 983 20 33 71.<\/strong><\/p>\n<p style=\"text-align: justify\">La asistencia a la jornada <strong>convalida como Formaci\u00f3n v\u00e1lida para el cumplimiento de los requisitos exigidos en la medida de agroambiente y clima \u201ccultivo sostenible de remolacha azucarera<\/strong>\u201d. A todos los asistentes se le estragar\u00e1 un documento acreditativo.<\/p>\n<p style=\"text-align: justify\">El programa es el siguiente:<\/p>\n","protected":false},"excerpt":{"rendered":"<p>Este evento tendr\u00e1 lugar a partir de las 11.00 horas en el sal\u00f3n de actos de Espa\u00f1a Duero situado en la Plaza Zorrilla. Las plazas son limitadas El pr\u00f3ximo mi\u00e9rcoles 31 de enero, ASAJA Valladolid, organiza una jornada sobre c\u00f3mo aumentar la competitividad en el cultivo de la remolacha azucarera. Un evento, enmarcado en la [&hellip;]<\/p>\n","protected":false},"author":13,"featured_media":1418,"comment_status":"open","ping_status":"open","sticky":false,"template":"","format":"standard","meta":{"footnotes":""},"categories":[8,9],"tags":[122,121,58,123,74,125,79,120,124],"yoast_head":"<!-- This site is optimized with the Yoast SEO plugin v24.5 - https:\/\/yoast.com\/wordpress\/plugins\/seo\/ -->\n<title>ASAJA Valladolid organiza este mi\u00e9rcoles 31 de enero una jornada sobre remolacha azucarera - ASAJA Valladolid<\/title>\n<meta name=\"description\" content=\"ASAJA Valladolid organiza este mi\u00e9rcoles 31 una jornada sobre remolacha azucarera. Tendr\u00e1 lugar a las 11.00 en el sal\u00f3n de Espa\u00f1a Duero en la Plaza Zorrilla\" \/>\n<meta name=\"robots\" content=\"index, follow, max-snippet:-1, max-image-preview:large, max-video-preview:-1\" \/>\n<link rel=\"canonical\" href=\"https:\/\/www.asajacyl.com\/valladolid\/asaja-valladolid-informa\/asaja-valladolid-organiza-este-miercoles-31-una-jornada-remolacha-azucarera\" \/>\n<meta property=\"og:locale\" content=\"es_ES\" \/>\n<meta property=\"og:type\" content=\"article\" \/>\n<meta property=\"og:title\" content=\"ASAJA Valladolid organiza este mi\u00e9rcoles 31 de enero una jornada sobre remolacha azucarera - ASAJA Valladolid\" \/>\n<meta property=\"og:description\" content=\"ASAJA Valladolid organiza este mi\u00e9rcoles 31 una jornada sobre remolacha azucarera. Tendr\u00e1 lugar a las 11.00 en el sal\u00f3n de Espa\u00f1a Duero en la Plaza Zorrilla\" \/>\n<meta property=\"og:url\" content=\"https:\/\/www.asajacyl.com\/valladolid\/asaja-valladolid-informa\/asaja-valladolid-organiza-este-miercoles-31-una-jornada-remolacha-azucarera\" \/>\n<meta property=\"og:site_name\" content=\"ASAJA Valladolid\" \/>\n<meta property=\"article:published_time\" content=\"2018-01-29T05:59:01+00:00\" \/>\n<meta property=\"og:image\" content=\"https:\/\/www.asajacyl.com\/valladolid\/wp-content\/uploads\/sites\/2\/2018\/01\/remolacha.jpg\" \/>\n\t<meta property=\"og:image:width\" content=\"1920\" \/>\n\t<meta property=\"og:image:height\" content=\"1082\" \/>\n\t<meta property=\"og:image:type\" content=\"image\/jpeg\" \/>\n<meta name=\"author\" content=\"Mar\u00eda Natividad\" \/>\n<meta name=\"twitter:card\" content=\"summary_large_image\" \/>\n<meta name=\"twitter:label1\" content=\"Escrito por\" \/>\n\t<meta name=\"twitter:data1\" content=\"Mar\u00eda Natividad\" \/>\n\t<meta name=\"twitter:label2\" content=\"Tiempo de lectura\" \/>\n\t<meta name=\"twitter:data2\" content=\"1 minuto\" \/>\n<script type=\"application\/ld+json\" class=\"yoast-schema-graph\">{\"@context\":\"https:\/\/schema.org\",\"@graph\":[{\"@type\":\"WebPage\",\"@id\":\"https:\/\/www.asajacyl.com\/valladolid\/asaja-valladolid-informa\/asaja-valladolid-organiza-este-miercoles-31-una-jornada-remolacha-azucarera\",\"url\":\"https:\/\/www.asajacyl.com\/valladolid\/asaja-valladolid-informa\/asaja-valladolid-organiza-este-miercoles-31-una-jornada-remolacha-azucarera\",\"name\":\"ASAJA Valladolid organiza este mi\u00e9rcoles 31 de enero una jornada sobre remolacha azucarera - ASAJA Valladolid\",\"isPartOf\":{\"@id\":\"https:\/\/www.asajacyl.com\/valladolid\/#website\"},\"primaryImageOfPage\":{\"@id\":\"https:\/\/www.asajacyl.com\/valladolid\/asaja-valladolid-informa\/asaja-valladolid-organiza-este-miercoles-31-una-jornada-remolacha-azucarera#primaryimage\"},\"image\":{\"@id\":\"https:\/\/www.asajacyl.com\/valladolid\/asaja-valladolid-informa\/asaja-valladolid-organiza-este-miercoles-31-una-jornada-remolacha-azucarera#primaryimage\"},\"thumbnailUrl\":\"https:\/\/www.asajacyl.com\/valladolid\/wp-content\/uploads\/sites\/2\/2018\/01\/remolacha.jpg\",\"datePublished\":\"2018-01-29T05:59:01+00:00\",\"author\":{\"@id\":\"https:\/\/www.asajacyl.com\/valladolid\/#\/schema\/person\/cf213adc3e576168b6850f7db054141e\"},\"description\":\"ASAJA Valladolid organiza este mi\u00e9rcoles 31 una jornada sobre remolacha azucarera. Tendr\u00e1 lugar a las 11.00 en el sal\u00f3n de Espa\u00f1a Duero en la Plaza Zorrilla\",\"breadcrumb\":{\"@id\":\"https:\/\/www.asajacyl.com\/valladolid\/asaja-valladolid-informa\/asaja-valladolid-organiza-este-miercoles-31-una-jornada-remolacha-azucarera#breadcrumb\"},\"inLanguage\":\"es\",\"potentialAction\":[{\"@type\":\"ReadAction\",\"target\":[\"https:\/\/www.asajacyl.com\/valladolid\/asaja-valladolid-informa\/asaja-valladolid-organiza-este-miercoles-31-una-jornada-remolacha-azucarera\"]}]},{\"@type\":\"ImageObject\",\"inLanguage\":\"es\",\"@id\":\"https:\/\/www.asajacyl.com\/valladolid\/asaja-valladolid-informa\/asaja-valladolid-organiza-este-miercoles-31-una-jornada-remolacha-azucarera#primaryimage\",\"url\":\"https:\/\/www.asajacyl.com\/valladolid\/wp-content\/uploads\/sites\/2\/2018\/01\/remolacha.jpg\",\"contentUrl\":\"https:\/\/www.asajacyl.com\/valladolid\/wp-content\/uploads\/sites\/2\/2018\/01\/remolacha.jpg\",\"width\":1920,\"height\":1082,\"caption\":\"ASAJA Valladolid organiza este mi\u00e9rcoles 31 una jornada sobre remolacha azucarera\"},{\"@type\":\"BreadcrumbList\",\"@id\":\"https:\/\/www.asajacyl.com\/valladolid\/asaja-valladolid-informa\/asaja-valladolid-organiza-este-miercoles-31-una-jornada-remolacha-azucarera#breadcrumb\",\"itemListElement\":[{\"@type\":\"ListItem\",\"position\":1,\"name\":\"Portada\",\"item\":\"https:\/\/www.asajacyl.com\/valladolid\/\"},{\"@type\":\"ListItem\",\"position\":2,\"name\":\"ASAJA Valladolid organiza este mi\u00e9rcoles 31 de enero una jornada sobre remolacha azucarera\"}]},{\"@type\":\"WebSite\",\"@id\":\"https:\/\/www.asajacyl.com\/valladolid\/#website\",\"url\":\"https:\/\/www.asajacyl.com\/valladolid\/\",\"name\":\"ASAJA Valladolid\",\"description\":\"Otro sitio m\u00e1s de Provincias ASAJA Castilla y Le\u00f3n\",\"potentialAction\":[{\"@type\":\"SearchAction\",\"target\":{\"@type\":\"EntryPoint\",\"urlTemplate\":\"https:\/\/www.asajacyl.com\/valladolid\/?s={search_term_string}\"},\"query-input\":{\"@type\":\"PropertyValueSpecification\",\"valueRequired\":true,\"valueName\":\"search_term_string\"}}],\"inLanguage\":\"es\"},{\"@type\":\"Person\",\"@id\":\"https:\/\/www.asajacyl.com\/valladolid\/#\/schema\/person\/cf213adc3e576168b6850f7db054141e\",\"name\":\"Mar\u00eda Natividad\",\"image\":{\"@type\":\"ImageObject\",\"inLanguage\":\"es\",\"@id\":\"https:\/\/www.asajacyl.com\/valladolid\/#\/schema\/person\/image\/\",\"url\":\"https:\/\/secure.gravatar.com\/avatar\/7f7b3c840c2af79feac78f5eeffefc45?s=96&d=mm&r=g\",\"contentUrl\":\"https:\/\/secure.gravatar.com\/avatar\/7f7b3c840c2af79feac78f5eeffefc45?s=96&d=mm&r=g\",\"caption\":\"Mar\u00eda Natividad\"},\"url\":\"https:\/\/www.asajacyl.com\/valladolid\/author\/natividadhh\"}]}<\/script>\n<!-- \/ Yoast SEO plugin. -->","yoast_head_json":{"title":"ASAJA Valladolid organiza este mi\u00e9rcoles 31 de enero una jornada sobre remolacha azucarera - ASAJA Valladolid","description":"ASAJA Valladolid organiza este mi\u00e9rcoles 31 una jornada sobre remolacha azucarera. Tendr\u00e1 lugar a las 11.00 en el sal\u00f3n de Espa\u00f1a Duero en la Plaza Zorrilla","robots":{"index":"index","follow":"follow","max-snippet":"max-snippet:-1","max-image-preview":"max-image-preview:large","max-video-preview":"max-video-preview:-1"},"canonical":"https:\/\/www.asajacyl.com\/valladolid\/asaja-valladolid-informa\/asaja-valladolid-organiza-este-miercoles-31-una-jornada-remolacha-azucarera","og_locale":"es_ES","og_type":"article","og_title":"ASAJA Valladolid organiza este mi\u00e9rcoles 31 de enero una jornada sobre remolacha azucarera - ASAJA Valladolid","og_description":"ASAJA Valladolid organiza este mi\u00e9rcoles 31 una jornada sobre remolacha azucarera. Tendr\u00e1 lugar a las 11.00 en el sal\u00f3n de Espa\u00f1a Duero en la Plaza Zorrilla","og_url":"https:\/\/www.asajacyl.com\/valladolid\/asaja-valladolid-informa\/asaja-valladolid-organiza-este-miercoles-31-una-jornada-remolacha-azucarera","og_site_name":"ASAJA Valladolid","article_published_time":"2018-01-29T05:59:01+00:00","og_image":[{"width":1920,"height":1082,"url":"https:\/\/www.asajacyl.com\/valladolid\/wp-content\/uploads\/sites\/2\/2018\/01\/remolacha.jpg","type":"image\/jpeg"}],"author":"Mar\u00eda Natividad","twitter_card":"summary_large_image","twitter_misc":{"Escrito por":"Mar\u00eda Natividad","Tiempo de lectura":"1 minuto"},"schema":{"@context":"https:\/\/schema.org","@graph":[{"@type":"WebPage","@id":"https:\/\/www.asajacyl.com\/valladolid\/asaja-valladolid-informa\/asaja-valladolid-organiza-este-miercoles-31-una-jornada-remolacha-azucarera","url":"https:\/\/www.asajacyl.com\/valladolid\/asaja-valladolid-informa\/asaja-valladolid-organiza-este-miercoles-31-una-jornada-remolacha-azucarera","name":"ASAJA Valladolid organiza este mi\u00e9rcoles 31 de enero una jornada sobre remolacha azucarera - ASAJA Valladolid","isPartOf":{"@id":"https:\/\/www.asajacyl.com\/valladolid\/#website"},"primaryImageOfPage":{"@id":"https:\/\/www.asajacyl.com\/valladolid\/asaja-valladolid-informa\/asaja-valladolid-organiza-este-miercoles-31-una-jornada-remolacha-azucarera#primaryimage"},"image":{"@id":"https:\/\/www.asajacyl.com\/valladolid\/asaja-valladolid-informa\/asaja-valladolid-organiza-este-miercoles-31-una-jornada-remolacha-azucarera#primaryimage"},"thumbnailUrl":"https:\/\/www.asajacyl.com\/valladolid\/wp-content\/uploads\/sites\/2\/2018\/01\/remolacha.jpg","datePublished":"2018-01-29T05:59:01+00:00","author":{"@id":"https:\/\/www.asajacyl.com\/valladolid\/#\/schema\/person\/cf213adc3e576168b6850f7db054141e"},"description":"ASAJA Valladolid organiza este mi\u00e9rcoles 31 una jornada sobre remolacha azucarera. Tendr\u00e1 lugar a las 11.00 en el sal\u00f3n de Espa\u00f1a Duero en la Plaza Zorrilla","breadcrumb":{"@id":"https:\/\/www.asajacyl.com\/valladolid\/asaja-valladolid-informa\/asaja-valladolid-organiza-este-miercoles-31-una-jornada-remolacha-azucarera#breadcrumb"},"inLanguage":"es","potentialAction":[{"@type":"ReadAction","target":["https:\/\/www.asajacyl.com\/valladolid\/asaja-valladolid-informa\/asaja-valladolid-organiza-este-miercoles-31-una-jornada-remolacha-azucarera"]}]},{"@type":"ImageObject","inLanguage":"es","@id":"https:\/\/www.asajacyl.com\/valladolid\/asaja-valladolid-informa\/asaja-valladolid-organiza-este-miercoles-31-una-jornada-remolacha-azucarera#primaryimage","url":"https:\/\/www.asajacyl.com\/valladolid\/wp-content\/uploads\/sites\/2\/2018\/01\/remolacha.jpg","contentUrl":"https:\/\/www.asajacyl.com\/valladolid\/wp-content\/uploads\/sites\/2\/2018\/01\/remolacha.jpg","width":1920,"height":1082,"caption":"ASAJA Valladolid organiza este mi\u00e9rcoles 31 una jornada sobre remolacha azucarera"},{"@type":"BreadcrumbList","@id":"https:\/\/www.asajacyl.com\/valladolid\/asaja-valladolid-informa\/asaja-valladolid-organiza-este-miercoles-31-una-jornada-remolacha-azucarera#breadcrumb","itemListElement":[{"@type":"ListItem","position":1,"name":"Portada","item":"https:\/\/www.asajacyl.com\/valladolid\/"},{"@type":"ListItem","position":2,"name":"ASAJA Valladolid organiza este mi\u00e9rcoles 31 de enero una jornada sobre remolacha azucarera"}]},{"@type":"WebSite","@id":"https:\/\/www.asajacyl.com\/valladolid\/#website","url":"https:\/\/www.asajacyl.com\/valladolid\/","name":"ASAJA Valladolid","description":"Otro sitio m\u00e1s de Provincias ASAJA Castilla y Le\u00f3n","potentialAction":[{"@type":"SearchAction","target":{"@type":"EntryPoint","urlTemplate":"https:\/\/www.asajacyl.com\/valladolid\/?s={search_term_string}"},"query-input":{"@type":"PropertyValueSpecification","valueRequired":true,"valueName":"search_term_string"}}],"inLanguage":"es"},{"@type":"Person","@id":"https:\/\/www.asajacyl.com\/valladolid\/#\/schema\/person\/cf213adc3e576168b6850f7db054141e","name":"Mar\u00eda Natividad","image":{"@type":"ImageObject","inLanguage":"es","@id":"https:\/\/www.asajacyl.com\/valladolid\/#\/schema\/person\/image\/","url":"https:\/\/secure.gravatar.com\/avatar\/7f7b3c840c2af79feac78f5eeffefc45?s=96&d=mm&r=g","contentUrl":"https:\/\/secure.gravatar.com\/avatar\/7f7b3c840c2af79feac78f5eeffefc45?s=96&d=mm&r=g","caption":"Mar\u00eda Natividad"},"url":"https:\/\/www.asajacyl.com\/valladolid\/author\/natividadhh"}]}},"_links":{"self":[{"href":"https:\/\/www.asajacyl.com\/valladolid\/wp-json\/wp\/v2\/posts\/1416"}],"collection":[{"href":"https:\/\/www.asajacyl.com\/valladolid\/wp-json\/wp\/v2\/posts"}],"about":[{"href":"https:\/\/www.asajacyl.com\/valladolid\/wp-json\/wp\/v2\/types\/post"}],"author":[{"embeddable":true,"href":"https:\/\/www.asajacyl.com\/valladolid\/wp-json\/wp\/v2\/users\/13"}],"replies":[{"embeddable":true,"href":"https:\/\/www.asajacyl.com\/valladolid\/wp-json\/wp\/v2\/comments?post=1416"}],"version-history":[{"count":3,"href":"https:\/\/www.asajacyl.com\/valladolid\/wp-json\/wp\/v2\/posts\/1416\/revisions"}],"predecessor-version":[{"id":1421,"href":"https:\/\/www.asajacyl.com\/valladolid\/wp-json\/wp\/v2\/posts\/1416\/revisions\/1421"}],"wp:featuredmedia":[{"embeddable":true,"href":"https:\/\/www.asajacyl.com\/valladolid\/wp-json\/wp\/v2\/media\/1418"}],"wp:attachment":[{"href":"https:\/\/www.asajacyl.com\/valladolid\/wp-json\/wp\/v2\/media?parent=1416"}],"wp:term":[{"taxonomy":"category","embeddable":true,"href":"https:\/\/www.asajacyl.com\/valladolid\/wp-json\/wp\/v2\/categories?post=1416"},{"taxonomy":"post_tag","embeddable":true,"href":"https:\/\/www.asajacyl.com\/valladolid\/wp-json\/wp\/v2\/tags?post=1416"}],"curies":[{"name":"wp","href":"https:\/\/api.w.org\/{rel}","templated":true}]}}