{"id":1424,"date":"2018-01-29T09:20:18","date_gmt":"2018-01-29T09:20:18","guid":{"rendered":"http:\/\/www.asajacyl.com\/valladolid\/?p=1424"},"modified":"2018-01-29T09:20:18","modified_gmt":"2018-01-29T09:20:18","slug":"asaja-valladolid-organiza-este-miercoles-31-una-jornada-remolacha-azucarera-2","status":"publish","type":"post","link":"https:\/\/www.asajacyl.com\/valladolid\/servicios-socio\/cursos-jornadas\/asaja-valladolid-organiza-este-miercoles-31-una-jornada-remolacha-azucarera-2","title":{"rendered":"ASAJA Valladolid organiza este mi\u00e9rcoles 31 una jornada sobre remolacha azucarera"},"content":{"rendered":"<h2><span style=\"color: #008000\"><strong>Este evento tendr\u00e1 lugar a partir de las 11.00 horas en el sal\u00f3n de actos de Espa\u00f1a Duero situado en la Plaza Zorrilla. Las plazas son limitadas.<\/strong><\/span><\/h2>\n<figure id=\"attachment_1425\" aria-describedby=\"caption-attachment-1425\" style=\"width: 696px\" class=\"wp-caption alignnone\"><img loading=\"lazy\" decoding=\"async\" class=\"wp-image-1425 size-large\" src=\"http:\/\/www.asajacyl.com\/valladolid\/wp-content\/uploads\/sites\/2\/2018\/01\/culture-111530_1920-1024x768.jpg\" alt=\"ASAJA Valladolid organiza una jornada sobre remolacha azucarera\" width=\"696\" height=\"522\" srcset=\"https:\/\/www.asajacyl.com\/valladolid\/wp-content\/uploads\/sites\/2\/2018\/01\/culture-111530_1920-1024x768.jpg 1024w, https:\/\/www.asajacyl.com\/valladolid\/wp-content\/uploads\/sites\/2\/2018\/01\/culture-111530_1920-300x225.jpg 300w, https:\/\/www.asajacyl.com\/valladolid\/wp-content\/uploads\/sites\/2\/2018\/01\/culture-111530_1920-768x576.jpg 768w, https:\/\/www.asajacyl.com\/valladolid\/wp-content\/uploads\/sites\/2\/2018\/01\/culture-111530_1920-80x60.jpg 80w, https:\/\/www.asajacyl.com\/valladolid\/wp-content\/uploads\/sites\/2\/2018\/01\/culture-111530_1920-696x522.jpg 696w, https:\/\/www.asajacyl.com\/valladolid\/wp-content\/uploads\/sites\/2\/2018\/01\/culture-111530_1920-1068x801.jpg 1068w, https:\/\/www.asajacyl.com\/valladolid\/wp-content\/uploads\/sites\/2\/2018\/01\/culture-111530_1920-560x420.jpg 560w, https:\/\/www.asajacyl.com\/valladolid\/wp-content\/uploads\/sites\/2\/2018\/01\/culture-111530_1920.jpg 1920w\" sizes=\"(max-width: 696px) 100vw, 696px\" \/><figcaption id=\"caption-attachment-1425\" class=\"wp-caption-text\">ASAJA Valladolid organiza una jornada sobre remolacha azucarera<\/figcaption><\/figure>\n<p style=\"text-align: justify\">El <strong>pr\u00f3ximo mi\u00e9rcoles 31 de enero<\/strong>, ASAJA Valladolid, organiza una jornada sobre c\u00f3mo aumentar la competitividad en el cultivo de la remolacha azucarera. Un evento, enmarcado en la nueva pol\u00edtica de la Junta Directiva de esta organizaci\u00f3n, de celebrar actos para profundizar y mejorar el conocimiento de los avances que se producen en los distintitos cultivos de nuestra provincia.<\/p>\n<p style=\"text-align: justify\">Esta jornada, que <strong>tendr\u00e1 lugar a partir de las 11.00 horas en el sal\u00f3n de actos de Espa\u00f1a Duero situado en la Plaza Zorrilla (esquina con Mar\u00eda de Molina)<\/strong>, abordar\u00e1 c\u00f3mo nuestra explotaci\u00f3n de remolacha puede ser m\u00e1s competitiva a trav\u00e9s de la eficiencia energ\u00e9tica y una serie de recomendaciones sobre el cultivo de la remolacha <strong>impartidas por La Asociaci\u00f3n para la Investigaci\u00f3n de la Mejora del Cultivo de la Remolacha Azucarera, AIMCRA.<\/strong><br \/>\nLos agricultores, tambi\u00e9n podr\u00e1n de primera mano, los \u00faltimos avances e investigaciones elaborados tanto por ACOR como por Azucara para que la remolacha siga siendo un cultivo de referencia.<\/p>\n<p style=\"text-align: justify\"><span style=\"color: #008000\"><strong>La entrada es libre hasta completar el aforo, pero es necesario confirmar la asistencia en el tel\u00e9fono 983 20 33 71.<\/strong><\/span><\/p>\n<p style=\"text-align: justify\"><strong>La asistencia a la jornada convalida como Formaci\u00f3n v\u00e1lida para el cumplimiento de los requisitos exigidos en la medida de agroambiente y clima \u201ccultivo sostenible de remolacha azucarera\u201d.<\/strong> A todos los asistentes se le estragar\u00e1 un documento acreditativo.<br \/>\nEl programa es el siguiente:<\/p>\n","protected":false},"excerpt":{"rendered":"<p>Este evento tendr\u00e1 lugar a partir de las 11.00 horas en el sal\u00f3n de actos de Espa\u00f1a Duero situado en la Plaza Zorrilla. Las plazas son limitadas. El pr\u00f3ximo mi\u00e9rcoles 31 de enero, ASAJA Valladolid, organiza una jornada sobre c\u00f3mo aumentar la competitividad en el cultivo de la remolacha azucarera. Un evento, enmarcado en la [&hellip;]<\/p>\n","protected":false},"author":13,"featured_media":1425,"comment_status":"open","ping_status":"open","sticky":false,"template":"","format":"standard","meta":{"footnotes":""},"categories":[28],"tags":[],"yoast_head":"<!-- This site is optimized with the Yoast SEO plugin v24.5 - https:\/\/yoast.com\/wordpress\/plugins\/seo\/ -->\n<title>ASAJA Valladolid organiza este mi\u00e9rcoles 31 una jornada sobre remolacha azucarera - ASAJA Valladolid<\/title>\n<meta name=\"robots\" content=\"index, follow, max-snippet:-1, max-image-preview:large, max-video-preview:-1\" \/>\n<link rel=\"canonical\" href=\"https:\/\/www.asajacyl.com\/valladolid\/servicios-socio\/cursos-jornadas\/asaja-valladolid-organiza-este-miercoles-31-una-jornada-remolacha-azucarera-2\" \/>\n<meta property=\"og:locale\" content=\"es_ES\" \/>\n<meta property=\"og:type\" content=\"article\" \/>\n<meta property=\"og:title\" content=\"ASAJA Valladolid organiza este mi\u00e9rcoles 31 una jornada sobre remolacha azucarera - ASAJA Valladolid\" \/>\n<meta property=\"og:description\" content=\"Este evento tendr\u00e1 lugar a partir de las 11.00 horas en el sal\u00f3n de actos de Espa\u00f1a Duero situado en la Plaza Zorrilla. Las plazas son limitadas. El pr\u00f3ximo mi\u00e9rcoles 31 de enero, ASAJA Valladolid, organiza una jornada sobre c\u00f3mo aumentar la competitividad en el cultivo de la remolacha azucarera. Un evento, enmarcado en la [&hellip;]\" \/>\n<meta property=\"og:url\" content=\"https:\/\/www.asajacyl.com\/valladolid\/servicios-socio\/cursos-jornadas\/asaja-valladolid-organiza-este-miercoles-31-una-jornada-remolacha-azucarera-2\" \/>\n<meta property=\"og:site_name\" content=\"ASAJA Valladolid\" \/>\n<meta property=\"article:published_time\" content=\"2018-01-29T09:20:18+00:00\" \/>\n<meta property=\"og:image\" content=\"https:\/\/www.asajacyl.com\/valladolid\/wp-content\/uploads\/sites\/2\/2018\/01\/culture-111530_1920.jpg\" \/>\n\t<meta property=\"og:image:width\" content=\"1920\" \/>\n\t<meta property=\"og:image:height\" content=\"1440\" \/>\n\t<meta property=\"og:image:type\" content=\"image\/jpeg\" \/>\n<meta name=\"author\" content=\"Mar\u00eda Natividad\" \/>\n<meta name=\"twitter:card\" content=\"summary_large_image\" \/>\n<meta name=\"twitter:label1\" content=\"Escrito por\" \/>\n\t<meta name=\"twitter:data1\" content=\"Mar\u00eda Natividad\" \/>\n\t<meta name=\"twitter:label2\" content=\"Tiempo de lectura\" \/>\n\t<meta name=\"twitter:data2\" content=\"1 minuto\" \/>\n<script type=\"application\/ld+json\" class=\"yoast-schema-graph\">{\"@context\":\"https:\/\/schema.org\",\"@graph\":[{\"@type\":\"WebPage\",\"@id\":\"https:\/\/www.asajacyl.com\/valladolid\/servicios-socio\/cursos-jornadas\/asaja-valladolid-organiza-este-miercoles-31-una-jornada-remolacha-azucarera-2\",\"url\":\"https:\/\/www.asajacyl.com\/valladolid\/servicios-socio\/cursos-jornadas\/asaja-valladolid-organiza-este-miercoles-31-una-jornada-remolacha-azucarera-2\",\"name\":\"ASAJA Valladolid organiza este mi\u00e9rcoles 31 una jornada sobre remolacha azucarera - ASAJA Valladolid\",\"isPartOf\":{\"@id\":\"https:\/\/www.asajacyl.com\/valladolid\/#website\"},\"primaryImageOfPage\":{\"@id\":\"https:\/\/www.asajacyl.com\/valladolid\/servicios-socio\/cursos-jornadas\/asaja-valladolid-organiza-este-miercoles-31-una-jornada-remolacha-azucarera-2#primaryimage\"},\"image\":{\"@id\":\"https:\/\/www.asajacyl.com\/valladolid\/servicios-socio\/cursos-jornadas\/asaja-valladolid-organiza-este-miercoles-31-una-jornada-remolacha-azucarera-2#primaryimage\"},\"thumbnailUrl\":\"https:\/\/www.asajacyl.com\/valladolid\/wp-content\/uploads\/sites\/2\/2018\/01\/culture-111530_1920.jpg\",\"datePublished\":\"2018-01-29T09:20:18+00:00\",\"author\":{\"@id\":\"https:\/\/www.asajacyl.com\/valladolid\/#\/schema\/person\/cf213adc3e576168b6850f7db054141e\"},\"breadcrumb\":{\"@id\":\"https:\/\/www.asajacyl.com\/valladolid\/servicios-socio\/cursos-jornadas\/asaja-valladolid-organiza-este-miercoles-31-una-jornada-remolacha-azucarera-2#breadcrumb\"},\"inLanguage\":\"es\",\"potentialAction\":[{\"@type\":\"ReadAction\",\"target\":[\"https:\/\/www.asajacyl.com\/valladolid\/servicios-socio\/cursos-jornadas\/asaja-valladolid-organiza-este-miercoles-31-una-jornada-remolacha-azucarera-2\"]}]},{\"@type\":\"ImageObject\",\"inLanguage\":\"es\",\"@id\":\"https:\/\/www.asajacyl.com\/valladolid\/servicios-socio\/cursos-jornadas\/asaja-valladolid-organiza-este-miercoles-31-una-jornada-remolacha-azucarera-2#primaryimage\",\"url\":\"https:\/\/www.asajacyl.com\/valladolid\/wp-content\/uploads\/sites\/2\/2018\/01\/culture-111530_1920.jpg\",\"contentUrl\":\"https:\/\/www.asajacyl.com\/valladolid\/wp-content\/uploads\/sites\/2\/2018\/01\/culture-111530_1920.jpg\",\"width\":1920,\"height\":1440,\"caption\":\"ASAJA Valladolid organiza una jornada sobre remolacha azucarera\"},{\"@type\":\"BreadcrumbList\",\"@id\":\"https:\/\/www.asajacyl.com\/valladolid\/servicios-socio\/cursos-jornadas\/asaja-valladolid-organiza-este-miercoles-31-una-jornada-remolacha-azucarera-2#breadcrumb\",\"itemListElement\":[{\"@type\":\"ListItem\",\"position\":1,\"name\":\"Portada\",\"item\":\"https:\/\/www.asajacyl.com\/valladolid\/\"},{\"@type\":\"ListItem\",\"position\":2,\"name\":\"ASAJA Valladolid organiza este mi\u00e9rcoles 31 una jornada sobre remolacha azucarera\"}]},{\"@type\":\"WebSite\",\"@id\":\"https:\/\/www.asajacyl.com\/valladolid\/#website\",\"url\":\"https:\/\/www.asajacyl.com\/valladolid\/\",\"name\":\"ASAJA Valladolid\",\"description\":\"Otro sitio m\u00e1s de Provincias ASAJA Castilla y Le\u00f3n\",\"potentialAction\":[{\"@type\":\"SearchAction\",\"target\":{\"@type\":\"EntryPoint\",\"urlTemplate\":\"https:\/\/www.asajacyl.com\/valladolid\/?s={search_term_string}\"},\"query-input\":{\"@type\":\"PropertyValueSpecification\",\"valueRequired\":true,\"valueName\":\"search_term_string\"}}],\"inLanguage\":\"es\"},{\"@type\":\"Person\",\"@id\":\"https:\/\/www.asajacyl.com\/valladolid\/#\/schema\/person\/cf213adc3e576168b6850f7db054141e\",\"name\":\"Mar\u00eda Natividad\",\"image\":{\"@type\":\"ImageObject\",\"inLanguage\":\"es\",\"@id\":\"https:\/\/www.asajacyl.com\/valladolid\/#\/schema\/person\/image\/\",\"url\":\"https:\/\/secure.gravatar.com\/avatar\/7f7b3c840c2af79feac78f5eeffefc45?s=96&d=mm&r=g\",\"contentUrl\":\"https:\/\/secure.gravatar.com\/avatar\/7f7b3c840c2af79feac78f5eeffefc45?s=96&d=mm&r=g\",\"caption\":\"Mar\u00eda Natividad\"},\"url\":\"https:\/\/www.asajacyl.com\/valladolid\/author\/natividadhh\"}]}<\/script>\n<!-- \/ Yoast SEO plugin. -->","yoast_head_json":{"title":"ASAJA Valladolid organiza este mi\u00e9rcoles 31 una jornada sobre remolacha azucarera - ASAJA Valladolid","robots":{"index":"index","follow":"follow","max-snippet":"max-snippet:-1","max-image-preview":"max-image-preview:large","max-video-preview":"max-video-preview:-1"},"canonical":"https:\/\/www.asajacyl.com\/valladolid\/servicios-socio\/cursos-jornadas\/asaja-valladolid-organiza-este-miercoles-31-una-jornada-remolacha-azucarera-2","og_locale":"es_ES","og_type":"article","og_title":"ASAJA Valladolid organiza este mi\u00e9rcoles 31 una jornada sobre remolacha azucarera - ASAJA Valladolid","og_description":"Este evento tendr\u00e1 lugar a partir de las 11.00 horas en el sal\u00f3n de actos de Espa\u00f1a Duero situado en la Plaza Zorrilla. Las plazas son limitadas. El pr\u00f3ximo mi\u00e9rcoles 31 de enero, ASAJA Valladolid, organiza una jornada sobre c\u00f3mo aumentar la competitividad en el cultivo de la remolacha azucarera. Un evento, enmarcado en la [&hellip;]","og_url":"https:\/\/www.asajacyl.com\/valladolid\/servicios-socio\/cursos-jornadas\/asaja-valladolid-organiza-este-miercoles-31-una-jornada-remolacha-azucarera-2","og_site_name":"ASAJA Valladolid","article_published_time":"2018-01-29T09:20:18+00:00","og_image":[{"width":1920,"height":1440,"url":"https:\/\/www.asajacyl.com\/valladolid\/wp-content\/uploads\/sites\/2\/2018\/01\/culture-111530_1920.jpg","type":"image\/jpeg"}],"author":"Mar\u00eda Natividad","twitter_card":"summary_large_image","twitter_misc":{"Escrito por":"Mar\u00eda Natividad","Tiempo de lectura":"1 minuto"},"schema":{"@context":"https:\/\/schema.org","@graph":[{"@type":"WebPage","@id":"https:\/\/www.asajacyl.com\/valladolid\/servicios-socio\/cursos-jornadas\/asaja-valladolid-organiza-este-miercoles-31-una-jornada-remolacha-azucarera-2","url":"https:\/\/www.asajacyl.com\/valladolid\/servicios-socio\/cursos-jornadas\/asaja-valladolid-organiza-este-miercoles-31-una-jornada-remolacha-azucarera-2","name":"ASAJA Valladolid organiza este mi\u00e9rcoles 31 una jornada sobre remolacha azucarera - ASAJA Valladolid","isPartOf":{"@id":"https:\/\/www.asajacyl.com\/valladolid\/#website"},"primaryImageOfPage":{"@id":"https:\/\/www.asajacyl.com\/valladolid\/servicios-socio\/cursos-jornadas\/asaja-valladolid-organiza-este-miercoles-31-una-jornada-remolacha-azucarera-2#primaryimage"},"image":{"@id":"https:\/\/www.asajacyl.com\/valladolid\/servicios-socio\/cursos-jornadas\/asaja-valladolid-organiza-este-miercoles-31-una-jornada-remolacha-azucarera-2#primaryimage"},"thumbnailUrl":"https:\/\/www.asajacyl.com\/valladolid\/wp-content\/uploads\/sites\/2\/2018\/01\/culture-111530_1920.jpg","datePublished":"2018-01-29T09:20:18+00:00","author":{"@id":"https:\/\/www.asajacyl.com\/valladolid\/#\/schema\/person\/cf213adc3e576168b6850f7db054141e"},"breadcrumb":{"@id":"https:\/\/www.asajacyl.com\/valladolid\/servicios-socio\/cursos-jornadas\/asaja-valladolid-organiza-este-miercoles-31-una-jornada-remolacha-azucarera-2#breadcrumb"},"inLanguage":"es","potentialAction":[{"@type":"ReadAction","target":["https:\/\/www.asajacyl.com\/valladolid\/servicios-socio\/cursos-jornadas\/asaja-valladolid-organiza-este-miercoles-31-una-jornada-remolacha-azucarera-2"]}]},{"@type":"ImageObject","inLanguage":"es","@id":"https:\/\/www.asajacyl.com\/valladolid\/servicios-socio\/cursos-jornadas\/asaja-valladolid-organiza-este-miercoles-31-una-jornada-remolacha-azucarera-2#primaryimage","url":"https:\/\/www.asajacyl.com\/valladolid\/wp-content\/uploads\/sites\/2\/2018\/01\/culture-111530_1920.jpg","contentUrl":"https:\/\/www.asajacyl.com\/valladolid\/wp-content\/uploads\/sites\/2\/2018\/01\/culture-111530_1920.jpg","width":1920,"height":1440,"caption":"ASAJA Valladolid organiza una jornada sobre remolacha azucarera"},{"@type":"BreadcrumbList","@id":"https:\/\/www.asajacyl.com\/valladolid\/servicios-socio\/cursos-jornadas\/asaja-valladolid-organiza-este-miercoles-31-una-jornada-remolacha-azucarera-2#breadcrumb","itemListElement":[{"@type":"ListItem","position":1,"name":"Portada","item":"https:\/\/www.asajacyl.com\/valladolid\/"},{"@type":"ListItem","position":2,"name":"ASAJA Valladolid organiza este mi\u00e9rcoles 31 una jornada sobre remolacha azucarera"}]},{"@type":"WebSite","@id":"https:\/\/www.asajacyl.com\/valladolid\/#website","url":"https:\/\/www.asajacyl.com\/valladolid\/","name":"ASAJA Valladolid","description":"Otro sitio m\u00e1s de Provincias ASAJA Castilla y Le\u00f3n","potentialAction":[{"@type":"SearchAction","target":{"@type":"EntryPoint","urlTemplate":"https:\/\/www.asajacyl.com\/valladolid\/?s={search_term_string}"},"query-input":{"@type":"PropertyValueSpecification","valueRequired":true,"valueName":"search_term_string"}}],"inLanguage":"es"},{"@type":"Person","@id":"https:\/\/www.asajacyl.com\/valladolid\/#\/schema\/person\/cf213adc3e576168b6850f7db054141e","name":"Mar\u00eda Natividad","image":{"@type":"ImageObject","inLanguage":"es","@id":"https:\/\/www.asajacyl.com\/valladolid\/#\/schema\/person\/image\/","url":"https:\/\/secure.gravatar.com\/avatar\/7f7b3c840c2af79feac78f5eeffefc45?s=96&d=mm&r=g","contentUrl":"https:\/\/secure.gravatar.com\/avatar\/7f7b3c840c2af79feac78f5eeffefc45?s=96&d=mm&r=g","caption":"Mar\u00eda Natividad"},"url":"https:\/\/www.asajacyl.com\/valladolid\/author\/natividadhh"}]}},"_links":{"self":[{"href":"https:\/\/www.asajacyl.com\/valladolid\/wp-json\/wp\/v2\/posts\/1424"}],"collection":[{"href":"https:\/\/www.asajacyl.com\/valladolid\/wp-json\/wp\/v2\/posts"}],"about":[{"href":"https:\/\/www.asajacyl.com\/valladolid\/wp-json\/wp\/v2\/types\/post"}],"author":[{"embeddable":true,"href":"https:\/\/www.asajacyl.com\/valladolid\/wp-json\/wp\/v2\/users\/13"}],"replies":[{"embeddable":true,"href":"https:\/\/www.asajacyl.com\/valladolid\/wp-json\/wp\/v2\/comments?post=1424"}],"version-history":[{"count":2,"href":"https:\/\/www.asajacyl.com\/valladolid\/wp-json\/wp\/v2\/posts\/1424\/revisions"}],"predecessor-version":[{"id":1427,"href":"https:\/\/www.asajacyl.com\/valladolid\/wp-json\/wp\/v2\/posts\/1424\/revisions\/1427"}],"wp:featuredmedia":[{"embeddable":true,"href":"https:\/\/www.asajacyl.com\/valladolid\/wp-json\/wp\/v2\/media\/1425"}],"wp:attachment":[{"href":"https:\/\/www.asajacyl.com\/valladolid\/wp-json\/wp\/v2\/media?parent=1424"}],"wp:term":[{"taxonomy":"category","embeddable":true,"href":"https:\/\/www.asajacyl.com\/valladolid\/wp-json\/wp\/v2\/categories?post=1424"},{"taxonomy":"post_tag","embeddable":true,"href":"https:\/\/www.asajacyl.com\/valladolid\/wp-json\/wp\/v2\/tags?post=1424"}],"curies":[{"name":"wp","href":"https:\/\/api.w.org\/{rel}","templated":true}]}}