{"id":1430,"date":"2018-01-31T13:41:49","date_gmt":"2018-01-31T13:41:49","guid":{"rendered":"http:\/\/www.asajacyl.com\/valladolid\/?p=1430"},"modified":"2018-04-10T10:17:43","modified_gmt":"2018-04-10T10:17:43","slug":"asaja-valladolid-apuesta-futuro-la-remolacha","status":"publish","type":"post","link":"https:\/\/www.asajacyl.com\/valladolid\/asaja-valladolid-informa\/asaja-valladolid-apuesta-futuro-la-remolacha","title":{"rendered":"ASAJA apuesta por el futuro de la remolacha"},"content":{"rendered":"<h2><span style=\"color: #008000\"><strong>Esta organizaci\u00f3n organiza una jornada con m\u00e1s de 100 agricultores en la que se incidi\u00f3 en los aspectos que pueden mejorar la competitividad de este cultivo<\/strong><\/span><\/h2>\n<p><img loading=\"lazy\" decoding=\"async\" class=\"wp-image-1432 size-large\" src=\"http:\/\/www.asajacyl.com\/valladolid\/wp-content\/uploads\/sites\/2\/2018\/01\/jornada-asaja-1-1024x768.jpg\" alt=\"ASAJA apuesta por el futuro de la remolacha\" width=\"696\" height=\"522\" srcset=\"https:\/\/www.asajacyl.com\/valladolid\/wp-content\/uploads\/sites\/2\/2018\/01\/jornada-asaja-1-1024x768.jpg 1024w, https:\/\/www.asajacyl.com\/valladolid\/wp-content\/uploads\/sites\/2\/2018\/01\/jornada-asaja-1-300x225.jpg 300w, https:\/\/www.asajacyl.com\/valladolid\/wp-content\/uploads\/sites\/2\/2018\/01\/jornada-asaja-1-768x576.jpg 768w, https:\/\/www.asajacyl.com\/valladolid\/wp-content\/uploads\/sites\/2\/2018\/01\/jornada-asaja-1-80x60.jpg 80w, https:\/\/www.asajacyl.com\/valladolid\/wp-content\/uploads\/sites\/2\/2018\/01\/jornada-asaja-1-696x522.jpg 696w, https:\/\/www.asajacyl.com\/valladolid\/wp-content\/uploads\/sites\/2\/2018\/01\/jornada-asaja-1-1068x801.jpg 1068w, https:\/\/www.asajacyl.com\/valladolid\/wp-content\/uploads\/sites\/2\/2018\/01\/jornada-asaja-1-560x420.jpg 560w, https:\/\/www.asajacyl.com\/valladolid\/wp-content\/uploads\/sites\/2\/2018\/01\/jornada-asaja-1-1920x1440.jpg 1920w\" sizes=\"(max-width: 696px) 100vw, 696px\" \/><\/p>\n<p style=\"text-align: justify\">ASAJA Valladolid celebr\u00f3 hoy en Valladolid una jornada sobre el futuro de la remolacha en Castilla y Le\u00f3n a la que acudieron m\u00e1s de 100 agricultores.<\/p>\n<p style=\"text-align: justify\">El presidente de ASAJA Valladolid, <strong>Juan Ram\u00f3n Alonso<\/strong>, coment\u00f3 que hay seguir apoyando este tipo de cultivo que es \u201cla columna vertebral\u201d de muchas de nuestras explotaciones. Alonso explic\u00f3 que la remolacha es \u201cun cultivo viable y de futuro y que ASAJA seguir\u00e1 defendiendo que la administraci\u00f3n siga apoyando a este cultivo que ofrece mucha seguridad. \u201cNosotros le hemos defendido en Valladolid, Castilla Le\u00f3n y Bruselas y queremos que, ante la nueva situaci\u00f3n con la desaparici\u00f3n de cuotas vuelva a tener, al menos, parte del protagonismo pedido\u201d.<\/p>\n<p style=\"text-align: justify\">El presidente de ASAJA Valladolid asegur\u00f3 que para conseguir este objetivo \u201ctenemos deberes y debemos seguir apostando por la modernizaci\u00f3n de las explotaciones, las nuevas tecnolog\u00edas y el riego solar para reducir el coste energ\u00e9tico que es uno de los h\u00e1ndicaps que tenemos y que lastra nuestra competitividad\u201d, a pesar de ser los remolacheros que m\u00e1s producimos en Europa.<\/p>\n<p style=\"text-align: justify\">En la misma l\u00ednea se expres\u00f3 <strong>Jos\u00e9 Manuel Oma\u00f1a<\/strong> de la Asociaci\u00f3n para la Investigaci\u00f3n de la Mejora del Cultivo de la Remolacha Azucarera, AIMCRA. Oma\u00f1a coment\u00f3 que en Castilla y Le\u00f3n \u201csigue siendo posible cultivar remolacha y ganar dinero\u201d pero que para ello debemos \u201cadaptarnos al nuevo escenario sin cuotas y mejorar nuestra competitividad\u201d.<\/p>\n<p style=\"text-align: justify\">Jose Manuel Oma\u00f1a explic\u00f3 que los costes de producci\u00f3n lastran la competitividad pero que se pueden ahorrar en aspectos como en el abonado donde todav\u00eda se abona en exceso o el riego que supone un tercio del coste del cultivo. La soluci\u00f3n, prosigui\u00f3 \u201cpasa por invertir en sistemas de eficiencia energ\u00e9tica o por la energ\u00eda fotovoltaica que nos permitan ahorrar entre un 75 y un 100% respectivamente de la factura de riego\u201d.<\/p>\n<p style=\"text-align: justify\">El director general de ACOR, <strong>Jos\u00e9 Mar\u00eda Zarandieta, explic\u00f3 que desde ACOR<\/strong> est\u00e1n trabajando para prolongar m\u00e1s all\u00e1 del a\u00f1o 2020 los acuerdos con todo el sector y el apoyo que se le da a este cultivo debido a que los precios del mercado del az\u00facar por el momento \u201cest\u00e1n totalmente manipulados\u201d. Zarandieta abog\u00f3 \u201cporque se siga apoyando el cultivo mientras la manipulaci\u00f3n de los precios no haga rentable por si mismo el cultivo\u201d.<\/p>\n<p style=\"text-align: justify\">El director general de ACOR remarc\u00f3 que desde esta cooperativa siguen haciendo esfuerzos por reducir los costes de producci\u00f3n y garantizar el futuro de la remolacha. \u201cEn esta l\u00ednea son las ayudas que ponemos a disposici\u00f3n de los agricultores que decidan apostar por la energ\u00eda fotovoltaica\u201d.<\/p>\n<p style=\"text-align: justify\">Desde <strong>Azucarera <\/strong>la valoraci\u00f3n que hacen sobre el futuro de la remolacha tambi\u00e9n es optimista. \u201cEn la actualidad, la producci\u00f3n nacional de az\u00facar en Espa\u00f1a es muy inferior a la demanda, por lo que existe espacio para crecer en nuestro pa\u00eds, con independencia de lo que crezcan tambi\u00e9n otros productores europeos\u201d, coment\u00f3, la directora agr\u00edcola de Azucarera <strong>Salom\u00e9 Santos<\/strong>. La representante de Azucarera recalc\u00f3 que \u201csi seguimos trabajando en dar buen servicio al agricultor, para reducir el coste energ\u00e9tico y el coste del resto de los insumos que son claves en el cultivo, e incrementar sus rendimientos, las posibilidades de crecimiento son enormes porque la rentabilidad del cultivo est\u00e1 asegurada\u201d.<\/p>\n<p style=\"text-align: justify\">El presidente de ASAJA Castilla y Le\u00f3n, <strong>Donaciano Dujo, <\/strong>coment\u00f3 que la remolacha en Castilla y Le\u00f3n \u201csupone 26.000 hect\u00e1reas y 3.000 agricultores y que no hay cultivo que haya avanzado m\u00e1s que este\u201d.<\/p>\n<p style=\"text-align: justify\">Dujo pidi\u00f3 a la Confederaci\u00f3n Hidrogr\u00e1fica del Duero m\u00e1s permisividad y que permita dar el riego de nascencia tan necesario para este cultivo. El presidente de ASAJA Castilla y Le\u00f3n incidi\u00f3 en que \u201cla Confederaci\u00f3n Hidrogr\u00e1fica del Duero tiene que permitir la alternancia en las parcelas, para rotar a otras de secano, siempre que se gaste la misma agua.<\/p>\n<p style=\"text-align: justify\">Donaciano Dujo tambi\u00e9n defendi\u00f3 el papel del az\u00facar como alimento y recalc\u00f3 la total oposici\u00f3n de ASAJA a cualquier impuesto regional o nacional contra los que se han manifestado en reiteradas ocasiones\u201d.<\/p>\n<p style=\"text-align: justify\">El presidente de ASAJA Castilla y Le\u00f3n, advirti\u00f3, adem\u00e1s, sobre la importancia vital del sector remolachero-azucarero para Castilla y Le\u00f3n, tanto para la agricultura, puesto que es de las pocas alternativas arraigadas y a la vez con potencial en nuestras tierras de regad\u00edo, como para el medio rural en su conjunto, puesto que es fuente de empleo para numerosas familias, tanto las que trabajan en el campo o en las f\u00e1bricas azucareras, como en otros empleos indirectos relacionados. \u201cLa sostenibilidad del sector remolachero pasa por unos costes moderados y asumibles para las explotaciones, por una pol\u00edtica de ayudas acopladas que lleguen a tiempo y no como ahora, a trompicones y con problemas, y sobre todo por un precio justo que haga rentable la actividad\u201d, subray\u00f3.<\/p>\n<p><img loading=\"lazy\" decoding=\"async\" class=\"wp-image-1433 size-large\" src=\"http:\/\/www.asajacyl.com\/valladolid\/wp-content\/uploads\/sites\/2\/2018\/01\/jornada-asaja-2-1024x768.jpg\" alt=\"Jornada de remolacha de ASAJA VALLADOLID\" width=\"696\" height=\"522\" srcset=\"https:\/\/www.asajacyl.com\/valladolid\/wp-content\/uploads\/sites\/2\/2018\/01\/jornada-asaja-2-1024x768.jpg 1024w, https:\/\/www.asajacyl.com\/valladolid\/wp-content\/uploads\/sites\/2\/2018\/01\/jornada-asaja-2-300x225.jpg 300w, https:\/\/www.asajacyl.com\/valladolid\/wp-content\/uploads\/sites\/2\/2018\/01\/jornada-asaja-2-768x576.jpg 768w, https:\/\/www.asajacyl.com\/valladolid\/wp-content\/uploads\/sites\/2\/2018\/01\/jornada-asaja-2-80x60.jpg 80w, https:\/\/www.asajacyl.com\/valladolid\/wp-content\/uploads\/sites\/2\/2018\/01\/jornada-asaja-2-696x522.jpg 696w, https:\/\/www.asajacyl.com\/valladolid\/wp-content\/uploads\/sites\/2\/2018\/01\/jornada-asaja-2-1068x801.jpg 1068w, https:\/\/www.asajacyl.com\/valladolid\/wp-content\/uploads\/sites\/2\/2018\/01\/jornada-asaja-2-560x420.jpg 560w, https:\/\/www.asajacyl.com\/valladolid\/wp-content\/uploads\/sites\/2\/2018\/01\/jornada-asaja-2-1920x1440.jpg 1920w\" sizes=\"(max-width: 696px) 100vw, 696px\" \/><\/p>\n","protected":false},"excerpt":{"rendered":"<p>Esta organizaci\u00f3n organiza una jornada con m\u00e1s de 100 agricultores en la que se incidi\u00f3 en los aspectos que pueden mejorar la competitividad de este cultivo ASAJA Valladolid celebr\u00f3 hoy en Valladolid una jornada sobre el futuro de la remolacha en Castilla y Le\u00f3n a la que acudieron m\u00e1s de 100 agricultores. El presidente de [&hellip;]<\/p>\n","protected":false},"author":13,"featured_media":1432,"comment_status":"open","ping_status":"open","sticky":false,"template":"","format":"standard","meta":{"footnotes":""},"categories":[8,28,9],"tags":[122,121,58,123,74,79,120],"yoast_head":"<!-- This site is optimized with the Yoast SEO plugin v24.5 - https:\/\/yoast.com\/wordpress\/plugins\/seo\/ -->\n<title>ASAJA apuesta por el futuro de la remolacha - ASAJA Valladolid<\/title>\n<meta name=\"description\" content=\"ASAJA VALLADOLID apuesta por el futuro de la remolacha. Esta organizaci\u00f3n organiza una jornada con m\u00e1s de 100 agricultores en la que se incidi\u00f3 en los aspectos que pueden mejorar la competitividad de este cultivo\" \/>\n<meta name=\"robots\" content=\"index, follow, max-snippet:-1, max-image-preview:large, max-video-preview:-1\" \/>\n<link rel=\"canonical\" href=\"https:\/\/www.asajacyl.com\/valladolid\/asaja-valladolid-informa\/asaja-valladolid-apuesta-futuro-la-remolacha\" \/>\n<meta property=\"og:locale\" content=\"es_ES\" \/>\n<meta property=\"og:type\" content=\"article\" \/>\n<meta property=\"og:title\" content=\"ASAJA apuesta por el futuro de la remolacha - ASAJA Valladolid\" \/>\n<meta property=\"og:description\" content=\"ASAJA VALLADOLID apuesta por el futuro de la remolacha. Esta organizaci\u00f3n organiza una jornada con m\u00e1s de 100 agricultores en la que se incidi\u00f3 en los aspectos que pueden mejorar la competitividad de este cultivo\" \/>\n<meta property=\"og:url\" content=\"https:\/\/www.asajacyl.com\/valladolid\/asaja-valladolid-informa\/asaja-valladolid-apuesta-futuro-la-remolacha\" \/>\n<meta property=\"og:site_name\" content=\"ASAJA Valladolid\" \/>\n<meta property=\"article:published_time\" content=\"2018-01-31T13:41:49+00:00\" \/>\n<meta property=\"article:modified_time\" content=\"2018-04-10T10:17:43+00:00\" \/>\n<meta property=\"og:image\" content=\"https:\/\/www.asajacyl.com\/valladolid\/wp-content\/uploads\/sites\/2\/2018\/01\/jornada-asaja-1.jpg\" \/>\n\t<meta property=\"og:image:width\" content=\"2500\" \/>\n\t<meta property=\"og:image:height\" content=\"1875\" \/>\n\t<meta property=\"og:image:type\" content=\"image\/jpeg\" \/>\n<meta name=\"author\" content=\"Mar\u00eda Natividad\" \/>\n<meta name=\"twitter:card\" content=\"summary_large_image\" \/>\n<meta name=\"twitter:label1\" content=\"Escrito por\" \/>\n\t<meta name=\"twitter:data1\" content=\"Mar\u00eda Natividad\" \/>\n\t<meta name=\"twitter:label2\" content=\"Tiempo de lectura\" \/>\n\t<meta name=\"twitter:data2\" content=\"4 minutos\" \/>\n<script type=\"application\/ld+json\" class=\"yoast-schema-graph\">{\"@context\":\"https:\/\/schema.org\",\"@graph\":[{\"@type\":\"WebPage\",\"@id\":\"https:\/\/www.asajacyl.com\/valladolid\/asaja-valladolid-informa\/asaja-valladolid-apuesta-futuro-la-remolacha\",\"url\":\"https:\/\/www.asajacyl.com\/valladolid\/asaja-valladolid-informa\/asaja-valladolid-apuesta-futuro-la-remolacha\",\"name\":\"ASAJA apuesta por el futuro de la remolacha - ASAJA Valladolid\",\"isPartOf\":{\"@id\":\"https:\/\/www.asajacyl.com\/valladolid\/#website\"},\"primaryImageOfPage\":{\"@id\":\"https:\/\/www.asajacyl.com\/valladolid\/asaja-valladolid-informa\/asaja-valladolid-apuesta-futuro-la-remolacha#primaryimage\"},\"image\":{\"@id\":\"https:\/\/www.asajacyl.com\/valladolid\/asaja-valladolid-informa\/asaja-valladolid-apuesta-futuro-la-remolacha#primaryimage\"},\"thumbnailUrl\":\"https:\/\/www.asajacyl.com\/valladolid\/wp-content\/uploads\/sites\/2\/2018\/01\/jornada-asaja-1.jpg\",\"datePublished\":\"2018-01-31T13:41:49+00:00\",\"dateModified\":\"2018-04-10T10:17:43+00:00\",\"author\":{\"@id\":\"https:\/\/www.asajacyl.com\/valladolid\/#\/schema\/person\/cf213adc3e576168b6850f7db054141e\"},\"description\":\"ASAJA VALLADOLID apuesta por el futuro de la remolacha. Esta organizaci\u00f3n organiza una jornada con m\u00e1s de 100 agricultores en la que se incidi\u00f3 en los aspectos que pueden mejorar la competitividad de este cultivo\",\"breadcrumb\":{\"@id\":\"https:\/\/www.asajacyl.com\/valladolid\/asaja-valladolid-informa\/asaja-valladolid-apuesta-futuro-la-remolacha#breadcrumb\"},\"inLanguage\":\"es\",\"potentialAction\":[{\"@type\":\"ReadAction\",\"target\":[\"https:\/\/www.asajacyl.com\/valladolid\/asaja-valladolid-informa\/asaja-valladolid-apuesta-futuro-la-remolacha\"]}]},{\"@type\":\"ImageObject\",\"inLanguage\":\"es\",\"@id\":\"https:\/\/www.asajacyl.com\/valladolid\/asaja-valladolid-informa\/asaja-valladolid-apuesta-futuro-la-remolacha#primaryimage\",\"url\":\"https:\/\/www.asajacyl.com\/valladolid\/wp-content\/uploads\/sites\/2\/2018\/01\/jornada-asaja-1.jpg\",\"contentUrl\":\"https:\/\/www.asajacyl.com\/valladolid\/wp-content\/uploads\/sites\/2\/2018\/01\/jornada-asaja-1.jpg\",\"width\":2500,\"height\":1875,\"caption\":\"ASAJA apuesta por el futuro de la remolacha\"},{\"@type\":\"BreadcrumbList\",\"@id\":\"https:\/\/www.asajacyl.com\/valladolid\/asaja-valladolid-informa\/asaja-valladolid-apuesta-futuro-la-remolacha#breadcrumb\",\"itemListElement\":[{\"@type\":\"ListItem\",\"position\":1,\"name\":\"Portada\",\"item\":\"https:\/\/www.asajacyl.com\/valladolid\/\"},{\"@type\":\"ListItem\",\"position\":2,\"name\":\"ASAJA apuesta por el futuro de la remolacha\"}]},{\"@type\":\"WebSite\",\"@id\":\"https:\/\/www.asajacyl.com\/valladolid\/#website\",\"url\":\"https:\/\/www.asajacyl.com\/valladolid\/\",\"name\":\"ASAJA Valladolid\",\"description\":\"Otro sitio m\u00e1s de Provincias ASAJA Castilla y Le\u00f3n\",\"potentialAction\":[{\"@type\":\"SearchAction\",\"target\":{\"@type\":\"EntryPoint\",\"urlTemplate\":\"https:\/\/www.asajacyl.com\/valladolid\/?s={search_term_string}\"},\"query-input\":{\"@type\":\"PropertyValueSpecification\",\"valueRequired\":true,\"valueName\":\"search_term_string\"}}],\"inLanguage\":\"es\"},{\"@type\":\"Person\",\"@id\":\"https:\/\/www.asajacyl.com\/valladolid\/#\/schema\/person\/cf213adc3e576168b6850f7db054141e\",\"name\":\"Mar\u00eda Natividad\",\"image\":{\"@type\":\"ImageObject\",\"inLanguage\":\"es\",\"@id\":\"https:\/\/www.asajacyl.com\/valladolid\/#\/schema\/person\/image\/\",\"url\":\"https:\/\/secure.gravatar.com\/avatar\/7f7b3c840c2af79feac78f5eeffefc45?s=96&d=mm&r=g\",\"contentUrl\":\"https:\/\/secure.gravatar.com\/avatar\/7f7b3c840c2af79feac78f5eeffefc45?s=96&d=mm&r=g\",\"caption\":\"Mar\u00eda Natividad\"},\"url\":\"https:\/\/www.asajacyl.com\/valladolid\/author\/natividadhh\"}]}<\/script>\n<!-- \/ Yoast SEO plugin. -->","yoast_head_json":{"title":"ASAJA apuesta por el futuro de la remolacha - ASAJA Valladolid","description":"ASAJA VALLADOLID apuesta por el futuro de la remolacha. Esta organizaci\u00f3n organiza una jornada con m\u00e1s de 100 agricultores en la que se incidi\u00f3 en los aspectos que pueden mejorar la competitividad de este cultivo","robots":{"index":"index","follow":"follow","max-snippet":"max-snippet:-1","max-image-preview":"max-image-preview:large","max-video-preview":"max-video-preview:-1"},"canonical":"https:\/\/www.asajacyl.com\/valladolid\/asaja-valladolid-informa\/asaja-valladolid-apuesta-futuro-la-remolacha","og_locale":"es_ES","og_type":"article","og_title":"ASAJA apuesta por el futuro de la remolacha - ASAJA Valladolid","og_description":"ASAJA VALLADOLID apuesta por el futuro de la remolacha. Esta organizaci\u00f3n organiza una jornada con m\u00e1s de 100 agricultores en la que se incidi\u00f3 en los aspectos que pueden mejorar la competitividad de este cultivo","og_url":"https:\/\/www.asajacyl.com\/valladolid\/asaja-valladolid-informa\/asaja-valladolid-apuesta-futuro-la-remolacha","og_site_name":"ASAJA Valladolid","article_published_time":"2018-01-31T13:41:49+00:00","article_modified_time":"2018-04-10T10:17:43+00:00","og_image":[{"width":2500,"height":1875,"url":"https:\/\/www.asajacyl.com\/valladolid\/wp-content\/uploads\/sites\/2\/2018\/01\/jornada-asaja-1.jpg","type":"image\/jpeg"}],"author":"Mar\u00eda Natividad","twitter_card":"summary_large_image","twitter_misc":{"Escrito por":"Mar\u00eda Natividad","Tiempo de lectura":"4 minutos"},"schema":{"@context":"https:\/\/schema.org","@graph":[{"@type":"WebPage","@id":"https:\/\/www.asajacyl.com\/valladolid\/asaja-valladolid-informa\/asaja-valladolid-apuesta-futuro-la-remolacha","url":"https:\/\/www.asajacyl.com\/valladolid\/asaja-valladolid-informa\/asaja-valladolid-apuesta-futuro-la-remolacha","name":"ASAJA apuesta por el futuro de la remolacha - ASAJA Valladolid","isPartOf":{"@id":"https:\/\/www.asajacyl.com\/valladolid\/#website"},"primaryImageOfPage":{"@id":"https:\/\/www.asajacyl.com\/valladolid\/asaja-valladolid-informa\/asaja-valladolid-apuesta-futuro-la-remolacha#primaryimage"},"image":{"@id":"https:\/\/www.asajacyl.com\/valladolid\/asaja-valladolid-informa\/asaja-valladolid-apuesta-futuro-la-remolacha#primaryimage"},"thumbnailUrl":"https:\/\/www.asajacyl.com\/valladolid\/wp-content\/uploads\/sites\/2\/2018\/01\/jornada-asaja-1.jpg","datePublished":"2018-01-31T13:41:49+00:00","dateModified":"2018-04-10T10:17:43+00:00","author":{"@id":"https:\/\/www.asajacyl.com\/valladolid\/#\/schema\/person\/cf213adc3e576168b6850f7db054141e"},"description":"ASAJA VALLADOLID apuesta por el futuro de la remolacha. Esta organizaci\u00f3n organiza una jornada con m\u00e1s de 100 agricultores en la que se incidi\u00f3 en los aspectos que pueden mejorar la competitividad de este cultivo","breadcrumb":{"@id":"https:\/\/www.asajacyl.com\/valladolid\/asaja-valladolid-informa\/asaja-valladolid-apuesta-futuro-la-remolacha#breadcrumb"},"inLanguage":"es","potentialAction":[{"@type":"ReadAction","target":["https:\/\/www.asajacyl.com\/valladolid\/asaja-valladolid-informa\/asaja-valladolid-apuesta-futuro-la-remolacha"]}]},{"@type":"ImageObject","inLanguage":"es","@id":"https:\/\/www.asajacyl.com\/valladolid\/asaja-valladolid-informa\/asaja-valladolid-apuesta-futuro-la-remolacha#primaryimage","url":"https:\/\/www.asajacyl.com\/valladolid\/wp-content\/uploads\/sites\/2\/2018\/01\/jornada-asaja-1.jpg","contentUrl":"https:\/\/www.asajacyl.com\/valladolid\/wp-content\/uploads\/sites\/2\/2018\/01\/jornada-asaja-1.jpg","width":2500,"height":1875,"caption":"ASAJA apuesta por el futuro de la remolacha"},{"@type":"BreadcrumbList","@id":"https:\/\/www.asajacyl.com\/valladolid\/asaja-valladolid-informa\/asaja-valladolid-apuesta-futuro-la-remolacha#breadcrumb","itemListElement":[{"@type":"ListItem","position":1,"name":"Portada","item":"https:\/\/www.asajacyl.com\/valladolid\/"},{"@type":"ListItem","position":2,"name":"ASAJA apuesta por el futuro de la remolacha"}]},{"@type":"WebSite","@id":"https:\/\/www.asajacyl.com\/valladolid\/#website","url":"https:\/\/www.asajacyl.com\/valladolid\/","name":"ASAJA Valladolid","description":"Otro sitio m\u00e1s de Provincias ASAJA Castilla y Le\u00f3n","potentialAction":[{"@type":"SearchAction","target":{"@type":"EntryPoint","urlTemplate":"https:\/\/www.asajacyl.com\/valladolid\/?s={search_term_string}"},"query-input":{"@type":"PropertyValueSpecification","valueRequired":true,"valueName":"search_term_string"}}],"inLanguage":"es"},{"@type":"Person","@id":"https:\/\/www.asajacyl.com\/valladolid\/#\/schema\/person\/cf213adc3e576168b6850f7db054141e","name":"Mar\u00eda Natividad","image":{"@type":"ImageObject","inLanguage":"es","@id":"https:\/\/www.asajacyl.com\/valladolid\/#\/schema\/person\/image\/","url":"https:\/\/secure.gravatar.com\/avatar\/7f7b3c840c2af79feac78f5eeffefc45?s=96&d=mm&r=g","contentUrl":"https:\/\/secure.gravatar.com\/avatar\/7f7b3c840c2af79feac78f5eeffefc45?s=96&d=mm&r=g","caption":"Mar\u00eda Natividad"},"url":"https:\/\/www.asajacyl.com\/valladolid\/author\/natividadhh"}]}},"_links":{"self":[{"href":"https:\/\/www.asajacyl.com\/valladolid\/wp-json\/wp\/v2\/posts\/1430"}],"collection":[{"href":"https:\/\/www.asajacyl.com\/valladolid\/wp-json\/wp\/v2\/posts"}],"about":[{"href":"https:\/\/www.asajacyl.com\/valladolid\/wp-json\/wp\/v2\/types\/post"}],"author":[{"embeddable":true,"href":"https:\/\/www.asajacyl.com\/valladolid\/wp-json\/wp\/v2\/users\/13"}],"replies":[{"embeddable":true,"href":"https:\/\/www.asajacyl.com\/valladolid\/wp-json\/wp\/v2\/comments?post=1430"}],"version-history":[{"count":2,"href":"https:\/\/www.asajacyl.com\/valladolid\/wp-json\/wp\/v2\/posts\/1430\/revisions"}],"predecessor-version":[{"id":1434,"href":"https:\/\/www.asajacyl.com\/valladolid\/wp-json\/wp\/v2\/posts\/1430\/revisions\/1434"}],"wp:featuredmedia":[{"embeddable":true,"href":"https:\/\/www.asajacyl.com\/valladolid\/wp-json\/wp\/v2\/media\/1432"}],"wp:attachment":[{"href":"https:\/\/www.asajacyl.com\/valladolid\/wp-json\/wp\/v2\/media?parent=1430"}],"wp:term":[{"taxonomy":"category","embeddable":true,"href":"https:\/\/www.asajacyl.com\/valladolid\/wp-json\/wp\/v2\/categories?post=1430"},{"taxonomy":"post_tag","embeddable":true,"href":"https:\/\/www.asajacyl.com\/valladolid\/wp-json\/wp\/v2\/tags?post=1430"}],"curies":[{"name":"wp","href":"https:\/\/api.w.org\/{rel}","templated":true}]}}