{"id":1446,"date":"2018-02-05T17:27:07","date_gmt":"2018-02-05T17:27:07","guid":{"rendered":"http:\/\/www.asajacyl.com\/valladolid\/?p=1446"},"modified":"2018-02-05T17:27:07","modified_gmt":"2018-02-05T17:27:07","slug":"carta-abierta-los-agricultores-ganaderos-valladolid","status":"publish","type":"post","link":"https:\/\/www.asajacyl.com\/valladolid\/asaja-valladolid-informa\/opinion-asaja\/carta-abierta-los-agricultores-ganaderos-valladolid","title":{"rendered":"Carta abierta a los agricultores y ganaderos de Valladolid"},"content":{"rendered":"<h1><span style=\"color: #008000\"><strong>\u00a1Tu coraz\u00f3n te pide que votes a ASAJA!<\/strong><\/span><\/h1>\n<figure id=\"attachment_1448\" aria-describedby=\"caption-attachment-1448\" style=\"width: 696px\" class=\"wp-caption alignnone\"><img loading=\"lazy\" decoding=\"async\" class=\"wp-image-1448 size-large\" src=\"http:\/\/www.asajacyl.com\/valladolid\/wp-content\/uploads\/sites\/2\/2018\/02\/moncho-1024x575.jpg\" alt=\"Juan Ram\u00f3n Alonso\" width=\"696\" height=\"391\" srcset=\"https:\/\/www.asajacyl.com\/valladolid\/wp-content\/uploads\/sites\/2\/2018\/02\/moncho-1024x575.jpg 1024w, https:\/\/www.asajacyl.com\/valladolid\/wp-content\/uploads\/sites\/2\/2018\/02\/moncho-300x168.jpg 300w, https:\/\/www.asajacyl.com\/valladolid\/wp-content\/uploads\/sites\/2\/2018\/02\/moncho-768x431.jpg 768w, https:\/\/www.asajacyl.com\/valladolid\/wp-content\/uploads\/sites\/2\/2018\/02\/moncho-696x391.jpg 696w, https:\/\/www.asajacyl.com\/valladolid\/wp-content\/uploads\/sites\/2\/2018\/02\/moncho-748x420.jpg 748w, https:\/\/www.asajacyl.com\/valladolid\/wp-content\/uploads\/sites\/2\/2018\/02\/moncho.jpg 1062w\" sizes=\"(max-width: 696px) 100vw, 696px\" \/><figcaption id=\"caption-attachment-1448\" class=\"wp-caption-text\">Juan Ram\u00f3n Alonso.<\/figcaption><\/figure>\n<p>Estimado agricultor y ganadero:<\/p>\n<p style=\"text-align: justify\">Me dirijo a ti como agricultor de Medina de Rioseco y nuevo Presidente de ASAJA Valladolid.<\/p>\n<p style=\"text-align: justify\">Como sabr\u00e1s, el pr\u00f3ximo d\u00eda 11 de febrero se celebrar\u00e1n unas elecciones a la Representatividad del campo y quiero pedirte tu apoyo a trav\u00e9s del voto para las siglas ASAJA.<\/p>\n<p style=\"text-align: justify\">El pasado diciembre de 2016, una nueva Junta Directiva con mi persona al frente, tomamos las riendas de esta organizaci\u00f3n avalados por unas elecciones democr\u00e1ticas. Como Presidente de ASAJA Valladolid y en nombre de toda la Organizaci\u00f3n, te pido disculpas por la desagradable imagen que ha dado nuestra Organizaci\u00f3n en los medios de comunicaci\u00f3n durante los pasados a\u00f1os.<\/p>\n<p style=\"text-align: justify\">Estamos convencidos de que el modelo productivo de la agricultura y ganader\u00eda vallisoletana se identifica mayoritariamente con el modelo que propugna ASAJA tanto a nivel nacional, regional y provincial.<\/p>\n<p style=\"text-align: justify\">ASAJA representa el futuro de una agricultura y ganader\u00eda moderna, productora de alimentos, comprometida con las nuevas tecnolog\u00edas, sostenible y respetuosa con el medio ambiente pero sin olvidarnos de que el objetivo de toda explotaci\u00f3n agraria es su rentabilidad.<\/p>\n<p style=\"text-align: justify\">Desde ASAJA te consideramos empresario agrario si desarrollas una actividad agr\u00edcola, ganadera o de industria agroalimentaria.<\/p>\n<p style=\"text-align: justify\">Para que tus intereses puedan estar representados y defendidos en las estancias provinciales o regionales necesitamos que ASAJA tenga la fuerza suficiente y para ello necesitamos tu voto el d\u00eda 11 de febrero.<\/p>\n<p style=\"text-align: justify\">En nombre de la nueva Junta Directiva y personalmente, te pido tu confianza d\u00e1ndonos tu voto.<\/p>\n<p><strong>Juan Ram\u00f3n Alonso \u201cMoncho\u201d. <\/strong><strong>Presidente de ASAJA Valladolid.<\/strong><\/p>\n","protected":false},"excerpt":{"rendered":"<p>\u00a1Tu coraz\u00f3n te pide que votes a ASAJA! Estimado agricultor y ganadero: Me dirijo a ti como agricultor de Medina de Rioseco y nuevo Presidente de ASAJA Valladolid. Como sabr\u00e1s, el pr\u00f3ximo d\u00eda 11 de febrero se celebrar\u00e1n unas elecciones a la Representatividad del campo y quiero pedirte tu apoyo a trav\u00e9s del voto para [&hellip;]<\/p>\n","protected":false},"author":13,"featured_media":1448,"comment_status":"open","ping_status":"open","sticky":false,"template":"","format":"standard","meta":{"footnotes":""},"categories":[10],"tags":[70,58,132,111,79,133],"yoast_head":"<!-- This site is optimized with the Yoast SEO plugin v24.5 - https:\/\/yoast.com\/wordpress\/plugins\/seo\/ -->\n<title>Carta abierta a los agricultores y ganaderos de Valladolid - ASAJA Valladolid<\/title>\n<meta name=\"description\" content=\"Carta abierta a los agricultores y ganaderos de Valladolid de Juan Ram\u00f3n Alonso, presidente de ASAJA Valladolid. \u00a1Tu coraz\u00f3n te pide que votes a ASAJA!\" \/>\n<meta name=\"robots\" content=\"index, follow, max-snippet:-1, max-image-preview:large, max-video-preview:-1\" \/>\n<link rel=\"canonical\" href=\"https:\/\/www.asajacyl.com\/valladolid\/asaja-valladolid-informa\/opinion-asaja\/carta-abierta-los-agricultores-ganaderos-valladolid\" \/>\n<meta property=\"og:locale\" content=\"es_ES\" \/>\n<meta property=\"og:type\" content=\"article\" \/>\n<meta property=\"og:title\" content=\"Carta abierta a los agricultores y ganaderos de Valladolid - ASAJA Valladolid\" \/>\n<meta property=\"og:description\" content=\"Carta abierta a los agricultores y ganaderos de Valladolid de Juan Ram\u00f3n Alonso, presidente de ASAJA Valladolid. \u00a1Tu coraz\u00f3n te pide que votes a ASAJA!\" \/>\n<meta property=\"og:url\" content=\"https:\/\/www.asajacyl.com\/valladolid\/asaja-valladolid-informa\/opinion-asaja\/carta-abierta-los-agricultores-ganaderos-valladolid\" \/>\n<meta property=\"og:site_name\" content=\"ASAJA Valladolid\" \/>\n<meta property=\"article:published_time\" content=\"2018-02-05T17:27:07+00:00\" \/>\n<meta property=\"og:image\" content=\"https:\/\/www.asajacyl.com\/valladolid\/wp-content\/uploads\/sites\/2\/2018\/02\/moncho.jpg\" \/>\n\t<meta property=\"og:image:width\" content=\"1062\" \/>\n\t<meta property=\"og:image:height\" content=\"596\" \/>\n\t<meta property=\"og:image:type\" content=\"image\/jpeg\" \/>\n<meta name=\"author\" content=\"Mar\u00eda Natividad\" \/>\n<meta name=\"twitter:card\" content=\"summary_large_image\" \/>\n<meta name=\"twitter:label1\" content=\"Escrito por\" \/>\n\t<meta name=\"twitter:data1\" content=\"Mar\u00eda Natividad\" \/>\n\t<meta name=\"twitter:label2\" content=\"Tiempo de lectura\" \/>\n\t<meta name=\"twitter:data2\" content=\"1 minuto\" \/>\n<script type=\"application\/ld+json\" class=\"yoast-schema-graph\">{\"@context\":\"https:\/\/schema.org\",\"@graph\":[{\"@type\":\"WebPage\",\"@id\":\"https:\/\/www.asajacyl.com\/valladolid\/asaja-valladolid-informa\/opinion-asaja\/carta-abierta-los-agricultores-ganaderos-valladolid\",\"url\":\"https:\/\/www.asajacyl.com\/valladolid\/asaja-valladolid-informa\/opinion-asaja\/carta-abierta-los-agricultores-ganaderos-valladolid\",\"name\":\"Carta abierta a los agricultores y ganaderos de Valladolid - ASAJA Valladolid\",\"isPartOf\":{\"@id\":\"https:\/\/www.asajacyl.com\/valladolid\/#website\"},\"primaryImageOfPage\":{\"@id\":\"https:\/\/www.asajacyl.com\/valladolid\/asaja-valladolid-informa\/opinion-asaja\/carta-abierta-los-agricultores-ganaderos-valladolid#primaryimage\"},\"image\":{\"@id\":\"https:\/\/www.asajacyl.com\/valladolid\/asaja-valladolid-informa\/opinion-asaja\/carta-abierta-los-agricultores-ganaderos-valladolid#primaryimage\"},\"thumbnailUrl\":\"https:\/\/www.asajacyl.com\/valladolid\/wp-content\/uploads\/sites\/2\/2018\/02\/moncho.jpg\",\"datePublished\":\"2018-02-05T17:27:07+00:00\",\"author\":{\"@id\":\"https:\/\/www.asajacyl.com\/valladolid\/#\/schema\/person\/cf213adc3e576168b6850f7db054141e\"},\"description\":\"Carta abierta a los agricultores y ganaderos de Valladolid de Juan Ram\u00f3n Alonso, presidente de ASAJA Valladolid. \u00a1Tu coraz\u00f3n te pide que votes a ASAJA!\",\"breadcrumb\":{\"@id\":\"https:\/\/www.asajacyl.com\/valladolid\/asaja-valladolid-informa\/opinion-asaja\/carta-abierta-los-agricultores-ganaderos-valladolid#breadcrumb\"},\"inLanguage\":\"es\",\"potentialAction\":[{\"@type\":\"ReadAction\",\"target\":[\"https:\/\/www.asajacyl.com\/valladolid\/asaja-valladolid-informa\/opinion-asaja\/carta-abierta-los-agricultores-ganaderos-valladolid\"]}]},{\"@type\":\"ImageObject\",\"inLanguage\":\"es\",\"@id\":\"https:\/\/www.asajacyl.com\/valladolid\/asaja-valladolid-informa\/opinion-asaja\/carta-abierta-los-agricultores-ganaderos-valladolid#primaryimage\",\"url\":\"https:\/\/www.asajacyl.com\/valladolid\/wp-content\/uploads\/sites\/2\/2018\/02\/moncho.jpg\",\"contentUrl\":\"https:\/\/www.asajacyl.com\/valladolid\/wp-content\/uploads\/sites\/2\/2018\/02\/moncho.jpg\",\"width\":1062,\"height\":596,\"caption\":\"Juan Ram\u00f3n Alonso\"},{\"@type\":\"BreadcrumbList\",\"@id\":\"https:\/\/www.asajacyl.com\/valladolid\/asaja-valladolid-informa\/opinion-asaja\/carta-abierta-los-agricultores-ganaderos-valladolid#breadcrumb\",\"itemListElement\":[{\"@type\":\"ListItem\",\"position\":1,\"name\":\"Portada\",\"item\":\"https:\/\/www.asajacyl.com\/valladolid\/\"},{\"@type\":\"ListItem\",\"position\":2,\"name\":\"Carta abierta a los agricultores y ganaderos de Valladolid\"}]},{\"@type\":\"WebSite\",\"@id\":\"https:\/\/www.asajacyl.com\/valladolid\/#website\",\"url\":\"https:\/\/www.asajacyl.com\/valladolid\/\",\"name\":\"ASAJA Valladolid\",\"description\":\"Otro sitio m\u00e1s de Provincias ASAJA Castilla y Le\u00f3n\",\"potentialAction\":[{\"@type\":\"SearchAction\",\"target\":{\"@type\":\"EntryPoint\",\"urlTemplate\":\"https:\/\/www.asajacyl.com\/valladolid\/?s={search_term_string}\"},\"query-input\":{\"@type\":\"PropertyValueSpecification\",\"valueRequired\":true,\"valueName\":\"search_term_string\"}}],\"inLanguage\":\"es\"},{\"@type\":\"Person\",\"@id\":\"https:\/\/www.asajacyl.com\/valladolid\/#\/schema\/person\/cf213adc3e576168b6850f7db054141e\",\"name\":\"Mar\u00eda Natividad\",\"image\":{\"@type\":\"ImageObject\",\"inLanguage\":\"es\",\"@id\":\"https:\/\/www.asajacyl.com\/valladolid\/#\/schema\/person\/image\/\",\"url\":\"https:\/\/secure.gravatar.com\/avatar\/7f7b3c840c2af79feac78f5eeffefc45?s=96&d=mm&r=g\",\"contentUrl\":\"https:\/\/secure.gravatar.com\/avatar\/7f7b3c840c2af79feac78f5eeffefc45?s=96&d=mm&r=g\",\"caption\":\"Mar\u00eda Natividad\"},\"url\":\"https:\/\/www.asajacyl.com\/valladolid\/author\/natividadhh\"}]}<\/script>\n<!-- \/ Yoast SEO plugin. -->","yoast_head_json":{"title":"Carta abierta a los agricultores y ganaderos de Valladolid - ASAJA Valladolid","description":"Carta abierta a los agricultores y ganaderos de Valladolid de Juan Ram\u00f3n Alonso, presidente de ASAJA Valladolid. \u00a1Tu coraz\u00f3n te pide que votes a ASAJA!","robots":{"index":"index","follow":"follow","max-snippet":"max-snippet:-1","max-image-preview":"max-image-preview:large","max-video-preview":"max-video-preview:-1"},"canonical":"https:\/\/www.asajacyl.com\/valladolid\/asaja-valladolid-informa\/opinion-asaja\/carta-abierta-los-agricultores-ganaderos-valladolid","og_locale":"es_ES","og_type":"article","og_title":"Carta abierta a los agricultores y ganaderos de Valladolid - ASAJA Valladolid","og_description":"Carta abierta a los agricultores y ganaderos de Valladolid de Juan Ram\u00f3n Alonso, presidente de ASAJA Valladolid. \u00a1Tu coraz\u00f3n te pide que votes a ASAJA!","og_url":"https:\/\/www.asajacyl.com\/valladolid\/asaja-valladolid-informa\/opinion-asaja\/carta-abierta-los-agricultores-ganaderos-valladolid","og_site_name":"ASAJA Valladolid","article_published_time":"2018-02-05T17:27:07+00:00","og_image":[{"width":1062,"height":596,"url":"https:\/\/www.asajacyl.com\/valladolid\/wp-content\/uploads\/sites\/2\/2018\/02\/moncho.jpg","type":"image\/jpeg"}],"author":"Mar\u00eda Natividad","twitter_card":"summary_large_image","twitter_misc":{"Escrito por":"Mar\u00eda Natividad","Tiempo de lectura":"1 minuto"},"schema":{"@context":"https:\/\/schema.org","@graph":[{"@type":"WebPage","@id":"https:\/\/www.asajacyl.com\/valladolid\/asaja-valladolid-informa\/opinion-asaja\/carta-abierta-los-agricultores-ganaderos-valladolid","url":"https:\/\/www.asajacyl.com\/valladolid\/asaja-valladolid-informa\/opinion-asaja\/carta-abierta-los-agricultores-ganaderos-valladolid","name":"Carta abierta a los agricultores y ganaderos de Valladolid - ASAJA Valladolid","isPartOf":{"@id":"https:\/\/www.asajacyl.com\/valladolid\/#website"},"primaryImageOfPage":{"@id":"https:\/\/www.asajacyl.com\/valladolid\/asaja-valladolid-informa\/opinion-asaja\/carta-abierta-los-agricultores-ganaderos-valladolid#primaryimage"},"image":{"@id":"https:\/\/www.asajacyl.com\/valladolid\/asaja-valladolid-informa\/opinion-asaja\/carta-abierta-los-agricultores-ganaderos-valladolid#primaryimage"},"thumbnailUrl":"https:\/\/www.asajacyl.com\/valladolid\/wp-content\/uploads\/sites\/2\/2018\/02\/moncho.jpg","datePublished":"2018-02-05T17:27:07+00:00","author":{"@id":"https:\/\/www.asajacyl.com\/valladolid\/#\/schema\/person\/cf213adc3e576168b6850f7db054141e"},"description":"Carta abierta a los agricultores y ganaderos de Valladolid de Juan Ram\u00f3n Alonso, presidente de ASAJA Valladolid. \u00a1Tu coraz\u00f3n te pide que votes a ASAJA!","breadcrumb":{"@id":"https:\/\/www.asajacyl.com\/valladolid\/asaja-valladolid-informa\/opinion-asaja\/carta-abierta-los-agricultores-ganaderos-valladolid#breadcrumb"},"inLanguage":"es","potentialAction":[{"@type":"ReadAction","target":["https:\/\/www.asajacyl.com\/valladolid\/asaja-valladolid-informa\/opinion-asaja\/carta-abierta-los-agricultores-ganaderos-valladolid"]}]},{"@type":"ImageObject","inLanguage":"es","@id":"https:\/\/www.asajacyl.com\/valladolid\/asaja-valladolid-informa\/opinion-asaja\/carta-abierta-los-agricultores-ganaderos-valladolid#primaryimage","url":"https:\/\/www.asajacyl.com\/valladolid\/wp-content\/uploads\/sites\/2\/2018\/02\/moncho.jpg","contentUrl":"https:\/\/www.asajacyl.com\/valladolid\/wp-content\/uploads\/sites\/2\/2018\/02\/moncho.jpg","width":1062,"height":596,"caption":"Juan Ram\u00f3n Alonso"},{"@type":"BreadcrumbList","@id":"https:\/\/www.asajacyl.com\/valladolid\/asaja-valladolid-informa\/opinion-asaja\/carta-abierta-los-agricultores-ganaderos-valladolid#breadcrumb","itemListElement":[{"@type":"ListItem","position":1,"name":"Portada","item":"https:\/\/www.asajacyl.com\/valladolid\/"},{"@type":"ListItem","position":2,"name":"Carta abierta a los agricultores y ganaderos de Valladolid"}]},{"@type":"WebSite","@id":"https:\/\/www.asajacyl.com\/valladolid\/#website","url":"https:\/\/www.asajacyl.com\/valladolid\/","name":"ASAJA Valladolid","description":"Otro sitio m\u00e1s de Provincias ASAJA Castilla y Le\u00f3n","potentialAction":[{"@type":"SearchAction","target":{"@type":"EntryPoint","urlTemplate":"https:\/\/www.asajacyl.com\/valladolid\/?s={search_term_string}"},"query-input":{"@type":"PropertyValueSpecification","valueRequired":true,"valueName":"search_term_string"}}],"inLanguage":"es"},{"@type":"Person","@id":"https:\/\/www.asajacyl.com\/valladolid\/#\/schema\/person\/cf213adc3e576168b6850f7db054141e","name":"Mar\u00eda Natividad","image":{"@type":"ImageObject","inLanguage":"es","@id":"https:\/\/www.asajacyl.com\/valladolid\/#\/schema\/person\/image\/","url":"https:\/\/secure.gravatar.com\/avatar\/7f7b3c840c2af79feac78f5eeffefc45?s=96&d=mm&r=g","contentUrl":"https:\/\/secure.gravatar.com\/avatar\/7f7b3c840c2af79feac78f5eeffefc45?s=96&d=mm&r=g","caption":"Mar\u00eda Natividad"},"url":"https:\/\/www.asajacyl.com\/valladolid\/author\/natividadhh"}]}},"_links":{"self":[{"href":"https:\/\/www.asajacyl.com\/valladolid\/wp-json\/wp\/v2\/posts\/1446"}],"collection":[{"href":"https:\/\/www.asajacyl.com\/valladolid\/wp-json\/wp\/v2\/posts"}],"about":[{"href":"https:\/\/www.asajacyl.com\/valladolid\/wp-json\/wp\/v2\/types\/post"}],"author":[{"embeddable":true,"href":"https:\/\/www.asajacyl.com\/valladolid\/wp-json\/wp\/v2\/users\/13"}],"replies":[{"embeddable":true,"href":"https:\/\/www.asajacyl.com\/valladolid\/wp-json\/wp\/v2\/comments?post=1446"}],"version-history":[{"count":3,"href":"https:\/\/www.asajacyl.com\/valladolid\/wp-json\/wp\/v2\/posts\/1446\/revisions"}],"predecessor-version":[{"id":1450,"href":"https:\/\/www.asajacyl.com\/valladolid\/wp-json\/wp\/v2\/posts\/1446\/revisions\/1450"}],"wp:featuredmedia":[{"embeddable":true,"href":"https:\/\/www.asajacyl.com\/valladolid\/wp-json\/wp\/v2\/media\/1448"}],"wp:attachment":[{"href":"https:\/\/www.asajacyl.com\/valladolid\/wp-json\/wp\/v2\/media?parent=1446"}],"wp:term":[{"taxonomy":"category","embeddable":true,"href":"https:\/\/www.asajacyl.com\/valladolid\/wp-json\/wp\/v2\/categories?post=1446"},{"taxonomy":"post_tag","embeddable":true,"href":"https:\/\/www.asajacyl.com\/valladolid\/wp-json\/wp\/v2\/tags?post=1446"}],"curies":[{"name":"wp","href":"https:\/\/api.w.org\/{rel}","templated":true}]}}