{"id":1506,"date":"2018-03-14T08:37:25","date_gmt":"2018-03-14T08:37:25","guid":{"rendered":"http:\/\/www.asajacyl.com\/valladolid\/?p=1506"},"modified":"2019-03-14T12:08:57","modified_gmt":"2019-03-14T12:08:57","slug":"se-venden-jubilacion-200-ovejas-unas-paridas-otras-prenadas","status":"publish","type":"post","link":"https:\/\/www.asajacyl.com\/valladolid\/servicios-socio\/mercadillo\/ganaderia-ventas\/se-venden-jubilacion-200-ovejas-unas-paridas-otras-prenadas","title":{"rendered":"Se venden, por jubilaci\u00f3n, 200 ovejas unas paridas y otras pre\u00f1adas"},"content":{"rendered":"<figure id=\"attachment_1490\" aria-describedby=\"caption-attachment-1490\" style=\"width: 696px\" class=\"wp-caption alignnone\"><img loading=\"lazy\" decoding=\"async\" class=\"wp-image-1490 size-large\" src=\"http:\/\/www.asajacyl.com\/valladolid\/wp-content\/uploads\/sites\/2\/2018\/02\/DSCN2352-1024x768.jpg\" alt=\"Los ganaderos deben actualizar el censo antes del 1 de marzo\" width=\"696\" height=\"522\" srcset=\"https:\/\/www.asajacyl.com\/valladolid\/wp-content\/uploads\/sites\/2\/2018\/02\/DSCN2352-1024x768.jpg 1024w, https:\/\/www.asajacyl.com\/valladolid\/wp-content\/uploads\/sites\/2\/2018\/02\/DSCN2352-300x225.jpg 300w, https:\/\/www.asajacyl.com\/valladolid\/wp-content\/uploads\/sites\/2\/2018\/02\/DSCN2352-768x576.jpg 768w, https:\/\/www.asajacyl.com\/valladolid\/wp-content\/uploads\/sites\/2\/2018\/02\/DSCN2352-80x60.jpg 80w, https:\/\/www.asajacyl.com\/valladolid\/wp-content\/uploads\/sites\/2\/2018\/02\/DSCN2352-696x522.jpg 696w, https:\/\/www.asajacyl.com\/valladolid\/wp-content\/uploads\/sites\/2\/2018\/02\/DSCN2352-1068x801.jpg 1068w, https:\/\/www.asajacyl.com\/valladolid\/wp-content\/uploads\/sites\/2\/2018\/02\/DSCN2352-560x420.jpg 560w, https:\/\/www.asajacyl.com\/valladolid\/wp-content\/uploads\/sites\/2\/2018\/02\/DSCN2352.jpg 1600w\" sizes=\"(max-width: 696px) 100vw, 696px\" \/><figcaption id=\"caption-attachment-1490\" class=\"wp-caption-text\">Los ganaderos deben actualizar el censo antes del 1 de marzo<\/figcaption><\/figure>\n<p>Atenci\u00f3n, Se venden, por jubilaci\u00f3n, 200 ovejas unas paridas y otras pre\u00f1adas, con tarjeta sanitaria M4, <strong>urge vender.<\/strong><\/p>\n<p><span style=\"font-size: 18pt\"><strong>Tfnos: 633 33 40 30 y 722 625 280.<\/strong><\/span><\/p>\n","protected":false},"excerpt":{"rendered":"<p>Atenci\u00f3n, Se venden, por jubilaci\u00f3n, 200 ovejas unas paridas y otras pre\u00f1adas, con tarjeta sanitaria M4, urge vender. Tfnos: 633 33 40 30 y 722 625 280.<\/p>\n","protected":false},"author":13,"featured_media":1490,"comment_status":"open","ping_status":"open","sticky":false,"template":"","format":"standard","meta":{"footnotes":""},"categories":[41,27],"tags":[143],"yoast_head":"<!-- This site is optimized with the Yoast SEO plugin v24.5 - https:\/\/yoast.com\/wordpress\/plugins\/seo\/ -->\n<title>Se venden, por jubilaci\u00f3n, 200 ovejas unas paridas y otras pre\u00f1adas - ASAJA Valladolid<\/title>\n<meta name=\"description\" content=\"Atenci\u00f3n, Se venden, por jubilaci\u00f3n, 200 ovejas unas paridas y otras pre\u00f1adas, con tarjeta sanitaria M4, urge vender.\" \/>\n<meta name=\"robots\" content=\"index, follow, max-snippet:-1, max-image-preview:large, max-video-preview:-1\" \/>\n<link rel=\"canonical\" href=\"https:\/\/www.asajacyl.com\/valladolid\/servicios-socio\/mercadillo\/ganaderia-ventas\/se-venden-jubilacion-200-ovejas-unas-paridas-otras-prenadas\" \/>\n<meta property=\"og:locale\" content=\"es_ES\" \/>\n<meta property=\"og:type\" content=\"article\" \/>\n<meta property=\"og:title\" content=\"Se venden, por jubilaci\u00f3n, 200 ovejas unas paridas y otras pre\u00f1adas - ASAJA Valladolid\" \/>\n<meta property=\"og:description\" content=\"Atenci\u00f3n, Se venden, por jubilaci\u00f3n, 200 ovejas unas paridas y otras pre\u00f1adas, con tarjeta sanitaria M4, urge vender.\" \/>\n<meta property=\"og:url\" content=\"https:\/\/www.asajacyl.com\/valladolid\/servicios-socio\/mercadillo\/ganaderia-ventas\/se-venden-jubilacion-200-ovejas-unas-paridas-otras-prenadas\" \/>\n<meta property=\"og:site_name\" content=\"ASAJA Valladolid\" \/>\n<meta property=\"article:published_time\" content=\"2018-03-14T08:37:25+00:00\" \/>\n<meta property=\"article:modified_time\" content=\"2019-03-14T12:08:57+00:00\" \/>\n<meta property=\"og:image\" content=\"https:\/\/www.asajacyl.com\/valladolid\/wp-content\/uploads\/sites\/2\/2018\/02\/DSCN2352.jpg\" \/>\n\t<meta property=\"og:image:width\" content=\"1600\" \/>\n\t<meta property=\"og:image:height\" content=\"1200\" \/>\n\t<meta property=\"og:image:type\" content=\"image\/jpeg\" \/>\n<meta name=\"author\" content=\"Mar\u00eda Natividad\" \/>\n<meta name=\"twitter:card\" content=\"summary_large_image\" \/>\n<meta name=\"twitter:label1\" content=\"Escrito por\" \/>\n\t<meta name=\"twitter:data1\" content=\"Mar\u00eda Natividad\" \/>\n<script type=\"application\/ld+json\" class=\"yoast-schema-graph\">{\"@context\":\"https:\/\/schema.org\",\"@graph\":[{\"@type\":\"WebPage\",\"@id\":\"https:\/\/www.asajacyl.com\/valladolid\/servicios-socio\/mercadillo\/ganaderia-ventas\/se-venden-jubilacion-200-ovejas-unas-paridas-otras-prenadas\",\"url\":\"https:\/\/www.asajacyl.com\/valladolid\/servicios-socio\/mercadillo\/ganaderia-ventas\/se-venden-jubilacion-200-ovejas-unas-paridas-otras-prenadas\",\"name\":\"Se venden, por jubilaci\u00f3n, 200 ovejas unas paridas y otras pre\u00f1adas - ASAJA Valladolid\",\"isPartOf\":{\"@id\":\"https:\/\/www.asajacyl.com\/valladolid\/#website\"},\"primaryImageOfPage\":{\"@id\":\"https:\/\/www.asajacyl.com\/valladolid\/servicios-socio\/mercadillo\/ganaderia-ventas\/se-venden-jubilacion-200-ovejas-unas-paridas-otras-prenadas#primaryimage\"},\"image\":{\"@id\":\"https:\/\/www.asajacyl.com\/valladolid\/servicios-socio\/mercadillo\/ganaderia-ventas\/se-venden-jubilacion-200-ovejas-unas-paridas-otras-prenadas#primaryimage\"},\"thumbnailUrl\":\"https:\/\/www.asajacyl.com\/valladolid\/wp-content\/uploads\/sites\/2\/2018\/02\/DSCN2352.jpg\",\"datePublished\":\"2018-03-14T08:37:25+00:00\",\"dateModified\":\"2019-03-14T12:08:57+00:00\",\"author\":{\"@id\":\"https:\/\/www.asajacyl.com\/valladolid\/#\/schema\/person\/cf213adc3e576168b6850f7db054141e\"},\"description\":\"Atenci\u00f3n, Se venden, por jubilaci\u00f3n, 200 ovejas unas paridas y otras pre\u00f1adas, con tarjeta sanitaria M4, urge vender.\",\"breadcrumb\":{\"@id\":\"https:\/\/www.asajacyl.com\/valladolid\/servicios-socio\/mercadillo\/ganaderia-ventas\/se-venden-jubilacion-200-ovejas-unas-paridas-otras-prenadas#breadcrumb\"},\"inLanguage\":\"es\",\"potentialAction\":[{\"@type\":\"ReadAction\",\"target\":[\"https:\/\/www.asajacyl.com\/valladolid\/servicios-socio\/mercadillo\/ganaderia-ventas\/se-venden-jubilacion-200-ovejas-unas-paridas-otras-prenadas\"]}]},{\"@type\":\"ImageObject\",\"inLanguage\":\"es\",\"@id\":\"https:\/\/www.asajacyl.com\/valladolid\/servicios-socio\/mercadillo\/ganaderia-ventas\/se-venden-jubilacion-200-ovejas-unas-paridas-otras-prenadas#primaryimage\",\"url\":\"https:\/\/www.asajacyl.com\/valladolid\/wp-content\/uploads\/sites\/2\/2018\/02\/DSCN2352.jpg\",\"contentUrl\":\"https:\/\/www.asajacyl.com\/valladolid\/wp-content\/uploads\/sites\/2\/2018\/02\/DSCN2352.jpg\",\"width\":1600,\"height\":1200,\"caption\":\"Los ganaderos deben actualizar el censo antes del 1 de marzo\"},{\"@type\":\"BreadcrumbList\",\"@id\":\"https:\/\/www.asajacyl.com\/valladolid\/servicios-socio\/mercadillo\/ganaderia-ventas\/se-venden-jubilacion-200-ovejas-unas-paridas-otras-prenadas#breadcrumb\",\"itemListElement\":[{\"@type\":\"ListItem\",\"position\":1,\"name\":\"Portada\",\"item\":\"https:\/\/www.asajacyl.com\/valladolid\/\"},{\"@type\":\"ListItem\",\"position\":2,\"name\":\"Se venden, por jubilaci\u00f3n, 200 ovejas unas paridas y otras pre\u00f1adas\"}]},{\"@type\":\"WebSite\",\"@id\":\"https:\/\/www.asajacyl.com\/valladolid\/#website\",\"url\":\"https:\/\/www.asajacyl.com\/valladolid\/\",\"name\":\"ASAJA Valladolid\",\"description\":\"Otro sitio m\u00e1s de Provincias ASAJA Castilla y Le\u00f3n\",\"potentialAction\":[{\"@type\":\"SearchAction\",\"target\":{\"@type\":\"EntryPoint\",\"urlTemplate\":\"https:\/\/www.asajacyl.com\/valladolid\/?s={search_term_string}\"},\"query-input\":{\"@type\":\"PropertyValueSpecification\",\"valueRequired\":true,\"valueName\":\"search_term_string\"}}],\"inLanguage\":\"es\"},{\"@type\":\"Person\",\"@id\":\"https:\/\/www.asajacyl.com\/valladolid\/#\/schema\/person\/cf213adc3e576168b6850f7db054141e\",\"name\":\"Mar\u00eda Natividad\",\"image\":{\"@type\":\"ImageObject\",\"inLanguage\":\"es\",\"@id\":\"https:\/\/www.asajacyl.com\/valladolid\/#\/schema\/person\/image\/\",\"url\":\"https:\/\/secure.gravatar.com\/avatar\/7f7b3c840c2af79feac78f5eeffefc45?s=96&d=mm&r=g\",\"contentUrl\":\"https:\/\/secure.gravatar.com\/avatar\/7f7b3c840c2af79feac78f5eeffefc45?s=96&d=mm&r=g\",\"caption\":\"Mar\u00eda Natividad\"},\"url\":\"https:\/\/www.asajacyl.com\/valladolid\/author\/natividadhh\"}]}<\/script>\n<!-- \/ Yoast SEO plugin. -->","yoast_head_json":{"title":"Se venden, por jubilaci\u00f3n, 200 ovejas unas paridas y otras pre\u00f1adas - ASAJA Valladolid","description":"Atenci\u00f3n, Se venden, por jubilaci\u00f3n, 200 ovejas unas paridas y otras pre\u00f1adas, con tarjeta sanitaria M4, urge vender.","robots":{"index":"index","follow":"follow","max-snippet":"max-snippet:-1","max-image-preview":"max-image-preview:large","max-video-preview":"max-video-preview:-1"},"canonical":"https:\/\/www.asajacyl.com\/valladolid\/servicios-socio\/mercadillo\/ganaderia-ventas\/se-venden-jubilacion-200-ovejas-unas-paridas-otras-prenadas","og_locale":"es_ES","og_type":"article","og_title":"Se venden, por jubilaci\u00f3n, 200 ovejas unas paridas y otras pre\u00f1adas - ASAJA Valladolid","og_description":"Atenci\u00f3n, Se venden, por jubilaci\u00f3n, 200 ovejas unas paridas y otras pre\u00f1adas, con tarjeta sanitaria M4, urge vender.","og_url":"https:\/\/www.asajacyl.com\/valladolid\/servicios-socio\/mercadillo\/ganaderia-ventas\/se-venden-jubilacion-200-ovejas-unas-paridas-otras-prenadas","og_site_name":"ASAJA Valladolid","article_published_time":"2018-03-14T08:37:25+00:00","article_modified_time":"2019-03-14T12:08:57+00:00","og_image":[{"width":1600,"height":1200,"url":"https:\/\/www.asajacyl.com\/valladolid\/wp-content\/uploads\/sites\/2\/2018\/02\/DSCN2352.jpg","type":"image\/jpeg"}],"author":"Mar\u00eda Natividad","twitter_card":"summary_large_image","twitter_misc":{"Escrito por":"Mar\u00eda Natividad"},"schema":{"@context":"https:\/\/schema.org","@graph":[{"@type":"WebPage","@id":"https:\/\/www.asajacyl.com\/valladolid\/servicios-socio\/mercadillo\/ganaderia-ventas\/se-venden-jubilacion-200-ovejas-unas-paridas-otras-prenadas","url":"https:\/\/www.asajacyl.com\/valladolid\/servicios-socio\/mercadillo\/ganaderia-ventas\/se-venden-jubilacion-200-ovejas-unas-paridas-otras-prenadas","name":"Se venden, por jubilaci\u00f3n, 200 ovejas unas paridas y otras pre\u00f1adas - ASAJA Valladolid","isPartOf":{"@id":"https:\/\/www.asajacyl.com\/valladolid\/#website"},"primaryImageOfPage":{"@id":"https:\/\/www.asajacyl.com\/valladolid\/servicios-socio\/mercadillo\/ganaderia-ventas\/se-venden-jubilacion-200-ovejas-unas-paridas-otras-prenadas#primaryimage"},"image":{"@id":"https:\/\/www.asajacyl.com\/valladolid\/servicios-socio\/mercadillo\/ganaderia-ventas\/se-venden-jubilacion-200-ovejas-unas-paridas-otras-prenadas#primaryimage"},"thumbnailUrl":"https:\/\/www.asajacyl.com\/valladolid\/wp-content\/uploads\/sites\/2\/2018\/02\/DSCN2352.jpg","datePublished":"2018-03-14T08:37:25+00:00","dateModified":"2019-03-14T12:08:57+00:00","author":{"@id":"https:\/\/www.asajacyl.com\/valladolid\/#\/schema\/person\/cf213adc3e576168b6850f7db054141e"},"description":"Atenci\u00f3n, Se venden, por jubilaci\u00f3n, 200 ovejas unas paridas y otras pre\u00f1adas, con tarjeta sanitaria M4, urge vender.","breadcrumb":{"@id":"https:\/\/www.asajacyl.com\/valladolid\/servicios-socio\/mercadillo\/ganaderia-ventas\/se-venden-jubilacion-200-ovejas-unas-paridas-otras-prenadas#breadcrumb"},"inLanguage":"es","potentialAction":[{"@type":"ReadAction","target":["https:\/\/www.asajacyl.com\/valladolid\/servicios-socio\/mercadillo\/ganaderia-ventas\/se-venden-jubilacion-200-ovejas-unas-paridas-otras-prenadas"]}]},{"@type":"ImageObject","inLanguage":"es","@id":"https:\/\/www.asajacyl.com\/valladolid\/servicios-socio\/mercadillo\/ganaderia-ventas\/se-venden-jubilacion-200-ovejas-unas-paridas-otras-prenadas#primaryimage","url":"https:\/\/www.asajacyl.com\/valladolid\/wp-content\/uploads\/sites\/2\/2018\/02\/DSCN2352.jpg","contentUrl":"https:\/\/www.asajacyl.com\/valladolid\/wp-content\/uploads\/sites\/2\/2018\/02\/DSCN2352.jpg","width":1600,"height":1200,"caption":"Los ganaderos deben actualizar el censo antes del 1 de marzo"},{"@type":"BreadcrumbList","@id":"https:\/\/www.asajacyl.com\/valladolid\/servicios-socio\/mercadillo\/ganaderia-ventas\/se-venden-jubilacion-200-ovejas-unas-paridas-otras-prenadas#breadcrumb","itemListElement":[{"@type":"ListItem","position":1,"name":"Portada","item":"https:\/\/www.asajacyl.com\/valladolid\/"},{"@type":"ListItem","position":2,"name":"Se venden, por jubilaci\u00f3n, 200 ovejas unas paridas y otras pre\u00f1adas"}]},{"@type":"WebSite","@id":"https:\/\/www.asajacyl.com\/valladolid\/#website","url":"https:\/\/www.asajacyl.com\/valladolid\/","name":"ASAJA Valladolid","description":"Otro sitio m\u00e1s de Provincias ASAJA Castilla y Le\u00f3n","potentialAction":[{"@type":"SearchAction","target":{"@type":"EntryPoint","urlTemplate":"https:\/\/www.asajacyl.com\/valladolid\/?s={search_term_string}"},"query-input":{"@type":"PropertyValueSpecification","valueRequired":true,"valueName":"search_term_string"}}],"inLanguage":"es"},{"@type":"Person","@id":"https:\/\/www.asajacyl.com\/valladolid\/#\/schema\/person\/cf213adc3e576168b6850f7db054141e","name":"Mar\u00eda Natividad","image":{"@type":"ImageObject","inLanguage":"es","@id":"https:\/\/www.asajacyl.com\/valladolid\/#\/schema\/person\/image\/","url":"https:\/\/secure.gravatar.com\/avatar\/7f7b3c840c2af79feac78f5eeffefc45?s=96&d=mm&r=g","contentUrl":"https:\/\/secure.gravatar.com\/avatar\/7f7b3c840c2af79feac78f5eeffefc45?s=96&d=mm&r=g","caption":"Mar\u00eda Natividad"},"url":"https:\/\/www.asajacyl.com\/valladolid\/author\/natividadhh"}]}},"_links":{"self":[{"href":"https:\/\/www.asajacyl.com\/valladolid\/wp-json\/wp\/v2\/posts\/1506"}],"collection":[{"href":"https:\/\/www.asajacyl.com\/valladolid\/wp-json\/wp\/v2\/posts"}],"about":[{"href":"https:\/\/www.asajacyl.com\/valladolid\/wp-json\/wp\/v2\/types\/post"}],"author":[{"embeddable":true,"href":"https:\/\/www.asajacyl.com\/valladolid\/wp-json\/wp\/v2\/users\/13"}],"replies":[{"embeddable":true,"href":"https:\/\/www.asajacyl.com\/valladolid\/wp-json\/wp\/v2\/comments?post=1506"}],"version-history":[{"count":1,"href":"https:\/\/www.asajacyl.com\/valladolid\/wp-json\/wp\/v2\/posts\/1506\/revisions"}],"predecessor-version":[{"id":1507,"href":"https:\/\/www.asajacyl.com\/valladolid\/wp-json\/wp\/v2\/posts\/1506\/revisions\/1507"}],"wp:featuredmedia":[{"embeddable":true,"href":"https:\/\/www.asajacyl.com\/valladolid\/wp-json\/wp\/v2\/media\/1490"}],"wp:attachment":[{"href":"https:\/\/www.asajacyl.com\/valladolid\/wp-json\/wp\/v2\/media?parent=1506"}],"wp:term":[{"taxonomy":"category","embeddable":true,"href":"https:\/\/www.asajacyl.com\/valladolid\/wp-json\/wp\/v2\/categories?post=1506"},{"taxonomy":"post_tag","embeddable":true,"href":"https:\/\/www.asajacyl.com\/valladolid\/wp-json\/wp\/v2\/tags?post=1506"}],"curies":[{"name":"wp","href":"https:\/\/api.w.org\/{rel}","templated":true}]}}