{"id":1597,"date":"2018-06-21T11:11:43","date_gmt":"2018-06-21T11:11:43","guid":{"rendered":"https:\/\/www.asajacyl.com\/valladolid\/?p=1597"},"modified":"2018-06-21T11:11:43","modified_gmt":"2018-06-21T11:11:43","slug":"la-despoblacion-falta-dinero-sobran-conferencias","status":"publish","type":"post","link":"https:\/\/www.asajacyl.com\/valladolid\/asaja-valladolid-informa\/opinion-asaja\/la-despoblacion-falta-dinero-sobran-conferencias","title":{"rendered":"Contra la despoblaci\u00f3n falta dinero y sobran conferencias"},"content":{"rendered":"<div class=\"td-post-content\">\n<h3><em>\u201cDespu\u00e9s de tantos a\u00f1os de llamadas desesperadas, con los datos en la mano, viendo c\u00f3mo envejec\u00eda y desaparec\u00eda la gente de nuestros pueblos d\u00eda a d\u00eda, parece que se han dado cuenta y est\u00e1n dispuestos a hacer algo. La pregunta es \u00bfqu\u00e9?, \u00bfhay remedio?\u201d<\/em><\/h3>\n<p>&nbsp;<\/p>\n<p><strong>Por Celedonio Sanz Gil<\/strong><\/p>\n<p>La despoblaci\u00f3n parece haberse asentado en los \u00faltimos meses en el centro del debate social y pol\u00edtico. Los datos son evidentes y no admiten m\u00e1s pa\u00f1os calientes. El desierto demogr\u00e1fico avanza, cada a\u00f1o la situaci\u00f3n va a peor. Desde todo el espectro ideol\u00f3gico se suceden las reuniones, comisiones, art\u00edculos, mesas, congresos y conferencias que ponen de manifiesto la gravedad del problema. Los presidentes auton\u00f3micos de los territorios m\u00e1s despoblados (Castilla y Le\u00f3n, Castilla-La Mancha, Arag\u00f3n) se re\u00fanen para buscar v\u00edas de soluci\u00f3n conjunta e imponer la despoblaci\u00f3n como criterio esencial en el reparto de la nueva financiaci\u00f3n auton\u00f3mica. Hasta el presidente del Gobierno acude a Teruel para anunciar un plan de inversi\u00f3n que dotar\u00e1 de fibra \u00f3ptica de banda ancha al 85 por ciento de la poblaci\u00f3n en 2020 y \u201csi es posible\u201d a todos los pueblos de Espa\u00f1a. \u00a0\u00a0\u00a0\u00a0<img loading=\"lazy\" decoding=\"async\" class=\"size-medium wp-image-11634 alignright td-animation-stack-type0-2\" src=\"http:\/\/www.asajacyl.com\/wp-content\/uploads\/2018\/05\/pancarta-web-pueblos-300x130.jpg\" alt=\"\" width=\"300\" height=\"130\" \/><\/p>\n<p>\u00a1Por fin!, \u00a1albricias sean dadas! Despu\u00e9s de tantos a\u00f1os de llamadas desesperadas, con los datos en la mano, viendo c\u00f3mo envejec\u00eda y desaparec\u00eda la gente de nuestros pueblos d\u00eda a d\u00eda, parece que se han dado cuenta y est\u00e1n dispuestos a hacer algo. La pregunta es \u00bfqu\u00e9?, \u00bfhay remedio?<\/p>\n<p>La soluci\u00f3n no es f\u00e1cil, por supuesto, y la evoluci\u00f3n poblacional que dibujan los expertos en todos esos debates es descorazonadora. En el a\u00f1o 2030 m\u00e1s del 80 por ciento de la poblaci\u00f3n vivir\u00e1 en entornos urbanos: aunque digan otra cosa, a la mayor parte de la gente le gusta vivir en la ciudad.<\/p>\n<p>Por otro lado, las soluciones que se incluyen en las conclusiones de todas esas reuniones se repiten sin a\u00f1adir nada nuevo. Abogan por la mejora de los servicios p\u00fablicos (educaci\u00f3n, sanidad, polic\u00eda\u2026) y las comunicaciones, implantar las nuevas tecnolog\u00edas de la informaci\u00f3n y la comunicaci\u00f3n, mayor implicaci\u00f3n de la mujer y el aprovechamiento de las potencialidades para el turismo, alimentos de calidad, artesan\u00eda y tradiciones y espacios naturales.<\/p>\n<p><strong>Sin referentes<\/strong><\/p>\n<p>Espero que los autores de todos esos informes y los organizadores de congresos y conferencias devuelvan el dinero que se han llevado, porque no aportan nada: para ese viaje no hac\u00edan falta estas alforjas. Y porque, precisamente, lo que hace falta para solventar esta situaci\u00f3n es dinero, presupuestos adecuados, y eso es lo que no hay. Como siempre, todos somos muy verdes, muy de pueblo, hasta que toca pagar la factura, y entonces se pasa del \u201c\u00a1qu\u00e9 bonito!\u201d al \u201c\u00a1qu\u00e9 se jodan!\u201d.<\/p>\n<p>Es indudable que ese continuo despoblamiento va \u00edntimamente unido a evoluci\u00f3n del sector agrario. Los pueblos, y los espacios que ahora se vac\u00edan, han vivido siempre de la agricultura y de la ganader\u00eda, siempre con la explotaci\u00f3n familiar agraria, asentada en la tierra, en la casa del pueblo. Desde la gran emigraci\u00f3n del campo a la ciudad en la Espa\u00f1a de los a\u00f1os sesenta del siglo pasado, todas esas ra\u00edces que parec\u00edan tan fuertes se han ido desintegrando: la tierra, la casa del pueblo y hasta la familia, sin que hayan aparecido otros referentes ni econ\u00f3micos ni sociales capaces de sostenerlos. Recuperarlos es esencial para que la vida vuelva al medio rural.<\/p>\n<p>Aunque nos cueste aceptarlo, la agricultura y la ganader\u00eda de hoy en Castilla y Le\u00f3n no lo son. Siempre hay casos excepcionales, de los que se hacen reportajes, pero ahora los ganaderos que sobreviven tienen que ir pegados a macrogranjas ligadas a grandes sociedades, y para que un agricultor pueda vivir de la agricultura, con labores de cereal de secano, necesita llevar pr\u00e1cticamente un t\u00e9rmino entero. Es lo que hacen. Los agricultores que quedan consiguen acceder a una tierra, y poco a poco, arrendando o comprando, re\u00fanen m\u00e1s y m\u00e1s labor en su entorno. Cuando hay que labrar llegan con sus enormes tractores y aperos, y en cuatro d\u00edas dan la vuelta a todo el terreno, y cuando hay que sembrar lo mismo, s\u00f3lo cambia el apero de los enormes tractores. Y cuando hay que abonar o aplicar tratamientos es igual, y cuando toca cosechar llegan los enormes tractores con sus enormes remolques acompa\u00f1ados por las enormes cosechadoras, y el grano no va a las eras, va de la b\u00e1scula a los almacenes.<\/p>\n<p><strong>El desarraigo<\/strong><\/p>\n<p>Los viejos del pueblo, los que quedan, los que se sientan en la solana y andan por los caminos de toda la vida, y que s\u00f3lo han conseguido salvar su peque\u00f1o huerto, les saludan al pasar, sin ning\u00fan aprecio. No son del pueblo y no viven all\u00ed, y adem\u00e1s son demasiado grandes y van demasiado deprisa. Los pagos, de las tierras y de las cosech<img loading=\"lazy\" decoding=\"async\" class=\"size-medium wp-image-11635 alignright td-animation-stack-type0-2\" src=\"http:\/\/www.asajacyl.com\/wp-content\/uploads\/2018\/05\/pueblo-peque\u00f1o-300x197.jpg\" alt=\"\" width=\"300\" height=\"197\" \/>as, los reciben los hijos, que viven en la ciudad, en sus cuentas del banco, y todo se ha vuelto impersonal, insensible. Firman los contratos en un abogado, en un notario, ya no van a casa, a la cocina, a relatar ante una jarra de vino, saben que s\u00f3lo se saludar\u00e1n en el pr\u00f3ximo entierro, la antesala para que se cierre una nueva casa del pueblo. Los tractores pasar\u00e1n esos cuatro d\u00edas, atronar\u00e1n, y luego volver\u00e1 el silencio. Casi mejor. En el pueblo s\u00f3lo queda el humo y los baches en los caminos que provocan sus enormes ruedas. Son como monstruos que pueden venir del pueblo de al lado, pero que bien podr\u00edan salir de otro planeta.<\/p>\n<p>Ese desarraigo lo sienten tambi\u00e9n los propios profesionales del campo. Una de las razones de que los pueblos se vac\u00eden es que ya nadie quiere ser agricultor o ganadero, sigue desapareciendo un agricultor cada minuto en el mundo, porque hoy ser agricultor o ganadero significa rellenar papeles y recorrer kil\u00f3metros, como si fueras a una f\u00e1brica, fichas, haces la labor y te vas. El v\u00ednculo con la tierra est\u00e1 llegando a la nada.<\/p>\n<p>Recuperarlo hoy es imposible ni con toda la fibra, ni con toda la banda ancha, ni a velocidad 5G. Para solucionar el problema de la despoblaci\u00f3n hay que cambiar totalmente el concepto. Hay que centrarse en asentar la vida donde todav\u00eda queda un atisbo de esperanza, con nuevos conceptos. Hay que tratar los pueblos como si fueran urbanizaciones, en las afueras de las ciudades, que es lo que le gusta a la gente. Dotarles de los servicios y de las relaciones sociales que tienen las urbanizaciones, desde una piscina a una pista de p\u00e1del, y a partir de ah\u00ed intentar recuperar el terreno perdido.<\/p>\n<p>Por otro lado, es necesario frenar una deriva muy peligrosa que se est\u00e1 asentando en muchos pueblos. Se est\u00e1n convirtiendo en el nuevo espacio de gran fiesta, de gran botell\u00f3n. Ya no son s\u00f3lo las fiestas del pueblo, que llegan cada verano y todo el mundo participa, ahora los pueblos son espacios para cualquier celebraci\u00f3n particular, desde andadas a despedidas de soltero\/a y lo que haga falta. All\u00ed se re\u00fanen pe\u00f1as, j\u00f3venes, grupos de amigos o conocidos para comer y beber y beber y beber, y hasta para a\u00f1adir otras sustancias psicotr\u00f3picas, en sus casas, en sus espacios, sin conocer nada m\u00e1s. Ellos a su aire, sin molestias, con todo puesto.<\/p>\n<p>Por eso, las redes de narcotr\u00e1fico han potenciado sus suministros en las rutas rurales, porque ven un mercado abierto y abundante. Ya no es tan seguro dejar a los ni\u00f1os y los j\u00f3venes en los pueblos, y esta situaci\u00f3n tiene mucho que ver con los continuos robos que sufren casas, naves y granjas en todos los pueblos.<\/p>\n<p>Algunos sacan r\u00e9dito del abandono y ante esta situaci\u00f3n lo primero debe ser cuidar lo que tenemos.<\/p>\n<\/div>\n","protected":false},"excerpt":{"rendered":"<p>\u201cDespu\u00e9s de tantos a\u00f1os de llamadas desesperadas, con los datos en la mano, viendo c\u00f3mo envejec\u00eda y desaparec\u00eda la gente de nuestros pueblos d\u00eda a d\u00eda, parece que se han dado cuenta y est\u00e1n dispuestos a hacer algo. La pregunta es \u00bfqu\u00e9?, \u00bfhay remedio?\u201d &nbsp; Por Celedonio Sanz Gil La despoblaci\u00f3n parece haberse asentado en [&hellip;]<\/p>\n","protected":false},"author":13,"featured_media":954,"comment_status":"open","ping_status":"open","sticky":false,"template":"","format":"standard","meta":{"footnotes":""},"categories":[10],"tags":[],"yoast_head":"<!-- This site is optimized with the Yoast SEO plugin v24.5 - https:\/\/yoast.com\/wordpress\/plugins\/seo\/ -->\n<title>Contra la despoblaci\u00f3n falta dinero y sobran conferencias - ASAJA Valladolid<\/title>\n<meta name=\"description\" content=\"Contra la despoblaci\u00f3n falta dinero y sobran conferencias. Despu\u00e9s de tantos a\u00f1os de llamadas desesperadas, con los datos en la mano, viendo c\u00f3mo envejec\u00eda y desaparec\u00eda la gente de nuestros pueblos d\u00eda a d\u00eda, parece que se han dado cuenta y est\u00e1n dispuestos a hacer algo. La pregunta es \u00bfqu\u00e9?, \u00bfhay remedio?\u201d\" \/>\n<meta name=\"robots\" content=\"index, follow, max-snippet:-1, max-image-preview:large, max-video-preview:-1\" \/>\n<link rel=\"canonical\" href=\"https:\/\/www.asajacyl.com\/valladolid\/asaja-valladolid-informa\/opinion-asaja\/la-despoblacion-falta-dinero-sobran-conferencias\" \/>\n<meta property=\"og:locale\" content=\"es_ES\" \/>\n<meta property=\"og:type\" content=\"article\" \/>\n<meta property=\"og:title\" content=\"Contra la despoblaci\u00f3n falta dinero y sobran conferencias - ASAJA Valladolid\" \/>\n<meta property=\"og:description\" content=\"Contra la despoblaci\u00f3n falta dinero y sobran conferencias. Despu\u00e9s de tantos a\u00f1os de llamadas desesperadas, con los datos en la mano, viendo c\u00f3mo envejec\u00eda y desaparec\u00eda la gente de nuestros pueblos d\u00eda a d\u00eda, parece que se han dado cuenta y est\u00e1n dispuestos a hacer algo. La pregunta es \u00bfqu\u00e9?, \u00bfhay remedio?\u201d\" \/>\n<meta property=\"og:url\" content=\"https:\/\/www.asajacyl.com\/valladolid\/asaja-valladolid-informa\/opinion-asaja\/la-despoblacion-falta-dinero-sobran-conferencias\" \/>\n<meta property=\"og:site_name\" content=\"ASAJA Valladolid\" \/>\n<meta property=\"article:published_time\" content=\"2018-06-21T11:11:43+00:00\" \/>\n<meta property=\"og:image\" content=\"https:\/\/www.asajacyl.com\/valladolid\/wp-content\/uploads\/sites\/2\/2017\/10\/fondo_cursos.jpg\" \/>\n\t<meta property=\"og:image:width\" content=\"1920\" \/>\n\t<meta property=\"og:image:height\" content=\"1080\" \/>\n\t<meta property=\"og:image:type\" content=\"image\/jpeg\" \/>\n<meta name=\"author\" content=\"Mar\u00eda Natividad\" \/>\n<meta name=\"twitter:card\" content=\"summary_large_image\" \/>\n<meta name=\"twitter:label1\" content=\"Escrito por\" \/>\n\t<meta name=\"twitter:data1\" content=\"Mar\u00eda Natividad\" \/>\n\t<meta name=\"twitter:label2\" content=\"Tiempo de lectura\" \/>\n\t<meta name=\"twitter:data2\" content=\"7 minutos\" \/>\n<script type=\"application\/ld+json\" class=\"yoast-schema-graph\">{\"@context\":\"https:\/\/schema.org\",\"@graph\":[{\"@type\":\"WebPage\",\"@id\":\"https:\/\/www.asajacyl.com\/valladolid\/asaja-valladolid-informa\/opinion-asaja\/la-despoblacion-falta-dinero-sobran-conferencias\",\"url\":\"https:\/\/www.asajacyl.com\/valladolid\/asaja-valladolid-informa\/opinion-asaja\/la-despoblacion-falta-dinero-sobran-conferencias\",\"name\":\"Contra la despoblaci\u00f3n falta dinero y sobran conferencias - ASAJA Valladolid\",\"isPartOf\":{\"@id\":\"https:\/\/www.asajacyl.com\/valladolid\/#website\"},\"primaryImageOfPage\":{\"@id\":\"https:\/\/www.asajacyl.com\/valladolid\/asaja-valladolid-informa\/opinion-asaja\/la-despoblacion-falta-dinero-sobran-conferencias#primaryimage\"},\"image\":{\"@id\":\"https:\/\/www.asajacyl.com\/valladolid\/asaja-valladolid-informa\/opinion-asaja\/la-despoblacion-falta-dinero-sobran-conferencias#primaryimage\"},\"thumbnailUrl\":\"https:\/\/www.asajacyl.com\/valladolid\/wp-content\/uploads\/sites\/2\/2017\/10\/fondo_cursos.jpg\",\"datePublished\":\"2018-06-21T11:11:43+00:00\",\"author\":{\"@id\":\"https:\/\/www.asajacyl.com\/valladolid\/#\/schema\/person\/cf213adc3e576168b6850f7db054141e\"},\"description\":\"Contra la despoblaci\u00f3n falta dinero y sobran conferencias. Despu\u00e9s de tantos a\u00f1os de llamadas desesperadas, con los datos en la mano, viendo c\u00f3mo envejec\u00eda y desaparec\u00eda la gente de nuestros pueblos d\u00eda a d\u00eda, parece que se han dado cuenta y est\u00e1n dispuestos a hacer algo. La pregunta es \u00bfqu\u00e9?, \u00bfhay remedio?\u201d\",\"breadcrumb\":{\"@id\":\"https:\/\/www.asajacyl.com\/valladolid\/asaja-valladolid-informa\/opinion-asaja\/la-despoblacion-falta-dinero-sobran-conferencias#breadcrumb\"},\"inLanguage\":\"es\",\"potentialAction\":[{\"@type\":\"ReadAction\",\"target\":[\"https:\/\/www.asajacyl.com\/valladolid\/asaja-valladolid-informa\/opinion-asaja\/la-despoblacion-falta-dinero-sobran-conferencias\"]}]},{\"@type\":\"ImageObject\",\"inLanguage\":\"es\",\"@id\":\"https:\/\/www.asajacyl.com\/valladolid\/asaja-valladolid-informa\/opinion-asaja\/la-despoblacion-falta-dinero-sobran-conferencias#primaryimage\",\"url\":\"https:\/\/www.asajacyl.com\/valladolid\/wp-content\/uploads\/sites\/2\/2017\/10\/fondo_cursos.jpg\",\"contentUrl\":\"https:\/\/www.asajacyl.com\/valladolid\/wp-content\/uploads\/sites\/2\/2017\/10\/fondo_cursos.jpg\",\"width\":1920,\"height\":1080,\"caption\":\"Campo y carretera\"},{\"@type\":\"BreadcrumbList\",\"@id\":\"https:\/\/www.asajacyl.com\/valladolid\/asaja-valladolid-informa\/opinion-asaja\/la-despoblacion-falta-dinero-sobran-conferencias#breadcrumb\",\"itemListElement\":[{\"@type\":\"ListItem\",\"position\":1,\"name\":\"Portada\",\"item\":\"https:\/\/www.asajacyl.com\/valladolid\/\"},{\"@type\":\"ListItem\",\"position\":2,\"name\":\"Contra la despoblaci\u00f3n falta dinero y sobran conferencias\"}]},{\"@type\":\"WebSite\",\"@id\":\"https:\/\/www.asajacyl.com\/valladolid\/#website\",\"url\":\"https:\/\/www.asajacyl.com\/valladolid\/\",\"name\":\"ASAJA Valladolid\",\"description\":\"Otro sitio m\u00e1s de Provincias ASAJA Castilla y Le\u00f3n\",\"potentialAction\":[{\"@type\":\"SearchAction\",\"target\":{\"@type\":\"EntryPoint\",\"urlTemplate\":\"https:\/\/www.asajacyl.com\/valladolid\/?s={search_term_string}\"},\"query-input\":{\"@type\":\"PropertyValueSpecification\",\"valueRequired\":true,\"valueName\":\"search_term_string\"}}],\"inLanguage\":\"es\"},{\"@type\":\"Person\",\"@id\":\"https:\/\/www.asajacyl.com\/valladolid\/#\/schema\/person\/cf213adc3e576168b6850f7db054141e\",\"name\":\"Mar\u00eda Natividad\",\"image\":{\"@type\":\"ImageObject\",\"inLanguage\":\"es\",\"@id\":\"https:\/\/www.asajacyl.com\/valladolid\/#\/schema\/person\/image\/\",\"url\":\"https:\/\/secure.gravatar.com\/avatar\/7f7b3c840c2af79feac78f5eeffefc45?s=96&d=mm&r=g\",\"contentUrl\":\"https:\/\/secure.gravatar.com\/avatar\/7f7b3c840c2af79feac78f5eeffefc45?s=96&d=mm&r=g\",\"caption\":\"Mar\u00eda Natividad\"},\"url\":\"https:\/\/www.asajacyl.com\/valladolid\/author\/natividadhh\"}]}<\/script>\n<!-- \/ Yoast SEO plugin. -->","yoast_head_json":{"title":"Contra la despoblaci\u00f3n falta dinero y sobran conferencias - ASAJA Valladolid","description":"Contra la despoblaci\u00f3n falta dinero y sobran conferencias. Despu\u00e9s de tantos a\u00f1os de llamadas desesperadas, con los datos en la mano, viendo c\u00f3mo envejec\u00eda y desaparec\u00eda la gente de nuestros pueblos d\u00eda a d\u00eda, parece que se han dado cuenta y est\u00e1n dispuestos a hacer algo. La pregunta es \u00bfqu\u00e9?, \u00bfhay remedio?\u201d","robots":{"index":"index","follow":"follow","max-snippet":"max-snippet:-1","max-image-preview":"max-image-preview:large","max-video-preview":"max-video-preview:-1"},"canonical":"https:\/\/www.asajacyl.com\/valladolid\/asaja-valladolid-informa\/opinion-asaja\/la-despoblacion-falta-dinero-sobran-conferencias","og_locale":"es_ES","og_type":"article","og_title":"Contra la despoblaci\u00f3n falta dinero y sobran conferencias - ASAJA Valladolid","og_description":"Contra la despoblaci\u00f3n falta dinero y sobran conferencias. Despu\u00e9s de tantos a\u00f1os de llamadas desesperadas, con los datos en la mano, viendo c\u00f3mo envejec\u00eda y desaparec\u00eda la gente de nuestros pueblos d\u00eda a d\u00eda, parece que se han dado cuenta y est\u00e1n dispuestos a hacer algo. La pregunta es \u00bfqu\u00e9?, \u00bfhay remedio?\u201d","og_url":"https:\/\/www.asajacyl.com\/valladolid\/asaja-valladolid-informa\/opinion-asaja\/la-despoblacion-falta-dinero-sobran-conferencias","og_site_name":"ASAJA Valladolid","article_published_time":"2018-06-21T11:11:43+00:00","og_image":[{"width":1920,"height":1080,"url":"https:\/\/www.asajacyl.com\/valladolid\/wp-content\/uploads\/sites\/2\/2017\/10\/fondo_cursos.jpg","type":"image\/jpeg"}],"author":"Mar\u00eda Natividad","twitter_card":"summary_large_image","twitter_misc":{"Escrito por":"Mar\u00eda Natividad","Tiempo de lectura":"7 minutos"},"schema":{"@context":"https:\/\/schema.org","@graph":[{"@type":"WebPage","@id":"https:\/\/www.asajacyl.com\/valladolid\/asaja-valladolid-informa\/opinion-asaja\/la-despoblacion-falta-dinero-sobran-conferencias","url":"https:\/\/www.asajacyl.com\/valladolid\/asaja-valladolid-informa\/opinion-asaja\/la-despoblacion-falta-dinero-sobran-conferencias","name":"Contra la despoblaci\u00f3n falta dinero y sobran conferencias - ASAJA Valladolid","isPartOf":{"@id":"https:\/\/www.asajacyl.com\/valladolid\/#website"},"primaryImageOfPage":{"@id":"https:\/\/www.asajacyl.com\/valladolid\/asaja-valladolid-informa\/opinion-asaja\/la-despoblacion-falta-dinero-sobran-conferencias#primaryimage"},"image":{"@id":"https:\/\/www.asajacyl.com\/valladolid\/asaja-valladolid-informa\/opinion-asaja\/la-despoblacion-falta-dinero-sobran-conferencias#primaryimage"},"thumbnailUrl":"https:\/\/www.asajacyl.com\/valladolid\/wp-content\/uploads\/sites\/2\/2017\/10\/fondo_cursos.jpg","datePublished":"2018-06-21T11:11:43+00:00","author":{"@id":"https:\/\/www.asajacyl.com\/valladolid\/#\/schema\/person\/cf213adc3e576168b6850f7db054141e"},"description":"Contra la despoblaci\u00f3n falta dinero y sobran conferencias. Despu\u00e9s de tantos a\u00f1os de llamadas desesperadas, con los datos en la mano, viendo c\u00f3mo envejec\u00eda y desaparec\u00eda la gente de nuestros pueblos d\u00eda a d\u00eda, parece que se han dado cuenta y est\u00e1n dispuestos a hacer algo. La pregunta es \u00bfqu\u00e9?, \u00bfhay remedio?\u201d","breadcrumb":{"@id":"https:\/\/www.asajacyl.com\/valladolid\/asaja-valladolid-informa\/opinion-asaja\/la-despoblacion-falta-dinero-sobran-conferencias#breadcrumb"},"inLanguage":"es","potentialAction":[{"@type":"ReadAction","target":["https:\/\/www.asajacyl.com\/valladolid\/asaja-valladolid-informa\/opinion-asaja\/la-despoblacion-falta-dinero-sobran-conferencias"]}]},{"@type":"ImageObject","inLanguage":"es","@id":"https:\/\/www.asajacyl.com\/valladolid\/asaja-valladolid-informa\/opinion-asaja\/la-despoblacion-falta-dinero-sobran-conferencias#primaryimage","url":"https:\/\/www.asajacyl.com\/valladolid\/wp-content\/uploads\/sites\/2\/2017\/10\/fondo_cursos.jpg","contentUrl":"https:\/\/www.asajacyl.com\/valladolid\/wp-content\/uploads\/sites\/2\/2017\/10\/fondo_cursos.jpg","width":1920,"height":1080,"caption":"Campo y carretera"},{"@type":"BreadcrumbList","@id":"https:\/\/www.asajacyl.com\/valladolid\/asaja-valladolid-informa\/opinion-asaja\/la-despoblacion-falta-dinero-sobran-conferencias#breadcrumb","itemListElement":[{"@type":"ListItem","position":1,"name":"Portada","item":"https:\/\/www.asajacyl.com\/valladolid\/"},{"@type":"ListItem","position":2,"name":"Contra la despoblaci\u00f3n falta dinero y sobran conferencias"}]},{"@type":"WebSite","@id":"https:\/\/www.asajacyl.com\/valladolid\/#website","url":"https:\/\/www.asajacyl.com\/valladolid\/","name":"ASAJA Valladolid","description":"Otro sitio m\u00e1s de Provincias ASAJA Castilla y Le\u00f3n","potentialAction":[{"@type":"SearchAction","target":{"@type":"EntryPoint","urlTemplate":"https:\/\/www.asajacyl.com\/valladolid\/?s={search_term_string}"},"query-input":{"@type":"PropertyValueSpecification","valueRequired":true,"valueName":"search_term_string"}}],"inLanguage":"es"},{"@type":"Person","@id":"https:\/\/www.asajacyl.com\/valladolid\/#\/schema\/person\/cf213adc3e576168b6850f7db054141e","name":"Mar\u00eda Natividad","image":{"@type":"ImageObject","inLanguage":"es","@id":"https:\/\/www.asajacyl.com\/valladolid\/#\/schema\/person\/image\/","url":"https:\/\/secure.gravatar.com\/avatar\/7f7b3c840c2af79feac78f5eeffefc45?s=96&d=mm&r=g","contentUrl":"https:\/\/secure.gravatar.com\/avatar\/7f7b3c840c2af79feac78f5eeffefc45?s=96&d=mm&r=g","caption":"Mar\u00eda Natividad"},"url":"https:\/\/www.asajacyl.com\/valladolid\/author\/natividadhh"}]}},"_links":{"self":[{"href":"https:\/\/www.asajacyl.com\/valladolid\/wp-json\/wp\/v2\/posts\/1597"}],"collection":[{"href":"https:\/\/www.asajacyl.com\/valladolid\/wp-json\/wp\/v2\/posts"}],"about":[{"href":"https:\/\/www.asajacyl.com\/valladolid\/wp-json\/wp\/v2\/types\/post"}],"author":[{"embeddable":true,"href":"https:\/\/www.asajacyl.com\/valladolid\/wp-json\/wp\/v2\/users\/13"}],"replies":[{"embeddable":true,"href":"https:\/\/www.asajacyl.com\/valladolid\/wp-json\/wp\/v2\/comments?post=1597"}],"version-history":[{"count":1,"href":"https:\/\/www.asajacyl.com\/valladolid\/wp-json\/wp\/v2\/posts\/1597\/revisions"}],"predecessor-version":[{"id":1598,"href":"https:\/\/www.asajacyl.com\/valladolid\/wp-json\/wp\/v2\/posts\/1597\/revisions\/1598"}],"wp:featuredmedia":[{"embeddable":true,"href":"https:\/\/www.asajacyl.com\/valladolid\/wp-json\/wp\/v2\/media\/954"}],"wp:attachment":[{"href":"https:\/\/www.asajacyl.com\/valladolid\/wp-json\/wp\/v2\/media?parent=1597"}],"wp:term":[{"taxonomy":"category","embeddable":true,"href":"https:\/\/www.asajacyl.com\/valladolid\/wp-json\/wp\/v2\/categories?post=1597"},{"taxonomy":"post_tag","embeddable":true,"href":"https:\/\/www.asajacyl.com\/valladolid\/wp-json\/wp\/v2\/tags?post=1597"}],"curies":[{"name":"wp","href":"https:\/\/api.w.org\/{rel}","templated":true}]}}