{"id":1616,"date":"2018-07-19T11:30:53","date_gmt":"2018-07-19T11:30:53","guid":{"rendered":"https:\/\/www.asajacyl.com\/valladolid\/?p=1616"},"modified":"2018-07-23T15:24:14","modified_gmt":"2018-07-23T15:24:14","slug":"asaja-valladolid-celebra-este-lunes-23-julio-una-jornada-vinedo","status":"publish","type":"post","link":"https:\/\/www.asajacyl.com\/valladolid\/asaja-valladolid-informa\/asaja-valladolid-celebra-este-lunes-23-julio-una-jornada-vinedo","title":{"rendered":"Asaja Valladolid celebra este lunes 23 de julio una Jornada sobre Vi\u00f1edo"},"content":{"rendered":"<h2><span style=\"color: #008000\"><strong>Los agricultores conocer\u00e1n todos los detalles del esperado Plan de Reconversi\u00f3n de Vi\u00f1edo 2019-20 y los \u00faltimos avances en sanidad de la vi\u00f1a<\/strong><\/span><\/h2>\n<p style=\"text-align: justify\">Este <strong>lunes 23 de julio a partir de las 11 de la ma\u00f1ana<\/strong>, ASAJA Valladolid celebra una Jornada sobre vi\u00f1edo <strong>en la Casa de Cultura de Rueda (Calle Real, n\u00ba 25).<\/strong><\/p>\n<p style=\"text-align: justify\">En este evento, los viticultores de la provincia de Valladolid podr\u00e1n conocer\u00e1n todos los detalles del esperado Plan de Reconversi\u00f3n de Vi\u00f1edo 2019-20 del que dependen muchas de las pr\u00f3ximas plantaciones de nuestra comunidad. ASAJA Valladolid, referencia en la provincia en asesoramiento en viticultura y vi\u00f1edo desde hace a\u00f1os, informar\u00e1 de todos los detalles y requisitos necesarios que la nueva convocatoria del Plan de Reconversi\u00f3n de Vi\u00f1edo 2019-20 trae este a\u00f1o.<\/p>\n<p style=\"text-align: justify\">La jornada comenzar\u00e1 a las 11.00 de la ma\u00f1ana con la presentaci\u00f3n de la jornada a cargo del presidente de ASAJA Valladolid, <strong>Juan Ram\u00f3n Alonso<\/strong> y el presidente de la Asociaci\u00f3n de Viticultores de Rueda, <strong>Miguel \u00c1ngel Moreno<\/strong>.<\/p>\n<p style=\"text-align: justify\">A continuaci\u00f3n, inaugurar\u00e1 este acto en torno a la viticultura y la calidad de nuestros vinos, la Consejera de Agricultura y Ganader\u00eda de Castilla y Le\u00f3n, <strong>Milagros Marcos<\/strong>, para despu\u00e9s dar paso a la primera conferencia. La que impartir\u00e1, el director de General de Producci\u00f3n Agropecuaria e Infraestructuras, <strong>\u00d3scar Sayagu\u00e9s,<\/strong> que explicar\u00e1 los detalles del Plan de Reconversi\u00f3n de Vi\u00f1edo 2019-20.<\/p>\n<p style=\"text-align: justify\">Finalizada, esta intervenci\u00f3n, tomar\u00e1 la palabra sobre las 12.00 de la ma\u00f1ana, el responsable de Marketing de <strong>Sapec Agro<\/strong> de la zona Noroeste, <strong>Jorge Nu\u00f1ez Abajo,<\/strong> que nos contar\u00e1 todas las novedades de cara a mantener una vi\u00f1a sana y libre de enfermedades y plagas.<\/p>\n<p style=\"text-align: justify\">Esta jornada t\u00e9cnica sobre viticultura la clausurar\u00e1 el presidente de ASAJA Castilla y Le\u00f3n <strong>Donaciano Dujo<\/strong>.<\/p>\n<p><img loading=\"lazy\" decoding=\"async\" class=\"wp-image-1619 size-large\" src=\"https:\/\/www.asajacyl.com\/valladolid\/wp-content\/uploads\/sites\/2\/2018\/07\/Cartel-Jornada-Rueda-definitivo-684x1024.jpeg\" alt=\"Cartel Jornada Rueda definitivo\" width=\"684\" height=\"1024\" srcset=\"https:\/\/www.asajacyl.com\/valladolid\/wp-content\/uploads\/sites\/2\/2018\/07\/Cartel-Jornada-Rueda-definitivo-684x1024.jpeg 684w, https:\/\/www.asajacyl.com\/valladolid\/wp-content\/uploads\/sites\/2\/2018\/07\/Cartel-Jornada-Rueda-definitivo-200x300.jpeg 200w, https:\/\/www.asajacyl.com\/valladolid\/wp-content\/uploads\/sites\/2\/2018\/07\/Cartel-Jornada-Rueda-definitivo-768x1150.jpeg 768w, https:\/\/www.asajacyl.com\/valladolid\/wp-content\/uploads\/sites\/2\/2018\/07\/Cartel-Jornada-Rueda-definitivo-696x1043.jpeg 696w, https:\/\/www.asajacyl.com\/valladolid\/wp-content\/uploads\/sites\/2\/2018\/07\/Cartel-Jornada-Rueda-definitivo-1068x1600.jpeg 1068w, https:\/\/www.asajacyl.com\/valladolid\/wp-content\/uploads\/sites\/2\/2018\/07\/Cartel-Jornada-Rueda-definitivo-280x420.jpeg 280w, https:\/\/www.asajacyl.com\/valladolid\/wp-content\/uploads\/sites\/2\/2018\/07\/Cartel-Jornada-Rueda-definitivo.jpeg 1669w\" sizes=\"(max-width: 684px) 100vw, 684px\" \/><\/p>\n","protected":false},"excerpt":{"rendered":"<p>Los agricultores conocer\u00e1n todos los detalles del esperado Plan de Reconversi\u00f3n de Vi\u00f1edo 2019-20 y los \u00faltimos avances en sanidad de la vi\u00f1a Este lunes 23 de julio a partir de las 11 de la ma\u00f1ana, ASAJA Valladolid celebra una Jornada sobre vi\u00f1edo en la Casa de Cultura de Rueda (Calle Real, n\u00ba 25). En [&hellip;]<\/p>\n","protected":false},"author":13,"featured_media":1618,"comment_status":"open","ping_status":"open","sticky":false,"template":"","format":"standard","meta":{"footnotes":""},"categories":[8,28,9],"tags":[75,58,193,74,197,79,194,196,192,195,198,88],"yoast_head":"<!-- This site is optimized with the Yoast SEO plugin v24.5 - https:\/\/yoast.com\/wordpress\/plugins\/seo\/ -->\n<title>Asaja Valladolid celebra este lunes 23 de julio una Jornada sobre Vi\u00f1edo - ASAJA Valladolid<\/title>\n<meta name=\"description\" content=\"Asaja Valladolid celebra este lunes 23 de julio en Rueda una Jornada sobre Vi\u00f1edo. Los agricultores conocer\u00e1n todos los detalles del esperado Plan de Reconversi\u00f3n de Vi\u00f1edo 2019-20\" \/>\n<meta name=\"robots\" content=\"index, follow, max-snippet:-1, max-image-preview:large, max-video-preview:-1\" \/>\n<link rel=\"canonical\" href=\"https:\/\/www.asajacyl.com\/valladolid\/asaja-valladolid-informa\/asaja-valladolid-celebra-este-lunes-23-julio-una-jornada-vinedo\" \/>\n<meta property=\"og:locale\" content=\"es_ES\" \/>\n<meta property=\"og:type\" content=\"article\" \/>\n<meta property=\"og:title\" content=\"Asaja Valladolid celebra este lunes 23 de julio una Jornada sobre Vi\u00f1edo - ASAJA Valladolid\" \/>\n<meta property=\"og:description\" content=\"Asaja Valladolid celebra este lunes 23 de julio en Rueda una Jornada sobre Vi\u00f1edo. Los agricultores conocer\u00e1n todos los detalles del esperado Plan de Reconversi\u00f3n de Vi\u00f1edo 2019-20\" \/>\n<meta property=\"og:url\" content=\"https:\/\/www.asajacyl.com\/valladolid\/asaja-valladolid-informa\/asaja-valladolid-celebra-este-lunes-23-julio-una-jornada-vinedo\" \/>\n<meta property=\"og:site_name\" content=\"ASAJA Valladolid\" \/>\n<meta property=\"article:published_time\" content=\"2018-07-19T11:30:53+00:00\" \/>\n<meta property=\"article:modified_time\" content=\"2018-07-23T15:24:14+00:00\" \/>\n<meta property=\"og:image\" content=\"https:\/\/www.asajacyl.com\/valladolid\/wp-content\/uploads\/sites\/2\/2018\/07\/DSC_0038.jpg\" \/>\n\t<meta property=\"og:image:width\" content=\"2500\" \/>\n\t<meta property=\"og:image:height\" content=\"1667\" \/>\n\t<meta property=\"og:image:type\" content=\"image\/jpeg\" \/>\n<meta name=\"author\" content=\"Mar\u00eda Natividad\" \/>\n<meta name=\"twitter:card\" content=\"summary_large_image\" \/>\n<meta name=\"twitter:label1\" content=\"Escrito por\" \/>\n\t<meta name=\"twitter:data1\" content=\"Mar\u00eda Natividad\" \/>\n\t<meta name=\"twitter:label2\" content=\"Tiempo de lectura\" \/>\n\t<meta name=\"twitter:data2\" content=\"2 minutos\" \/>\n<script type=\"application\/ld+json\" class=\"yoast-schema-graph\">{\"@context\":\"https:\/\/schema.org\",\"@graph\":[{\"@type\":\"WebPage\",\"@id\":\"https:\/\/www.asajacyl.com\/valladolid\/asaja-valladolid-informa\/asaja-valladolid-celebra-este-lunes-23-julio-una-jornada-vinedo\",\"url\":\"https:\/\/www.asajacyl.com\/valladolid\/asaja-valladolid-informa\/asaja-valladolid-celebra-este-lunes-23-julio-una-jornada-vinedo\",\"name\":\"Asaja Valladolid celebra este lunes 23 de julio una Jornada sobre Vi\u00f1edo - ASAJA Valladolid\",\"isPartOf\":{\"@id\":\"https:\/\/www.asajacyl.com\/valladolid\/#website\"},\"primaryImageOfPage\":{\"@id\":\"https:\/\/www.asajacyl.com\/valladolid\/asaja-valladolid-informa\/asaja-valladolid-celebra-este-lunes-23-julio-una-jornada-vinedo#primaryimage\"},\"image\":{\"@id\":\"https:\/\/www.asajacyl.com\/valladolid\/asaja-valladolid-informa\/asaja-valladolid-celebra-este-lunes-23-julio-una-jornada-vinedo#primaryimage\"},\"thumbnailUrl\":\"https:\/\/www.asajacyl.com\/valladolid\/wp-content\/uploads\/sites\/2\/2018\/07\/DSC_0038.jpg\",\"datePublished\":\"2018-07-19T11:30:53+00:00\",\"dateModified\":\"2018-07-23T15:24:14+00:00\",\"author\":{\"@id\":\"https:\/\/www.asajacyl.com\/valladolid\/#\/schema\/person\/cf213adc3e576168b6850f7db054141e\"},\"description\":\"Asaja Valladolid celebra este lunes 23 de julio en Rueda una Jornada sobre Vi\u00f1edo. Los agricultores conocer\u00e1n todos los detalles del esperado Plan de Reconversi\u00f3n de Vi\u00f1edo 2019-20\",\"breadcrumb\":{\"@id\":\"https:\/\/www.asajacyl.com\/valladolid\/asaja-valladolid-informa\/asaja-valladolid-celebra-este-lunes-23-julio-una-jornada-vinedo#breadcrumb\"},\"inLanguage\":\"es\",\"potentialAction\":[{\"@type\":\"ReadAction\",\"target\":[\"https:\/\/www.asajacyl.com\/valladolid\/asaja-valladolid-informa\/asaja-valladolid-celebra-este-lunes-23-julio-una-jornada-vinedo\"]}]},{\"@type\":\"ImageObject\",\"inLanguage\":\"es\",\"@id\":\"https:\/\/www.asajacyl.com\/valladolid\/asaja-valladolid-informa\/asaja-valladolid-celebra-este-lunes-23-julio-una-jornada-vinedo#primaryimage\",\"url\":\"https:\/\/www.asajacyl.com\/valladolid\/wp-content\/uploads\/sites\/2\/2018\/07\/DSC_0038.jpg\",\"contentUrl\":\"https:\/\/www.asajacyl.com\/valladolid\/wp-content\/uploads\/sites\/2\/2018\/07\/DSC_0038.jpg\",\"width\":2500,\"height\":1667,\"caption\":\"Asaja Valladolid celebra este lunes 23 de julio en Rueda una Jornada sobre Vi\u00f1edo\"},{\"@type\":\"BreadcrumbList\",\"@id\":\"https:\/\/www.asajacyl.com\/valladolid\/asaja-valladolid-informa\/asaja-valladolid-celebra-este-lunes-23-julio-una-jornada-vinedo#breadcrumb\",\"itemListElement\":[{\"@type\":\"ListItem\",\"position\":1,\"name\":\"Portada\",\"item\":\"https:\/\/www.asajacyl.com\/valladolid\/\"},{\"@type\":\"ListItem\",\"position\":2,\"name\":\"Asaja Valladolid celebra este lunes 23 de julio una Jornada sobre Vi\u00f1edo\"}]},{\"@type\":\"WebSite\",\"@id\":\"https:\/\/www.asajacyl.com\/valladolid\/#website\",\"url\":\"https:\/\/www.asajacyl.com\/valladolid\/\",\"name\":\"ASAJA Valladolid\",\"description\":\"Otro sitio m\u00e1s de Provincias ASAJA Castilla y Le\u00f3n\",\"potentialAction\":[{\"@type\":\"SearchAction\",\"target\":{\"@type\":\"EntryPoint\",\"urlTemplate\":\"https:\/\/www.asajacyl.com\/valladolid\/?s={search_term_string}\"},\"query-input\":{\"@type\":\"PropertyValueSpecification\",\"valueRequired\":true,\"valueName\":\"search_term_string\"}}],\"inLanguage\":\"es\"},{\"@type\":\"Person\",\"@id\":\"https:\/\/www.asajacyl.com\/valladolid\/#\/schema\/person\/cf213adc3e576168b6850f7db054141e\",\"name\":\"Mar\u00eda Natividad\",\"image\":{\"@type\":\"ImageObject\",\"inLanguage\":\"es\",\"@id\":\"https:\/\/www.asajacyl.com\/valladolid\/#\/schema\/person\/image\/\",\"url\":\"https:\/\/secure.gravatar.com\/avatar\/7f7b3c840c2af79feac78f5eeffefc45?s=96&d=mm&r=g\",\"contentUrl\":\"https:\/\/secure.gravatar.com\/avatar\/7f7b3c840c2af79feac78f5eeffefc45?s=96&d=mm&r=g\",\"caption\":\"Mar\u00eda Natividad\"},\"url\":\"https:\/\/www.asajacyl.com\/valladolid\/author\/natividadhh\"}]}<\/script>\n<!-- \/ Yoast SEO plugin. -->","yoast_head_json":{"title":"Asaja Valladolid celebra este lunes 23 de julio una Jornada sobre Vi\u00f1edo - ASAJA Valladolid","description":"Asaja Valladolid celebra este lunes 23 de julio en Rueda una Jornada sobre Vi\u00f1edo. Los agricultores conocer\u00e1n todos los detalles del esperado Plan de Reconversi\u00f3n de Vi\u00f1edo 2019-20","robots":{"index":"index","follow":"follow","max-snippet":"max-snippet:-1","max-image-preview":"max-image-preview:large","max-video-preview":"max-video-preview:-1"},"canonical":"https:\/\/www.asajacyl.com\/valladolid\/asaja-valladolid-informa\/asaja-valladolid-celebra-este-lunes-23-julio-una-jornada-vinedo","og_locale":"es_ES","og_type":"article","og_title":"Asaja Valladolid celebra este lunes 23 de julio una Jornada sobre Vi\u00f1edo - ASAJA Valladolid","og_description":"Asaja Valladolid celebra este lunes 23 de julio en Rueda una Jornada sobre Vi\u00f1edo. Los agricultores conocer\u00e1n todos los detalles del esperado Plan de Reconversi\u00f3n de Vi\u00f1edo 2019-20","og_url":"https:\/\/www.asajacyl.com\/valladolid\/asaja-valladolid-informa\/asaja-valladolid-celebra-este-lunes-23-julio-una-jornada-vinedo","og_site_name":"ASAJA Valladolid","article_published_time":"2018-07-19T11:30:53+00:00","article_modified_time":"2018-07-23T15:24:14+00:00","og_image":[{"width":2500,"height":1667,"url":"https:\/\/www.asajacyl.com\/valladolid\/wp-content\/uploads\/sites\/2\/2018\/07\/DSC_0038.jpg","type":"image\/jpeg"}],"author":"Mar\u00eda Natividad","twitter_card":"summary_large_image","twitter_misc":{"Escrito por":"Mar\u00eda Natividad","Tiempo de lectura":"2 minutos"},"schema":{"@context":"https:\/\/schema.org","@graph":[{"@type":"WebPage","@id":"https:\/\/www.asajacyl.com\/valladolid\/asaja-valladolid-informa\/asaja-valladolid-celebra-este-lunes-23-julio-una-jornada-vinedo","url":"https:\/\/www.asajacyl.com\/valladolid\/asaja-valladolid-informa\/asaja-valladolid-celebra-este-lunes-23-julio-una-jornada-vinedo","name":"Asaja Valladolid celebra este lunes 23 de julio una Jornada sobre Vi\u00f1edo - ASAJA Valladolid","isPartOf":{"@id":"https:\/\/www.asajacyl.com\/valladolid\/#website"},"primaryImageOfPage":{"@id":"https:\/\/www.asajacyl.com\/valladolid\/asaja-valladolid-informa\/asaja-valladolid-celebra-este-lunes-23-julio-una-jornada-vinedo#primaryimage"},"image":{"@id":"https:\/\/www.asajacyl.com\/valladolid\/asaja-valladolid-informa\/asaja-valladolid-celebra-este-lunes-23-julio-una-jornada-vinedo#primaryimage"},"thumbnailUrl":"https:\/\/www.asajacyl.com\/valladolid\/wp-content\/uploads\/sites\/2\/2018\/07\/DSC_0038.jpg","datePublished":"2018-07-19T11:30:53+00:00","dateModified":"2018-07-23T15:24:14+00:00","author":{"@id":"https:\/\/www.asajacyl.com\/valladolid\/#\/schema\/person\/cf213adc3e576168b6850f7db054141e"},"description":"Asaja Valladolid celebra este lunes 23 de julio en Rueda una Jornada sobre Vi\u00f1edo. Los agricultores conocer\u00e1n todos los detalles del esperado Plan de Reconversi\u00f3n de Vi\u00f1edo 2019-20","breadcrumb":{"@id":"https:\/\/www.asajacyl.com\/valladolid\/asaja-valladolid-informa\/asaja-valladolid-celebra-este-lunes-23-julio-una-jornada-vinedo#breadcrumb"},"inLanguage":"es","potentialAction":[{"@type":"ReadAction","target":["https:\/\/www.asajacyl.com\/valladolid\/asaja-valladolid-informa\/asaja-valladolid-celebra-este-lunes-23-julio-una-jornada-vinedo"]}]},{"@type":"ImageObject","inLanguage":"es","@id":"https:\/\/www.asajacyl.com\/valladolid\/asaja-valladolid-informa\/asaja-valladolid-celebra-este-lunes-23-julio-una-jornada-vinedo#primaryimage","url":"https:\/\/www.asajacyl.com\/valladolid\/wp-content\/uploads\/sites\/2\/2018\/07\/DSC_0038.jpg","contentUrl":"https:\/\/www.asajacyl.com\/valladolid\/wp-content\/uploads\/sites\/2\/2018\/07\/DSC_0038.jpg","width":2500,"height":1667,"caption":"Asaja Valladolid celebra este lunes 23 de julio en Rueda una Jornada sobre Vi\u00f1edo"},{"@type":"BreadcrumbList","@id":"https:\/\/www.asajacyl.com\/valladolid\/asaja-valladolid-informa\/asaja-valladolid-celebra-este-lunes-23-julio-una-jornada-vinedo#breadcrumb","itemListElement":[{"@type":"ListItem","position":1,"name":"Portada","item":"https:\/\/www.asajacyl.com\/valladolid\/"},{"@type":"ListItem","position":2,"name":"Asaja Valladolid celebra este lunes 23 de julio una Jornada sobre Vi\u00f1edo"}]},{"@type":"WebSite","@id":"https:\/\/www.asajacyl.com\/valladolid\/#website","url":"https:\/\/www.asajacyl.com\/valladolid\/","name":"ASAJA Valladolid","description":"Otro sitio m\u00e1s de Provincias ASAJA Castilla y Le\u00f3n","potentialAction":[{"@type":"SearchAction","target":{"@type":"EntryPoint","urlTemplate":"https:\/\/www.asajacyl.com\/valladolid\/?s={search_term_string}"},"query-input":{"@type":"PropertyValueSpecification","valueRequired":true,"valueName":"search_term_string"}}],"inLanguage":"es"},{"@type":"Person","@id":"https:\/\/www.asajacyl.com\/valladolid\/#\/schema\/person\/cf213adc3e576168b6850f7db054141e","name":"Mar\u00eda Natividad","image":{"@type":"ImageObject","inLanguage":"es","@id":"https:\/\/www.asajacyl.com\/valladolid\/#\/schema\/person\/image\/","url":"https:\/\/secure.gravatar.com\/avatar\/7f7b3c840c2af79feac78f5eeffefc45?s=96&d=mm&r=g","contentUrl":"https:\/\/secure.gravatar.com\/avatar\/7f7b3c840c2af79feac78f5eeffefc45?s=96&d=mm&r=g","caption":"Mar\u00eda Natividad"},"url":"https:\/\/www.asajacyl.com\/valladolid\/author\/natividadhh"}]}},"_links":{"self":[{"href":"https:\/\/www.asajacyl.com\/valladolid\/wp-json\/wp\/v2\/posts\/1616"}],"collection":[{"href":"https:\/\/www.asajacyl.com\/valladolid\/wp-json\/wp\/v2\/posts"}],"about":[{"href":"https:\/\/www.asajacyl.com\/valladolid\/wp-json\/wp\/v2\/types\/post"}],"author":[{"embeddable":true,"href":"https:\/\/www.asajacyl.com\/valladolid\/wp-json\/wp\/v2\/users\/13"}],"replies":[{"embeddable":true,"href":"https:\/\/www.asajacyl.com\/valladolid\/wp-json\/wp\/v2\/comments?post=1616"}],"version-history":[{"count":2,"href":"https:\/\/www.asajacyl.com\/valladolid\/wp-json\/wp\/v2\/posts\/1616\/revisions"}],"predecessor-version":[{"id":1620,"href":"https:\/\/www.asajacyl.com\/valladolid\/wp-json\/wp\/v2\/posts\/1616\/revisions\/1620"}],"wp:featuredmedia":[{"embeddable":true,"href":"https:\/\/www.asajacyl.com\/valladolid\/wp-json\/wp\/v2\/media\/1618"}],"wp:attachment":[{"href":"https:\/\/www.asajacyl.com\/valladolid\/wp-json\/wp\/v2\/media?parent=1616"}],"wp:term":[{"taxonomy":"category","embeddable":true,"href":"https:\/\/www.asajacyl.com\/valladolid\/wp-json\/wp\/v2\/categories?post=1616"},{"taxonomy":"post_tag","embeddable":true,"href":"https:\/\/www.asajacyl.com\/valladolid\/wp-json\/wp\/v2\/tags?post=1616"}],"curies":[{"name":"wp","href":"https:\/\/api.w.org\/{rel}","templated":true}]}}