{"id":1674,"date":"2018-09-12T08:15:33","date_gmt":"2018-09-12T08:15:33","guid":{"rendered":"https:\/\/www.asajacyl.com\/valladolid\/?p=1674"},"modified":"2018-10-17T05:42:46","modified_gmt":"2018-10-17T05:42:46","slug":"asaja-valladolid-abre-el-plazo-para-apuntarse-a-sus-cursos-de-siembra-directa","status":"publish","type":"post","link":"https:\/\/www.asajacyl.com\/valladolid\/asaja-valladolid-informa\/asaja-valladolid-abre-el-plazo-para-apuntarse-a-sus-cursos-de-siembra-directa","title":{"rendered":"ASAJA VALLADOLID abre el plazo para apuntarse a sus cursos de siembra directa"},"content":{"rendered":"<h2><span style=\"color: #003300\"><strong>El primero tendr\u00e1 lugar en Valladolid del 1 al 5 de octubre en horario de 16.00 a 20.00 horas<\/strong><\/span><\/h2>\n<p style=\"text-align: justify\">ASAJA Valladolid, en colaboraci\u00f3n con la Asociaci\u00f3n Vallisoletana de Agricultura de Conservaci\u00f3n, AVAC, va a empezar a ofrecer unos cursos sobre siembra directa.<\/p>\n<p style=\"text-align: justify\">De 20 horas de duraci\u00f3n, se profundizar\u00e1 sobre los principios agron\u00f3micos y econ\u00f3micos de esta t\u00e9cnica. Los agricultores conocer\u00e1n a trav\u00e9s de los mejores expertos del territorio nacional tanto la teor\u00eda como la pr\u00e1ctica de esta t\u00e9cnica que esta en auge y la futura PAC quiere potenciar.<\/p>\n<p style=\"text-align: justify\"><strong>El primero tendr\u00e1 lugar en Valladolid del 1 al 5 de octubre en horario de 16.00 a 20.00 horas<\/strong>. Todos los interesados <span style=\"color: #003300\"><strong>ya pueden reservar su plaza en la oficina central de ASAJA VALLADOLID en la Plaza Madrid o en el tel\u00e9fono 983 203 371. Las plazas son limitadas.<\/strong><\/span><\/p>\n<p style=\"text-align: justify\">Una vez m\u00e1s, la nueva junta directiva persigue ir formando a nuestros agricultores y ganaderos en aquellos aspectos interesantes de nuestro sector, para fomentar la competitividad de sus explotaciones. De ah\u00ed, este tipo de iniciativas y cursos que se van a realizar y otros m\u00e1s que os anunciaremos en breve.<\/p>\n<p><img loading=\"lazy\" decoding=\"async\" class=\"wp-image-1677 size-large\" src=\"https:\/\/www.asajacyl.com\/valladolid\/wp-content\/uploads\/sites\/2\/2018\/09\/foto-noticia-siembra-directa-1024x768.jpg\" alt=\"ASAJA VALLADOLID abre el plazo para apuntarse a sus cursos de siembra directa\" width=\"696\" height=\"522\" srcset=\"https:\/\/www.asajacyl.com\/valladolid\/wp-content\/uploads\/sites\/2\/2018\/09\/foto-noticia-siembra-directa-1024x768.jpg 1024w, https:\/\/www.asajacyl.com\/valladolid\/wp-content\/uploads\/sites\/2\/2018\/09\/foto-noticia-siembra-directa-300x225.jpg 300w, https:\/\/www.asajacyl.com\/valladolid\/wp-content\/uploads\/sites\/2\/2018\/09\/foto-noticia-siembra-directa-768x576.jpg 768w, https:\/\/www.asajacyl.com\/valladolid\/wp-content\/uploads\/sites\/2\/2018\/09\/foto-noticia-siembra-directa-80x60.jpg 80w, https:\/\/www.asajacyl.com\/valladolid\/wp-content\/uploads\/sites\/2\/2018\/09\/foto-noticia-siembra-directa-696x522.jpg 696w, https:\/\/www.asajacyl.com\/valladolid\/wp-content\/uploads\/sites\/2\/2018\/09\/foto-noticia-siembra-directa-1068x801.jpg 1068w, https:\/\/www.asajacyl.com\/valladolid\/wp-content\/uploads\/sites\/2\/2018\/09\/foto-noticia-siembra-directa-560x420.jpg 560w, https:\/\/www.asajacyl.com\/valladolid\/wp-content\/uploads\/sites\/2\/2018\/09\/foto-noticia-siembra-directa.jpg 1600w\" sizes=\"(max-width: 696px) 100vw, 696px\" \/><\/p>\n","protected":false},"excerpt":{"rendered":"<p>El primero tendr\u00e1 lugar en Valladolid del 1 al 5 de octubre en horario de 16.00 a 20.00 horas ASAJA Valladolid, en colaboraci\u00f3n con la Asociaci\u00f3n Vallisoletana de Agricultura de Conservaci\u00f3n, AVAC, va a empezar a ofrecer unos cursos sobre siembra directa. De 20 horas de duraci\u00f3n, se profundizar\u00e1 sobre los principios agron\u00f3micos y econ\u00f3micos [&hellip;]<\/p>\n","protected":false},"author":13,"featured_media":1677,"comment_status":"open","ping_status":"open","sticky":false,"template":"","format":"standard","meta":{"footnotes":""},"categories":[8,28,9],"tags":[230,58,229,231,228],"yoast_head":"<!-- This site is optimized with the Yoast SEO plugin v24.5 - https:\/\/yoast.com\/wordpress\/plugins\/seo\/ -->\n<title>ASAJA VALLADOLID abre el plazo para apuntarse a sus cursos de siembra directa - ASAJA Valladolid<\/title>\n<meta name=\"description\" content=\"ASAJA VALLADOLID abre el plazo para apuntarse a sus cursos de siembra directa. El primero tendr\u00e1 lugar en Valladolid del 1 al 5 de octubre en horario de 16.00 a 20.00 horas\" \/>\n<meta name=\"robots\" content=\"index, follow, max-snippet:-1, max-image-preview:large, max-video-preview:-1\" \/>\n<link rel=\"canonical\" href=\"https:\/\/www.asajacyl.com\/valladolid\/asaja-valladolid-informa\/asaja-valladolid-abre-el-plazo-para-apuntarse-a-sus-cursos-de-siembra-directa\" \/>\n<meta property=\"og:locale\" content=\"es_ES\" \/>\n<meta property=\"og:type\" content=\"article\" \/>\n<meta property=\"og:title\" content=\"ASAJA VALLADOLID abre el plazo para apuntarse a sus cursos de siembra directa - ASAJA Valladolid\" \/>\n<meta property=\"og:description\" content=\"ASAJA VALLADOLID abre el plazo para apuntarse a sus cursos de siembra directa. El primero tendr\u00e1 lugar en Valladolid del 1 al 5 de octubre en horario de 16.00 a 20.00 horas\" \/>\n<meta property=\"og:url\" content=\"https:\/\/www.asajacyl.com\/valladolid\/asaja-valladolid-informa\/asaja-valladolid-abre-el-plazo-para-apuntarse-a-sus-cursos-de-siembra-directa\" \/>\n<meta property=\"og:site_name\" content=\"ASAJA Valladolid\" \/>\n<meta property=\"article:published_time\" content=\"2018-09-12T08:15:33+00:00\" \/>\n<meta property=\"article:modified_time\" content=\"2018-10-17T05:42:46+00:00\" \/>\n<meta property=\"og:image\" content=\"https:\/\/www.asajacyl.com\/valladolid\/wp-content\/uploads\/sites\/2\/2018\/09\/foto-noticia-siembra-directa.jpg\" \/>\n\t<meta property=\"og:image:width\" content=\"1600\" \/>\n\t<meta property=\"og:image:height\" content=\"1200\" \/>\n\t<meta property=\"og:image:type\" content=\"image\/jpeg\" \/>\n<meta name=\"author\" content=\"Mar\u00eda Natividad\" \/>\n<meta name=\"twitter:card\" content=\"summary_large_image\" \/>\n<meta name=\"twitter:label1\" content=\"Escrito por\" \/>\n\t<meta name=\"twitter:data1\" content=\"Mar\u00eda Natividad\" \/>\n\t<meta name=\"twitter:label2\" content=\"Tiempo de lectura\" \/>\n\t<meta name=\"twitter:data2\" content=\"1 minuto\" \/>\n<script type=\"application\/ld+json\" class=\"yoast-schema-graph\">{\"@context\":\"https:\/\/schema.org\",\"@graph\":[{\"@type\":\"WebPage\",\"@id\":\"https:\/\/www.asajacyl.com\/valladolid\/asaja-valladolid-informa\/asaja-valladolid-abre-el-plazo-para-apuntarse-a-sus-cursos-de-siembra-directa\",\"url\":\"https:\/\/www.asajacyl.com\/valladolid\/asaja-valladolid-informa\/asaja-valladolid-abre-el-plazo-para-apuntarse-a-sus-cursos-de-siembra-directa\",\"name\":\"ASAJA VALLADOLID abre el plazo para apuntarse a sus cursos de siembra directa - ASAJA Valladolid\",\"isPartOf\":{\"@id\":\"https:\/\/www.asajacyl.com\/valladolid\/#website\"},\"primaryImageOfPage\":{\"@id\":\"https:\/\/www.asajacyl.com\/valladolid\/asaja-valladolid-informa\/asaja-valladolid-abre-el-plazo-para-apuntarse-a-sus-cursos-de-siembra-directa#primaryimage\"},\"image\":{\"@id\":\"https:\/\/www.asajacyl.com\/valladolid\/asaja-valladolid-informa\/asaja-valladolid-abre-el-plazo-para-apuntarse-a-sus-cursos-de-siembra-directa#primaryimage\"},\"thumbnailUrl\":\"https:\/\/www.asajacyl.com\/valladolid\/wp-content\/uploads\/sites\/2\/2018\/09\/foto-noticia-siembra-directa.jpg\",\"datePublished\":\"2018-09-12T08:15:33+00:00\",\"dateModified\":\"2018-10-17T05:42:46+00:00\",\"author\":{\"@id\":\"https:\/\/www.asajacyl.com\/valladolid\/#\/schema\/person\/cf213adc3e576168b6850f7db054141e\"},\"description\":\"ASAJA VALLADOLID abre el plazo para apuntarse a sus cursos de siembra directa. El primero tendr\u00e1 lugar en Valladolid del 1 al 5 de octubre en horario de 16.00 a 20.00 horas\",\"breadcrumb\":{\"@id\":\"https:\/\/www.asajacyl.com\/valladolid\/asaja-valladolid-informa\/asaja-valladolid-abre-el-plazo-para-apuntarse-a-sus-cursos-de-siembra-directa#breadcrumb\"},\"inLanguage\":\"es\",\"potentialAction\":[{\"@type\":\"ReadAction\",\"target\":[\"https:\/\/www.asajacyl.com\/valladolid\/asaja-valladolid-informa\/asaja-valladolid-abre-el-plazo-para-apuntarse-a-sus-cursos-de-siembra-directa\"]}]},{\"@type\":\"ImageObject\",\"inLanguage\":\"es\",\"@id\":\"https:\/\/www.asajacyl.com\/valladolid\/asaja-valladolid-informa\/asaja-valladolid-abre-el-plazo-para-apuntarse-a-sus-cursos-de-siembra-directa#primaryimage\",\"url\":\"https:\/\/www.asajacyl.com\/valladolid\/wp-content\/uploads\/sites\/2\/2018\/09\/foto-noticia-siembra-directa.jpg\",\"contentUrl\":\"https:\/\/www.asajacyl.com\/valladolid\/wp-content\/uploads\/sites\/2\/2018\/09\/foto-noticia-siembra-directa.jpg\",\"width\":1600,\"height\":1200,\"caption\":\"ASAJA VALLADOLID abre el plazo para apuntarse a sus cursos de siembra directa\"},{\"@type\":\"BreadcrumbList\",\"@id\":\"https:\/\/www.asajacyl.com\/valladolid\/asaja-valladolid-informa\/asaja-valladolid-abre-el-plazo-para-apuntarse-a-sus-cursos-de-siembra-directa#breadcrumb\",\"itemListElement\":[{\"@type\":\"ListItem\",\"position\":1,\"name\":\"Portada\",\"item\":\"https:\/\/www.asajacyl.com\/valladolid\/\"},{\"@type\":\"ListItem\",\"position\":2,\"name\":\"ASAJA VALLADOLID abre el plazo para apuntarse a sus cursos de siembra directa\"}]},{\"@type\":\"WebSite\",\"@id\":\"https:\/\/www.asajacyl.com\/valladolid\/#website\",\"url\":\"https:\/\/www.asajacyl.com\/valladolid\/\",\"name\":\"ASAJA Valladolid\",\"description\":\"Otro sitio m\u00e1s de Provincias ASAJA Castilla y Le\u00f3n\",\"potentialAction\":[{\"@type\":\"SearchAction\",\"target\":{\"@type\":\"EntryPoint\",\"urlTemplate\":\"https:\/\/www.asajacyl.com\/valladolid\/?s={search_term_string}\"},\"query-input\":{\"@type\":\"PropertyValueSpecification\",\"valueRequired\":true,\"valueName\":\"search_term_string\"}}],\"inLanguage\":\"es\"},{\"@type\":\"Person\",\"@id\":\"https:\/\/www.asajacyl.com\/valladolid\/#\/schema\/person\/cf213adc3e576168b6850f7db054141e\",\"name\":\"Mar\u00eda Natividad\",\"image\":{\"@type\":\"ImageObject\",\"inLanguage\":\"es\",\"@id\":\"https:\/\/www.asajacyl.com\/valladolid\/#\/schema\/person\/image\/\",\"url\":\"https:\/\/secure.gravatar.com\/avatar\/7f7b3c840c2af79feac78f5eeffefc45?s=96&d=mm&r=g\",\"contentUrl\":\"https:\/\/secure.gravatar.com\/avatar\/7f7b3c840c2af79feac78f5eeffefc45?s=96&d=mm&r=g\",\"caption\":\"Mar\u00eda Natividad\"},\"url\":\"https:\/\/www.asajacyl.com\/valladolid\/author\/natividadhh\"}]}<\/script>\n<!-- \/ Yoast SEO plugin. -->","yoast_head_json":{"title":"ASAJA VALLADOLID abre el plazo para apuntarse a sus cursos de siembra directa - ASAJA Valladolid","description":"ASAJA VALLADOLID abre el plazo para apuntarse a sus cursos de siembra directa. El primero tendr\u00e1 lugar en Valladolid del 1 al 5 de octubre en horario de 16.00 a 20.00 horas","robots":{"index":"index","follow":"follow","max-snippet":"max-snippet:-1","max-image-preview":"max-image-preview:large","max-video-preview":"max-video-preview:-1"},"canonical":"https:\/\/www.asajacyl.com\/valladolid\/asaja-valladolid-informa\/asaja-valladolid-abre-el-plazo-para-apuntarse-a-sus-cursos-de-siembra-directa","og_locale":"es_ES","og_type":"article","og_title":"ASAJA VALLADOLID abre el plazo para apuntarse a sus cursos de siembra directa - ASAJA Valladolid","og_description":"ASAJA VALLADOLID abre el plazo para apuntarse a sus cursos de siembra directa. El primero tendr\u00e1 lugar en Valladolid del 1 al 5 de octubre en horario de 16.00 a 20.00 horas","og_url":"https:\/\/www.asajacyl.com\/valladolid\/asaja-valladolid-informa\/asaja-valladolid-abre-el-plazo-para-apuntarse-a-sus-cursos-de-siembra-directa","og_site_name":"ASAJA Valladolid","article_published_time":"2018-09-12T08:15:33+00:00","article_modified_time":"2018-10-17T05:42:46+00:00","og_image":[{"width":1600,"height":1200,"url":"https:\/\/www.asajacyl.com\/valladolid\/wp-content\/uploads\/sites\/2\/2018\/09\/foto-noticia-siembra-directa.jpg","type":"image\/jpeg"}],"author":"Mar\u00eda Natividad","twitter_card":"summary_large_image","twitter_misc":{"Escrito por":"Mar\u00eda Natividad","Tiempo de lectura":"1 minuto"},"schema":{"@context":"https:\/\/schema.org","@graph":[{"@type":"WebPage","@id":"https:\/\/www.asajacyl.com\/valladolid\/asaja-valladolid-informa\/asaja-valladolid-abre-el-plazo-para-apuntarse-a-sus-cursos-de-siembra-directa","url":"https:\/\/www.asajacyl.com\/valladolid\/asaja-valladolid-informa\/asaja-valladolid-abre-el-plazo-para-apuntarse-a-sus-cursos-de-siembra-directa","name":"ASAJA VALLADOLID abre el plazo para apuntarse a sus cursos de siembra directa - ASAJA Valladolid","isPartOf":{"@id":"https:\/\/www.asajacyl.com\/valladolid\/#website"},"primaryImageOfPage":{"@id":"https:\/\/www.asajacyl.com\/valladolid\/asaja-valladolid-informa\/asaja-valladolid-abre-el-plazo-para-apuntarse-a-sus-cursos-de-siembra-directa#primaryimage"},"image":{"@id":"https:\/\/www.asajacyl.com\/valladolid\/asaja-valladolid-informa\/asaja-valladolid-abre-el-plazo-para-apuntarse-a-sus-cursos-de-siembra-directa#primaryimage"},"thumbnailUrl":"https:\/\/www.asajacyl.com\/valladolid\/wp-content\/uploads\/sites\/2\/2018\/09\/foto-noticia-siembra-directa.jpg","datePublished":"2018-09-12T08:15:33+00:00","dateModified":"2018-10-17T05:42:46+00:00","author":{"@id":"https:\/\/www.asajacyl.com\/valladolid\/#\/schema\/person\/cf213adc3e576168b6850f7db054141e"},"description":"ASAJA VALLADOLID abre el plazo para apuntarse a sus cursos de siembra directa. El primero tendr\u00e1 lugar en Valladolid del 1 al 5 de octubre en horario de 16.00 a 20.00 horas","breadcrumb":{"@id":"https:\/\/www.asajacyl.com\/valladolid\/asaja-valladolid-informa\/asaja-valladolid-abre-el-plazo-para-apuntarse-a-sus-cursos-de-siembra-directa#breadcrumb"},"inLanguage":"es","potentialAction":[{"@type":"ReadAction","target":["https:\/\/www.asajacyl.com\/valladolid\/asaja-valladolid-informa\/asaja-valladolid-abre-el-plazo-para-apuntarse-a-sus-cursos-de-siembra-directa"]}]},{"@type":"ImageObject","inLanguage":"es","@id":"https:\/\/www.asajacyl.com\/valladolid\/asaja-valladolid-informa\/asaja-valladolid-abre-el-plazo-para-apuntarse-a-sus-cursos-de-siembra-directa#primaryimage","url":"https:\/\/www.asajacyl.com\/valladolid\/wp-content\/uploads\/sites\/2\/2018\/09\/foto-noticia-siembra-directa.jpg","contentUrl":"https:\/\/www.asajacyl.com\/valladolid\/wp-content\/uploads\/sites\/2\/2018\/09\/foto-noticia-siembra-directa.jpg","width":1600,"height":1200,"caption":"ASAJA VALLADOLID abre el plazo para apuntarse a sus cursos de siembra directa"},{"@type":"BreadcrumbList","@id":"https:\/\/www.asajacyl.com\/valladolid\/asaja-valladolid-informa\/asaja-valladolid-abre-el-plazo-para-apuntarse-a-sus-cursos-de-siembra-directa#breadcrumb","itemListElement":[{"@type":"ListItem","position":1,"name":"Portada","item":"https:\/\/www.asajacyl.com\/valladolid\/"},{"@type":"ListItem","position":2,"name":"ASAJA VALLADOLID abre el plazo para apuntarse a sus cursos de siembra directa"}]},{"@type":"WebSite","@id":"https:\/\/www.asajacyl.com\/valladolid\/#website","url":"https:\/\/www.asajacyl.com\/valladolid\/","name":"ASAJA Valladolid","description":"Otro sitio m\u00e1s de Provincias ASAJA Castilla y Le\u00f3n","potentialAction":[{"@type":"SearchAction","target":{"@type":"EntryPoint","urlTemplate":"https:\/\/www.asajacyl.com\/valladolid\/?s={search_term_string}"},"query-input":{"@type":"PropertyValueSpecification","valueRequired":true,"valueName":"search_term_string"}}],"inLanguage":"es"},{"@type":"Person","@id":"https:\/\/www.asajacyl.com\/valladolid\/#\/schema\/person\/cf213adc3e576168b6850f7db054141e","name":"Mar\u00eda Natividad","image":{"@type":"ImageObject","inLanguage":"es","@id":"https:\/\/www.asajacyl.com\/valladolid\/#\/schema\/person\/image\/","url":"https:\/\/secure.gravatar.com\/avatar\/7f7b3c840c2af79feac78f5eeffefc45?s=96&d=mm&r=g","contentUrl":"https:\/\/secure.gravatar.com\/avatar\/7f7b3c840c2af79feac78f5eeffefc45?s=96&d=mm&r=g","caption":"Mar\u00eda Natividad"},"url":"https:\/\/www.asajacyl.com\/valladolid\/author\/natividadhh"}]}},"_links":{"self":[{"href":"https:\/\/www.asajacyl.com\/valladolid\/wp-json\/wp\/v2\/posts\/1674"}],"collection":[{"href":"https:\/\/www.asajacyl.com\/valladolid\/wp-json\/wp\/v2\/posts"}],"about":[{"href":"https:\/\/www.asajacyl.com\/valladolid\/wp-json\/wp\/v2\/types\/post"}],"author":[{"embeddable":true,"href":"https:\/\/www.asajacyl.com\/valladolid\/wp-json\/wp\/v2\/users\/13"}],"replies":[{"embeddable":true,"href":"https:\/\/www.asajacyl.com\/valladolid\/wp-json\/wp\/v2\/comments?post=1674"}],"version-history":[{"count":3,"href":"https:\/\/www.asajacyl.com\/valladolid\/wp-json\/wp\/v2\/posts\/1674\/revisions"}],"predecessor-version":[{"id":1678,"href":"https:\/\/www.asajacyl.com\/valladolid\/wp-json\/wp\/v2\/posts\/1674\/revisions\/1678"}],"wp:featuredmedia":[{"embeddable":true,"href":"https:\/\/www.asajacyl.com\/valladolid\/wp-json\/wp\/v2\/media\/1677"}],"wp:attachment":[{"href":"https:\/\/www.asajacyl.com\/valladolid\/wp-json\/wp\/v2\/media?parent=1674"}],"wp:term":[{"taxonomy":"category","embeddable":true,"href":"https:\/\/www.asajacyl.com\/valladolid\/wp-json\/wp\/v2\/categories?post=1674"},{"taxonomy":"post_tag","embeddable":true,"href":"https:\/\/www.asajacyl.com\/valladolid\/wp-json\/wp\/v2\/tags?post=1674"}],"curies":[{"name":"wp","href":"https:\/\/api.w.org\/{rel}","templated":true}]}}