{"id":1763,"date":"2019-02-07T17:28:21","date_gmt":"2019-02-07T17:28:21","guid":{"rendered":"https:\/\/www.asajacyl.com\/valladolid\/?p=1763"},"modified":"2019-02-07T17:28:21","modified_gmt":"2019-02-07T17:28:21","slug":"in-memoriam-eduardo-centeno-castell","status":"publish","type":"post","link":"https:\/\/www.asajacyl.com\/valladolid\/asaja-valladolid-informa\/in-memoriam-eduardo-centeno-castell","title":{"rendered":"In memoriam Eduardo Centeno Castell"},"content":{"rendered":"<p>Desde ASAJA Valladolid queremos unirnos al dolor de los padres y el hermano de Eduardo Centeno Castell, a causa del fat\u00eddico accidente ocurrido ayer en Berceruelo.<\/p>\n<p>Esta familia de agricultores de Matilla de los Ca\u00f1os, que ha mantenido una estrecha relaci\u00f3n con nuestra asociaci\u00f3n agraria, siempre han mostrado una gran profesionalidad y pasi\u00f3n por la agricultura.<\/p>\n<p>El joven Eduardo, que ejerc\u00eda sus estudios en la Escuela de Capacitaci\u00f3n Agraria de la Santa Espina, siempre estar\u00e1 eternamente en nuestro recuerdo.<\/p>\n<p>Descanse en Paz<\/p>\n","protected":false},"excerpt":{"rendered":"<p>Desde ASAJA Valladolid queremos unirnos al dolor de los padres y el hermano de Eduardo Centeno Castell, a causa del fat\u00eddico accidente ocurrido ayer en Berceruelo. Esta familia de agricultores de Matilla de los Ca\u00f1os, que ha mantenido una estrecha relaci\u00f3n con nuestra asociaci\u00f3n agraria, siempre han mostrado una gran profesionalidad y pasi\u00f3n por la [&hellip;]<\/p>\n","protected":false},"author":13,"featured_media":1194,"comment_status":"open","ping_status":"open","sticky":false,"template":"","format":"standard","meta":{"footnotes":""},"categories":[8,9],"tags":[273],"yoast_head":"<!-- This site is optimized with the Yoast SEO plugin v24.5 - https:\/\/yoast.com\/wordpress\/plugins\/seo\/ -->\n<title>In memoriam Eduardo Centeno Castell - ASAJA Valladolid<\/title>\n<meta name=\"description\" content=\"Desde ASAJA Valladolid queremos unirnos al dolor de los padres y el hermano de Eduardo Centeno Castell, a causa del fat\u00eddico accidente ocurrido ayer en Berceruelo.\" \/>\n<meta name=\"robots\" content=\"index, follow, max-snippet:-1, max-image-preview:large, max-video-preview:-1\" \/>\n<link rel=\"canonical\" href=\"https:\/\/www.asajacyl.com\/valladolid\/asaja-valladolid-informa\/in-memoriam-eduardo-centeno-castell\" \/>\n<meta property=\"og:locale\" content=\"es_ES\" \/>\n<meta property=\"og:type\" content=\"article\" \/>\n<meta property=\"og:title\" content=\"In memoriam Eduardo Centeno Castell - ASAJA Valladolid\" \/>\n<meta property=\"og:description\" content=\"Desde ASAJA Valladolid queremos unirnos al dolor de los padres y el hermano de Eduardo Centeno Castell, a causa del fat\u00eddico accidente ocurrido ayer en Berceruelo.\" \/>\n<meta property=\"og:url\" content=\"https:\/\/www.asajacyl.com\/valladolid\/asaja-valladolid-informa\/in-memoriam-eduardo-centeno-castell\" \/>\n<meta property=\"og:site_name\" content=\"ASAJA Valladolid\" \/>\n<meta property=\"article:published_time\" content=\"2019-02-07T17:28:21+00:00\" \/>\n<meta property=\"og:image\" content=\"https:\/\/www.asajacyl.com\/valladolid\/wp-content\/uploads\/sites\/2\/2017\/11\/recurso-arando-tierra-01.jpg\" \/>\n\t<meta property=\"og:image:width\" content=\"1920\" \/>\n\t<meta property=\"og:image:height\" content=\"1080\" \/>\n\t<meta property=\"og:image:type\" content=\"image\/jpeg\" \/>\n<meta name=\"author\" content=\"Mar\u00eda Natividad\" \/>\n<meta name=\"twitter:card\" content=\"summary_large_image\" \/>\n<meta name=\"twitter:label1\" content=\"Escrito por\" \/>\n\t<meta name=\"twitter:data1\" content=\"Mar\u00eda Natividad\" \/>\n<script type=\"application\/ld+json\" class=\"yoast-schema-graph\">{\"@context\":\"https:\/\/schema.org\",\"@graph\":[{\"@type\":\"WebPage\",\"@id\":\"https:\/\/www.asajacyl.com\/valladolid\/asaja-valladolid-informa\/in-memoriam-eduardo-centeno-castell\",\"url\":\"https:\/\/www.asajacyl.com\/valladolid\/asaja-valladolid-informa\/in-memoriam-eduardo-centeno-castell\",\"name\":\"In memoriam Eduardo Centeno Castell - ASAJA Valladolid\",\"isPartOf\":{\"@id\":\"https:\/\/www.asajacyl.com\/valladolid\/#website\"},\"primaryImageOfPage\":{\"@id\":\"https:\/\/www.asajacyl.com\/valladolid\/asaja-valladolid-informa\/in-memoriam-eduardo-centeno-castell#primaryimage\"},\"image\":{\"@id\":\"https:\/\/www.asajacyl.com\/valladolid\/asaja-valladolid-informa\/in-memoriam-eduardo-centeno-castell#primaryimage\"},\"thumbnailUrl\":\"https:\/\/www.asajacyl.com\/valladolid\/wp-content\/uploads\/sites\/2\/2017\/11\/recurso-arando-tierra-01.jpg\",\"datePublished\":\"2019-02-07T17:28:21+00:00\",\"author\":{\"@id\":\"https:\/\/www.asajacyl.com\/valladolid\/#\/schema\/person\/cf213adc3e576168b6850f7db054141e\"},\"description\":\"Desde ASAJA Valladolid queremos unirnos al dolor de los padres y el hermano de Eduardo Centeno Castell, a causa del fat\u00eddico accidente ocurrido ayer en Berceruelo.\",\"breadcrumb\":{\"@id\":\"https:\/\/www.asajacyl.com\/valladolid\/asaja-valladolid-informa\/in-memoriam-eduardo-centeno-castell#breadcrumb\"},\"inLanguage\":\"es\",\"potentialAction\":[{\"@type\":\"ReadAction\",\"target\":[\"https:\/\/www.asajacyl.com\/valladolid\/asaja-valladolid-informa\/in-memoriam-eduardo-centeno-castell\"]}]},{\"@type\":\"ImageObject\",\"inLanguage\":\"es\",\"@id\":\"https:\/\/www.asajacyl.com\/valladolid\/asaja-valladolid-informa\/in-memoriam-eduardo-centeno-castell#primaryimage\",\"url\":\"https:\/\/www.asajacyl.com\/valladolid\/wp-content\/uploads\/sites\/2\/2017\/11\/recurso-arando-tierra-01.jpg\",\"contentUrl\":\"https:\/\/www.asajacyl.com\/valladolid\/wp-content\/uploads\/sites\/2\/2017\/11\/recurso-arando-tierra-01.jpg\",\"width\":1920,\"height\":1080,\"caption\":\"Arando tierra\"},{\"@type\":\"BreadcrumbList\",\"@id\":\"https:\/\/www.asajacyl.com\/valladolid\/asaja-valladolid-informa\/in-memoriam-eduardo-centeno-castell#breadcrumb\",\"itemListElement\":[{\"@type\":\"ListItem\",\"position\":1,\"name\":\"Portada\",\"item\":\"https:\/\/www.asajacyl.com\/valladolid\/\"},{\"@type\":\"ListItem\",\"position\":2,\"name\":\"In memoriam Eduardo Centeno Castell\"}]},{\"@type\":\"WebSite\",\"@id\":\"https:\/\/www.asajacyl.com\/valladolid\/#website\",\"url\":\"https:\/\/www.asajacyl.com\/valladolid\/\",\"name\":\"ASAJA Valladolid\",\"description\":\"Otro sitio m\u00e1s de Provincias ASAJA Castilla y Le\u00f3n\",\"potentialAction\":[{\"@type\":\"SearchAction\",\"target\":{\"@type\":\"EntryPoint\",\"urlTemplate\":\"https:\/\/www.asajacyl.com\/valladolid\/?s={search_term_string}\"},\"query-input\":{\"@type\":\"PropertyValueSpecification\",\"valueRequired\":true,\"valueName\":\"search_term_string\"}}],\"inLanguage\":\"es\"},{\"@type\":\"Person\",\"@id\":\"https:\/\/www.asajacyl.com\/valladolid\/#\/schema\/person\/cf213adc3e576168b6850f7db054141e\",\"name\":\"Mar\u00eda Natividad\",\"image\":{\"@type\":\"ImageObject\",\"inLanguage\":\"es\",\"@id\":\"https:\/\/www.asajacyl.com\/valladolid\/#\/schema\/person\/image\/\",\"url\":\"https:\/\/secure.gravatar.com\/avatar\/7f7b3c840c2af79feac78f5eeffefc45?s=96&d=mm&r=g\",\"contentUrl\":\"https:\/\/secure.gravatar.com\/avatar\/7f7b3c840c2af79feac78f5eeffefc45?s=96&d=mm&r=g\",\"caption\":\"Mar\u00eda Natividad\"},\"url\":\"https:\/\/www.asajacyl.com\/valladolid\/author\/natividadhh\"}]}<\/script>\n<!-- \/ Yoast SEO plugin. -->","yoast_head_json":{"title":"In memoriam Eduardo Centeno Castell - ASAJA Valladolid","description":"Desde ASAJA Valladolid queremos unirnos al dolor de los padres y el hermano de Eduardo Centeno Castell, a causa del fat\u00eddico accidente ocurrido ayer en Berceruelo.","robots":{"index":"index","follow":"follow","max-snippet":"max-snippet:-1","max-image-preview":"max-image-preview:large","max-video-preview":"max-video-preview:-1"},"canonical":"https:\/\/www.asajacyl.com\/valladolid\/asaja-valladolid-informa\/in-memoriam-eduardo-centeno-castell","og_locale":"es_ES","og_type":"article","og_title":"In memoriam Eduardo Centeno Castell - ASAJA Valladolid","og_description":"Desde ASAJA Valladolid queremos unirnos al dolor de los padres y el hermano de Eduardo Centeno Castell, a causa del fat\u00eddico accidente ocurrido ayer en Berceruelo.","og_url":"https:\/\/www.asajacyl.com\/valladolid\/asaja-valladolid-informa\/in-memoriam-eduardo-centeno-castell","og_site_name":"ASAJA Valladolid","article_published_time":"2019-02-07T17:28:21+00:00","og_image":[{"width":1920,"height":1080,"url":"https:\/\/www.asajacyl.com\/valladolid\/wp-content\/uploads\/sites\/2\/2017\/11\/recurso-arando-tierra-01.jpg","type":"image\/jpeg"}],"author":"Mar\u00eda Natividad","twitter_card":"summary_large_image","twitter_misc":{"Escrito por":"Mar\u00eda Natividad"},"schema":{"@context":"https:\/\/schema.org","@graph":[{"@type":"WebPage","@id":"https:\/\/www.asajacyl.com\/valladolid\/asaja-valladolid-informa\/in-memoriam-eduardo-centeno-castell","url":"https:\/\/www.asajacyl.com\/valladolid\/asaja-valladolid-informa\/in-memoriam-eduardo-centeno-castell","name":"In memoriam Eduardo Centeno Castell - ASAJA Valladolid","isPartOf":{"@id":"https:\/\/www.asajacyl.com\/valladolid\/#website"},"primaryImageOfPage":{"@id":"https:\/\/www.asajacyl.com\/valladolid\/asaja-valladolid-informa\/in-memoriam-eduardo-centeno-castell#primaryimage"},"image":{"@id":"https:\/\/www.asajacyl.com\/valladolid\/asaja-valladolid-informa\/in-memoriam-eduardo-centeno-castell#primaryimage"},"thumbnailUrl":"https:\/\/www.asajacyl.com\/valladolid\/wp-content\/uploads\/sites\/2\/2017\/11\/recurso-arando-tierra-01.jpg","datePublished":"2019-02-07T17:28:21+00:00","author":{"@id":"https:\/\/www.asajacyl.com\/valladolid\/#\/schema\/person\/cf213adc3e576168b6850f7db054141e"},"description":"Desde ASAJA Valladolid queremos unirnos al dolor de los padres y el hermano de Eduardo Centeno Castell, a causa del fat\u00eddico accidente ocurrido ayer en Berceruelo.","breadcrumb":{"@id":"https:\/\/www.asajacyl.com\/valladolid\/asaja-valladolid-informa\/in-memoriam-eduardo-centeno-castell#breadcrumb"},"inLanguage":"es","potentialAction":[{"@type":"ReadAction","target":["https:\/\/www.asajacyl.com\/valladolid\/asaja-valladolid-informa\/in-memoriam-eduardo-centeno-castell"]}]},{"@type":"ImageObject","inLanguage":"es","@id":"https:\/\/www.asajacyl.com\/valladolid\/asaja-valladolid-informa\/in-memoriam-eduardo-centeno-castell#primaryimage","url":"https:\/\/www.asajacyl.com\/valladolid\/wp-content\/uploads\/sites\/2\/2017\/11\/recurso-arando-tierra-01.jpg","contentUrl":"https:\/\/www.asajacyl.com\/valladolid\/wp-content\/uploads\/sites\/2\/2017\/11\/recurso-arando-tierra-01.jpg","width":1920,"height":1080,"caption":"Arando tierra"},{"@type":"BreadcrumbList","@id":"https:\/\/www.asajacyl.com\/valladolid\/asaja-valladolid-informa\/in-memoriam-eduardo-centeno-castell#breadcrumb","itemListElement":[{"@type":"ListItem","position":1,"name":"Portada","item":"https:\/\/www.asajacyl.com\/valladolid\/"},{"@type":"ListItem","position":2,"name":"In memoriam Eduardo Centeno Castell"}]},{"@type":"WebSite","@id":"https:\/\/www.asajacyl.com\/valladolid\/#website","url":"https:\/\/www.asajacyl.com\/valladolid\/","name":"ASAJA Valladolid","description":"Otro sitio m\u00e1s de Provincias ASAJA Castilla y Le\u00f3n","potentialAction":[{"@type":"SearchAction","target":{"@type":"EntryPoint","urlTemplate":"https:\/\/www.asajacyl.com\/valladolid\/?s={search_term_string}"},"query-input":{"@type":"PropertyValueSpecification","valueRequired":true,"valueName":"search_term_string"}}],"inLanguage":"es"},{"@type":"Person","@id":"https:\/\/www.asajacyl.com\/valladolid\/#\/schema\/person\/cf213adc3e576168b6850f7db054141e","name":"Mar\u00eda Natividad","image":{"@type":"ImageObject","inLanguage":"es","@id":"https:\/\/www.asajacyl.com\/valladolid\/#\/schema\/person\/image\/","url":"https:\/\/secure.gravatar.com\/avatar\/7f7b3c840c2af79feac78f5eeffefc45?s=96&d=mm&r=g","contentUrl":"https:\/\/secure.gravatar.com\/avatar\/7f7b3c840c2af79feac78f5eeffefc45?s=96&d=mm&r=g","caption":"Mar\u00eda Natividad"},"url":"https:\/\/www.asajacyl.com\/valladolid\/author\/natividadhh"}]}},"_links":{"self":[{"href":"https:\/\/www.asajacyl.com\/valladolid\/wp-json\/wp\/v2\/posts\/1763"}],"collection":[{"href":"https:\/\/www.asajacyl.com\/valladolid\/wp-json\/wp\/v2\/posts"}],"about":[{"href":"https:\/\/www.asajacyl.com\/valladolid\/wp-json\/wp\/v2\/types\/post"}],"author":[{"embeddable":true,"href":"https:\/\/www.asajacyl.com\/valladolid\/wp-json\/wp\/v2\/users\/13"}],"replies":[{"embeddable":true,"href":"https:\/\/www.asajacyl.com\/valladolid\/wp-json\/wp\/v2\/comments?post=1763"}],"version-history":[{"count":1,"href":"https:\/\/www.asajacyl.com\/valladolid\/wp-json\/wp\/v2\/posts\/1763\/revisions"}],"predecessor-version":[{"id":1764,"href":"https:\/\/www.asajacyl.com\/valladolid\/wp-json\/wp\/v2\/posts\/1763\/revisions\/1764"}],"wp:featuredmedia":[{"embeddable":true,"href":"https:\/\/www.asajacyl.com\/valladolid\/wp-json\/wp\/v2\/media\/1194"}],"wp:attachment":[{"href":"https:\/\/www.asajacyl.com\/valladolid\/wp-json\/wp\/v2\/media?parent=1763"}],"wp:term":[{"taxonomy":"category","embeddable":true,"href":"https:\/\/www.asajacyl.com\/valladolid\/wp-json\/wp\/v2\/categories?post=1763"},{"taxonomy":"post_tag","embeddable":true,"href":"https:\/\/www.asajacyl.com\/valladolid\/wp-json\/wp\/v2\/tags?post=1763"}],"curies":[{"name":"wp","href":"https:\/\/api.w.org\/{rel}","templated":true}]}}