{"id":1788,"date":"2019-03-14T12:03:25","date_gmt":"2019-03-14T12:03:25","guid":{"rendered":"https:\/\/www.asajacyl.com\/valladolid\/?p=1788"},"modified":"2019-07-23T04:51:13","modified_gmt":"2019-07-23T04:51:13","slug":"asaja-se-suma-la-protesta-irracional-bloqueo-la-caza-castilla-leon","status":"publish","type":"post","link":"https:\/\/www.asajacyl.com\/valladolid\/asaja-valladolid-informa\/asaja-se-suma-la-protesta-irracional-bloqueo-la-caza-castilla-leon","title":{"rendered":"ASAJA se suma a la protesta contra el irracional bloqueo a la caza en Castilla y Le\u00f3n"},"content":{"rendered":"<h2 style=\"text-align: justify\"><span style=\"color: #008000\"><strong>En la concentraci\u00f3n, convocada por la Federaci\u00f3n de Caza de frente a las Cortes, ha quedado de manifiesto el hartazgo rural por el continuo acoso de los grupos animalistas<\/strong><\/span><\/h2>\n<p style=\"text-align: justify\">ASAJA ha participado en la manifestaci\u00f3n convocada hoy por la Federaci\u00f3n de Caza de Castilla y Le\u00f3n frente a la fachada de las Cortes de Castilla y Le\u00f3n, donde hoy se ha aprobado, con el apoyo de PP, PSOE y Ciudadanos, una proposici\u00f3n de ley para blindar la actividad cineg\u00e9tica, para contrarrestar los autos dictados por el Tribunal Superior de Justicia de Castilla y Le\u00f3n que han paralizado la pr\u00e1ctica de la caza en la Comunidad Aut\u00f3noma.<\/p>\n<p style=\"text-align: justify\">En esta convocatoria la Federaci\u00f3n de Caza pidi\u00f3 el apoyo tanto de los cazadores como de las organizaciones agrarias y de la Federaci\u00f3n Regional de Municipios y Provincias de Castilla y Le\u00f3n, ya que los ingresos procedentes de la actividad cineg\u00e9tica son vitales para asumir obras de mantenimiento esenciales para muchos peque\u00f1os pueblos de la comunidad aut\u00f3noma.<\/p>\n<p style=\"text-align: justify\">Los manifestantes ondearon banderas espa\u00f1olas y tambi\u00e9n pancartas en las que indicaban sus lugares de procedencia, diferentes puntos de la geograf\u00eda de Castilla y Le\u00f3n. Tambi\u00e9n corearon consignas en defensa de la caza, as\u00ed como en contra del acoso permanente de los grupos animalistas hacia el medio rural y sus tradiciones.<\/p>\n<p style=\"text-align: justify\">Para el presidente de ASAJA, Donaciano Dujo, que habl\u00f3 en nombre de los agricultores y ganaderos, calificando a la caza como \u201cimprescindible para controlar una fauna creciente que causa continuas p\u00e9rdidas a los agricultores y ganaderos, pero que adem\u00e1s es una amenaza para la sociedad en su conjunto. Sin caza proliferar\u00edan los problemas sanitarios y estar\u00eda en peligro el mismo equilibrio de la fauna y naturaleza\u201d, indic\u00f3 Dujo, quien record\u00f3 tambi\u00e9n la importancia de la actividad cineg\u00e9tica para muchas zonas rurales \u201cdonde no hay apenas actividad econ\u00f3mica\u201d.<\/p>\n<figure id=\"attachment_1791\" aria-describedby=\"caption-attachment-1791\" style=\"width: 696px\" class=\"wp-caption alignnone\"><img loading=\"lazy\" decoding=\"async\" class=\"wp-image-1791 size-large\" src=\"https:\/\/www.asajacyl.com\/valladolid\/wp-content\/uploads\/sites\/2\/2019\/03\/caza2-1024x683.jpg\" alt=\"concentracion caza Asaja Valladolid\" width=\"696\" height=\"464\" srcset=\"https:\/\/www.asajacyl.com\/valladolid\/wp-content\/uploads\/sites\/2\/2019\/03\/caza2-1024x683.jpg 1024w, https:\/\/www.asajacyl.com\/valladolid\/wp-content\/uploads\/sites\/2\/2019\/03\/caza2-300x200.jpg 300w, https:\/\/www.asajacyl.com\/valladolid\/wp-content\/uploads\/sites\/2\/2019\/03\/caza2-768x512.jpg 768w, https:\/\/www.asajacyl.com\/valladolid\/wp-content\/uploads\/sites\/2\/2019\/03\/caza2-696x464.jpg 696w, https:\/\/www.asajacyl.com\/valladolid\/wp-content\/uploads\/sites\/2\/2019\/03\/caza2-1068x712.jpg 1068w, https:\/\/www.asajacyl.com\/valladolid\/wp-content\/uploads\/sites\/2\/2019\/03\/caza2-630x420.jpg 630w, https:\/\/www.asajacyl.com\/valladolid\/wp-content\/uploads\/sites\/2\/2019\/03\/caza2.jpg 1620w\" sizes=\"(max-width: 696px) 100vw, 696px\" \/><figcaption id=\"caption-attachment-1791\" class=\"wp-caption-text\">\u00a0<\/figcaption><\/figure>\n<p style=\"text-align: justify\">Por todo ello, el presidente de ASAJA ha pedido a los responsables pol\u00edticos presentes en las Cortes regionales que \u201cde una vez por todas refrenden una ley clara y que no pueda ser recurrida por parte de grupos animalistas u otros\u201d.<\/p>\n<p style=\"text-align: justify\">Hay que recordar que solo en lo que se refiere al lobo ya hay m\u00e1s de 4.000 animales dom\u00e9sticos muertos al a\u00f1o en Castilla y Le\u00f3n, cifras que se disparar\u00e1n a\u00fan m\u00e1s si no se efect\u00faa ning\u00fan tipo de control cineg\u00e9tico. Adem\u00e1s, hay que contabilizar los continuos da\u00f1os de otras especies, como jabal\u00edes o corzos, tanto en el sector agrario como en la sociedad en su conjunto, pues son causa continua de accidentes de tr\u00e1fico y problemas sanitarios, \u201cy eso que se matan al a\u00f1o m\u00e1s de 41.000 jabal\u00edes y casi 22.000 corzos en nuestra regi\u00f3n, dato que sirve para hacerse una idea de la selva que ser\u00eda el medio rural si no hubiera caza\u201d, apunta Dujo.<\/p>\n","protected":false},"excerpt":{"rendered":"<p>En la concentraci\u00f3n, convocada por la Federaci\u00f3n de Caza de frente a las Cortes, ha quedado de manifiesto el hartazgo rural por el continuo acoso de los grupos animalistas ASAJA ha participado en la manifestaci\u00f3n convocada hoy por la Federaci\u00f3n de Caza de Castilla y Le\u00f3n frente a la fachada de las Cortes de Castilla [&hellip;]<\/p>\n","protected":false},"author":13,"featured_media":1790,"comment_status":"open","ping_status":"open","sticky":false,"template":"","format":"standard","meta":{"footnotes":""},"categories":[8,9],"tags":[70,75,58,155,107,288,216],"yoast_head":"<!-- This site is optimized with the Yoast SEO plugin v24.5 - https:\/\/yoast.com\/wordpress\/plugins\/seo\/ -->\n<title>ASAJA se suma a la protesta contra el irracional bloqueo a la caza en Castilla y Le\u00f3n - ASAJA Valladolid<\/title>\n<meta name=\"description\" content=\"ASAJA se suma a la protesta contra el irracional bloqueo a la caza en castilla y le\u00f3n. En la concentraci\u00f3n, convocada por la Federaci\u00f3n de Caza de frente a las Cortes, ha quedado de manifiesto el hartazgo rural por el continuo acoso de los grupos animalistas\" \/>\n<meta name=\"robots\" content=\"index, follow, max-snippet:-1, max-image-preview:large, max-video-preview:-1\" \/>\n<link rel=\"canonical\" href=\"https:\/\/www.asajacyl.com\/valladolid\/asaja-valladolid-informa\/asaja-se-suma-la-protesta-irracional-bloqueo-la-caza-castilla-leon\" \/>\n<meta property=\"og:locale\" content=\"es_ES\" \/>\n<meta property=\"og:type\" content=\"article\" \/>\n<meta property=\"og:title\" content=\"ASAJA se suma a la protesta contra el irracional bloqueo a la caza en Castilla y Le\u00f3n - ASAJA Valladolid\" \/>\n<meta property=\"og:description\" content=\"ASAJA se suma a la protesta contra el irracional bloqueo a la caza en castilla y le\u00f3n. En la concentraci\u00f3n, convocada por la Federaci\u00f3n de Caza de frente a las Cortes, ha quedado de manifiesto el hartazgo rural por el continuo acoso de los grupos animalistas\" \/>\n<meta property=\"og:url\" content=\"https:\/\/www.asajacyl.com\/valladolid\/asaja-valladolid-informa\/asaja-se-suma-la-protesta-irracional-bloqueo-la-caza-castilla-leon\" \/>\n<meta property=\"og:site_name\" content=\"ASAJA Valladolid\" \/>\n<meta property=\"article:published_time\" content=\"2019-03-14T12:03:25+00:00\" \/>\n<meta property=\"article:modified_time\" content=\"2019-07-23T04:51:13+00:00\" \/>\n<meta property=\"og:image\" content=\"https:\/\/www.asajacyl.com\/valladolid\/wp-content\/uploads\/sites\/2\/2019\/03\/caza1.jpg\" \/>\n\t<meta property=\"og:image:width\" content=\"1620\" \/>\n\t<meta property=\"og:image:height\" content=\"1080\" \/>\n\t<meta property=\"og:image:type\" content=\"image\/jpeg\" \/>\n<meta name=\"author\" content=\"Mar\u00eda Natividad\" \/>\n<meta name=\"twitter:card\" content=\"summary_large_image\" \/>\n<meta name=\"twitter:label1\" content=\"Escrito por\" \/>\n\t<meta name=\"twitter:data1\" content=\"Mar\u00eda Natividad\" \/>\n\t<meta name=\"twitter:label2\" content=\"Tiempo de lectura\" \/>\n\t<meta name=\"twitter:data2\" content=\"3 minutos\" \/>\n<script type=\"application\/ld+json\" class=\"yoast-schema-graph\">{\"@context\":\"https:\/\/schema.org\",\"@graph\":[{\"@type\":\"WebPage\",\"@id\":\"https:\/\/www.asajacyl.com\/valladolid\/asaja-valladolid-informa\/asaja-se-suma-la-protesta-irracional-bloqueo-la-caza-castilla-leon\",\"url\":\"https:\/\/www.asajacyl.com\/valladolid\/asaja-valladolid-informa\/asaja-se-suma-la-protesta-irracional-bloqueo-la-caza-castilla-leon\",\"name\":\"ASAJA se suma a la protesta contra el irracional bloqueo a la caza en Castilla y Le\u00f3n - ASAJA Valladolid\",\"isPartOf\":{\"@id\":\"https:\/\/www.asajacyl.com\/valladolid\/#website\"},\"primaryImageOfPage\":{\"@id\":\"https:\/\/www.asajacyl.com\/valladolid\/asaja-valladolid-informa\/asaja-se-suma-la-protesta-irracional-bloqueo-la-caza-castilla-leon#primaryimage\"},\"image\":{\"@id\":\"https:\/\/www.asajacyl.com\/valladolid\/asaja-valladolid-informa\/asaja-se-suma-la-protesta-irracional-bloqueo-la-caza-castilla-leon#primaryimage\"},\"thumbnailUrl\":\"https:\/\/www.asajacyl.com\/valladolid\/wp-content\/uploads\/sites\/2\/2019\/03\/caza1.jpg\",\"datePublished\":\"2019-03-14T12:03:25+00:00\",\"dateModified\":\"2019-07-23T04:51:13+00:00\",\"author\":{\"@id\":\"https:\/\/www.asajacyl.com\/valladolid\/#\/schema\/person\/cf213adc3e576168b6850f7db054141e\"},\"description\":\"ASAJA se suma a la protesta contra el irracional bloqueo a la caza en castilla y le\u00f3n. En la concentraci\u00f3n, convocada por la Federaci\u00f3n de Caza de frente a las Cortes, ha quedado de manifiesto el hartazgo rural por el continuo acoso de los grupos animalistas\",\"breadcrumb\":{\"@id\":\"https:\/\/www.asajacyl.com\/valladolid\/asaja-valladolid-informa\/asaja-se-suma-la-protesta-irracional-bloqueo-la-caza-castilla-leon#breadcrumb\"},\"inLanguage\":\"es\",\"potentialAction\":[{\"@type\":\"ReadAction\",\"target\":[\"https:\/\/www.asajacyl.com\/valladolid\/asaja-valladolid-informa\/asaja-se-suma-la-protesta-irracional-bloqueo-la-caza-castilla-leon\"]}]},{\"@type\":\"ImageObject\",\"inLanguage\":\"es\",\"@id\":\"https:\/\/www.asajacyl.com\/valladolid\/asaja-valladolid-informa\/asaja-se-suma-la-protesta-irracional-bloqueo-la-caza-castilla-leon#primaryimage\",\"url\":\"https:\/\/www.asajacyl.com\/valladolid\/wp-content\/uploads\/sites\/2\/2019\/03\/caza1.jpg\",\"contentUrl\":\"https:\/\/www.asajacyl.com\/valladolid\/wp-content\/uploads\/sites\/2\/2019\/03\/caza1.jpg\",\"width\":1620,\"height\":1080,\"caption\":\"ASAJA se suma a la protesta contra el irracional bloqueo a la caza\"},{\"@type\":\"BreadcrumbList\",\"@id\":\"https:\/\/www.asajacyl.com\/valladolid\/asaja-valladolid-informa\/asaja-se-suma-la-protesta-irracional-bloqueo-la-caza-castilla-leon#breadcrumb\",\"itemListElement\":[{\"@type\":\"ListItem\",\"position\":1,\"name\":\"Portada\",\"item\":\"https:\/\/www.asajacyl.com\/valladolid\/\"},{\"@type\":\"ListItem\",\"position\":2,\"name\":\"ASAJA se suma a la protesta contra el irracional bloqueo a la caza en Castilla y Le\u00f3n\"}]},{\"@type\":\"WebSite\",\"@id\":\"https:\/\/www.asajacyl.com\/valladolid\/#website\",\"url\":\"https:\/\/www.asajacyl.com\/valladolid\/\",\"name\":\"ASAJA Valladolid\",\"description\":\"Otro sitio m\u00e1s de Provincias ASAJA Castilla y Le\u00f3n\",\"potentialAction\":[{\"@type\":\"SearchAction\",\"target\":{\"@type\":\"EntryPoint\",\"urlTemplate\":\"https:\/\/www.asajacyl.com\/valladolid\/?s={search_term_string}\"},\"query-input\":{\"@type\":\"PropertyValueSpecification\",\"valueRequired\":true,\"valueName\":\"search_term_string\"}}],\"inLanguage\":\"es\"},{\"@type\":\"Person\",\"@id\":\"https:\/\/www.asajacyl.com\/valladolid\/#\/schema\/person\/cf213adc3e576168b6850f7db054141e\",\"name\":\"Mar\u00eda Natividad\",\"image\":{\"@type\":\"ImageObject\",\"inLanguage\":\"es\",\"@id\":\"https:\/\/www.asajacyl.com\/valladolid\/#\/schema\/person\/image\/\",\"url\":\"https:\/\/secure.gravatar.com\/avatar\/7f7b3c840c2af79feac78f5eeffefc45?s=96&d=mm&r=g\",\"contentUrl\":\"https:\/\/secure.gravatar.com\/avatar\/7f7b3c840c2af79feac78f5eeffefc45?s=96&d=mm&r=g\",\"caption\":\"Mar\u00eda Natividad\"},\"url\":\"https:\/\/www.asajacyl.com\/valladolid\/author\/natividadhh\"}]}<\/script>\n<!-- \/ Yoast SEO plugin. -->","yoast_head_json":{"title":"ASAJA se suma a la protesta contra el irracional bloqueo a la caza en Castilla y Le\u00f3n - ASAJA Valladolid","description":"ASAJA se suma a la protesta contra el irracional bloqueo a la caza en castilla y le\u00f3n. En la concentraci\u00f3n, convocada por la Federaci\u00f3n de Caza de frente a las Cortes, ha quedado de manifiesto el hartazgo rural por el continuo acoso de los grupos animalistas","robots":{"index":"index","follow":"follow","max-snippet":"max-snippet:-1","max-image-preview":"max-image-preview:large","max-video-preview":"max-video-preview:-1"},"canonical":"https:\/\/www.asajacyl.com\/valladolid\/asaja-valladolid-informa\/asaja-se-suma-la-protesta-irracional-bloqueo-la-caza-castilla-leon","og_locale":"es_ES","og_type":"article","og_title":"ASAJA se suma a la protesta contra el irracional bloqueo a la caza en Castilla y Le\u00f3n - ASAJA Valladolid","og_description":"ASAJA se suma a la protesta contra el irracional bloqueo a la caza en castilla y le\u00f3n. En la concentraci\u00f3n, convocada por la Federaci\u00f3n de Caza de frente a las Cortes, ha quedado de manifiesto el hartazgo rural por el continuo acoso de los grupos animalistas","og_url":"https:\/\/www.asajacyl.com\/valladolid\/asaja-valladolid-informa\/asaja-se-suma-la-protesta-irracional-bloqueo-la-caza-castilla-leon","og_site_name":"ASAJA Valladolid","article_published_time":"2019-03-14T12:03:25+00:00","article_modified_time":"2019-07-23T04:51:13+00:00","og_image":[{"width":1620,"height":1080,"url":"https:\/\/www.asajacyl.com\/valladolid\/wp-content\/uploads\/sites\/2\/2019\/03\/caza1.jpg","type":"image\/jpeg"}],"author":"Mar\u00eda Natividad","twitter_card":"summary_large_image","twitter_misc":{"Escrito por":"Mar\u00eda Natividad","Tiempo de lectura":"3 minutos"},"schema":{"@context":"https:\/\/schema.org","@graph":[{"@type":"WebPage","@id":"https:\/\/www.asajacyl.com\/valladolid\/asaja-valladolid-informa\/asaja-se-suma-la-protesta-irracional-bloqueo-la-caza-castilla-leon","url":"https:\/\/www.asajacyl.com\/valladolid\/asaja-valladolid-informa\/asaja-se-suma-la-protesta-irracional-bloqueo-la-caza-castilla-leon","name":"ASAJA se suma a la protesta contra el irracional bloqueo a la caza en Castilla y Le\u00f3n - ASAJA Valladolid","isPartOf":{"@id":"https:\/\/www.asajacyl.com\/valladolid\/#website"},"primaryImageOfPage":{"@id":"https:\/\/www.asajacyl.com\/valladolid\/asaja-valladolid-informa\/asaja-se-suma-la-protesta-irracional-bloqueo-la-caza-castilla-leon#primaryimage"},"image":{"@id":"https:\/\/www.asajacyl.com\/valladolid\/asaja-valladolid-informa\/asaja-se-suma-la-protesta-irracional-bloqueo-la-caza-castilla-leon#primaryimage"},"thumbnailUrl":"https:\/\/www.asajacyl.com\/valladolid\/wp-content\/uploads\/sites\/2\/2019\/03\/caza1.jpg","datePublished":"2019-03-14T12:03:25+00:00","dateModified":"2019-07-23T04:51:13+00:00","author":{"@id":"https:\/\/www.asajacyl.com\/valladolid\/#\/schema\/person\/cf213adc3e576168b6850f7db054141e"},"description":"ASAJA se suma a la protesta contra el irracional bloqueo a la caza en castilla y le\u00f3n. En la concentraci\u00f3n, convocada por la Federaci\u00f3n de Caza de frente a las Cortes, ha quedado de manifiesto el hartazgo rural por el continuo acoso de los grupos animalistas","breadcrumb":{"@id":"https:\/\/www.asajacyl.com\/valladolid\/asaja-valladolid-informa\/asaja-se-suma-la-protesta-irracional-bloqueo-la-caza-castilla-leon#breadcrumb"},"inLanguage":"es","potentialAction":[{"@type":"ReadAction","target":["https:\/\/www.asajacyl.com\/valladolid\/asaja-valladolid-informa\/asaja-se-suma-la-protesta-irracional-bloqueo-la-caza-castilla-leon"]}]},{"@type":"ImageObject","inLanguage":"es","@id":"https:\/\/www.asajacyl.com\/valladolid\/asaja-valladolid-informa\/asaja-se-suma-la-protesta-irracional-bloqueo-la-caza-castilla-leon#primaryimage","url":"https:\/\/www.asajacyl.com\/valladolid\/wp-content\/uploads\/sites\/2\/2019\/03\/caza1.jpg","contentUrl":"https:\/\/www.asajacyl.com\/valladolid\/wp-content\/uploads\/sites\/2\/2019\/03\/caza1.jpg","width":1620,"height":1080,"caption":"ASAJA se suma a la protesta contra el irracional bloqueo a la caza"},{"@type":"BreadcrumbList","@id":"https:\/\/www.asajacyl.com\/valladolid\/asaja-valladolid-informa\/asaja-se-suma-la-protesta-irracional-bloqueo-la-caza-castilla-leon#breadcrumb","itemListElement":[{"@type":"ListItem","position":1,"name":"Portada","item":"https:\/\/www.asajacyl.com\/valladolid\/"},{"@type":"ListItem","position":2,"name":"ASAJA se suma a la protesta contra el irracional bloqueo a la caza en Castilla y Le\u00f3n"}]},{"@type":"WebSite","@id":"https:\/\/www.asajacyl.com\/valladolid\/#website","url":"https:\/\/www.asajacyl.com\/valladolid\/","name":"ASAJA Valladolid","description":"Otro sitio m\u00e1s de Provincias ASAJA Castilla y Le\u00f3n","potentialAction":[{"@type":"SearchAction","target":{"@type":"EntryPoint","urlTemplate":"https:\/\/www.asajacyl.com\/valladolid\/?s={search_term_string}"},"query-input":{"@type":"PropertyValueSpecification","valueRequired":true,"valueName":"search_term_string"}}],"inLanguage":"es"},{"@type":"Person","@id":"https:\/\/www.asajacyl.com\/valladolid\/#\/schema\/person\/cf213adc3e576168b6850f7db054141e","name":"Mar\u00eda Natividad","image":{"@type":"ImageObject","inLanguage":"es","@id":"https:\/\/www.asajacyl.com\/valladolid\/#\/schema\/person\/image\/","url":"https:\/\/secure.gravatar.com\/avatar\/7f7b3c840c2af79feac78f5eeffefc45?s=96&d=mm&r=g","contentUrl":"https:\/\/secure.gravatar.com\/avatar\/7f7b3c840c2af79feac78f5eeffefc45?s=96&d=mm&r=g","caption":"Mar\u00eda Natividad"},"url":"https:\/\/www.asajacyl.com\/valladolid\/author\/natividadhh"}]}},"_links":{"self":[{"href":"https:\/\/www.asajacyl.com\/valladolid\/wp-json\/wp\/v2\/posts\/1788"}],"collection":[{"href":"https:\/\/www.asajacyl.com\/valladolid\/wp-json\/wp\/v2\/posts"}],"about":[{"href":"https:\/\/www.asajacyl.com\/valladolid\/wp-json\/wp\/v2\/types\/post"}],"author":[{"embeddable":true,"href":"https:\/\/www.asajacyl.com\/valladolid\/wp-json\/wp\/v2\/users\/13"}],"replies":[{"embeddable":true,"href":"https:\/\/www.asajacyl.com\/valladolid\/wp-json\/wp\/v2\/comments?post=1788"}],"version-history":[{"count":2,"href":"https:\/\/www.asajacyl.com\/valladolid\/wp-json\/wp\/v2\/posts\/1788\/revisions"}],"predecessor-version":[{"id":1792,"href":"https:\/\/www.asajacyl.com\/valladolid\/wp-json\/wp\/v2\/posts\/1788\/revisions\/1792"}],"wp:featuredmedia":[{"embeddable":true,"href":"https:\/\/www.asajacyl.com\/valladolid\/wp-json\/wp\/v2\/media\/1790"}],"wp:attachment":[{"href":"https:\/\/www.asajacyl.com\/valladolid\/wp-json\/wp\/v2\/media?parent=1788"}],"wp:term":[{"taxonomy":"category","embeddable":true,"href":"https:\/\/www.asajacyl.com\/valladolid\/wp-json\/wp\/v2\/categories?post=1788"},{"taxonomy":"post_tag","embeddable":true,"href":"https:\/\/www.asajacyl.com\/valladolid\/wp-json\/wp\/v2\/tags?post=1788"}],"curies":[{"name":"wp","href":"https:\/\/api.w.org\/{rel}","templated":true}]}}