{"id":1867,"date":"2019-04-04T08:25:30","date_gmt":"2019-04-04T08:25:30","guid":{"rendered":"https:\/\/www.asajacyl.com\/valladolid\/?p=1867"},"modified":"2019-04-04T08:25:30","modified_gmt":"2019-04-04T08:25:30","slug":"asaja-valladolid-forma-socios-la-proteccion-datos-sector-agrario","status":"publish","type":"post","link":"https:\/\/www.asajacyl.com\/valladolid\/asaja-valladolid-informa\/asaja-valladolid-forma-socios-la-proteccion-datos-sector-agrario","title":{"rendered":"ASAJA Valladolid forma a sus socios sobre la protecci\u00f3n de datos en el sector agrario"},"content":{"rendered":"<h2><span style=\"color: #008000\"><strong>En este evento se puso de manifiesto la importancia del cumplimiento de la nueva normativa de protecci\u00f3n de datos de car\u00e1cter personal<\/strong><\/span><\/h2>\n<p style=\"text-align: justify\">ASAJA Valladolid ofreci\u00f3 una Jornada Informativa sobre Protecci\u00f3n de Datos en el Sector Agrario impartida por Doble A Consulting y ASAJA. En este evento, se puso de manifiesto la importancia del cumplimiento de la nueva normativa de protecci\u00f3n de datos de car\u00e1cter personal, a ra\u00edz de las importantes modificaciones legislativas acaecidas a lo largo del 2018.<\/p>\n<p style=\"text-align: justify\">Los expertos de la empresa Doble A Consulting explicaron que las empresas y aut\u00f3nomos que traten datos de car\u00e1cter personal tienen que dar cumplimiento con todas las obligaciones recogidas en la normativa de protecci\u00f3n de datos.<\/p>\n<p style=\"text-align: justify\">A modo de ejemplo, comentaron que entendemos por dato de car\u00e1cter personal, el nombre y apellido, los datos de contacto, el puesto de trabajo, la cuenta bancaria, los gustos y preferencias de compra de productos, datos de localizaci\u00f3n, datos de empresarios individuales y de profesionales liberales, entre otros. \u201cEn el momento en que yo, como empresa, realice cualquier tratamiento sobre esos datos, tendr\u00e9 que cumplir una serie de obligaciones, pautas y medidas t\u00e9cnicas y organizativas sobre dichos tratamientos de datos\u201d, apunt\u00f3 Jorge Torres de Doble A Consulting.<\/p>\n<p style=\"text-align: justify\">Este experto resumi\u00f3 en varios puntos las obligaciones que tienen las empresas:<\/p>\n<ol style=\"text-align: justify\">\n<li>Analizar las actividades y los principales factores de riesgo en funci\u00f3n de la actividad que realice.<\/li>\n<li>Identificar la base de legitimaci\u00f3n para el tratamiento.<\/li>\n<li>Modificar e incorporar la informaci\u00f3n requerida por el art\u00edculo 13 del RGPD en todos los contratos y hojas de recogida de datos con clientes, proveedores, empleados as\u00ed como, en la P\u00e1gina Web. En este punto se deber\u00e1 elaborar un clausulado <em>ad hoc<\/em> para cada tratamiento que deber\u00e1 contener, como m\u00ednimo, la identidad del responsable del tratamiento, la finalidad del tratamiento, la base de legitimaci\u00f3n, los destinatarios y las transferencias internacionales, el plazo de conservaci\u00f3n de los datos tratados, el ejercicio de derechos por los interesados y d\u00f3nde ejercerlos.<\/li>\n<li>Formalizar la relaci\u00f3n con todos los prestadores de servicio que accedan a datos de car\u00e1cter personal de los que mi empresa sea Responsable, a trav\u00e9s de un contrato de encargado del tratamiento. En este sentido, se deber\u00e1 firmar un contrato de Encargado del Tratamiento para dar cumplimiento con los requisitos de la normativa y para garantizar la confidencialidad de los datos de los clientes, proveedores y empleados. Los ejemplos m\u00e1s habituales son las empresas que prestan servicios de asesor\u00eda laboral, fiscal o contable, empresas de mantenimiento inform\u00e1tico, comerciales externos a la organizaci\u00f3n, servicios de copias de seguridad, empresas de publicidad, bases de datos\u2026<\/li>\n<li>Elaborar un Registro de Actividades como requisito legal e identificar si la entidad o aut\u00f3nomo es sujeto obligado a elaborar una Evaluaci\u00f3n de Impacto o nombrar ante la Agencia Espa\u00f1ola de Protecci\u00f3n de Datos un Delegado de Protecci\u00f3n de Datos.<\/li>\n<li>Implementar las medidas t\u00e9cnicas y organizativas necesarias en funci\u00f3n del tratamiento de datos:<\/li>\n<\/ol>\n<ol style=\"text-align: justify\">\n<li><u>Medidas Organizativas<\/u>: Firmar con los empleados los documentos de confidencialidad e informaci\u00f3n, funciones y obligaciones del personal con acceso a datos de car\u00e1cter personal, pol\u00edticas de contrase\u00f1as y, sobre todo, establecer protocolos de actuaci\u00f3n ante violaciones de seguridad y ante ejercicio de derechos.<\/li>\n<li><u>Medidas t\u00e9cnicas<\/u>: Teniendo en cuenta el estado de la t\u00e9cnica, los costes de aplicaci\u00f3n, y la naturaleza, el alcance, el contexto y los fines del tratamiento, as\u00ed como los riesgos para los derechos y libertades de las personas f\u00edsicas, se deber\u00e1n implementar medidas que garanticen la seguridad de los datos de car\u00e1cter personal.<\/li>\n<\/ol>\n<p style=\"text-align: justify\">Por todo ello, se\u00f1al\u00f3 Torres, es de vital importancia tener un asesoramiento de una compa\u00f1\u00eda experta y de gran recorrido en el \u00e1mbito de la protecci\u00f3n de datos. \u201cNo solo para evitar las posibles infracciones de hasta 20 millones de euros y aminorar el riesgo en los tratamientos de datos sino tambi\u00e9n para implementar una cultura de protecci\u00f3n de datos que suponga un valor a\u00f1adido al modelo de negocio\u201d.<\/p>\n","protected":false},"excerpt":{"rendered":"<p>En este evento se puso de manifiesto la importancia del cumplimiento de la nueva normativa de protecci\u00f3n de datos de car\u00e1cter personal ASAJA Valladolid ofreci\u00f3 una Jornada Informativa sobre Protecci\u00f3n de Datos en el Sector Agrario impartida por Doble A Consulting y ASAJA. En este evento, se puso de manifiesto la importancia del cumplimiento de [&hellip;]<\/p>\n","protected":false},"author":13,"featured_media":1869,"comment_status":"open","ping_status":"open","sticky":false,"template":"","format":"standard","meta":{"footnotes":""},"categories":[8,28,9],"tags":[70,58,290,289],"yoast_head":"<!-- This site is optimized with the Yoast SEO plugin v24.5 - https:\/\/yoast.com\/wordpress\/plugins\/seo\/ -->\n<title>ASAJA Valladolid forma a sus socios sobre la protecci\u00f3n de datos en el sector agrario - ASAJA Valladolid<\/title>\n<meta name=\"description\" content=\"ASAJA Valladolid forma a sus socios sobre la protecci\u00f3n de datos en el sector agrario. En este evento se puso de manifiesto la importancia del cumplimiento de la nueva normativa de protecci\u00f3n de datos de car\u00e1cter personal\" \/>\n<meta name=\"robots\" content=\"index, follow, max-snippet:-1, max-image-preview:large, max-video-preview:-1\" \/>\n<link rel=\"canonical\" href=\"https:\/\/www.asajacyl.com\/valladolid\/asaja-valladolid-informa\/asaja-valladolid-forma-socios-la-proteccion-datos-sector-agrario\" \/>\n<meta property=\"og:locale\" content=\"es_ES\" \/>\n<meta property=\"og:type\" content=\"article\" \/>\n<meta property=\"og:title\" content=\"ASAJA Valladolid forma a sus socios sobre la protecci\u00f3n de datos en el sector agrario - ASAJA Valladolid\" \/>\n<meta property=\"og:description\" content=\"ASAJA Valladolid forma a sus socios sobre la protecci\u00f3n de datos en el sector agrario. En este evento se puso de manifiesto la importancia del cumplimiento de la nueva normativa de protecci\u00f3n de datos de car\u00e1cter personal\" \/>\n<meta property=\"og:url\" content=\"https:\/\/www.asajacyl.com\/valladolid\/asaja-valladolid-informa\/asaja-valladolid-forma-socios-la-proteccion-datos-sector-agrario\" \/>\n<meta property=\"og:site_name\" content=\"ASAJA Valladolid\" \/>\n<meta property=\"article:published_time\" content=\"2019-04-04T08:25:30+00:00\" \/>\n<meta property=\"og:image\" content=\"https:\/\/www.asajacyl.com\/valladolid\/wp-content\/uploads\/sites\/2\/2019\/04\/jornada-proteccion-de-datos.jpg\" \/>\n\t<meta property=\"og:image:width\" content=\"2500\" \/>\n\t<meta property=\"og:image:height\" content=\"1404\" \/>\n\t<meta property=\"og:image:type\" content=\"image\/jpeg\" \/>\n<meta name=\"author\" content=\"Mar\u00eda Natividad\" \/>\n<meta name=\"twitter:card\" content=\"summary_large_image\" \/>\n<meta name=\"twitter:label1\" content=\"Escrito por\" \/>\n\t<meta name=\"twitter:data1\" content=\"Mar\u00eda Natividad\" \/>\n\t<meta name=\"twitter:label2\" content=\"Tiempo de lectura\" \/>\n\t<meta name=\"twitter:data2\" content=\"3 minutos\" \/>\n<script type=\"application\/ld+json\" class=\"yoast-schema-graph\">{\"@context\":\"https:\/\/schema.org\",\"@graph\":[{\"@type\":\"WebPage\",\"@id\":\"https:\/\/www.asajacyl.com\/valladolid\/asaja-valladolid-informa\/asaja-valladolid-forma-socios-la-proteccion-datos-sector-agrario\",\"url\":\"https:\/\/www.asajacyl.com\/valladolid\/asaja-valladolid-informa\/asaja-valladolid-forma-socios-la-proteccion-datos-sector-agrario\",\"name\":\"ASAJA Valladolid forma a sus socios sobre la protecci\u00f3n de datos en el sector agrario - ASAJA Valladolid\",\"isPartOf\":{\"@id\":\"https:\/\/www.asajacyl.com\/valladolid\/#website\"},\"primaryImageOfPage\":{\"@id\":\"https:\/\/www.asajacyl.com\/valladolid\/asaja-valladolid-informa\/asaja-valladolid-forma-socios-la-proteccion-datos-sector-agrario#primaryimage\"},\"image\":{\"@id\":\"https:\/\/www.asajacyl.com\/valladolid\/asaja-valladolid-informa\/asaja-valladolid-forma-socios-la-proteccion-datos-sector-agrario#primaryimage\"},\"thumbnailUrl\":\"https:\/\/www.asajacyl.com\/valladolid\/wp-content\/uploads\/sites\/2\/2019\/04\/jornada-proteccion-de-datos.jpg\",\"datePublished\":\"2019-04-04T08:25:30+00:00\",\"author\":{\"@id\":\"https:\/\/www.asajacyl.com\/valladolid\/#\/schema\/person\/cf213adc3e576168b6850f7db054141e\"},\"description\":\"ASAJA Valladolid forma a sus socios sobre la protecci\u00f3n de datos en el sector agrario. En este evento se puso de manifiesto la importancia del cumplimiento de la nueva normativa de protecci\u00f3n de datos de car\u00e1cter personal\",\"breadcrumb\":{\"@id\":\"https:\/\/www.asajacyl.com\/valladolid\/asaja-valladolid-informa\/asaja-valladolid-forma-socios-la-proteccion-datos-sector-agrario#breadcrumb\"},\"inLanguage\":\"es\",\"potentialAction\":[{\"@type\":\"ReadAction\",\"target\":[\"https:\/\/www.asajacyl.com\/valladolid\/asaja-valladolid-informa\/asaja-valladolid-forma-socios-la-proteccion-datos-sector-agrario\"]}]},{\"@type\":\"ImageObject\",\"inLanguage\":\"es\",\"@id\":\"https:\/\/www.asajacyl.com\/valladolid\/asaja-valladolid-informa\/asaja-valladolid-forma-socios-la-proteccion-datos-sector-agrario#primaryimage\",\"url\":\"https:\/\/www.asajacyl.com\/valladolid\/wp-content\/uploads\/sites\/2\/2019\/04\/jornada-proteccion-de-datos.jpg\",\"contentUrl\":\"https:\/\/www.asajacyl.com\/valladolid\/wp-content\/uploads\/sites\/2\/2019\/04\/jornada-proteccion-de-datos.jpg\",\"width\":2500,\"height\":1404,\"caption\":\"ASAJA Valladolid forma a sus socios sobre la protecci\u00f3n de datos\"},{\"@type\":\"BreadcrumbList\",\"@id\":\"https:\/\/www.asajacyl.com\/valladolid\/asaja-valladolid-informa\/asaja-valladolid-forma-socios-la-proteccion-datos-sector-agrario#breadcrumb\",\"itemListElement\":[{\"@type\":\"ListItem\",\"position\":1,\"name\":\"Portada\",\"item\":\"https:\/\/www.asajacyl.com\/valladolid\/\"},{\"@type\":\"ListItem\",\"position\":2,\"name\":\"ASAJA Valladolid forma a sus socios sobre la protecci\u00f3n de datos en el sector agrario\"}]},{\"@type\":\"WebSite\",\"@id\":\"https:\/\/www.asajacyl.com\/valladolid\/#website\",\"url\":\"https:\/\/www.asajacyl.com\/valladolid\/\",\"name\":\"ASAJA Valladolid\",\"description\":\"Otro sitio m\u00e1s de Provincias ASAJA Castilla y Le\u00f3n\",\"potentialAction\":[{\"@type\":\"SearchAction\",\"target\":{\"@type\":\"EntryPoint\",\"urlTemplate\":\"https:\/\/www.asajacyl.com\/valladolid\/?s={search_term_string}\"},\"query-input\":{\"@type\":\"PropertyValueSpecification\",\"valueRequired\":true,\"valueName\":\"search_term_string\"}}],\"inLanguage\":\"es\"},{\"@type\":\"Person\",\"@id\":\"https:\/\/www.asajacyl.com\/valladolid\/#\/schema\/person\/cf213adc3e576168b6850f7db054141e\",\"name\":\"Mar\u00eda Natividad\",\"image\":{\"@type\":\"ImageObject\",\"inLanguage\":\"es\",\"@id\":\"https:\/\/www.asajacyl.com\/valladolid\/#\/schema\/person\/image\/\",\"url\":\"https:\/\/secure.gravatar.com\/avatar\/7f7b3c840c2af79feac78f5eeffefc45?s=96&d=mm&r=g\",\"contentUrl\":\"https:\/\/secure.gravatar.com\/avatar\/7f7b3c840c2af79feac78f5eeffefc45?s=96&d=mm&r=g\",\"caption\":\"Mar\u00eda Natividad\"},\"url\":\"https:\/\/www.asajacyl.com\/valladolid\/author\/natividadhh\"}]}<\/script>\n<!-- \/ Yoast SEO plugin. -->","yoast_head_json":{"title":"ASAJA Valladolid forma a sus socios sobre la protecci\u00f3n de datos en el sector agrario - ASAJA Valladolid","description":"ASAJA Valladolid forma a sus socios sobre la protecci\u00f3n de datos en el sector agrario. En este evento se puso de manifiesto la importancia del cumplimiento de la nueva normativa de protecci\u00f3n de datos de car\u00e1cter personal","robots":{"index":"index","follow":"follow","max-snippet":"max-snippet:-1","max-image-preview":"max-image-preview:large","max-video-preview":"max-video-preview:-1"},"canonical":"https:\/\/www.asajacyl.com\/valladolid\/asaja-valladolid-informa\/asaja-valladolid-forma-socios-la-proteccion-datos-sector-agrario","og_locale":"es_ES","og_type":"article","og_title":"ASAJA Valladolid forma a sus socios sobre la protecci\u00f3n de datos en el sector agrario - ASAJA Valladolid","og_description":"ASAJA Valladolid forma a sus socios sobre la protecci\u00f3n de datos en el sector agrario. En este evento se puso de manifiesto la importancia del cumplimiento de la nueva normativa de protecci\u00f3n de datos de car\u00e1cter personal","og_url":"https:\/\/www.asajacyl.com\/valladolid\/asaja-valladolid-informa\/asaja-valladolid-forma-socios-la-proteccion-datos-sector-agrario","og_site_name":"ASAJA Valladolid","article_published_time":"2019-04-04T08:25:30+00:00","og_image":[{"width":2500,"height":1404,"url":"https:\/\/www.asajacyl.com\/valladolid\/wp-content\/uploads\/sites\/2\/2019\/04\/jornada-proteccion-de-datos.jpg","type":"image\/jpeg"}],"author":"Mar\u00eda Natividad","twitter_card":"summary_large_image","twitter_misc":{"Escrito por":"Mar\u00eda Natividad","Tiempo de lectura":"3 minutos"},"schema":{"@context":"https:\/\/schema.org","@graph":[{"@type":"WebPage","@id":"https:\/\/www.asajacyl.com\/valladolid\/asaja-valladolid-informa\/asaja-valladolid-forma-socios-la-proteccion-datos-sector-agrario","url":"https:\/\/www.asajacyl.com\/valladolid\/asaja-valladolid-informa\/asaja-valladolid-forma-socios-la-proteccion-datos-sector-agrario","name":"ASAJA Valladolid forma a sus socios sobre la protecci\u00f3n de datos en el sector agrario - ASAJA Valladolid","isPartOf":{"@id":"https:\/\/www.asajacyl.com\/valladolid\/#website"},"primaryImageOfPage":{"@id":"https:\/\/www.asajacyl.com\/valladolid\/asaja-valladolid-informa\/asaja-valladolid-forma-socios-la-proteccion-datos-sector-agrario#primaryimage"},"image":{"@id":"https:\/\/www.asajacyl.com\/valladolid\/asaja-valladolid-informa\/asaja-valladolid-forma-socios-la-proteccion-datos-sector-agrario#primaryimage"},"thumbnailUrl":"https:\/\/www.asajacyl.com\/valladolid\/wp-content\/uploads\/sites\/2\/2019\/04\/jornada-proteccion-de-datos.jpg","datePublished":"2019-04-04T08:25:30+00:00","author":{"@id":"https:\/\/www.asajacyl.com\/valladolid\/#\/schema\/person\/cf213adc3e576168b6850f7db054141e"},"description":"ASAJA Valladolid forma a sus socios sobre la protecci\u00f3n de datos en el sector agrario. En este evento se puso de manifiesto la importancia del cumplimiento de la nueva normativa de protecci\u00f3n de datos de car\u00e1cter personal","breadcrumb":{"@id":"https:\/\/www.asajacyl.com\/valladolid\/asaja-valladolid-informa\/asaja-valladolid-forma-socios-la-proteccion-datos-sector-agrario#breadcrumb"},"inLanguage":"es","potentialAction":[{"@type":"ReadAction","target":["https:\/\/www.asajacyl.com\/valladolid\/asaja-valladolid-informa\/asaja-valladolid-forma-socios-la-proteccion-datos-sector-agrario"]}]},{"@type":"ImageObject","inLanguage":"es","@id":"https:\/\/www.asajacyl.com\/valladolid\/asaja-valladolid-informa\/asaja-valladolid-forma-socios-la-proteccion-datos-sector-agrario#primaryimage","url":"https:\/\/www.asajacyl.com\/valladolid\/wp-content\/uploads\/sites\/2\/2019\/04\/jornada-proteccion-de-datos.jpg","contentUrl":"https:\/\/www.asajacyl.com\/valladolid\/wp-content\/uploads\/sites\/2\/2019\/04\/jornada-proteccion-de-datos.jpg","width":2500,"height":1404,"caption":"ASAJA Valladolid forma a sus socios sobre la protecci\u00f3n de datos"},{"@type":"BreadcrumbList","@id":"https:\/\/www.asajacyl.com\/valladolid\/asaja-valladolid-informa\/asaja-valladolid-forma-socios-la-proteccion-datos-sector-agrario#breadcrumb","itemListElement":[{"@type":"ListItem","position":1,"name":"Portada","item":"https:\/\/www.asajacyl.com\/valladolid\/"},{"@type":"ListItem","position":2,"name":"ASAJA Valladolid forma a sus socios sobre la protecci\u00f3n de datos en el sector agrario"}]},{"@type":"WebSite","@id":"https:\/\/www.asajacyl.com\/valladolid\/#website","url":"https:\/\/www.asajacyl.com\/valladolid\/","name":"ASAJA Valladolid","description":"Otro sitio m\u00e1s de Provincias ASAJA Castilla y Le\u00f3n","potentialAction":[{"@type":"SearchAction","target":{"@type":"EntryPoint","urlTemplate":"https:\/\/www.asajacyl.com\/valladolid\/?s={search_term_string}"},"query-input":{"@type":"PropertyValueSpecification","valueRequired":true,"valueName":"search_term_string"}}],"inLanguage":"es"},{"@type":"Person","@id":"https:\/\/www.asajacyl.com\/valladolid\/#\/schema\/person\/cf213adc3e576168b6850f7db054141e","name":"Mar\u00eda Natividad","image":{"@type":"ImageObject","inLanguage":"es","@id":"https:\/\/www.asajacyl.com\/valladolid\/#\/schema\/person\/image\/","url":"https:\/\/secure.gravatar.com\/avatar\/7f7b3c840c2af79feac78f5eeffefc45?s=96&d=mm&r=g","contentUrl":"https:\/\/secure.gravatar.com\/avatar\/7f7b3c840c2af79feac78f5eeffefc45?s=96&d=mm&r=g","caption":"Mar\u00eda Natividad"},"url":"https:\/\/www.asajacyl.com\/valladolid\/author\/natividadhh"}]}},"_links":{"self":[{"href":"https:\/\/www.asajacyl.com\/valladolid\/wp-json\/wp\/v2\/posts\/1867"}],"collection":[{"href":"https:\/\/www.asajacyl.com\/valladolid\/wp-json\/wp\/v2\/posts"}],"about":[{"href":"https:\/\/www.asajacyl.com\/valladolid\/wp-json\/wp\/v2\/types\/post"}],"author":[{"embeddable":true,"href":"https:\/\/www.asajacyl.com\/valladolid\/wp-json\/wp\/v2\/users\/13"}],"replies":[{"embeddable":true,"href":"https:\/\/www.asajacyl.com\/valladolid\/wp-json\/wp\/v2\/comments?post=1867"}],"version-history":[{"count":1,"href":"https:\/\/www.asajacyl.com\/valladolid\/wp-json\/wp\/v2\/posts\/1867\/revisions"}],"predecessor-version":[{"id":1868,"href":"https:\/\/www.asajacyl.com\/valladolid\/wp-json\/wp\/v2\/posts\/1867\/revisions\/1868"}],"wp:featuredmedia":[{"embeddable":true,"href":"https:\/\/www.asajacyl.com\/valladolid\/wp-json\/wp\/v2\/media\/1869"}],"wp:attachment":[{"href":"https:\/\/www.asajacyl.com\/valladolid\/wp-json\/wp\/v2\/media?parent=1867"}],"wp:term":[{"taxonomy":"category","embeddable":true,"href":"https:\/\/www.asajacyl.com\/valladolid\/wp-json\/wp\/v2\/categories?post=1867"},{"taxonomy":"post_tag","embeddable":true,"href":"https:\/\/www.asajacyl.com\/valladolid\/wp-json\/wp\/v2\/tags?post=1867"}],"curies":[{"name":"wp","href":"https:\/\/api.w.org\/{rel}","templated":true}]}}