{"id":1937,"date":"2019-09-24T09:53:29","date_gmt":"2019-09-24T09:53:29","guid":{"rendered":"https:\/\/www.asajacyl.com\/valladolid\/?p=1937"},"modified":"2019-09-24T10:21:24","modified_gmt":"2019-09-24T10:21:24","slug":"asaja-valladolid-ensenara-los-ganaderos-una-jornada-manejar-la-unidad-veterinaria-virtual","status":"publish","type":"post","link":"https:\/\/www.asajacyl.com\/valladolid\/asaja-valladolid-informa\/asaja-valladolid-ensenara-los-ganaderos-una-jornada-manejar-la-unidad-veterinaria-virtual","title":{"rendered":"Asaja Valladolid ense\u00f1ar\u00e1 a los ganaderos en una jornada a manejar la Unidad Veterinaria Virtual"},"content":{"rendered":"<h2><span style=\"color: #008000\"><strong>Este evento tendr\u00e1 lugar, este jueves 26 de septiembre, a partir de las 13.00 horas en el Sal\u00f3n de Actos de la CVE.<\/strong><\/span><\/h2>\n<p style=\"text-align: justify\">ASAJA Valladolid celebrar\u00e1, <strong>este jueves 26 de septiembre<\/strong>, una jornada dirigida a los ganaderos de Castilla y Le\u00f3n para ense\u00f1arles a manejar y \u201csacar todo el provecho\u201d a la Unidad Veterinaria Virtual de la Junta de Castilla y Le\u00f3n.<\/p>\n<p style=\"text-align: justify\">La jornada formativa tendr\u00e1 lugar <strong>a partir de las 13.00 horas en el sal\u00f3n de actos de la Confederaci\u00f3n Vallisoletana de Empresarios (CVE) en la Plaza Madrid, n\u00ba 4 de Valladolid.<\/strong><\/p>\n<p style=\"text-align: justify\"><strong>La entrada es gratuita hasta completar el aforo<\/strong> y el horario se ha adecuado para facilitar la asistencia de los ganaderos. <strong>La jornada la impartir\u00e1 Santiago de Castro Alfageme, Jefe de Servicio de Trazabilidad e Higiene Ganadera de la Junta de Castilla y Le\u00f3n.<\/strong> El objetivo es que los ganaderos conozcan y aprendan a manejar esta herramienta para ahorrar tiempo y desplazamientos en sus tr\u00e1mites con la administraci\u00f3n.<\/p>\n<p style=\"text-align: justify\">Los ganaderos, que as\u00ed lo deseen, pueden llevarse su propio ordenador para poder probar e interactuar durante la jornada formativa.<\/p>\n<p style=\"text-align: justify\">La Unidad Veterinaria Virtual es una herramienta inform\u00e1tica desarrollada por la Consejer\u00eda de Agricultura y Ganader\u00eda para que los ganaderos puedan acceder, desde su domicilio, cualquier d\u00eda del a\u00f1o y a cualquier hora, a un amplio abanico de tr\u00e1mites administrativos relacionados con su explotaci\u00f3n ganadera. Tr\u00e1mites que van desde la solicitud de material de identificaci\u00f3n a la posibilidad de obtener la documentaci\u00f3n para proceder a cualquier traslado que lleven a cabo con sus animales.<\/p>\n<p style=\"text-align: justify\">Una de las grandes ventajas que ofrece esta plataforma es que los ganaderos que utilicen la Unidad Veterinaria Virtual para la expedici\u00f3n de las gu\u00edas para el movimiento de sus animales est\u00e1n eximidos del pago de tasas, es decir, la obtenci\u00f3n de las Gu\u00edas de Origen y Sanidad a trav\u00e9s de esta v\u00eda es gratuita, no conlleva el pago de ninguna tasa. Adem\u00e1s, permite el pago de forma telem\u00e1tica de las tasas aparejadas al resto de tr\u00e1mites administrativos, como la petici\u00f3n de unidades de identificaci\u00f3n del ganado, ofreciendo la ventaja de que el registro inform\u00e1tico est\u00e1 abierto las 24 horas del d\u00eda, se encuentra permanentemente a disposici\u00f3n del usuario.<\/p>\n<p style=\"text-align: justify\">La Unidad Veterinaria Virtual, a la que se puede acceder a trav\u00e9s del Portal Ganadero, www.ganaderia.jcyl.es , permite adem\u00e1s que los tr\u00e1mites puedan realizarse por terceras personas, como las organizaciones profesionales agrarias, las cooperativas, las Agrupaciones de Defensa Sanitaria Ganadera, las entidades bancarias o gestor\u00edas, en nombre de los ganaderos a los que representan.<\/p>\n<p style=\"text-align: justify\">Esta herramienta inform\u00e1tica tambi\u00e9n puede ser utilizada por los veterinarios privados para comunicar las identificaciones que realizan a los animales de las especies ovina y caprina, y sirve de plataforma de comunicaci\u00f3n entre los mataderos y la Consejer\u00eda de Agricultura y Ganader\u00eda para notificar los sacrificios practicados en sus instalaciones, con lo que el flujo de transmisi\u00f3n de datos es \u00e1gil, r\u00e1pido y eficaz.<\/p>\n<p style=\"text-align: justify\">Esta iniciativa de ASAJA Valladolid, se enmarca en las jornadas que esta nueva directiva est\u00e1 realizando para formar a los agricultores y ganaderos, sobre cultivos alternativos, ganader\u00eda, nuevas tecnolog\u00edas o la ley de protecci\u00f3n de datos. \u00a0Al finalizar la jornada se servir\u00e1 un vino espa\u00f1ol.<\/p>\n<p><img loading=\"lazy\" decoding=\"async\" class=\"alignnone wp-image-1940 size-large\" src=\"https:\/\/www.asajacyl.com\/valladolid\/wp-content\/uploads\/sites\/2\/2019\/09\/cartel-imagen-def.JPEG-1024x612.jpeg\" alt=\"\" width=\"696\" height=\"416\" srcset=\"https:\/\/www.asajacyl.com\/valladolid\/wp-content\/uploads\/sites\/2\/2019\/09\/cartel-imagen-def.JPEG-1024x612.jpeg 1024w, https:\/\/www.asajacyl.com\/valladolid\/wp-content\/uploads\/sites\/2\/2019\/09\/cartel-imagen-def.JPEG-300x179.jpeg 300w, https:\/\/www.asajacyl.com\/valladolid\/wp-content\/uploads\/sites\/2\/2019\/09\/cartel-imagen-def.JPEG-768x459.jpeg 768w, https:\/\/www.asajacyl.com\/valladolid\/wp-content\/uploads\/sites\/2\/2019\/09\/cartel-imagen-def.JPEG-696x416.jpeg 696w, https:\/\/www.asajacyl.com\/valladolid\/wp-content\/uploads\/sites\/2\/2019\/09\/cartel-imagen-def.JPEG-1068x639.jpeg 1068w, https:\/\/www.asajacyl.com\/valladolid\/wp-content\/uploads\/sites\/2\/2019\/09\/cartel-imagen-def.JPEG-702x420.jpeg 702w, https:\/\/www.asajacyl.com\/valladolid\/wp-content\/uploads\/sites\/2\/2019\/09\/cartel-imagen-def.JPEG.jpeg 1157w\" sizes=\"(max-width: 696px) 100vw, 696px\" \/><\/p>\n<p style=\"text-align: justify\">\n","protected":false},"excerpt":{"rendered":"<p>Este evento tendr\u00e1 lugar, este jueves 26 de septiembre, a partir de las 13.00 horas en el Sal\u00f3n de Actos de la CVE. ASAJA Valladolid celebrar\u00e1, este jueves 26 de septiembre, una jornada dirigida a los ganaderos de Castilla y Le\u00f3n para ense\u00f1arles a manejar y \u201csacar todo el provecho\u201d a la Unidad Veterinaria Virtual [&hellip;]<\/p>\n","protected":false},"author":13,"featured_media":1939,"comment_status":"open","ping_status":"open","sticky":false,"template":"","format":"standard","meta":{"footnotes":""},"categories":[8,28,9],"tags":[70,58,101,329,331,102,209,334,330,332,333],"yoast_head":"<!-- This site is optimized with the Yoast SEO plugin v24.5 - https:\/\/yoast.com\/wordpress\/plugins\/seo\/ -->\n<title>Asaja Valladolid ense\u00f1ar\u00e1 a los ganaderos en una jornada a manejar la Unidad Veterinaria Virtual - ASAJA Valladolid<\/title>\n<meta name=\"description\" content=\"Asaja Valladolid ense\u00f1ar\u00e1 a los ganaderos en una jornada a manejar la Unidad Veterinaria Virtual. Este evento tendr\u00e1 lugar, este jueves 26 de septiembre, a partir de las 13.00 horas en el Sal\u00f3n de Actos de la CVE.\" \/>\n<meta name=\"robots\" content=\"index, follow, max-snippet:-1, max-image-preview:large, max-video-preview:-1\" \/>\n<link rel=\"canonical\" href=\"https:\/\/www.asajacyl.com\/valladolid\/asaja-valladolid-informa\/asaja-valladolid-ensenara-los-ganaderos-una-jornada-manejar-la-unidad-veterinaria-virtual\" \/>\n<meta property=\"og:locale\" content=\"es_ES\" \/>\n<meta property=\"og:type\" content=\"article\" \/>\n<meta property=\"og:title\" content=\"Asaja Valladolid ense\u00f1ar\u00e1 a los ganaderos en una jornada a manejar la Unidad Veterinaria Virtual - ASAJA Valladolid\" \/>\n<meta property=\"og:description\" content=\"Asaja Valladolid ense\u00f1ar\u00e1 a los ganaderos en una jornada a manejar la Unidad Veterinaria Virtual. Este evento tendr\u00e1 lugar, este jueves 26 de septiembre, a partir de las 13.00 horas en el Sal\u00f3n de Actos de la CVE.\" \/>\n<meta property=\"og:url\" content=\"https:\/\/www.asajacyl.com\/valladolid\/asaja-valladolid-informa\/asaja-valladolid-ensenara-los-ganaderos-una-jornada-manejar-la-unidad-veterinaria-virtual\" \/>\n<meta property=\"og:site_name\" content=\"ASAJA Valladolid\" \/>\n<meta property=\"article:published_time\" content=\"2019-09-24T09:53:29+00:00\" \/>\n<meta property=\"article:modified_time\" content=\"2019-09-24T10:21:24+00:00\" \/>\n<meta property=\"og:image\" content=\"https:\/\/www.asajacyl.com\/valladolid\/wp-content\/uploads\/sites\/2\/2019\/09\/oveja.jpg\" \/>\n\t<meta property=\"og:image:width\" content=\"1920\" \/>\n\t<meta property=\"og:image:height\" content=\"1279\" \/>\n\t<meta property=\"og:image:type\" content=\"image\/jpeg\" \/>\n<meta name=\"author\" content=\"Mar\u00eda Natividad\" \/>\n<meta name=\"twitter:card\" content=\"summary_large_image\" \/>\n<meta name=\"twitter:label1\" content=\"Escrito por\" \/>\n\t<meta name=\"twitter:data1\" content=\"Mar\u00eda Natividad\" \/>\n\t<meta name=\"twitter:label2\" content=\"Tiempo de lectura\" \/>\n\t<meta name=\"twitter:data2\" content=\"3 minutos\" \/>\n<script type=\"application\/ld+json\" class=\"yoast-schema-graph\">{\"@context\":\"https:\/\/schema.org\",\"@graph\":[{\"@type\":\"WebPage\",\"@id\":\"https:\/\/www.asajacyl.com\/valladolid\/asaja-valladolid-informa\/asaja-valladolid-ensenara-los-ganaderos-una-jornada-manejar-la-unidad-veterinaria-virtual\",\"url\":\"https:\/\/www.asajacyl.com\/valladolid\/asaja-valladolid-informa\/asaja-valladolid-ensenara-los-ganaderos-una-jornada-manejar-la-unidad-veterinaria-virtual\",\"name\":\"Asaja Valladolid ense\u00f1ar\u00e1 a los ganaderos en una jornada a manejar la Unidad Veterinaria Virtual - ASAJA Valladolid\",\"isPartOf\":{\"@id\":\"https:\/\/www.asajacyl.com\/valladolid\/#website\"},\"primaryImageOfPage\":{\"@id\":\"https:\/\/www.asajacyl.com\/valladolid\/asaja-valladolid-informa\/asaja-valladolid-ensenara-los-ganaderos-una-jornada-manejar-la-unidad-veterinaria-virtual#primaryimage\"},\"image\":{\"@id\":\"https:\/\/www.asajacyl.com\/valladolid\/asaja-valladolid-informa\/asaja-valladolid-ensenara-los-ganaderos-una-jornada-manejar-la-unidad-veterinaria-virtual#primaryimage\"},\"thumbnailUrl\":\"https:\/\/www.asajacyl.com\/valladolid\/wp-content\/uploads\/sites\/2\/2019\/09\/oveja.jpg\",\"datePublished\":\"2019-09-24T09:53:29+00:00\",\"dateModified\":\"2019-09-24T10:21:24+00:00\",\"author\":{\"@id\":\"https:\/\/www.asajacyl.com\/valladolid\/#\/schema\/person\/cf213adc3e576168b6850f7db054141e\"},\"description\":\"Asaja Valladolid ense\u00f1ar\u00e1 a los ganaderos en una jornada a manejar la Unidad Veterinaria Virtual. Este evento tendr\u00e1 lugar, este jueves 26 de septiembre, a partir de las 13.00 horas en el Sal\u00f3n de Actos de la CVE.\",\"breadcrumb\":{\"@id\":\"https:\/\/www.asajacyl.com\/valladolid\/asaja-valladolid-informa\/asaja-valladolid-ensenara-los-ganaderos-una-jornada-manejar-la-unidad-veterinaria-virtual#breadcrumb\"},\"inLanguage\":\"es\",\"potentialAction\":[{\"@type\":\"ReadAction\",\"target\":[\"https:\/\/www.asajacyl.com\/valladolid\/asaja-valladolid-informa\/asaja-valladolid-ensenara-los-ganaderos-una-jornada-manejar-la-unidad-veterinaria-virtual\"]}]},{\"@type\":\"ImageObject\",\"inLanguage\":\"es\",\"@id\":\"https:\/\/www.asajacyl.com\/valladolid\/asaja-valladolid-informa\/asaja-valladolid-ensenara-los-ganaderos-una-jornada-manejar-la-unidad-veterinaria-virtual#primaryimage\",\"url\":\"https:\/\/www.asajacyl.com\/valladolid\/wp-content\/uploads\/sites\/2\/2019\/09\/oveja.jpg\",\"contentUrl\":\"https:\/\/www.asajacyl.com\/valladolid\/wp-content\/uploads\/sites\/2\/2019\/09\/oveja.jpg\",\"width\":1920,\"height\":1279,\"caption\":\"Asaja Valladolid ense\u00f1ar\u00e1 a los ganaderos en una jornada a manejar la Unidad Veterinaria Virtual\"},{\"@type\":\"BreadcrumbList\",\"@id\":\"https:\/\/www.asajacyl.com\/valladolid\/asaja-valladolid-informa\/asaja-valladolid-ensenara-los-ganaderos-una-jornada-manejar-la-unidad-veterinaria-virtual#breadcrumb\",\"itemListElement\":[{\"@type\":\"ListItem\",\"position\":1,\"name\":\"Portada\",\"item\":\"https:\/\/www.asajacyl.com\/valladolid\/\"},{\"@type\":\"ListItem\",\"position\":2,\"name\":\"Asaja Valladolid ense\u00f1ar\u00e1 a los ganaderos en una jornada a manejar la Unidad Veterinaria Virtual\"}]},{\"@type\":\"WebSite\",\"@id\":\"https:\/\/www.asajacyl.com\/valladolid\/#website\",\"url\":\"https:\/\/www.asajacyl.com\/valladolid\/\",\"name\":\"ASAJA Valladolid\",\"description\":\"Otro sitio m\u00e1s de Provincias ASAJA Castilla y Le\u00f3n\",\"potentialAction\":[{\"@type\":\"SearchAction\",\"target\":{\"@type\":\"EntryPoint\",\"urlTemplate\":\"https:\/\/www.asajacyl.com\/valladolid\/?s={search_term_string}\"},\"query-input\":{\"@type\":\"PropertyValueSpecification\",\"valueRequired\":true,\"valueName\":\"search_term_string\"}}],\"inLanguage\":\"es\"},{\"@type\":\"Person\",\"@id\":\"https:\/\/www.asajacyl.com\/valladolid\/#\/schema\/person\/cf213adc3e576168b6850f7db054141e\",\"name\":\"Mar\u00eda Natividad\",\"image\":{\"@type\":\"ImageObject\",\"inLanguage\":\"es\",\"@id\":\"https:\/\/www.asajacyl.com\/valladolid\/#\/schema\/person\/image\/\",\"url\":\"https:\/\/secure.gravatar.com\/avatar\/7f7b3c840c2af79feac78f5eeffefc45?s=96&d=mm&r=g\",\"contentUrl\":\"https:\/\/secure.gravatar.com\/avatar\/7f7b3c840c2af79feac78f5eeffefc45?s=96&d=mm&r=g\",\"caption\":\"Mar\u00eda Natividad\"},\"url\":\"https:\/\/www.asajacyl.com\/valladolid\/author\/natividadhh\"}]}<\/script>\n<!-- \/ Yoast SEO plugin. -->","yoast_head_json":{"title":"Asaja Valladolid ense\u00f1ar\u00e1 a los ganaderos en una jornada a manejar la Unidad Veterinaria Virtual - ASAJA Valladolid","description":"Asaja Valladolid ense\u00f1ar\u00e1 a los ganaderos en una jornada a manejar la Unidad Veterinaria Virtual. Este evento tendr\u00e1 lugar, este jueves 26 de septiembre, a partir de las 13.00 horas en el Sal\u00f3n de Actos de la CVE.","robots":{"index":"index","follow":"follow","max-snippet":"max-snippet:-1","max-image-preview":"max-image-preview:large","max-video-preview":"max-video-preview:-1"},"canonical":"https:\/\/www.asajacyl.com\/valladolid\/asaja-valladolid-informa\/asaja-valladolid-ensenara-los-ganaderos-una-jornada-manejar-la-unidad-veterinaria-virtual","og_locale":"es_ES","og_type":"article","og_title":"Asaja Valladolid ense\u00f1ar\u00e1 a los ganaderos en una jornada a manejar la Unidad Veterinaria Virtual - ASAJA Valladolid","og_description":"Asaja Valladolid ense\u00f1ar\u00e1 a los ganaderos en una jornada a manejar la Unidad Veterinaria Virtual. Este evento tendr\u00e1 lugar, este jueves 26 de septiembre, a partir de las 13.00 horas en el Sal\u00f3n de Actos de la CVE.","og_url":"https:\/\/www.asajacyl.com\/valladolid\/asaja-valladolid-informa\/asaja-valladolid-ensenara-los-ganaderos-una-jornada-manejar-la-unidad-veterinaria-virtual","og_site_name":"ASAJA Valladolid","article_published_time":"2019-09-24T09:53:29+00:00","article_modified_time":"2019-09-24T10:21:24+00:00","og_image":[{"width":1920,"height":1279,"url":"https:\/\/www.asajacyl.com\/valladolid\/wp-content\/uploads\/sites\/2\/2019\/09\/oveja.jpg","type":"image\/jpeg"}],"author":"Mar\u00eda Natividad","twitter_card":"summary_large_image","twitter_misc":{"Escrito por":"Mar\u00eda Natividad","Tiempo de lectura":"3 minutos"},"schema":{"@context":"https:\/\/schema.org","@graph":[{"@type":"WebPage","@id":"https:\/\/www.asajacyl.com\/valladolid\/asaja-valladolid-informa\/asaja-valladolid-ensenara-los-ganaderos-una-jornada-manejar-la-unidad-veterinaria-virtual","url":"https:\/\/www.asajacyl.com\/valladolid\/asaja-valladolid-informa\/asaja-valladolid-ensenara-los-ganaderos-una-jornada-manejar-la-unidad-veterinaria-virtual","name":"Asaja Valladolid ense\u00f1ar\u00e1 a los ganaderos en una jornada a manejar la Unidad Veterinaria Virtual - ASAJA Valladolid","isPartOf":{"@id":"https:\/\/www.asajacyl.com\/valladolid\/#website"},"primaryImageOfPage":{"@id":"https:\/\/www.asajacyl.com\/valladolid\/asaja-valladolid-informa\/asaja-valladolid-ensenara-los-ganaderos-una-jornada-manejar-la-unidad-veterinaria-virtual#primaryimage"},"image":{"@id":"https:\/\/www.asajacyl.com\/valladolid\/asaja-valladolid-informa\/asaja-valladolid-ensenara-los-ganaderos-una-jornada-manejar-la-unidad-veterinaria-virtual#primaryimage"},"thumbnailUrl":"https:\/\/www.asajacyl.com\/valladolid\/wp-content\/uploads\/sites\/2\/2019\/09\/oveja.jpg","datePublished":"2019-09-24T09:53:29+00:00","dateModified":"2019-09-24T10:21:24+00:00","author":{"@id":"https:\/\/www.asajacyl.com\/valladolid\/#\/schema\/person\/cf213adc3e576168b6850f7db054141e"},"description":"Asaja Valladolid ense\u00f1ar\u00e1 a los ganaderos en una jornada a manejar la Unidad Veterinaria Virtual. Este evento tendr\u00e1 lugar, este jueves 26 de septiembre, a partir de las 13.00 horas en el Sal\u00f3n de Actos de la CVE.","breadcrumb":{"@id":"https:\/\/www.asajacyl.com\/valladolid\/asaja-valladolid-informa\/asaja-valladolid-ensenara-los-ganaderos-una-jornada-manejar-la-unidad-veterinaria-virtual#breadcrumb"},"inLanguage":"es","potentialAction":[{"@type":"ReadAction","target":["https:\/\/www.asajacyl.com\/valladolid\/asaja-valladolid-informa\/asaja-valladolid-ensenara-los-ganaderos-una-jornada-manejar-la-unidad-veterinaria-virtual"]}]},{"@type":"ImageObject","inLanguage":"es","@id":"https:\/\/www.asajacyl.com\/valladolid\/asaja-valladolid-informa\/asaja-valladolid-ensenara-los-ganaderos-una-jornada-manejar-la-unidad-veterinaria-virtual#primaryimage","url":"https:\/\/www.asajacyl.com\/valladolid\/wp-content\/uploads\/sites\/2\/2019\/09\/oveja.jpg","contentUrl":"https:\/\/www.asajacyl.com\/valladolid\/wp-content\/uploads\/sites\/2\/2019\/09\/oveja.jpg","width":1920,"height":1279,"caption":"Asaja Valladolid ense\u00f1ar\u00e1 a los ganaderos en una jornada a manejar la Unidad Veterinaria Virtual"},{"@type":"BreadcrumbList","@id":"https:\/\/www.asajacyl.com\/valladolid\/asaja-valladolid-informa\/asaja-valladolid-ensenara-los-ganaderos-una-jornada-manejar-la-unidad-veterinaria-virtual#breadcrumb","itemListElement":[{"@type":"ListItem","position":1,"name":"Portada","item":"https:\/\/www.asajacyl.com\/valladolid\/"},{"@type":"ListItem","position":2,"name":"Asaja Valladolid ense\u00f1ar\u00e1 a los ganaderos en una jornada a manejar la Unidad Veterinaria Virtual"}]},{"@type":"WebSite","@id":"https:\/\/www.asajacyl.com\/valladolid\/#website","url":"https:\/\/www.asajacyl.com\/valladolid\/","name":"ASAJA Valladolid","description":"Otro sitio m\u00e1s de Provincias ASAJA Castilla y Le\u00f3n","potentialAction":[{"@type":"SearchAction","target":{"@type":"EntryPoint","urlTemplate":"https:\/\/www.asajacyl.com\/valladolid\/?s={search_term_string}"},"query-input":{"@type":"PropertyValueSpecification","valueRequired":true,"valueName":"search_term_string"}}],"inLanguage":"es"},{"@type":"Person","@id":"https:\/\/www.asajacyl.com\/valladolid\/#\/schema\/person\/cf213adc3e576168b6850f7db054141e","name":"Mar\u00eda Natividad","image":{"@type":"ImageObject","inLanguage":"es","@id":"https:\/\/www.asajacyl.com\/valladolid\/#\/schema\/person\/image\/","url":"https:\/\/secure.gravatar.com\/avatar\/7f7b3c840c2af79feac78f5eeffefc45?s=96&d=mm&r=g","contentUrl":"https:\/\/secure.gravatar.com\/avatar\/7f7b3c840c2af79feac78f5eeffefc45?s=96&d=mm&r=g","caption":"Mar\u00eda Natividad"},"url":"https:\/\/www.asajacyl.com\/valladolid\/author\/natividadhh"}]}},"_links":{"self":[{"href":"https:\/\/www.asajacyl.com\/valladolid\/wp-json\/wp\/v2\/posts\/1937"}],"collection":[{"href":"https:\/\/www.asajacyl.com\/valladolid\/wp-json\/wp\/v2\/posts"}],"about":[{"href":"https:\/\/www.asajacyl.com\/valladolid\/wp-json\/wp\/v2\/types\/post"}],"author":[{"embeddable":true,"href":"https:\/\/www.asajacyl.com\/valladolid\/wp-json\/wp\/v2\/users\/13"}],"replies":[{"embeddable":true,"href":"https:\/\/www.asajacyl.com\/valladolid\/wp-json\/wp\/v2\/comments?post=1937"}],"version-history":[{"count":3,"href":"https:\/\/www.asajacyl.com\/valladolid\/wp-json\/wp\/v2\/posts\/1937\/revisions"}],"predecessor-version":[{"id":1942,"href":"https:\/\/www.asajacyl.com\/valladolid\/wp-json\/wp\/v2\/posts\/1937\/revisions\/1942"}],"wp:featuredmedia":[{"embeddable":true,"href":"https:\/\/www.asajacyl.com\/valladolid\/wp-json\/wp\/v2\/media\/1939"}],"wp:attachment":[{"href":"https:\/\/www.asajacyl.com\/valladolid\/wp-json\/wp\/v2\/media?parent=1937"}],"wp:term":[{"taxonomy":"category","embeddable":true,"href":"https:\/\/www.asajacyl.com\/valladolid\/wp-json\/wp\/v2\/categories?post=1937"},{"taxonomy":"post_tag","embeddable":true,"href":"https:\/\/www.asajacyl.com\/valladolid\/wp-json\/wp\/v2\/tags?post=1937"}],"curies":[{"name":"wp","href":"https:\/\/api.w.org\/{rel}","templated":true}]}}