{"id":1971,"date":"2019-10-28T08:52:31","date_gmt":"2019-10-28T08:52:31","guid":{"rendered":"https:\/\/www.asajacyl.com\/valladolid\/?p=1971"},"modified":"2019-11-19T16:08:05","modified_gmt":"2019-11-19T16:08:05","slug":"curso-gratuito-elaboracion-artesanal-vinos-mostos-ecologicos","status":"publish","type":"post","link":"https:\/\/www.asajacyl.com\/valladolid\/asaja-valladolid-informa\/curso-gratuito-elaboracion-artesanal-vinos-mostos-ecologicos","title":{"rendered":"Curso gratuito de elaboraci\u00f3n artesanal de vinos y mostos ecol\u00f3gicos"},"content":{"rendered":"<h2><span style=\"color: #008000\"><strong>Tendr\u00e1 lugar en Rueda del 7 al 15 de noviembre en la Bodega Montepedroso<\/strong><\/span><\/h2>\n<p><img loading=\"lazy\" decoding=\"async\" class=\"wp-image-1972 size-large\" src=\"https:\/\/www.asajacyl.com\/valladolid\/wp-content\/uploads\/sites\/2\/2019\/10\/Cartel-curso-vino-724x1024.jpg\" alt=\"Cartel curso vino ecologico\" width=\"696\" height=\"984\" srcset=\"https:\/\/www.asajacyl.com\/valladolid\/wp-content\/uploads\/sites\/2\/2019\/10\/Cartel-curso-vino-724x1024.jpg 724w, https:\/\/www.asajacyl.com\/valladolid\/wp-content\/uploads\/sites\/2\/2019\/10\/Cartel-curso-vino-212x300.jpg 212w, https:\/\/www.asajacyl.com\/valladolid\/wp-content\/uploads\/sites\/2\/2019\/10\/Cartel-curso-vino-768x1086.jpg 768w, https:\/\/www.asajacyl.com\/valladolid\/wp-content\/uploads\/sites\/2\/2019\/10\/Cartel-curso-vino-696x985.jpg 696w, https:\/\/www.asajacyl.com\/valladolid\/wp-content\/uploads\/sites\/2\/2019\/10\/Cartel-curso-vino-1068x1511.jpg 1068w, https:\/\/www.asajacyl.com\/valladolid\/wp-content\/uploads\/sites\/2\/2019\/10\/Cartel-curso-vino-297x420.jpg 297w, https:\/\/www.asajacyl.com\/valladolid\/wp-content\/uploads\/sites\/2\/2019\/10\/Cartel-curso-vino.jpg 1240w\" sizes=\"(max-width: 696px) 100vw, 696px\" \/><\/p>\n<p>ASAJA Valladolid organiza <strong>del 7 al 15 de noviembre en Rueda (Valladolid)<\/strong> un curso gratuito de elaboraci\u00f3n artesanal de vinos y mostos ecol\u00f3gicos <span style=\"font-size: 14pt\"><strong>en una operaci\u00f3n cofinanciada por la Uni\u00f3n Europea a trav\u00e9s del FEADER en un 80%.<\/strong><\/span><\/p>\n<p>La acci\u00f3n formativa, enmarcada en el Programa de Desarrollo Rural de Castilla y Le\u00f3n 2014-2020, tiene una duraci\u00f3n de un total de 30 horas y est\u00e1 dirigida a todos los trabajadores del sector agrario y agroalimentario, y aquellos interesados en incorporarse a estos sectores.<\/p>\n<p>El curso <strong>tendr\u00e1 lugar en la Bodega Montepedroso<\/strong> (Termino La Morejona s\/n) <strong>en horario de 16.00 horas a 21.00 horas, excepto viernes 8 y 15 de noviembre que ser\u00e1 de 9.00 a 14.00. <\/strong>La inscripci\u00f3n <strong>es gratuita<\/strong> y las <strong>plazas son limitadas<\/strong>. Todos aquellos interesados en inscribirse lo pueden hacer en el tel\u00e9fono: <strong>983 20 33 71<\/strong> antes del martes previo al comienzo del curso. Para cualquier duda o pregunta pod\u00e9is dirigiros tambi\u00e9n, a esta direcci\u00f3n de correo electr\u00f3nico: <strong>cursos@asajavalladolid.com<\/strong><\/p>\n<p>Para conocer todos los detalles, en el cartel adjunto, encontrare\u00eds el resto de la informaci\u00f3n: <span style=\"color: #003300\"><strong><a style=\"color: #003300\" href=\"https:\/\/www.asajacyl.com\/valladolid\/wp-content\/uploads\/sites\/2\/2019\/10\/curso-vino-ecol\u00f3gico.pdf\" target=\"_blank\" rel=\"noopener\">curso vino ecol\u00f3gico<\/a><\/strong><\/span><\/p>\n<p><span style=\"color: #003300\"><strong>Una vez concluy\u00f3 esta actividad formativa, 15 alumnos alcanzaron las competencias correspondientes, considerando por tanto los objetivos del curso conseguidos.<\/strong><\/span><\/p>\n<p><img loading=\"lazy\" decoding=\"async\" class=\"wp-image-1947 size-large\" src=\"https:\/\/www.asajacyl.com\/valladolid\/wp-content\/uploads\/sites\/2\/2019\/10\/Recorte-1024x348.jpeg\" alt=\"Curso de Bienestar Animal en el Trasporte en Medina de Rioseco\" width=\"696\" height=\"237\" srcset=\"https:\/\/www.asajacyl.com\/valladolid\/wp-content\/uploads\/sites\/2\/2019\/10\/Recorte-1024x348.jpeg 1024w, https:\/\/www.asajacyl.com\/valladolid\/wp-content\/uploads\/sites\/2\/2019\/10\/Recorte-300x102.jpeg 300w, https:\/\/www.asajacyl.com\/valladolid\/wp-content\/uploads\/sites\/2\/2019\/10\/Recorte-768x261.jpeg 768w, https:\/\/www.asajacyl.com\/valladolid\/wp-content\/uploads\/sites\/2\/2019\/10\/Recorte-696x237.jpeg 696w, https:\/\/www.asajacyl.com\/valladolid\/wp-content\/uploads\/sites\/2\/2019\/10\/Recorte-1068x363.jpeg 1068w, https:\/\/www.asajacyl.com\/valladolid\/wp-content\/uploads\/sites\/2\/2019\/10\/Recorte-1235x420.jpeg 1235w, https:\/\/www.asajacyl.com\/valladolid\/wp-content\/uploads\/sites\/2\/2019\/10\/Recorte-1920x653.jpeg 1920w\" sizes=\"(max-width: 696px) 100vw, 696px\" \/><\/p>\n","protected":false},"excerpt":{"rendered":"<p>Tendr\u00e1 lugar en Rueda del 7 al 15 de noviembre en la Bodega Montepedroso ASAJA Valladolid organiza del 7 al 15 de noviembre en Rueda (Valladolid) un curso gratuito de elaboraci\u00f3n artesanal de vinos y mostos ecol\u00f3gicos en una operaci\u00f3n cofinanciada por la Uni\u00f3n Europea a trav\u00e9s del FEADER en un 80%. La acci\u00f3n formativa, [&hellip;]<\/p>\n","protected":false},"author":13,"featured_media":1975,"comment_status":"open","ping_status":"open","sticky":false,"template":"","format":"standard","meta":{"footnotes":""},"categories":[8,28,9],"tags":[348,58,349,233,252,345,347,346,195,133,343,344],"yoast_head":"<!-- This site is optimized with the Yoast SEO plugin v24.5 - https:\/\/yoast.com\/wordpress\/plugins\/seo\/ -->\n<title>Curso gratuito de elaboraci\u00f3n artesanal de vinos y mostos ecol\u00f3gicos - ASAJA Valladolid<\/title>\n<meta name=\"description\" content=\"Curso gratuito de elaboraci\u00f3n artesanal de vinos y mostos ecol\u00f3gicos. Tendr\u00e1 lugar en Rueda del 7 al 15 de noviembre en la Bodega Montepedroso\" \/>\n<meta name=\"robots\" content=\"index, follow, max-snippet:-1, max-image-preview:large, max-video-preview:-1\" \/>\n<link rel=\"canonical\" href=\"https:\/\/www.asajacyl.com\/valladolid\/asaja-valladolid-informa\/curso-gratuito-elaboracion-artesanal-vinos-mostos-ecologicos\" \/>\n<meta property=\"og:locale\" content=\"es_ES\" \/>\n<meta property=\"og:type\" content=\"article\" \/>\n<meta property=\"og:title\" content=\"Curso gratuito de elaboraci\u00f3n artesanal de vinos y mostos ecol\u00f3gicos - ASAJA Valladolid\" \/>\n<meta property=\"og:description\" content=\"Curso gratuito de elaboraci\u00f3n artesanal de vinos y mostos ecol\u00f3gicos. Tendr\u00e1 lugar en Rueda del 7 al 15 de noviembre en la Bodega Montepedroso\" \/>\n<meta property=\"og:url\" content=\"https:\/\/www.asajacyl.com\/valladolid\/asaja-valladolid-informa\/curso-gratuito-elaboracion-artesanal-vinos-mostos-ecologicos\" \/>\n<meta property=\"og:site_name\" content=\"ASAJA Valladolid\" \/>\n<meta property=\"article:published_time\" content=\"2019-10-28T08:52:31+00:00\" \/>\n<meta property=\"article:modified_time\" content=\"2019-11-19T16:08:05+00:00\" \/>\n<meta property=\"og:image\" content=\"https:\/\/www.asajacyl.com\/valladolid\/wp-content\/uploads\/sites\/2\/2019\/10\/oak-barrels-2574676_1920.jpg\" \/>\n\t<meta property=\"og:image:width\" content=\"1920\" \/>\n\t<meta property=\"og:image:height\" content=\"1280\" \/>\n\t<meta property=\"og:image:type\" content=\"image\/jpeg\" \/>\n<meta name=\"author\" content=\"Mar\u00eda Natividad\" \/>\n<meta name=\"twitter:card\" content=\"summary_large_image\" \/>\n<meta name=\"twitter:label1\" content=\"Escrito por\" \/>\n\t<meta name=\"twitter:data1\" content=\"Mar\u00eda Natividad\" \/>\n\t<meta name=\"twitter:label2\" content=\"Tiempo de lectura\" \/>\n\t<meta name=\"twitter:data2\" content=\"1 minuto\" \/>\n<script type=\"application\/ld+json\" class=\"yoast-schema-graph\">{\"@context\":\"https:\/\/schema.org\",\"@graph\":[{\"@type\":\"WebPage\",\"@id\":\"https:\/\/www.asajacyl.com\/valladolid\/asaja-valladolid-informa\/curso-gratuito-elaboracion-artesanal-vinos-mostos-ecologicos\",\"url\":\"https:\/\/www.asajacyl.com\/valladolid\/asaja-valladolid-informa\/curso-gratuito-elaboracion-artesanal-vinos-mostos-ecologicos\",\"name\":\"Curso gratuito de elaboraci\u00f3n artesanal de vinos y mostos ecol\u00f3gicos - ASAJA Valladolid\",\"isPartOf\":{\"@id\":\"https:\/\/www.asajacyl.com\/valladolid\/#website\"},\"primaryImageOfPage\":{\"@id\":\"https:\/\/www.asajacyl.com\/valladolid\/asaja-valladolid-informa\/curso-gratuito-elaboracion-artesanal-vinos-mostos-ecologicos#primaryimage\"},\"image\":{\"@id\":\"https:\/\/www.asajacyl.com\/valladolid\/asaja-valladolid-informa\/curso-gratuito-elaboracion-artesanal-vinos-mostos-ecologicos#primaryimage\"},\"thumbnailUrl\":\"https:\/\/www.asajacyl.com\/valladolid\/wp-content\/uploads\/sites\/2\/2019\/10\/oak-barrels-2574676_1920.jpg\",\"datePublished\":\"2019-10-28T08:52:31+00:00\",\"dateModified\":\"2019-11-19T16:08:05+00:00\",\"author\":{\"@id\":\"https:\/\/www.asajacyl.com\/valladolid\/#\/schema\/person\/cf213adc3e576168b6850f7db054141e\"},\"description\":\"Curso gratuito de elaboraci\u00f3n artesanal de vinos y mostos ecol\u00f3gicos. Tendr\u00e1 lugar en Rueda del 7 al 15 de noviembre en la Bodega Montepedroso\",\"breadcrumb\":{\"@id\":\"https:\/\/www.asajacyl.com\/valladolid\/asaja-valladolid-informa\/curso-gratuito-elaboracion-artesanal-vinos-mostos-ecologicos#breadcrumb\"},\"inLanguage\":\"es\",\"potentialAction\":[{\"@type\":\"ReadAction\",\"target\":[\"https:\/\/www.asajacyl.com\/valladolid\/asaja-valladolid-informa\/curso-gratuito-elaboracion-artesanal-vinos-mostos-ecologicos\"]}]},{\"@type\":\"ImageObject\",\"inLanguage\":\"es\",\"@id\":\"https:\/\/www.asajacyl.com\/valladolid\/asaja-valladolid-informa\/curso-gratuito-elaboracion-artesanal-vinos-mostos-ecologicos#primaryimage\",\"url\":\"https:\/\/www.asajacyl.com\/valladolid\/wp-content\/uploads\/sites\/2\/2019\/10\/oak-barrels-2574676_1920.jpg\",\"contentUrl\":\"https:\/\/www.asajacyl.com\/valladolid\/wp-content\/uploads\/sites\/2\/2019\/10\/oak-barrels-2574676_1920.jpg\",\"width\":1920,\"height\":1280,\"caption\":\"Curso gratuito de elaboraci\u00f3n artesanal de vinos y mostos ecol\u00f3gicos\"},{\"@type\":\"BreadcrumbList\",\"@id\":\"https:\/\/www.asajacyl.com\/valladolid\/asaja-valladolid-informa\/curso-gratuito-elaboracion-artesanal-vinos-mostos-ecologicos#breadcrumb\",\"itemListElement\":[{\"@type\":\"ListItem\",\"position\":1,\"name\":\"Portada\",\"item\":\"https:\/\/www.asajacyl.com\/valladolid\/\"},{\"@type\":\"ListItem\",\"position\":2,\"name\":\"Curso gratuito de elaboraci\u00f3n artesanal de vinos y mostos ecol\u00f3gicos\"}]},{\"@type\":\"WebSite\",\"@id\":\"https:\/\/www.asajacyl.com\/valladolid\/#website\",\"url\":\"https:\/\/www.asajacyl.com\/valladolid\/\",\"name\":\"ASAJA Valladolid\",\"description\":\"Otro sitio m\u00e1s de Provincias ASAJA Castilla y Le\u00f3n\",\"potentialAction\":[{\"@type\":\"SearchAction\",\"target\":{\"@type\":\"EntryPoint\",\"urlTemplate\":\"https:\/\/www.asajacyl.com\/valladolid\/?s={search_term_string}\"},\"query-input\":{\"@type\":\"PropertyValueSpecification\",\"valueRequired\":true,\"valueName\":\"search_term_string\"}}],\"inLanguage\":\"es\"},{\"@type\":\"Person\",\"@id\":\"https:\/\/www.asajacyl.com\/valladolid\/#\/schema\/person\/cf213adc3e576168b6850f7db054141e\",\"name\":\"Mar\u00eda Natividad\",\"image\":{\"@type\":\"ImageObject\",\"inLanguage\":\"es\",\"@id\":\"https:\/\/www.asajacyl.com\/valladolid\/#\/schema\/person\/image\/\",\"url\":\"https:\/\/secure.gravatar.com\/avatar\/7f7b3c840c2af79feac78f5eeffefc45?s=96&d=mm&r=g\",\"contentUrl\":\"https:\/\/secure.gravatar.com\/avatar\/7f7b3c840c2af79feac78f5eeffefc45?s=96&d=mm&r=g\",\"caption\":\"Mar\u00eda Natividad\"},\"url\":\"https:\/\/www.asajacyl.com\/valladolid\/author\/natividadhh\"}]}<\/script>\n<!-- \/ Yoast SEO plugin. -->","yoast_head_json":{"title":"Curso gratuito de elaboraci\u00f3n artesanal de vinos y mostos ecol\u00f3gicos - ASAJA Valladolid","description":"Curso gratuito de elaboraci\u00f3n artesanal de vinos y mostos ecol\u00f3gicos. Tendr\u00e1 lugar en Rueda del 7 al 15 de noviembre en la Bodega Montepedroso","robots":{"index":"index","follow":"follow","max-snippet":"max-snippet:-1","max-image-preview":"max-image-preview:large","max-video-preview":"max-video-preview:-1"},"canonical":"https:\/\/www.asajacyl.com\/valladolid\/asaja-valladolid-informa\/curso-gratuito-elaboracion-artesanal-vinos-mostos-ecologicos","og_locale":"es_ES","og_type":"article","og_title":"Curso gratuito de elaboraci\u00f3n artesanal de vinos y mostos ecol\u00f3gicos - ASAJA Valladolid","og_description":"Curso gratuito de elaboraci\u00f3n artesanal de vinos y mostos ecol\u00f3gicos. Tendr\u00e1 lugar en Rueda del 7 al 15 de noviembre en la Bodega Montepedroso","og_url":"https:\/\/www.asajacyl.com\/valladolid\/asaja-valladolid-informa\/curso-gratuito-elaboracion-artesanal-vinos-mostos-ecologicos","og_site_name":"ASAJA Valladolid","article_published_time":"2019-10-28T08:52:31+00:00","article_modified_time":"2019-11-19T16:08:05+00:00","og_image":[{"width":1920,"height":1280,"url":"https:\/\/www.asajacyl.com\/valladolid\/wp-content\/uploads\/sites\/2\/2019\/10\/oak-barrels-2574676_1920.jpg","type":"image\/jpeg"}],"author":"Mar\u00eda Natividad","twitter_card":"summary_large_image","twitter_misc":{"Escrito por":"Mar\u00eda Natividad","Tiempo de lectura":"1 minuto"},"schema":{"@context":"https:\/\/schema.org","@graph":[{"@type":"WebPage","@id":"https:\/\/www.asajacyl.com\/valladolid\/asaja-valladolid-informa\/curso-gratuito-elaboracion-artesanal-vinos-mostos-ecologicos","url":"https:\/\/www.asajacyl.com\/valladolid\/asaja-valladolid-informa\/curso-gratuito-elaboracion-artesanal-vinos-mostos-ecologicos","name":"Curso gratuito de elaboraci\u00f3n artesanal de vinos y mostos ecol\u00f3gicos - ASAJA Valladolid","isPartOf":{"@id":"https:\/\/www.asajacyl.com\/valladolid\/#website"},"primaryImageOfPage":{"@id":"https:\/\/www.asajacyl.com\/valladolid\/asaja-valladolid-informa\/curso-gratuito-elaboracion-artesanal-vinos-mostos-ecologicos#primaryimage"},"image":{"@id":"https:\/\/www.asajacyl.com\/valladolid\/asaja-valladolid-informa\/curso-gratuito-elaboracion-artesanal-vinos-mostos-ecologicos#primaryimage"},"thumbnailUrl":"https:\/\/www.asajacyl.com\/valladolid\/wp-content\/uploads\/sites\/2\/2019\/10\/oak-barrels-2574676_1920.jpg","datePublished":"2019-10-28T08:52:31+00:00","dateModified":"2019-11-19T16:08:05+00:00","author":{"@id":"https:\/\/www.asajacyl.com\/valladolid\/#\/schema\/person\/cf213adc3e576168b6850f7db054141e"},"description":"Curso gratuito de elaboraci\u00f3n artesanal de vinos y mostos ecol\u00f3gicos. Tendr\u00e1 lugar en Rueda del 7 al 15 de noviembre en la Bodega Montepedroso","breadcrumb":{"@id":"https:\/\/www.asajacyl.com\/valladolid\/asaja-valladolid-informa\/curso-gratuito-elaboracion-artesanal-vinos-mostos-ecologicos#breadcrumb"},"inLanguage":"es","potentialAction":[{"@type":"ReadAction","target":["https:\/\/www.asajacyl.com\/valladolid\/asaja-valladolid-informa\/curso-gratuito-elaboracion-artesanal-vinos-mostos-ecologicos"]}]},{"@type":"ImageObject","inLanguage":"es","@id":"https:\/\/www.asajacyl.com\/valladolid\/asaja-valladolid-informa\/curso-gratuito-elaboracion-artesanal-vinos-mostos-ecologicos#primaryimage","url":"https:\/\/www.asajacyl.com\/valladolid\/wp-content\/uploads\/sites\/2\/2019\/10\/oak-barrels-2574676_1920.jpg","contentUrl":"https:\/\/www.asajacyl.com\/valladolid\/wp-content\/uploads\/sites\/2\/2019\/10\/oak-barrels-2574676_1920.jpg","width":1920,"height":1280,"caption":"Curso gratuito de elaboraci\u00f3n artesanal de vinos y mostos ecol\u00f3gicos"},{"@type":"BreadcrumbList","@id":"https:\/\/www.asajacyl.com\/valladolid\/asaja-valladolid-informa\/curso-gratuito-elaboracion-artesanal-vinos-mostos-ecologicos#breadcrumb","itemListElement":[{"@type":"ListItem","position":1,"name":"Portada","item":"https:\/\/www.asajacyl.com\/valladolid\/"},{"@type":"ListItem","position":2,"name":"Curso gratuito de elaboraci\u00f3n artesanal de vinos y mostos ecol\u00f3gicos"}]},{"@type":"WebSite","@id":"https:\/\/www.asajacyl.com\/valladolid\/#website","url":"https:\/\/www.asajacyl.com\/valladolid\/","name":"ASAJA Valladolid","description":"Otro sitio m\u00e1s de Provincias ASAJA Castilla y Le\u00f3n","potentialAction":[{"@type":"SearchAction","target":{"@type":"EntryPoint","urlTemplate":"https:\/\/www.asajacyl.com\/valladolid\/?s={search_term_string}"},"query-input":{"@type":"PropertyValueSpecification","valueRequired":true,"valueName":"search_term_string"}}],"inLanguage":"es"},{"@type":"Person","@id":"https:\/\/www.asajacyl.com\/valladolid\/#\/schema\/person\/cf213adc3e576168b6850f7db054141e","name":"Mar\u00eda Natividad","image":{"@type":"ImageObject","inLanguage":"es","@id":"https:\/\/www.asajacyl.com\/valladolid\/#\/schema\/person\/image\/","url":"https:\/\/secure.gravatar.com\/avatar\/7f7b3c840c2af79feac78f5eeffefc45?s=96&d=mm&r=g","contentUrl":"https:\/\/secure.gravatar.com\/avatar\/7f7b3c840c2af79feac78f5eeffefc45?s=96&d=mm&r=g","caption":"Mar\u00eda Natividad"},"url":"https:\/\/www.asajacyl.com\/valladolid\/author\/natividadhh"}]}},"_links":{"self":[{"href":"https:\/\/www.asajacyl.com\/valladolid\/wp-json\/wp\/v2\/posts\/1971"}],"collection":[{"href":"https:\/\/www.asajacyl.com\/valladolid\/wp-json\/wp\/v2\/posts"}],"about":[{"href":"https:\/\/www.asajacyl.com\/valladolid\/wp-json\/wp\/v2\/types\/post"}],"author":[{"embeddable":true,"href":"https:\/\/www.asajacyl.com\/valladolid\/wp-json\/wp\/v2\/users\/13"}],"replies":[{"embeddable":true,"href":"https:\/\/www.asajacyl.com\/valladolid\/wp-json\/wp\/v2\/comments?post=1971"}],"version-history":[{"count":6,"href":"https:\/\/www.asajacyl.com\/valladolid\/wp-json\/wp\/v2\/posts\/1971\/revisions"}],"predecessor-version":[{"id":2013,"href":"https:\/\/www.asajacyl.com\/valladolid\/wp-json\/wp\/v2\/posts\/1971\/revisions\/2013"}],"wp:featuredmedia":[{"embeddable":true,"href":"https:\/\/www.asajacyl.com\/valladolid\/wp-json\/wp\/v2\/media\/1975"}],"wp:attachment":[{"href":"https:\/\/www.asajacyl.com\/valladolid\/wp-json\/wp\/v2\/media?parent=1971"}],"wp:term":[{"taxonomy":"category","embeddable":true,"href":"https:\/\/www.asajacyl.com\/valladolid\/wp-json\/wp\/v2\/categories?post=1971"},{"taxonomy":"post_tag","embeddable":true,"href":"https:\/\/www.asajacyl.com\/valladolid\/wp-json\/wp\/v2\/tags?post=1971"}],"curies":[{"name":"wp","href":"https:\/\/api.w.org\/{rel}","templated":true}]}}