{"id":1981,"date":"2019-10-29T09:57:44","date_gmt":"2019-10-29T09:57:44","guid":{"rendered":"https:\/\/www.asajacyl.com\/valladolid\/?p=1981"},"modified":"2021-03-16T09:17:42","modified_gmt":"2021-03-16T09:17:42","slug":"los-prestamos-sequia-no-obligatorio-suscribir-ningun-tipo-seguro","status":"publish","type":"post","link":"https:\/\/www.asajacyl.com\/valladolid\/asaja-valladolid-informa\/los-prestamos-sequia-no-obligatorio-suscribir-ningun-tipo-seguro","title":{"rendered":"En los pr\u00e9stamos por sequ\u00eda no es obligatorio suscribir ning\u00fan tipo de seguro adicional"},"content":{"rendered":"<h2><span style=\"color: #008000\"><strong>Ante las numerosas quejas de sus socios, ASAJA Valladolid recuerda que no hay que contratar ning\u00fan servicio adicional y que, si\u00a0nos lo exigen, pidamos las condiciones por escrito para que nuestra organizaci\u00f3n tome las medidas pertinentes<\/strong><\/span><\/h2>\n<p style=\"text-align: justify\">ASAJA Valladolid, ante las numerosas quejas recibidas en sus oficinas con respeto a la concesi\u00f3n de los pr\u00e9stamos por sequ\u00eda,\u00a0<strong>quiere reiterar que ninguna entidad puede obligarnos a suscribir ning\u00fan tipo de seguro con ellos (agrario, de vida, etc.), condicionando la concesi\u00f3n del pr\u00e9stamo a la contrataci\u00f3n de alg\u00fan otro servicio.<\/strong><\/p>\n<p style=\"text-align: justify\">Varios socios se han dirigido a nuestras oficinas a denunciar las pr\u00e1cticas poco \u00e9ticas de algunas entidades financieras que condicionan la concesi\u00f3n de los pr\u00e9stamos por sequ\u00eda, siempre y cuando, se suscriba con la entidad alg\u00fan servicio adicional, en este caso seguros de vida o otros de tipo agrario.<\/p>\n<p style=\"text-align: justify\">Para recibir los pr\u00e9stamos bonificados por la Consejer\u00eda de Agricultura, Ganader\u00eda y Desarrollo Rural\u00a0<strong>NO ES NECESARIO contratar un servicio o seguro adicional<\/strong>. Si os ponen estas condiciones para firmar,\u00a0<strong>pedir por escrito la documentaci\u00f3n, acercaros a vuestra oficina de ASAJA VALLADOLID m\u00e1s cercana y nosotros nos encargaremos de tomar las medidas pertinentes y ponerlo en conocimiento de la Consejer\u00eda de Agricultura, Ganader\u00eda y Desarrollo Rural.<\/strong><\/p>\n<p style=\"text-align: justify\">Desde ASAJA VALLADOLID no vamos a tolerar que determinadas entidades bancarias se aprovechen de la vulnerabilidad de nuestros agricultores y ganaderos para hacer negocio cuando los requisitos son bien claros y no exigen contraprestaciones adicionales.<\/p>\n<p style=\"text-align: justify\">ASAJA VALLADOLID anima a denunciar estas malas practicas para acabar con estos comportamientos \u00e9ticamente reprobables. En nuestras oficinas, nos encargamos de todo, pero necesitaremos las condiciones por escrito, si es que os han pedido un seguro o servicio adicional para concederos el pr\u00e9stamo.<\/p>\n<p style=\"text-align: justify\">En este enlace pod\u00e9is consultar los requisitos oficiales que ha puesto la Consejer\u00eda de Agricultura, Ganader\u00eda y Desarrollo Rural:\u00a0<span style=\"color: #008000\"><strong><a style=\"color: #008000\" href=\"https:\/\/www.asajacyl.com\/valladolid\/asaja-valladolid-informa\/noticias\/requisitos-optar-los-prestamos-sequia\" target=\"_blank\" rel=\"noopener noreferrer\">https:\/\/www.asajacyl.com\/valladolid\/asaja-valladolid-informa\/noticias\/requisitos-optar-los-prestamos-sequia<\/a><\/strong><\/span><\/p>\n","protected":false},"excerpt":{"rendered":"<p>Ante las numerosas quejas de sus socios, ASAJA Valladolid recuerda que no hay que contratar ning\u00fan servicio adicional y que, si\u00a0nos lo exigen, pidamos las condiciones por escrito para que nuestra organizaci\u00f3n tome las medidas pertinentes ASAJA Valladolid, ante las numerosas quejas recibidas en sus oficinas con respeto a la concesi\u00f3n de los pr\u00e9stamos por [&hellip;]<\/p>\n","protected":false},"author":13,"featured_media":1983,"comment_status":"open","ping_status":"open","sticky":false,"template":"","format":"standard","meta":{"footnotes":""},"categories":[8,21,9,15],"tags":[70,280,351,352,119,339,350,63,118],"yoast_head":"<!-- This site is optimized with the Yoast SEO plugin v24.5 - https:\/\/yoast.com\/wordpress\/plugins\/seo\/ -->\n<title>En los pr\u00e9stamos por sequ\u00eda no es obligatorio suscribir ning\u00fan tipo de seguro adicional - ASAJA Valladolid<\/title>\n<meta name=\"description\" content=\"En los pr\u00e9stamos por sequ\u00eda no es obligatorio suscribir ning\u00fan tipo de seguro adicional. ASAJA Valladolid recuerda que no hay que contratar ning\u00fan servicio adicional y que, si nos lo exigen, pidamos las condiciones por escrito para que nuestra organizaci\u00f3n tome las medidas pertinentes\" \/>\n<meta name=\"robots\" content=\"index, follow, max-snippet:-1, max-image-preview:large, max-video-preview:-1\" \/>\n<link rel=\"canonical\" href=\"https:\/\/www.asajacyl.com\/valladolid\/asaja-valladolid-informa\/los-prestamos-sequia-no-obligatorio-suscribir-ningun-tipo-seguro\" \/>\n<meta property=\"og:locale\" content=\"es_ES\" \/>\n<meta property=\"og:type\" content=\"article\" \/>\n<meta property=\"og:title\" content=\"En los pr\u00e9stamos por sequ\u00eda no es obligatorio suscribir ning\u00fan tipo de seguro adicional - ASAJA Valladolid\" \/>\n<meta property=\"og:description\" content=\"En los pr\u00e9stamos por sequ\u00eda no es obligatorio suscribir ning\u00fan tipo de seguro adicional. ASAJA Valladolid recuerda que no hay que contratar ning\u00fan servicio adicional y que, si nos lo exigen, pidamos las condiciones por escrito para que nuestra organizaci\u00f3n tome las medidas pertinentes\" \/>\n<meta property=\"og:url\" content=\"https:\/\/www.asajacyl.com\/valladolid\/asaja-valladolid-informa\/los-prestamos-sequia-no-obligatorio-suscribir-ningun-tipo-seguro\" \/>\n<meta property=\"og:site_name\" content=\"ASAJA Valladolid\" \/>\n<meta property=\"article:published_time\" content=\"2019-10-29T09:57:44+00:00\" \/>\n<meta property=\"article:modified_time\" content=\"2021-03-16T09:17:42+00:00\" \/>\n<meta property=\"og:image\" content=\"https:\/\/www.asajacyl.com\/valladolid\/wp-content\/uploads\/sites\/2\/2019\/10\/pr\u00e9stamos-por-sequ\u00eda.jpg\" \/>\n\t<meta property=\"og:image:width\" content=\"1920\" \/>\n\t<meta property=\"og:image:height\" content=\"1281\" \/>\n\t<meta property=\"og:image:type\" content=\"image\/jpeg\" \/>\n<meta name=\"author\" content=\"Mar\u00eda Natividad\" \/>\n<meta name=\"twitter:card\" content=\"summary_large_image\" \/>\n<meta name=\"twitter:label1\" content=\"Escrito por\" \/>\n\t<meta name=\"twitter:data1\" content=\"Mar\u00eda Natividad\" \/>\n\t<meta name=\"twitter:label2\" content=\"Tiempo de lectura\" \/>\n\t<meta name=\"twitter:data2\" content=\"2 minutos\" \/>\n<script type=\"application\/ld+json\" class=\"yoast-schema-graph\">{\"@context\":\"https:\/\/schema.org\",\"@graph\":[{\"@type\":\"WebPage\",\"@id\":\"https:\/\/www.asajacyl.com\/valladolid\/asaja-valladolid-informa\/los-prestamos-sequia-no-obligatorio-suscribir-ningun-tipo-seguro\",\"url\":\"https:\/\/www.asajacyl.com\/valladolid\/asaja-valladolid-informa\/los-prestamos-sequia-no-obligatorio-suscribir-ningun-tipo-seguro\",\"name\":\"En los pr\u00e9stamos por sequ\u00eda no es obligatorio suscribir ning\u00fan tipo de seguro adicional - ASAJA Valladolid\",\"isPartOf\":{\"@id\":\"https:\/\/www.asajacyl.com\/valladolid\/#website\"},\"primaryImageOfPage\":{\"@id\":\"https:\/\/www.asajacyl.com\/valladolid\/asaja-valladolid-informa\/los-prestamos-sequia-no-obligatorio-suscribir-ningun-tipo-seguro#primaryimage\"},\"image\":{\"@id\":\"https:\/\/www.asajacyl.com\/valladolid\/asaja-valladolid-informa\/los-prestamos-sequia-no-obligatorio-suscribir-ningun-tipo-seguro#primaryimage\"},\"thumbnailUrl\":\"https:\/\/www.asajacyl.com\/valladolid\/wp-content\/uploads\/sites\/2\/2019\/10\/pr\u00e9stamos-por-sequ\u00eda.jpg\",\"datePublished\":\"2019-10-29T09:57:44+00:00\",\"dateModified\":\"2021-03-16T09:17:42+00:00\",\"author\":{\"@id\":\"https:\/\/www.asajacyl.com\/valladolid\/#\/schema\/person\/cf213adc3e576168b6850f7db054141e\"},\"description\":\"En los pr\u00e9stamos por sequ\u00eda no es obligatorio suscribir ning\u00fan tipo de seguro adicional. ASAJA Valladolid recuerda que no hay que contratar ning\u00fan servicio adicional y que, si nos lo exigen, pidamos las condiciones por escrito para que nuestra organizaci\u00f3n tome las medidas pertinentes\",\"breadcrumb\":{\"@id\":\"https:\/\/www.asajacyl.com\/valladolid\/asaja-valladolid-informa\/los-prestamos-sequia-no-obligatorio-suscribir-ningun-tipo-seguro#breadcrumb\"},\"inLanguage\":\"es\",\"potentialAction\":[{\"@type\":\"ReadAction\",\"target\":[\"https:\/\/www.asajacyl.com\/valladolid\/asaja-valladolid-informa\/los-prestamos-sequia-no-obligatorio-suscribir-ningun-tipo-seguro\"]}]},{\"@type\":\"ImageObject\",\"inLanguage\":\"es\",\"@id\":\"https:\/\/www.asajacyl.com\/valladolid\/asaja-valladolid-informa\/los-prestamos-sequia-no-obligatorio-suscribir-ningun-tipo-seguro#primaryimage\",\"url\":\"https:\/\/www.asajacyl.com\/valladolid\/wp-content\/uploads\/sites\/2\/2019\/10\/pr\u00e9stamos-por-sequ\u00eda.jpg\",\"contentUrl\":\"https:\/\/www.asajacyl.com\/valladolid\/wp-content\/uploads\/sites\/2\/2019\/10\/pr\u00e9stamos-por-sequ\u00eda.jpg\",\"width\":1920,\"height\":1281,\"caption\":\"pr\u00e9stamos por sequ\u00eda\"},{\"@type\":\"BreadcrumbList\",\"@id\":\"https:\/\/www.asajacyl.com\/valladolid\/asaja-valladolid-informa\/los-prestamos-sequia-no-obligatorio-suscribir-ningun-tipo-seguro#breadcrumb\",\"itemListElement\":[{\"@type\":\"ListItem\",\"position\":1,\"name\":\"Portada\",\"item\":\"https:\/\/www.asajacyl.com\/valladolid\/\"},{\"@type\":\"ListItem\",\"position\":2,\"name\":\"En los pr\u00e9stamos por sequ\u00eda no es obligatorio suscribir ning\u00fan tipo de seguro adicional\"}]},{\"@type\":\"WebSite\",\"@id\":\"https:\/\/www.asajacyl.com\/valladolid\/#website\",\"url\":\"https:\/\/www.asajacyl.com\/valladolid\/\",\"name\":\"ASAJA Valladolid\",\"description\":\"Otro sitio m\u00e1s de Provincias ASAJA Castilla y Le\u00f3n\",\"potentialAction\":[{\"@type\":\"SearchAction\",\"target\":{\"@type\":\"EntryPoint\",\"urlTemplate\":\"https:\/\/www.asajacyl.com\/valladolid\/?s={search_term_string}\"},\"query-input\":{\"@type\":\"PropertyValueSpecification\",\"valueRequired\":true,\"valueName\":\"search_term_string\"}}],\"inLanguage\":\"es\"},{\"@type\":\"Person\",\"@id\":\"https:\/\/www.asajacyl.com\/valladolid\/#\/schema\/person\/cf213adc3e576168b6850f7db054141e\",\"name\":\"Mar\u00eda Natividad\",\"image\":{\"@type\":\"ImageObject\",\"inLanguage\":\"es\",\"@id\":\"https:\/\/www.asajacyl.com\/valladolid\/#\/schema\/person\/image\/\",\"url\":\"https:\/\/secure.gravatar.com\/avatar\/7f7b3c840c2af79feac78f5eeffefc45?s=96&d=mm&r=g\",\"contentUrl\":\"https:\/\/secure.gravatar.com\/avatar\/7f7b3c840c2af79feac78f5eeffefc45?s=96&d=mm&r=g\",\"caption\":\"Mar\u00eda Natividad\"},\"url\":\"https:\/\/www.asajacyl.com\/valladolid\/author\/natividadhh\"}]}<\/script>\n<!-- \/ Yoast SEO plugin. -->","yoast_head_json":{"title":"En los pr\u00e9stamos por sequ\u00eda no es obligatorio suscribir ning\u00fan tipo de seguro adicional - ASAJA Valladolid","description":"En los pr\u00e9stamos por sequ\u00eda no es obligatorio suscribir ning\u00fan tipo de seguro adicional. ASAJA Valladolid recuerda que no hay que contratar ning\u00fan servicio adicional y que, si nos lo exigen, pidamos las condiciones por escrito para que nuestra organizaci\u00f3n tome las medidas pertinentes","robots":{"index":"index","follow":"follow","max-snippet":"max-snippet:-1","max-image-preview":"max-image-preview:large","max-video-preview":"max-video-preview:-1"},"canonical":"https:\/\/www.asajacyl.com\/valladolid\/asaja-valladolid-informa\/los-prestamos-sequia-no-obligatorio-suscribir-ningun-tipo-seguro","og_locale":"es_ES","og_type":"article","og_title":"En los pr\u00e9stamos por sequ\u00eda no es obligatorio suscribir ning\u00fan tipo de seguro adicional - ASAJA Valladolid","og_description":"En los pr\u00e9stamos por sequ\u00eda no es obligatorio suscribir ning\u00fan tipo de seguro adicional. ASAJA Valladolid recuerda que no hay que contratar ning\u00fan servicio adicional y que, si nos lo exigen, pidamos las condiciones por escrito para que nuestra organizaci\u00f3n tome las medidas pertinentes","og_url":"https:\/\/www.asajacyl.com\/valladolid\/asaja-valladolid-informa\/los-prestamos-sequia-no-obligatorio-suscribir-ningun-tipo-seguro","og_site_name":"ASAJA Valladolid","article_published_time":"2019-10-29T09:57:44+00:00","article_modified_time":"2021-03-16T09:17:42+00:00","og_image":[{"width":1920,"height":1281,"url":"https:\/\/www.asajacyl.com\/valladolid\/wp-content\/uploads\/sites\/2\/2019\/10\/pr\u00e9stamos-por-sequ\u00eda.jpg","type":"image\/jpeg"}],"author":"Mar\u00eda Natividad","twitter_card":"summary_large_image","twitter_misc":{"Escrito por":"Mar\u00eda Natividad","Tiempo de lectura":"2 minutos"},"schema":{"@context":"https:\/\/schema.org","@graph":[{"@type":"WebPage","@id":"https:\/\/www.asajacyl.com\/valladolid\/asaja-valladolid-informa\/los-prestamos-sequia-no-obligatorio-suscribir-ningun-tipo-seguro","url":"https:\/\/www.asajacyl.com\/valladolid\/asaja-valladolid-informa\/los-prestamos-sequia-no-obligatorio-suscribir-ningun-tipo-seguro","name":"En los pr\u00e9stamos por sequ\u00eda no es obligatorio suscribir ning\u00fan tipo de seguro adicional - ASAJA Valladolid","isPartOf":{"@id":"https:\/\/www.asajacyl.com\/valladolid\/#website"},"primaryImageOfPage":{"@id":"https:\/\/www.asajacyl.com\/valladolid\/asaja-valladolid-informa\/los-prestamos-sequia-no-obligatorio-suscribir-ningun-tipo-seguro#primaryimage"},"image":{"@id":"https:\/\/www.asajacyl.com\/valladolid\/asaja-valladolid-informa\/los-prestamos-sequia-no-obligatorio-suscribir-ningun-tipo-seguro#primaryimage"},"thumbnailUrl":"https:\/\/www.asajacyl.com\/valladolid\/wp-content\/uploads\/sites\/2\/2019\/10\/pr\u00e9stamos-por-sequ\u00eda.jpg","datePublished":"2019-10-29T09:57:44+00:00","dateModified":"2021-03-16T09:17:42+00:00","author":{"@id":"https:\/\/www.asajacyl.com\/valladolid\/#\/schema\/person\/cf213adc3e576168b6850f7db054141e"},"description":"En los pr\u00e9stamos por sequ\u00eda no es obligatorio suscribir ning\u00fan tipo de seguro adicional. ASAJA Valladolid recuerda que no hay que contratar ning\u00fan servicio adicional y que, si nos lo exigen, pidamos las condiciones por escrito para que nuestra organizaci\u00f3n tome las medidas pertinentes","breadcrumb":{"@id":"https:\/\/www.asajacyl.com\/valladolid\/asaja-valladolid-informa\/los-prestamos-sequia-no-obligatorio-suscribir-ningun-tipo-seguro#breadcrumb"},"inLanguage":"es","potentialAction":[{"@type":"ReadAction","target":["https:\/\/www.asajacyl.com\/valladolid\/asaja-valladolid-informa\/los-prestamos-sequia-no-obligatorio-suscribir-ningun-tipo-seguro"]}]},{"@type":"ImageObject","inLanguage":"es","@id":"https:\/\/www.asajacyl.com\/valladolid\/asaja-valladolid-informa\/los-prestamos-sequia-no-obligatorio-suscribir-ningun-tipo-seguro#primaryimage","url":"https:\/\/www.asajacyl.com\/valladolid\/wp-content\/uploads\/sites\/2\/2019\/10\/pr\u00e9stamos-por-sequ\u00eda.jpg","contentUrl":"https:\/\/www.asajacyl.com\/valladolid\/wp-content\/uploads\/sites\/2\/2019\/10\/pr\u00e9stamos-por-sequ\u00eda.jpg","width":1920,"height":1281,"caption":"pr\u00e9stamos por sequ\u00eda"},{"@type":"BreadcrumbList","@id":"https:\/\/www.asajacyl.com\/valladolid\/asaja-valladolid-informa\/los-prestamos-sequia-no-obligatorio-suscribir-ningun-tipo-seguro#breadcrumb","itemListElement":[{"@type":"ListItem","position":1,"name":"Portada","item":"https:\/\/www.asajacyl.com\/valladolid\/"},{"@type":"ListItem","position":2,"name":"En los pr\u00e9stamos por sequ\u00eda no es obligatorio suscribir ning\u00fan tipo de seguro adicional"}]},{"@type":"WebSite","@id":"https:\/\/www.asajacyl.com\/valladolid\/#website","url":"https:\/\/www.asajacyl.com\/valladolid\/","name":"ASAJA Valladolid","description":"Otro sitio m\u00e1s de Provincias ASAJA Castilla y Le\u00f3n","potentialAction":[{"@type":"SearchAction","target":{"@type":"EntryPoint","urlTemplate":"https:\/\/www.asajacyl.com\/valladolid\/?s={search_term_string}"},"query-input":{"@type":"PropertyValueSpecification","valueRequired":true,"valueName":"search_term_string"}}],"inLanguage":"es"},{"@type":"Person","@id":"https:\/\/www.asajacyl.com\/valladolid\/#\/schema\/person\/cf213adc3e576168b6850f7db054141e","name":"Mar\u00eda Natividad","image":{"@type":"ImageObject","inLanguage":"es","@id":"https:\/\/www.asajacyl.com\/valladolid\/#\/schema\/person\/image\/","url":"https:\/\/secure.gravatar.com\/avatar\/7f7b3c840c2af79feac78f5eeffefc45?s=96&d=mm&r=g","contentUrl":"https:\/\/secure.gravatar.com\/avatar\/7f7b3c840c2af79feac78f5eeffefc45?s=96&d=mm&r=g","caption":"Mar\u00eda Natividad"},"url":"https:\/\/www.asajacyl.com\/valladolid\/author\/natividadhh"}]}},"_links":{"self":[{"href":"https:\/\/www.asajacyl.com\/valladolid\/wp-json\/wp\/v2\/posts\/1981"}],"collection":[{"href":"https:\/\/www.asajacyl.com\/valladolid\/wp-json\/wp\/v2\/posts"}],"about":[{"href":"https:\/\/www.asajacyl.com\/valladolid\/wp-json\/wp\/v2\/types\/post"}],"author":[{"embeddable":true,"href":"https:\/\/www.asajacyl.com\/valladolid\/wp-json\/wp\/v2\/users\/13"}],"replies":[{"embeddable":true,"href":"https:\/\/www.asajacyl.com\/valladolid\/wp-json\/wp\/v2\/comments?post=1981"}],"version-history":[{"count":2,"href":"https:\/\/www.asajacyl.com\/valladolid\/wp-json\/wp\/v2\/posts\/1981\/revisions"}],"predecessor-version":[{"id":2441,"href":"https:\/\/www.asajacyl.com\/valladolid\/wp-json\/wp\/v2\/posts\/1981\/revisions\/2441"}],"wp:featuredmedia":[{"embeddable":true,"href":"https:\/\/www.asajacyl.com\/valladolid\/wp-json\/wp\/v2\/media\/1983"}],"wp:attachment":[{"href":"https:\/\/www.asajacyl.com\/valladolid\/wp-json\/wp\/v2\/media?parent=1981"}],"wp:term":[{"taxonomy":"category","embeddable":true,"href":"https:\/\/www.asajacyl.com\/valladolid\/wp-json\/wp\/v2\/categories?post=1981"},{"taxonomy":"post_tag","embeddable":true,"href":"https:\/\/www.asajacyl.com\/valladolid\/wp-json\/wp\/v2\/tags?post=1981"}],"curies":[{"name":"wp","href":"https:\/\/api.w.org\/{rel}","templated":true}]}}