{"id":2116,"date":"2020-02-24T09:05:23","date_gmt":"2020-02-24T09:05:23","guid":{"rendered":"https:\/\/www.asajacyl.com\/valladolid\/?p=2116"},"modified":"2020-02-24T09:05:23","modified_gmt":"2020-02-24T09:05:23","slug":"jornada-contrato-arrendamiento-rustico","status":"publish","type":"post","link":"https:\/\/www.asajacyl.com\/valladolid\/asaja-valladolid-informa\/jornada-contrato-arrendamiento-rustico","title":{"rendered":"Jornada sobre el contrato de arrendamiento r\u00fastico"},"content":{"rendered":"<h2><span style=\"color: #008000\"><strong>Este evento tendr\u00e1 lugar, este jueves 27 de febrero, a partir de las 18.00 horas en el Sal\u00f3n de Actos de la CVE.<\/strong><\/span><\/h2>\n<p style=\"text-align: justify\">ASAJA Valladolid celebrar\u00e1, <strong>este jueves 27 de febrero<\/strong>, una jornada sobre las particularidades del <strong>contrato de arrendamiento r\u00fastico<\/strong>. Un documento que, por sus caracter\u00edsticas, suscita en ocasiones muchas dudas que intentaremos resolver.<\/p>\n<p style=\"text-align: justify\">Esta jornada pr\u00e1ctica tendr\u00e1 lugar en Valladolid, <strong>a partir de las 18.00 horas, en el Sal\u00f3n de Actos de la CVE<\/strong> (Plaza Madrid, 4).<\/p>\n<p style=\"text-align: justify\"><strong>Irene Carvajal Crusat,<\/strong> juez de los juzgados de Valladolid y licenciada en derecho, ser\u00e1 la encargada de impartir esta charla, que profundizar\u00e1 entre otros temas, en las particularidades de la cesi\u00f3n de la explotaci\u00f3n y el arrendamiento de propiedades r\u00fasticas.<\/p>\n<p style=\"text-align: justify\">Al finalizar, se realizar\u00e1 una degustaci\u00f3n de <strong>Quesos Mediero y vino de Las Abogadas.<\/strong><\/p>\n<p><img loading=\"lazy\" decoding=\"async\" class=\"wp-image-2118 size-full\" src=\"https:\/\/www.asajacyl.com\/valladolid\/wp-content\/uploads\/sites\/2\/2020\/02\/Nuevo-cartel-jornada-Arrendamientos-en-imagen.jpg\" alt=\"Nuevo cartel jornada Arrendamientos en imagen\" width=\"960\" height=\"720\" srcset=\"https:\/\/www.asajacyl.com\/valladolid\/wp-content\/uploads\/sites\/2\/2020\/02\/Nuevo-cartel-jornada-Arrendamientos-en-imagen.jpg 960w, https:\/\/www.asajacyl.com\/valladolid\/wp-content\/uploads\/sites\/2\/2020\/02\/Nuevo-cartel-jornada-Arrendamientos-en-imagen-300x225.jpg 300w, https:\/\/www.asajacyl.com\/valladolid\/wp-content\/uploads\/sites\/2\/2020\/02\/Nuevo-cartel-jornada-Arrendamientos-en-imagen-768x576.jpg 768w, https:\/\/www.asajacyl.com\/valladolid\/wp-content\/uploads\/sites\/2\/2020\/02\/Nuevo-cartel-jornada-Arrendamientos-en-imagen-80x60.jpg 80w, https:\/\/www.asajacyl.com\/valladolid\/wp-content\/uploads\/sites\/2\/2020\/02\/Nuevo-cartel-jornada-Arrendamientos-en-imagen-696x522.jpg 696w, https:\/\/www.asajacyl.com\/valladolid\/wp-content\/uploads\/sites\/2\/2020\/02\/Nuevo-cartel-jornada-Arrendamientos-en-imagen-560x420.jpg 560w\" sizes=\"(max-width: 960px) 100vw, 960px\" \/><\/p>\n","protected":false},"excerpt":{"rendered":"<p>Este evento tendr\u00e1 lugar, este jueves 27 de febrero, a partir de las 18.00 horas en el Sal\u00f3n de Actos de la CVE. ASAJA Valladolid celebrar\u00e1, este jueves 27 de febrero, una jornada sobre las particularidades del contrato de arrendamiento r\u00fastico. Un documento que, por sus caracter\u00edsticas, suscita en ocasiones muchas dudas que intentaremos resolver. [&hellip;]<\/p>\n","protected":false},"author":13,"featured_media":2119,"comment_status":"open","ping_status":"open","sticky":false,"template":"","format":"standard","meta":{"footnotes":""},"categories":[8,28,9],"tags":[396,395,390,394,391,392,393],"yoast_head":"<!-- This site is optimized with the Yoast SEO plugin v24.5 - https:\/\/yoast.com\/wordpress\/plugins\/seo\/ -->\n<title>Jornada sobre el contrato de arrendamiento r\u00fastico - ASAJA Valladolid<\/title>\n<meta name=\"description\" content=\"Jornada sobre el contrato de arrendamiento r\u00fastico. Este evento tendr\u00e1 lugar, este jueves 27 de febrero, a partir de las 18.00 horas en el Sal\u00f3n de Actos de la CVE.\" \/>\n<meta name=\"robots\" content=\"index, follow, max-snippet:-1, max-image-preview:large, max-video-preview:-1\" \/>\n<link rel=\"canonical\" href=\"https:\/\/www.asajacyl.com\/valladolid\/asaja-valladolid-informa\/jornada-contrato-arrendamiento-rustico\" \/>\n<meta property=\"og:locale\" content=\"es_ES\" \/>\n<meta property=\"og:type\" content=\"article\" \/>\n<meta property=\"og:title\" content=\"Jornada sobre el contrato de arrendamiento r\u00fastico - ASAJA Valladolid\" \/>\n<meta property=\"og:description\" content=\"Jornada sobre el contrato de arrendamiento r\u00fastico. Este evento tendr\u00e1 lugar, este jueves 27 de febrero, a partir de las 18.00 horas en el Sal\u00f3n de Actos de la CVE.\" \/>\n<meta property=\"og:url\" content=\"https:\/\/www.asajacyl.com\/valladolid\/asaja-valladolid-informa\/jornada-contrato-arrendamiento-rustico\" \/>\n<meta property=\"og:site_name\" content=\"ASAJA Valladolid\" \/>\n<meta property=\"article:published_time\" content=\"2020-02-24T09:05:23+00:00\" \/>\n<meta property=\"og:image\" content=\"https:\/\/www.asajacyl.com\/valladolid\/wp-content\/uploads\/sites\/2\/2020\/02\/countryside-2326787_1920.jpg\" \/>\n\t<meta property=\"og:image:width\" content=\"1920\" \/>\n\t<meta property=\"og:image:height\" content=\"1083\" \/>\n\t<meta property=\"og:image:type\" content=\"image\/jpeg\" \/>\n<meta name=\"author\" content=\"Mar\u00eda Natividad\" \/>\n<meta name=\"twitter:card\" content=\"summary_large_image\" \/>\n<meta name=\"twitter:label1\" content=\"Escrito por\" \/>\n\t<meta name=\"twitter:data1\" content=\"Mar\u00eda Natividad\" \/>\n\t<meta name=\"twitter:label2\" content=\"Tiempo de lectura\" \/>\n\t<meta name=\"twitter:data2\" content=\"1 minuto\" \/>\n<script type=\"application\/ld+json\" class=\"yoast-schema-graph\">{\"@context\":\"https:\/\/schema.org\",\"@graph\":[{\"@type\":\"WebPage\",\"@id\":\"https:\/\/www.asajacyl.com\/valladolid\/asaja-valladolid-informa\/jornada-contrato-arrendamiento-rustico\",\"url\":\"https:\/\/www.asajacyl.com\/valladolid\/asaja-valladolid-informa\/jornada-contrato-arrendamiento-rustico\",\"name\":\"Jornada sobre el contrato de arrendamiento r\u00fastico - ASAJA Valladolid\",\"isPartOf\":{\"@id\":\"https:\/\/www.asajacyl.com\/valladolid\/#website\"},\"primaryImageOfPage\":{\"@id\":\"https:\/\/www.asajacyl.com\/valladolid\/asaja-valladolid-informa\/jornada-contrato-arrendamiento-rustico#primaryimage\"},\"image\":{\"@id\":\"https:\/\/www.asajacyl.com\/valladolid\/asaja-valladolid-informa\/jornada-contrato-arrendamiento-rustico#primaryimage\"},\"thumbnailUrl\":\"https:\/\/www.asajacyl.com\/valladolid\/wp-content\/uploads\/sites\/2\/2020\/02\/countryside-2326787_1920.jpg\",\"datePublished\":\"2020-02-24T09:05:23+00:00\",\"author\":{\"@id\":\"https:\/\/www.asajacyl.com\/valladolid\/#\/schema\/person\/cf213adc3e576168b6850f7db054141e\"},\"description\":\"Jornada sobre el contrato de arrendamiento r\u00fastico. Este evento tendr\u00e1 lugar, este jueves 27 de febrero, a partir de las 18.00 horas en el Sal\u00f3n de Actos de la CVE.\",\"breadcrumb\":{\"@id\":\"https:\/\/www.asajacyl.com\/valladolid\/asaja-valladolid-informa\/jornada-contrato-arrendamiento-rustico#breadcrumb\"},\"inLanguage\":\"es\",\"potentialAction\":[{\"@type\":\"ReadAction\",\"target\":[\"https:\/\/www.asajacyl.com\/valladolid\/asaja-valladolid-informa\/jornada-contrato-arrendamiento-rustico\"]}]},{\"@type\":\"ImageObject\",\"inLanguage\":\"es\",\"@id\":\"https:\/\/www.asajacyl.com\/valladolid\/asaja-valladolid-informa\/jornada-contrato-arrendamiento-rustico#primaryimage\",\"url\":\"https:\/\/www.asajacyl.com\/valladolid\/wp-content\/uploads\/sites\/2\/2020\/02\/countryside-2326787_1920.jpg\",\"contentUrl\":\"https:\/\/www.asajacyl.com\/valladolid\/wp-content\/uploads\/sites\/2\/2020\/02\/countryside-2326787_1920.jpg\",\"width\":1920,\"height\":1083,\"caption\":\"Jornada sobre el contrato de arrendamiento r\u00fastico\"},{\"@type\":\"BreadcrumbList\",\"@id\":\"https:\/\/www.asajacyl.com\/valladolid\/asaja-valladolid-informa\/jornada-contrato-arrendamiento-rustico#breadcrumb\",\"itemListElement\":[{\"@type\":\"ListItem\",\"position\":1,\"name\":\"Portada\",\"item\":\"https:\/\/www.asajacyl.com\/valladolid\/\"},{\"@type\":\"ListItem\",\"position\":2,\"name\":\"Jornada sobre el contrato de arrendamiento r\u00fastico\"}]},{\"@type\":\"WebSite\",\"@id\":\"https:\/\/www.asajacyl.com\/valladolid\/#website\",\"url\":\"https:\/\/www.asajacyl.com\/valladolid\/\",\"name\":\"ASAJA Valladolid\",\"description\":\"Otro sitio m\u00e1s de Provincias ASAJA Castilla y Le\u00f3n\",\"potentialAction\":[{\"@type\":\"SearchAction\",\"target\":{\"@type\":\"EntryPoint\",\"urlTemplate\":\"https:\/\/www.asajacyl.com\/valladolid\/?s={search_term_string}\"},\"query-input\":{\"@type\":\"PropertyValueSpecification\",\"valueRequired\":true,\"valueName\":\"search_term_string\"}}],\"inLanguage\":\"es\"},{\"@type\":\"Person\",\"@id\":\"https:\/\/www.asajacyl.com\/valladolid\/#\/schema\/person\/cf213adc3e576168b6850f7db054141e\",\"name\":\"Mar\u00eda Natividad\",\"image\":{\"@type\":\"ImageObject\",\"inLanguage\":\"es\",\"@id\":\"https:\/\/www.asajacyl.com\/valladolid\/#\/schema\/person\/image\/\",\"url\":\"https:\/\/secure.gravatar.com\/avatar\/7f7b3c840c2af79feac78f5eeffefc45?s=96&d=mm&r=g\",\"contentUrl\":\"https:\/\/secure.gravatar.com\/avatar\/7f7b3c840c2af79feac78f5eeffefc45?s=96&d=mm&r=g\",\"caption\":\"Mar\u00eda Natividad\"},\"url\":\"https:\/\/www.asajacyl.com\/valladolid\/author\/natividadhh\"}]}<\/script>\n<!-- \/ Yoast SEO plugin. -->","yoast_head_json":{"title":"Jornada sobre el contrato de arrendamiento r\u00fastico - ASAJA Valladolid","description":"Jornada sobre el contrato de arrendamiento r\u00fastico. Este evento tendr\u00e1 lugar, este jueves 27 de febrero, a partir de las 18.00 horas en el Sal\u00f3n de Actos de la CVE.","robots":{"index":"index","follow":"follow","max-snippet":"max-snippet:-1","max-image-preview":"max-image-preview:large","max-video-preview":"max-video-preview:-1"},"canonical":"https:\/\/www.asajacyl.com\/valladolid\/asaja-valladolid-informa\/jornada-contrato-arrendamiento-rustico","og_locale":"es_ES","og_type":"article","og_title":"Jornada sobre el contrato de arrendamiento r\u00fastico - ASAJA Valladolid","og_description":"Jornada sobre el contrato de arrendamiento r\u00fastico. Este evento tendr\u00e1 lugar, este jueves 27 de febrero, a partir de las 18.00 horas en el Sal\u00f3n de Actos de la CVE.","og_url":"https:\/\/www.asajacyl.com\/valladolid\/asaja-valladolid-informa\/jornada-contrato-arrendamiento-rustico","og_site_name":"ASAJA Valladolid","article_published_time":"2020-02-24T09:05:23+00:00","og_image":[{"width":1920,"height":1083,"url":"https:\/\/www.asajacyl.com\/valladolid\/wp-content\/uploads\/sites\/2\/2020\/02\/countryside-2326787_1920.jpg","type":"image\/jpeg"}],"author":"Mar\u00eda Natividad","twitter_card":"summary_large_image","twitter_misc":{"Escrito por":"Mar\u00eda Natividad","Tiempo de lectura":"1 minuto"},"schema":{"@context":"https:\/\/schema.org","@graph":[{"@type":"WebPage","@id":"https:\/\/www.asajacyl.com\/valladolid\/asaja-valladolid-informa\/jornada-contrato-arrendamiento-rustico","url":"https:\/\/www.asajacyl.com\/valladolid\/asaja-valladolid-informa\/jornada-contrato-arrendamiento-rustico","name":"Jornada sobre el contrato de arrendamiento r\u00fastico - ASAJA Valladolid","isPartOf":{"@id":"https:\/\/www.asajacyl.com\/valladolid\/#website"},"primaryImageOfPage":{"@id":"https:\/\/www.asajacyl.com\/valladolid\/asaja-valladolid-informa\/jornada-contrato-arrendamiento-rustico#primaryimage"},"image":{"@id":"https:\/\/www.asajacyl.com\/valladolid\/asaja-valladolid-informa\/jornada-contrato-arrendamiento-rustico#primaryimage"},"thumbnailUrl":"https:\/\/www.asajacyl.com\/valladolid\/wp-content\/uploads\/sites\/2\/2020\/02\/countryside-2326787_1920.jpg","datePublished":"2020-02-24T09:05:23+00:00","author":{"@id":"https:\/\/www.asajacyl.com\/valladolid\/#\/schema\/person\/cf213adc3e576168b6850f7db054141e"},"description":"Jornada sobre el contrato de arrendamiento r\u00fastico. Este evento tendr\u00e1 lugar, este jueves 27 de febrero, a partir de las 18.00 horas en el Sal\u00f3n de Actos de la CVE.","breadcrumb":{"@id":"https:\/\/www.asajacyl.com\/valladolid\/asaja-valladolid-informa\/jornada-contrato-arrendamiento-rustico#breadcrumb"},"inLanguage":"es","potentialAction":[{"@type":"ReadAction","target":["https:\/\/www.asajacyl.com\/valladolid\/asaja-valladolid-informa\/jornada-contrato-arrendamiento-rustico"]}]},{"@type":"ImageObject","inLanguage":"es","@id":"https:\/\/www.asajacyl.com\/valladolid\/asaja-valladolid-informa\/jornada-contrato-arrendamiento-rustico#primaryimage","url":"https:\/\/www.asajacyl.com\/valladolid\/wp-content\/uploads\/sites\/2\/2020\/02\/countryside-2326787_1920.jpg","contentUrl":"https:\/\/www.asajacyl.com\/valladolid\/wp-content\/uploads\/sites\/2\/2020\/02\/countryside-2326787_1920.jpg","width":1920,"height":1083,"caption":"Jornada sobre el contrato de arrendamiento r\u00fastico"},{"@type":"BreadcrumbList","@id":"https:\/\/www.asajacyl.com\/valladolid\/asaja-valladolid-informa\/jornada-contrato-arrendamiento-rustico#breadcrumb","itemListElement":[{"@type":"ListItem","position":1,"name":"Portada","item":"https:\/\/www.asajacyl.com\/valladolid\/"},{"@type":"ListItem","position":2,"name":"Jornada sobre el contrato de arrendamiento r\u00fastico"}]},{"@type":"WebSite","@id":"https:\/\/www.asajacyl.com\/valladolid\/#website","url":"https:\/\/www.asajacyl.com\/valladolid\/","name":"ASAJA Valladolid","description":"Otro sitio m\u00e1s de Provincias ASAJA Castilla y Le\u00f3n","potentialAction":[{"@type":"SearchAction","target":{"@type":"EntryPoint","urlTemplate":"https:\/\/www.asajacyl.com\/valladolid\/?s={search_term_string}"},"query-input":{"@type":"PropertyValueSpecification","valueRequired":true,"valueName":"search_term_string"}}],"inLanguage":"es"},{"@type":"Person","@id":"https:\/\/www.asajacyl.com\/valladolid\/#\/schema\/person\/cf213adc3e576168b6850f7db054141e","name":"Mar\u00eda Natividad","image":{"@type":"ImageObject","inLanguage":"es","@id":"https:\/\/www.asajacyl.com\/valladolid\/#\/schema\/person\/image\/","url":"https:\/\/secure.gravatar.com\/avatar\/7f7b3c840c2af79feac78f5eeffefc45?s=96&d=mm&r=g","contentUrl":"https:\/\/secure.gravatar.com\/avatar\/7f7b3c840c2af79feac78f5eeffefc45?s=96&d=mm&r=g","caption":"Mar\u00eda Natividad"},"url":"https:\/\/www.asajacyl.com\/valladolid\/author\/natividadhh"}]}},"_links":{"self":[{"href":"https:\/\/www.asajacyl.com\/valladolid\/wp-json\/wp\/v2\/posts\/2116"}],"collection":[{"href":"https:\/\/www.asajacyl.com\/valladolid\/wp-json\/wp\/v2\/posts"}],"about":[{"href":"https:\/\/www.asajacyl.com\/valladolid\/wp-json\/wp\/v2\/types\/post"}],"author":[{"embeddable":true,"href":"https:\/\/www.asajacyl.com\/valladolid\/wp-json\/wp\/v2\/users\/13"}],"replies":[{"embeddable":true,"href":"https:\/\/www.asajacyl.com\/valladolid\/wp-json\/wp\/v2\/comments?post=2116"}],"version-history":[{"count":2,"href":"https:\/\/www.asajacyl.com\/valladolid\/wp-json\/wp\/v2\/posts\/2116\/revisions"}],"predecessor-version":[{"id":2120,"href":"https:\/\/www.asajacyl.com\/valladolid\/wp-json\/wp\/v2\/posts\/2116\/revisions\/2120"}],"wp:featuredmedia":[{"embeddable":true,"href":"https:\/\/www.asajacyl.com\/valladolid\/wp-json\/wp\/v2\/media\/2119"}],"wp:attachment":[{"href":"https:\/\/www.asajacyl.com\/valladolid\/wp-json\/wp\/v2\/media?parent=2116"}],"wp:term":[{"taxonomy":"category","embeddable":true,"href":"https:\/\/www.asajacyl.com\/valladolid\/wp-json\/wp\/v2\/categories?post=2116"},{"taxonomy":"post_tag","embeddable":true,"href":"https:\/\/www.asajacyl.com\/valladolid\/wp-json\/wp\/v2\/tags?post=2116"}],"curies":[{"name":"wp","href":"https:\/\/api.w.org\/{rel}","templated":true}]}}