{"id":2131,"date":"2020-03-05T16:50:49","date_gmt":"2020-03-05T16:50:49","guid":{"rendered":"https:\/\/www.asajacyl.com\/valladolid\/?p=2131"},"modified":"2020-03-30T15:50:15","modified_gmt":"2020-03-30T15:50:15","slug":"11-marzo-todos-la-plaza-colon-valladolid","status":"publish","type":"post","link":"https:\/\/www.asajacyl.com\/valladolid\/asaja-valladolid-informa\/11-marzo-todos-la-plaza-colon-valladolid","title":{"rendered":"El 11 de marzo, todos a la Plaza de Col\u00f3n en Valladolid"},"content":{"rendered":"<h2><span style=\"color: #008000\"><strong>Las organizaciones agrarias ASAJA Valladolid, UCCL Valladolid y COAG Valladolid convocan una gran manifestaci\u00f3n con tractorada para el mi\u00e9rcoles 11 de marzo en Valladolid<\/strong><\/span><\/h2>\n<p>El campo de Valladolid se volver\u00e1 a echar a la calle de nuevo <strong>este mi\u00e9rcoles 11 de marzo<\/strong>. Las tres organizaciones agrarias <strong>ASAJA Valladolid, UCCL Valladolid y COAG Valladolid<\/strong> han convocado una gran manifestaci\u00f3n con tractorada que tendr\u00e1 lugar a partir de las <strong>11.30 horas en la Plaza de Col\u00f3n en Valladolid<\/strong>.<\/p>\n<p>Bajo el lema <strong>\u201cPor unos precios justos para el campo y una PAC para los ATPS\u201d<\/strong> cientos de personas protestar\u00e1n por una mejora de los precios, el mantenimiento del presupuesto para la PAC, los desequilibrios en la cadena alimentaria o la criminalizaci\u00f3n de este sector por los grupos ecologistas y animalistas.<\/p>\n<p><img loading=\"lazy\" decoding=\"async\" class=\"wp-image-2132 size-large\" src=\"https:\/\/www.asajacyl.com\/valladolid\/wp-content\/uploads\/sites\/2\/2020\/03\/cartel-manifa-724x1024.jpg\" alt=\"El 11 de marzo, todos a la Plaza de Col\u00f3n en Valladolid\" width=\"696\" height=\"984\" srcset=\"https:\/\/www.asajacyl.com\/valladolid\/wp-content\/uploads\/sites\/2\/2020\/03\/cartel-manifa-724x1024.jpg 724w, https:\/\/www.asajacyl.com\/valladolid\/wp-content\/uploads\/sites\/2\/2020\/03\/cartel-manifa-212x300.jpg 212w, https:\/\/www.asajacyl.com\/valladolid\/wp-content\/uploads\/sites\/2\/2020\/03\/cartel-manifa-768x1086.jpg 768w, https:\/\/www.asajacyl.com\/valladolid\/wp-content\/uploads\/sites\/2\/2020\/03\/cartel-manifa-696x985.jpg 696w, https:\/\/www.asajacyl.com\/valladolid\/wp-content\/uploads\/sites\/2\/2020\/03\/cartel-manifa-1068x1511.jpg 1068w, https:\/\/www.asajacyl.com\/valladolid\/wp-content\/uploads\/sites\/2\/2020\/03\/cartel-manifa-297x420.jpg 297w, https:\/\/www.asajacyl.com\/valladolid\/wp-content\/uploads\/sites\/2\/2020\/03\/cartel-manifa.jpg 1240w\" sizes=\"(max-width: 696px) 100vw, 696px\" \/><\/p>\n<p>Agricultores y ganaderos podr\u00e1n acudir a pie o con sus tractores. Para los que se desplacen con su tractor se han dispuesto varios recorridos que confluir\u00e1n principalmente en el aparcamiento del Estadio Jose Zorrilla y los campos de rugby de Pepe Rojo.\u00a0 Estos son los horarios y recorridos provisionales: <span style=\"color: #008000\"><strong><a style=\"color: #008000\" href=\"https:\/\/www.asajacyl.com\/valladolid\/wp-content\/uploads\/sites\/2\/2020\/03\/Mapa-DGT-ruta-tractores.pdf\" target=\"_blank\" rel=\"noopener\">Mapa DGT ruta tractores<\/a><\/strong><\/span><\/p>\n<p><strong>Si vas a acudir con tu tractor ponte en contacto con tu oficina de ASAJA VALLADOLID m\u00e1s cercana<\/strong> para que podamos ofrecerte toda la informaci\u00f3n de manera m\u00e1s detallada e informarte de cambios o modificaciones de \u00faltima hora.<\/p>\n<p><strong>\u00a0<\/strong><strong>\u00a1\u00a1Movil\u00edzate, todos juntos en defensa del campo!!<\/strong><\/p>\n","protected":false},"excerpt":{"rendered":"<p>Las organizaciones agrarias ASAJA Valladolid, UCCL Valladolid y COAG Valladolid convocan una gran manifestaci\u00f3n con tractorada para el mi\u00e9rcoles 11 de marzo en Valladolid El campo de Valladolid se volver\u00e1 a echar a la calle de nuevo este mi\u00e9rcoles 11 de marzo. Las tres organizaciones agrarias ASAJA Valladolid, UCCL Valladolid y COAG Valladolid han convocado [&hellip;]<\/p>\n","protected":false},"author":13,"featured_media":2135,"comment_status":"open","ping_status":"open","sticky":false,"template":"","format":"standard","meta":{"footnotes":""},"categories":[8],"tags":[225,70,58,134,101,216,401,217,400],"yoast_head":"<!-- This site is optimized with the Yoast SEO plugin v24.5 - https:\/\/yoast.com\/wordpress\/plugins\/seo\/ -->\n<title>El 11 de marzo, todos a la Plaza de Col\u00f3n en Valladolid - ASAJA Valladolid<\/title>\n<meta name=\"description\" content=\"El 11 de marzo, todos a la Plaza de Col\u00f3n en Valladolid. Las organizaciones agrarias ASAJA Valladolid, UCCL Valladolid y COAG Valladolid convocan una gran manifestaci\u00f3n con tractorada para el mi\u00e9rcoles 11 de marzo en Valladolid\" \/>\n<meta name=\"robots\" content=\"index, follow, max-snippet:-1, max-image-preview:large, max-video-preview:-1\" \/>\n<link rel=\"canonical\" href=\"https:\/\/www.asajacyl.com\/valladolid\/asaja-valladolid-informa\/11-marzo-todos-la-plaza-colon-valladolid\" \/>\n<meta property=\"og:locale\" content=\"es_ES\" \/>\n<meta property=\"og:type\" content=\"article\" \/>\n<meta property=\"og:title\" content=\"El 11 de marzo, todos a la Plaza de Col\u00f3n en Valladolid - ASAJA Valladolid\" \/>\n<meta property=\"og:description\" content=\"El 11 de marzo, todos a la Plaza de Col\u00f3n en Valladolid. Las organizaciones agrarias ASAJA Valladolid, UCCL Valladolid y COAG Valladolid convocan una gran manifestaci\u00f3n con tractorada para el mi\u00e9rcoles 11 de marzo en Valladolid\" \/>\n<meta property=\"og:url\" content=\"https:\/\/www.asajacyl.com\/valladolid\/asaja-valladolid-informa\/11-marzo-todos-la-plaza-colon-valladolid\" \/>\n<meta property=\"og:site_name\" content=\"ASAJA Valladolid\" \/>\n<meta property=\"article:published_time\" content=\"2020-03-05T16:50:49+00:00\" \/>\n<meta property=\"article:modified_time\" content=\"2020-03-30T15:50:15+00:00\" \/>\n<meta property=\"og:image\" content=\"https:\/\/www.asajacyl.com\/valladolid\/wp-content\/uploads\/sites\/2\/2020\/03\/P8307615.jpg\" \/>\n\t<meta property=\"og:image:width\" content=\"2500\" \/>\n\t<meta property=\"og:image:height\" content=\"1875\" \/>\n\t<meta property=\"og:image:type\" content=\"image\/jpeg\" \/>\n<meta name=\"author\" content=\"Mar\u00eda Natividad\" \/>\n<meta name=\"twitter:card\" content=\"summary_large_image\" \/>\n<meta name=\"twitter:label1\" content=\"Escrito por\" \/>\n\t<meta name=\"twitter:data1\" content=\"Mar\u00eda Natividad\" \/>\n\t<meta name=\"twitter:label2\" content=\"Tiempo de lectura\" \/>\n\t<meta name=\"twitter:data2\" content=\"1 minuto\" \/>\n<script type=\"application\/ld+json\" class=\"yoast-schema-graph\">{\"@context\":\"https:\/\/schema.org\",\"@graph\":[{\"@type\":\"WebPage\",\"@id\":\"https:\/\/www.asajacyl.com\/valladolid\/asaja-valladolid-informa\/11-marzo-todos-la-plaza-colon-valladolid\",\"url\":\"https:\/\/www.asajacyl.com\/valladolid\/asaja-valladolid-informa\/11-marzo-todos-la-plaza-colon-valladolid\",\"name\":\"El 11 de marzo, todos a la Plaza de Col\u00f3n en Valladolid - ASAJA Valladolid\",\"isPartOf\":{\"@id\":\"https:\/\/www.asajacyl.com\/valladolid\/#website\"},\"primaryImageOfPage\":{\"@id\":\"https:\/\/www.asajacyl.com\/valladolid\/asaja-valladolid-informa\/11-marzo-todos-la-plaza-colon-valladolid#primaryimage\"},\"image\":{\"@id\":\"https:\/\/www.asajacyl.com\/valladolid\/asaja-valladolid-informa\/11-marzo-todos-la-plaza-colon-valladolid#primaryimage\"},\"thumbnailUrl\":\"https:\/\/www.asajacyl.com\/valladolid\/wp-content\/uploads\/sites\/2\/2020\/03\/P8307615.jpg\",\"datePublished\":\"2020-03-05T16:50:49+00:00\",\"dateModified\":\"2020-03-30T15:50:15+00:00\",\"author\":{\"@id\":\"https:\/\/www.asajacyl.com\/valladolid\/#\/schema\/person\/cf213adc3e576168b6850f7db054141e\"},\"description\":\"El 11 de marzo, todos a la Plaza de Col\u00f3n en Valladolid. Las organizaciones agrarias ASAJA Valladolid, UCCL Valladolid y COAG Valladolid convocan una gran manifestaci\u00f3n con tractorada para el mi\u00e9rcoles 11 de marzo en Valladolid\",\"breadcrumb\":{\"@id\":\"https:\/\/www.asajacyl.com\/valladolid\/asaja-valladolid-informa\/11-marzo-todos-la-plaza-colon-valladolid#breadcrumb\"},\"inLanguage\":\"es\",\"potentialAction\":[{\"@type\":\"ReadAction\",\"target\":[\"https:\/\/www.asajacyl.com\/valladolid\/asaja-valladolid-informa\/11-marzo-todos-la-plaza-colon-valladolid\"]}]},{\"@type\":\"ImageObject\",\"inLanguage\":\"es\",\"@id\":\"https:\/\/www.asajacyl.com\/valladolid\/asaja-valladolid-informa\/11-marzo-todos-la-plaza-colon-valladolid#primaryimage\",\"url\":\"https:\/\/www.asajacyl.com\/valladolid\/wp-content\/uploads\/sites\/2\/2020\/03\/P8307615.jpg\",\"contentUrl\":\"https:\/\/www.asajacyl.com\/valladolid\/wp-content\/uploads\/sites\/2\/2020\/03\/P8307615.jpg\",\"width\":2500,\"height\":1875,\"caption\":\"El 11 de marzo, todos a la Plaza de Col\u00f3n en Valladolid\"},{\"@type\":\"BreadcrumbList\",\"@id\":\"https:\/\/www.asajacyl.com\/valladolid\/asaja-valladolid-informa\/11-marzo-todos-la-plaza-colon-valladolid#breadcrumb\",\"itemListElement\":[{\"@type\":\"ListItem\",\"position\":1,\"name\":\"Portada\",\"item\":\"https:\/\/www.asajacyl.com\/valladolid\/\"},{\"@type\":\"ListItem\",\"position\":2,\"name\":\"El 11 de marzo, todos a la Plaza de Col\u00f3n en Valladolid\"}]},{\"@type\":\"WebSite\",\"@id\":\"https:\/\/www.asajacyl.com\/valladolid\/#website\",\"url\":\"https:\/\/www.asajacyl.com\/valladolid\/\",\"name\":\"ASAJA Valladolid\",\"description\":\"Otro sitio m\u00e1s de Provincias ASAJA Castilla y Le\u00f3n\",\"potentialAction\":[{\"@type\":\"SearchAction\",\"target\":{\"@type\":\"EntryPoint\",\"urlTemplate\":\"https:\/\/www.asajacyl.com\/valladolid\/?s={search_term_string}\"},\"query-input\":{\"@type\":\"PropertyValueSpecification\",\"valueRequired\":true,\"valueName\":\"search_term_string\"}}],\"inLanguage\":\"es\"},{\"@type\":\"Person\",\"@id\":\"https:\/\/www.asajacyl.com\/valladolid\/#\/schema\/person\/cf213adc3e576168b6850f7db054141e\",\"name\":\"Mar\u00eda Natividad\",\"image\":{\"@type\":\"ImageObject\",\"inLanguage\":\"es\",\"@id\":\"https:\/\/www.asajacyl.com\/valladolid\/#\/schema\/person\/image\/\",\"url\":\"https:\/\/secure.gravatar.com\/avatar\/7f7b3c840c2af79feac78f5eeffefc45?s=96&d=mm&r=g\",\"contentUrl\":\"https:\/\/secure.gravatar.com\/avatar\/7f7b3c840c2af79feac78f5eeffefc45?s=96&d=mm&r=g\",\"caption\":\"Mar\u00eda Natividad\"},\"url\":\"https:\/\/www.asajacyl.com\/valladolid\/author\/natividadhh\"}]}<\/script>\n<!-- \/ Yoast SEO plugin. -->","yoast_head_json":{"title":"El 11 de marzo, todos a la Plaza de Col\u00f3n en Valladolid - ASAJA Valladolid","description":"El 11 de marzo, todos a la Plaza de Col\u00f3n en Valladolid. Las organizaciones agrarias ASAJA Valladolid, UCCL Valladolid y COAG Valladolid convocan una gran manifestaci\u00f3n con tractorada para el mi\u00e9rcoles 11 de marzo en Valladolid","robots":{"index":"index","follow":"follow","max-snippet":"max-snippet:-1","max-image-preview":"max-image-preview:large","max-video-preview":"max-video-preview:-1"},"canonical":"https:\/\/www.asajacyl.com\/valladolid\/asaja-valladolid-informa\/11-marzo-todos-la-plaza-colon-valladolid","og_locale":"es_ES","og_type":"article","og_title":"El 11 de marzo, todos a la Plaza de Col\u00f3n en Valladolid - ASAJA Valladolid","og_description":"El 11 de marzo, todos a la Plaza de Col\u00f3n en Valladolid. Las organizaciones agrarias ASAJA Valladolid, UCCL Valladolid y COAG Valladolid convocan una gran manifestaci\u00f3n con tractorada para el mi\u00e9rcoles 11 de marzo en Valladolid","og_url":"https:\/\/www.asajacyl.com\/valladolid\/asaja-valladolid-informa\/11-marzo-todos-la-plaza-colon-valladolid","og_site_name":"ASAJA Valladolid","article_published_time":"2020-03-05T16:50:49+00:00","article_modified_time":"2020-03-30T15:50:15+00:00","og_image":[{"width":2500,"height":1875,"url":"https:\/\/www.asajacyl.com\/valladolid\/wp-content\/uploads\/sites\/2\/2020\/03\/P8307615.jpg","type":"image\/jpeg"}],"author":"Mar\u00eda Natividad","twitter_card":"summary_large_image","twitter_misc":{"Escrito por":"Mar\u00eda Natividad","Tiempo de lectura":"1 minuto"},"schema":{"@context":"https:\/\/schema.org","@graph":[{"@type":"WebPage","@id":"https:\/\/www.asajacyl.com\/valladolid\/asaja-valladolid-informa\/11-marzo-todos-la-plaza-colon-valladolid","url":"https:\/\/www.asajacyl.com\/valladolid\/asaja-valladolid-informa\/11-marzo-todos-la-plaza-colon-valladolid","name":"El 11 de marzo, todos a la Plaza de Col\u00f3n en Valladolid - ASAJA Valladolid","isPartOf":{"@id":"https:\/\/www.asajacyl.com\/valladolid\/#website"},"primaryImageOfPage":{"@id":"https:\/\/www.asajacyl.com\/valladolid\/asaja-valladolid-informa\/11-marzo-todos-la-plaza-colon-valladolid#primaryimage"},"image":{"@id":"https:\/\/www.asajacyl.com\/valladolid\/asaja-valladolid-informa\/11-marzo-todos-la-plaza-colon-valladolid#primaryimage"},"thumbnailUrl":"https:\/\/www.asajacyl.com\/valladolid\/wp-content\/uploads\/sites\/2\/2020\/03\/P8307615.jpg","datePublished":"2020-03-05T16:50:49+00:00","dateModified":"2020-03-30T15:50:15+00:00","author":{"@id":"https:\/\/www.asajacyl.com\/valladolid\/#\/schema\/person\/cf213adc3e576168b6850f7db054141e"},"description":"El 11 de marzo, todos a la Plaza de Col\u00f3n en Valladolid. Las organizaciones agrarias ASAJA Valladolid, UCCL Valladolid y COAG Valladolid convocan una gran manifestaci\u00f3n con tractorada para el mi\u00e9rcoles 11 de marzo en Valladolid","breadcrumb":{"@id":"https:\/\/www.asajacyl.com\/valladolid\/asaja-valladolid-informa\/11-marzo-todos-la-plaza-colon-valladolid#breadcrumb"},"inLanguage":"es","potentialAction":[{"@type":"ReadAction","target":["https:\/\/www.asajacyl.com\/valladolid\/asaja-valladolid-informa\/11-marzo-todos-la-plaza-colon-valladolid"]}]},{"@type":"ImageObject","inLanguage":"es","@id":"https:\/\/www.asajacyl.com\/valladolid\/asaja-valladolid-informa\/11-marzo-todos-la-plaza-colon-valladolid#primaryimage","url":"https:\/\/www.asajacyl.com\/valladolid\/wp-content\/uploads\/sites\/2\/2020\/03\/P8307615.jpg","contentUrl":"https:\/\/www.asajacyl.com\/valladolid\/wp-content\/uploads\/sites\/2\/2020\/03\/P8307615.jpg","width":2500,"height":1875,"caption":"El 11 de marzo, todos a la Plaza de Col\u00f3n en Valladolid"},{"@type":"BreadcrumbList","@id":"https:\/\/www.asajacyl.com\/valladolid\/asaja-valladolid-informa\/11-marzo-todos-la-plaza-colon-valladolid#breadcrumb","itemListElement":[{"@type":"ListItem","position":1,"name":"Portada","item":"https:\/\/www.asajacyl.com\/valladolid\/"},{"@type":"ListItem","position":2,"name":"El 11 de marzo, todos a la Plaza de Col\u00f3n en Valladolid"}]},{"@type":"WebSite","@id":"https:\/\/www.asajacyl.com\/valladolid\/#website","url":"https:\/\/www.asajacyl.com\/valladolid\/","name":"ASAJA Valladolid","description":"Otro sitio m\u00e1s de Provincias ASAJA Castilla y Le\u00f3n","potentialAction":[{"@type":"SearchAction","target":{"@type":"EntryPoint","urlTemplate":"https:\/\/www.asajacyl.com\/valladolid\/?s={search_term_string}"},"query-input":{"@type":"PropertyValueSpecification","valueRequired":true,"valueName":"search_term_string"}}],"inLanguage":"es"},{"@type":"Person","@id":"https:\/\/www.asajacyl.com\/valladolid\/#\/schema\/person\/cf213adc3e576168b6850f7db054141e","name":"Mar\u00eda Natividad","image":{"@type":"ImageObject","inLanguage":"es","@id":"https:\/\/www.asajacyl.com\/valladolid\/#\/schema\/person\/image\/","url":"https:\/\/secure.gravatar.com\/avatar\/7f7b3c840c2af79feac78f5eeffefc45?s=96&d=mm&r=g","contentUrl":"https:\/\/secure.gravatar.com\/avatar\/7f7b3c840c2af79feac78f5eeffefc45?s=96&d=mm&r=g","caption":"Mar\u00eda Natividad"},"url":"https:\/\/www.asajacyl.com\/valladolid\/author\/natividadhh"}]}},"_links":{"self":[{"href":"https:\/\/www.asajacyl.com\/valladolid\/wp-json\/wp\/v2\/posts\/2131"}],"collection":[{"href":"https:\/\/www.asajacyl.com\/valladolid\/wp-json\/wp\/v2\/posts"}],"about":[{"href":"https:\/\/www.asajacyl.com\/valladolid\/wp-json\/wp\/v2\/types\/post"}],"author":[{"embeddable":true,"href":"https:\/\/www.asajacyl.com\/valladolid\/wp-json\/wp\/v2\/users\/13"}],"replies":[{"embeddable":true,"href":"https:\/\/www.asajacyl.com\/valladolid\/wp-json\/wp\/v2\/comments?post=2131"}],"version-history":[{"count":2,"href":"https:\/\/www.asajacyl.com\/valladolid\/wp-json\/wp\/v2\/posts\/2131\/revisions"}],"predecessor-version":[{"id":2136,"href":"https:\/\/www.asajacyl.com\/valladolid\/wp-json\/wp\/v2\/posts\/2131\/revisions\/2136"}],"wp:featuredmedia":[{"embeddable":true,"href":"https:\/\/www.asajacyl.com\/valladolid\/wp-json\/wp\/v2\/media\/2135"}],"wp:attachment":[{"href":"https:\/\/www.asajacyl.com\/valladolid\/wp-json\/wp\/v2\/media?parent=2131"}],"wp:term":[{"taxonomy":"category","embeddable":true,"href":"https:\/\/www.asajacyl.com\/valladolid\/wp-json\/wp\/v2\/categories?post=2131"},{"taxonomy":"post_tag","embeddable":true,"href":"https:\/\/www.asajacyl.com\/valladolid\/wp-json\/wp\/v2\/tags?post=2131"}],"curies":[{"name":"wp","href":"https:\/\/api.w.org\/{rel}","templated":true}]}}