{"id":2184,"date":"2020-03-01T16:55:05","date_gmt":"2020-03-01T16:55:05","guid":{"rendered":"https:\/\/www.asajacyl.com\/valladolid\/?p=2184"},"modified":"2021-03-16T09:25:36","modified_gmt":"2021-03-16T09:25:36","slug":"los-socios-profundizan-conocimiento-gps-e-imagenes-satelite","status":"publish","type":"post","link":"https:\/\/www.asajacyl.com\/valladolid\/asaja-valladolid-informa\/los-socios-profundizan-conocimiento-gps-e-imagenes-satelite","title":{"rendered":"Los socios profundizan en su conocimiento sobre GPS e im\u00e1genes de sat\u00e9lite"},"content":{"rendered":"<h2><span style=\"color: #008000\"><strong>El Ayuntamiento de Ataquines acogi\u00f3 una charla del experto del ITACyL David Alfonso Nafr\u00eda Garc\u00eda<\/strong><\/span><\/h2>\n<p style=\"text-align: justify\">ASAJA Valladolid ofreci\u00f3 una jornada sobre GPS e im\u00e1genes de sat\u00e9lite para la agricultura en Ataquines en colaboraci\u00f3n con el Ayuntamiento y la JAL de esta LOCALIDAD.<\/p>\n<p style=\"text-align: justify\">La jornada abord\u00f3, de forma did\u00e1ctica y pr\u00e1ctica, c\u00f3mo podemos implementar estas herramientas en la agricultura de hoy en d\u00eda de la mano del experto David Alfonso Nafr\u00eda Garc\u00eda del Instituto Tecnol\u00f3gico Agrario.<\/p>\n<p style=\"text-align: justify\">El jefe de la Unidad de Informaci\u00f3n Geogr\u00e1fica e Innovaci\u00f3n del ITACyL explic\u00f3 que vamos hacia una agricultura basada en datos para ayudarnos a mejorar la rentabilidad de las explotaciones.<\/p>\n<p style=\"text-align: justify\">Tras explicar algunos conceptos b\u00e1sicos recalc\u00f3 que en agricultura la precisi\u00f3n relativa en cortos espacios de tiempo es fundamental. \u201cLos algoritmos utilizan la informaci\u00f3n de fase para suavizar la se\u00f1al de c\u00f3digo que tiene m\u00e1s multipath. Hay que tener en cuenta que en la propaganda de muchos guiados mencionan solo la repetibilidad (pass to pass) y no la exactitud del sistema\u201d, se\u00f1al\u00f3.<\/p>\n<p style=\"text-align: justify\">Nafr\u00eda, tambi\u00e9n explic\u00f3 en que consiste la Red GNSS de Castilla y Le\u00f3n, un servicio libre y gratuito de posicionamiento de alta precisi\u00f3n con receptores GNSS (Sistemas de Navegaci\u00f3n por Sat\u00e9lite) dentro del territorio de Castilla y Le\u00f3n. Dicha red proporciona correcciones de c\u00f3digo y fase para los sistemas de navegaci\u00f3n GPS y GLONASS, tanto en tiempo real RTK a trav\u00e9s de un caster NTRIP, como en postproceso a trav\u00e9s de ficheros RINEX.<\/p>\n<p style=\"text-align: justify\">Por \u00faltimo, David Alfonso Nafr\u00eda finaliz\u00f3 animando a los agricultores no iniciados a ir dando peque\u00f1os pasos en la agricultura de precisi\u00f3n empezando por cosechar con monitor de rendimiento para registrar datos para el futuro, apostar por sistema de autoguiado con ISOBUS, realizar control de tramos en m\u00e1quinas de aplicaci\u00f3n (en funci\u00f3n del coste del insumo: pulverizador, abonadora, sembradora) y adentrase en la dosificaci\u00f3n variable.<\/p>\n<p style=\"text-align: justify\">Tras la charla se sirvi\u00f3 un vino espa\u00f1ol gentileza de la JAL y el Ayuntamiento de Ataquines que colaboraron con esta jornada organizada por ASAJA VALLADOLID.<\/p>\n<p>&nbsp;<\/p>\n","protected":false},"excerpt":{"rendered":"<p>El Ayuntamiento de Ataquines acogi\u00f3 una charla del experto del ITACyL David Alfonso Nafr\u00eda Garc\u00eda ASAJA Valladolid ofreci\u00f3 una jornada sobre GPS e im\u00e1genes de sat\u00e9lite para la agricultura en Ataquines en colaboraci\u00f3n con el Ayuntamiento y la JAL de esta LOCALIDAD. La jornada abord\u00f3, de forma did\u00e1ctica y pr\u00e1ctica, c\u00f3mo podemos implementar estas herramientas [&hellip;]<\/p>\n","protected":false},"author":13,"featured_media":2186,"comment_status":"open","ping_status":"open","sticky":false,"template":"","format":"standard","meta":{"footnotes":""},"categories":[8,21,28,9],"tags":[70,58,227,418,417,74,420,421,64,419,79],"yoast_head":"<!-- This site is optimized with the Yoast SEO plugin v24.5 - https:\/\/yoast.com\/wordpress\/plugins\/seo\/ -->\n<title>Los socios profundizan en su conocimiento sobre GPS e im\u00e1genes de sat\u00e9lite - ASAJA Valladolid<\/title>\n<meta name=\"description\" content=\"Los socios profundizan en su conocimiento sobre GPS e im\u00e1genes de sat\u00e9lite para la agricultura. El Ayuntamiento de Ataquines acogi\u00f3 una charla del experto del ITACyL David Alfonso Nafr\u00eda Garc\u00eda\" \/>\n<meta name=\"robots\" content=\"index, follow, max-snippet:-1, max-image-preview:large, max-video-preview:-1\" \/>\n<link rel=\"canonical\" href=\"https:\/\/www.asajacyl.com\/valladolid\/asaja-valladolid-informa\/los-socios-profundizan-conocimiento-gps-e-imagenes-satelite\" \/>\n<meta property=\"og:locale\" content=\"es_ES\" \/>\n<meta property=\"og:type\" content=\"article\" \/>\n<meta property=\"og:title\" content=\"Los socios profundizan en su conocimiento sobre GPS e im\u00e1genes de sat\u00e9lite - ASAJA Valladolid\" \/>\n<meta property=\"og:description\" content=\"Los socios profundizan en su conocimiento sobre GPS e im\u00e1genes de sat\u00e9lite para la agricultura. El Ayuntamiento de Ataquines acogi\u00f3 una charla del experto del ITACyL David Alfonso Nafr\u00eda Garc\u00eda\" \/>\n<meta property=\"og:url\" content=\"https:\/\/www.asajacyl.com\/valladolid\/asaja-valladolid-informa\/los-socios-profundizan-conocimiento-gps-e-imagenes-satelite\" \/>\n<meta property=\"og:site_name\" content=\"ASAJA Valladolid\" \/>\n<meta property=\"article:published_time\" content=\"2020-03-01T16:55:05+00:00\" \/>\n<meta property=\"article:modified_time\" content=\"2021-03-16T09:25:36+00:00\" \/>\n<meta property=\"og:image\" content=\"https:\/\/www.asajacyl.com\/valladolid\/wp-content\/uploads\/sites\/2\/2020\/03\/noticia-jornada-gps.jpg\" \/>\n\t<meta property=\"og:image:width\" content=\"2500\" \/>\n\t<meta property=\"og:image:height\" content=\"1671\" \/>\n\t<meta property=\"og:image:type\" content=\"image\/jpeg\" \/>\n<meta name=\"author\" content=\"Mar\u00eda Natividad\" \/>\n<meta name=\"twitter:card\" content=\"summary_large_image\" \/>\n<meta name=\"twitter:label1\" content=\"Escrito por\" \/>\n\t<meta name=\"twitter:data1\" content=\"Mar\u00eda Natividad\" \/>\n\t<meta name=\"twitter:label2\" content=\"Tiempo de lectura\" \/>\n\t<meta name=\"twitter:data2\" content=\"2 minutos\" \/>\n<script type=\"application\/ld+json\" class=\"yoast-schema-graph\">{\"@context\":\"https:\/\/schema.org\",\"@graph\":[{\"@type\":\"WebPage\",\"@id\":\"https:\/\/www.asajacyl.com\/valladolid\/asaja-valladolid-informa\/los-socios-profundizan-conocimiento-gps-e-imagenes-satelite\",\"url\":\"https:\/\/www.asajacyl.com\/valladolid\/asaja-valladolid-informa\/los-socios-profundizan-conocimiento-gps-e-imagenes-satelite\",\"name\":\"Los socios profundizan en su conocimiento sobre GPS e im\u00e1genes de sat\u00e9lite - ASAJA Valladolid\",\"isPartOf\":{\"@id\":\"https:\/\/www.asajacyl.com\/valladolid\/#website\"},\"primaryImageOfPage\":{\"@id\":\"https:\/\/www.asajacyl.com\/valladolid\/asaja-valladolid-informa\/los-socios-profundizan-conocimiento-gps-e-imagenes-satelite#primaryimage\"},\"image\":{\"@id\":\"https:\/\/www.asajacyl.com\/valladolid\/asaja-valladolid-informa\/los-socios-profundizan-conocimiento-gps-e-imagenes-satelite#primaryimage\"},\"thumbnailUrl\":\"https:\/\/www.asajacyl.com\/valladolid\/wp-content\/uploads\/sites\/2\/2020\/03\/noticia-jornada-gps.jpg\",\"datePublished\":\"2020-03-01T16:55:05+00:00\",\"dateModified\":\"2021-03-16T09:25:36+00:00\",\"author\":{\"@id\":\"https:\/\/www.asajacyl.com\/valladolid\/#\/schema\/person\/cf213adc3e576168b6850f7db054141e\"},\"description\":\"Los socios profundizan en su conocimiento sobre GPS e im\u00e1genes de sat\u00e9lite para la agricultura. El Ayuntamiento de Ataquines acogi\u00f3 una charla del experto del ITACyL David Alfonso Nafr\u00eda Garc\u00eda\",\"breadcrumb\":{\"@id\":\"https:\/\/www.asajacyl.com\/valladolid\/asaja-valladolid-informa\/los-socios-profundizan-conocimiento-gps-e-imagenes-satelite#breadcrumb\"},\"inLanguage\":\"es\",\"potentialAction\":[{\"@type\":\"ReadAction\",\"target\":[\"https:\/\/www.asajacyl.com\/valladolid\/asaja-valladolid-informa\/los-socios-profundizan-conocimiento-gps-e-imagenes-satelite\"]}]},{\"@type\":\"ImageObject\",\"inLanguage\":\"es\",\"@id\":\"https:\/\/www.asajacyl.com\/valladolid\/asaja-valladolid-informa\/los-socios-profundizan-conocimiento-gps-e-imagenes-satelite#primaryimage\",\"url\":\"https:\/\/www.asajacyl.com\/valladolid\/wp-content\/uploads\/sites\/2\/2020\/03\/noticia-jornada-gps.jpg\",\"contentUrl\":\"https:\/\/www.asajacyl.com\/valladolid\/wp-content\/uploads\/sites\/2\/2020\/03\/noticia-jornada-gps.jpg\",\"width\":2500,\"height\":1671,\"caption\":\"Los socios de ASAJA VALLADOLID profundizan en su conocimiento sobre GPS e im\u00e1genes de sat\u00e9lite para la agricultura\"},{\"@type\":\"BreadcrumbList\",\"@id\":\"https:\/\/www.asajacyl.com\/valladolid\/asaja-valladolid-informa\/los-socios-profundizan-conocimiento-gps-e-imagenes-satelite#breadcrumb\",\"itemListElement\":[{\"@type\":\"ListItem\",\"position\":1,\"name\":\"Portada\",\"item\":\"https:\/\/www.asajacyl.com\/valladolid\/\"},{\"@type\":\"ListItem\",\"position\":2,\"name\":\"Los socios profundizan en su conocimiento sobre GPS e im\u00e1genes de sat\u00e9lite\"}]},{\"@type\":\"WebSite\",\"@id\":\"https:\/\/www.asajacyl.com\/valladolid\/#website\",\"url\":\"https:\/\/www.asajacyl.com\/valladolid\/\",\"name\":\"ASAJA Valladolid\",\"description\":\"Otro sitio m\u00e1s de Provincias ASAJA Castilla y Le\u00f3n\",\"potentialAction\":[{\"@type\":\"SearchAction\",\"target\":{\"@type\":\"EntryPoint\",\"urlTemplate\":\"https:\/\/www.asajacyl.com\/valladolid\/?s={search_term_string}\"},\"query-input\":{\"@type\":\"PropertyValueSpecification\",\"valueRequired\":true,\"valueName\":\"search_term_string\"}}],\"inLanguage\":\"es\"},{\"@type\":\"Person\",\"@id\":\"https:\/\/www.asajacyl.com\/valladolid\/#\/schema\/person\/cf213adc3e576168b6850f7db054141e\",\"name\":\"Mar\u00eda Natividad\",\"image\":{\"@type\":\"ImageObject\",\"inLanguage\":\"es\",\"@id\":\"https:\/\/www.asajacyl.com\/valladolid\/#\/schema\/person\/image\/\",\"url\":\"https:\/\/secure.gravatar.com\/avatar\/7f7b3c840c2af79feac78f5eeffefc45?s=96&d=mm&r=g\",\"contentUrl\":\"https:\/\/secure.gravatar.com\/avatar\/7f7b3c840c2af79feac78f5eeffefc45?s=96&d=mm&r=g\",\"caption\":\"Mar\u00eda Natividad\"},\"url\":\"https:\/\/www.asajacyl.com\/valladolid\/author\/natividadhh\"}]}<\/script>\n<!-- \/ Yoast SEO plugin. -->","yoast_head_json":{"title":"Los socios profundizan en su conocimiento sobre GPS e im\u00e1genes de sat\u00e9lite - ASAJA Valladolid","description":"Los socios profundizan en su conocimiento sobre GPS e im\u00e1genes de sat\u00e9lite para la agricultura. El Ayuntamiento de Ataquines acogi\u00f3 una charla del experto del ITACyL David Alfonso Nafr\u00eda Garc\u00eda","robots":{"index":"index","follow":"follow","max-snippet":"max-snippet:-1","max-image-preview":"max-image-preview:large","max-video-preview":"max-video-preview:-1"},"canonical":"https:\/\/www.asajacyl.com\/valladolid\/asaja-valladolid-informa\/los-socios-profundizan-conocimiento-gps-e-imagenes-satelite","og_locale":"es_ES","og_type":"article","og_title":"Los socios profundizan en su conocimiento sobre GPS e im\u00e1genes de sat\u00e9lite - ASAJA Valladolid","og_description":"Los socios profundizan en su conocimiento sobre GPS e im\u00e1genes de sat\u00e9lite para la agricultura. El Ayuntamiento de Ataquines acogi\u00f3 una charla del experto del ITACyL David Alfonso Nafr\u00eda Garc\u00eda","og_url":"https:\/\/www.asajacyl.com\/valladolid\/asaja-valladolid-informa\/los-socios-profundizan-conocimiento-gps-e-imagenes-satelite","og_site_name":"ASAJA Valladolid","article_published_time":"2020-03-01T16:55:05+00:00","article_modified_time":"2021-03-16T09:25:36+00:00","og_image":[{"width":2500,"height":1671,"url":"https:\/\/www.asajacyl.com\/valladolid\/wp-content\/uploads\/sites\/2\/2020\/03\/noticia-jornada-gps.jpg","type":"image\/jpeg"}],"author":"Mar\u00eda Natividad","twitter_card":"summary_large_image","twitter_misc":{"Escrito por":"Mar\u00eda Natividad","Tiempo de lectura":"2 minutos"},"schema":{"@context":"https:\/\/schema.org","@graph":[{"@type":"WebPage","@id":"https:\/\/www.asajacyl.com\/valladolid\/asaja-valladolid-informa\/los-socios-profundizan-conocimiento-gps-e-imagenes-satelite","url":"https:\/\/www.asajacyl.com\/valladolid\/asaja-valladolid-informa\/los-socios-profundizan-conocimiento-gps-e-imagenes-satelite","name":"Los socios profundizan en su conocimiento sobre GPS e im\u00e1genes de sat\u00e9lite - ASAJA Valladolid","isPartOf":{"@id":"https:\/\/www.asajacyl.com\/valladolid\/#website"},"primaryImageOfPage":{"@id":"https:\/\/www.asajacyl.com\/valladolid\/asaja-valladolid-informa\/los-socios-profundizan-conocimiento-gps-e-imagenes-satelite#primaryimage"},"image":{"@id":"https:\/\/www.asajacyl.com\/valladolid\/asaja-valladolid-informa\/los-socios-profundizan-conocimiento-gps-e-imagenes-satelite#primaryimage"},"thumbnailUrl":"https:\/\/www.asajacyl.com\/valladolid\/wp-content\/uploads\/sites\/2\/2020\/03\/noticia-jornada-gps.jpg","datePublished":"2020-03-01T16:55:05+00:00","dateModified":"2021-03-16T09:25:36+00:00","author":{"@id":"https:\/\/www.asajacyl.com\/valladolid\/#\/schema\/person\/cf213adc3e576168b6850f7db054141e"},"description":"Los socios profundizan en su conocimiento sobre GPS e im\u00e1genes de sat\u00e9lite para la agricultura. El Ayuntamiento de Ataquines acogi\u00f3 una charla del experto del ITACyL David Alfonso Nafr\u00eda Garc\u00eda","breadcrumb":{"@id":"https:\/\/www.asajacyl.com\/valladolid\/asaja-valladolid-informa\/los-socios-profundizan-conocimiento-gps-e-imagenes-satelite#breadcrumb"},"inLanguage":"es","potentialAction":[{"@type":"ReadAction","target":["https:\/\/www.asajacyl.com\/valladolid\/asaja-valladolid-informa\/los-socios-profundizan-conocimiento-gps-e-imagenes-satelite"]}]},{"@type":"ImageObject","inLanguage":"es","@id":"https:\/\/www.asajacyl.com\/valladolid\/asaja-valladolid-informa\/los-socios-profundizan-conocimiento-gps-e-imagenes-satelite#primaryimage","url":"https:\/\/www.asajacyl.com\/valladolid\/wp-content\/uploads\/sites\/2\/2020\/03\/noticia-jornada-gps.jpg","contentUrl":"https:\/\/www.asajacyl.com\/valladolid\/wp-content\/uploads\/sites\/2\/2020\/03\/noticia-jornada-gps.jpg","width":2500,"height":1671,"caption":"Los socios de ASAJA VALLADOLID profundizan en su conocimiento sobre GPS e im\u00e1genes de sat\u00e9lite para la agricultura"},{"@type":"BreadcrumbList","@id":"https:\/\/www.asajacyl.com\/valladolid\/asaja-valladolid-informa\/los-socios-profundizan-conocimiento-gps-e-imagenes-satelite#breadcrumb","itemListElement":[{"@type":"ListItem","position":1,"name":"Portada","item":"https:\/\/www.asajacyl.com\/valladolid\/"},{"@type":"ListItem","position":2,"name":"Los socios profundizan en su conocimiento sobre GPS e im\u00e1genes de sat\u00e9lite"}]},{"@type":"WebSite","@id":"https:\/\/www.asajacyl.com\/valladolid\/#website","url":"https:\/\/www.asajacyl.com\/valladolid\/","name":"ASAJA Valladolid","description":"Otro sitio m\u00e1s de Provincias ASAJA Castilla y Le\u00f3n","potentialAction":[{"@type":"SearchAction","target":{"@type":"EntryPoint","urlTemplate":"https:\/\/www.asajacyl.com\/valladolid\/?s={search_term_string}"},"query-input":{"@type":"PropertyValueSpecification","valueRequired":true,"valueName":"search_term_string"}}],"inLanguage":"es"},{"@type":"Person","@id":"https:\/\/www.asajacyl.com\/valladolid\/#\/schema\/person\/cf213adc3e576168b6850f7db054141e","name":"Mar\u00eda Natividad","image":{"@type":"ImageObject","inLanguage":"es","@id":"https:\/\/www.asajacyl.com\/valladolid\/#\/schema\/person\/image\/","url":"https:\/\/secure.gravatar.com\/avatar\/7f7b3c840c2af79feac78f5eeffefc45?s=96&d=mm&r=g","contentUrl":"https:\/\/secure.gravatar.com\/avatar\/7f7b3c840c2af79feac78f5eeffefc45?s=96&d=mm&r=g","caption":"Mar\u00eda Natividad"},"url":"https:\/\/www.asajacyl.com\/valladolid\/author\/natividadhh"}]}},"_links":{"self":[{"href":"https:\/\/www.asajacyl.com\/valladolid\/wp-json\/wp\/v2\/posts\/2184"}],"collection":[{"href":"https:\/\/www.asajacyl.com\/valladolid\/wp-json\/wp\/v2\/posts"}],"about":[{"href":"https:\/\/www.asajacyl.com\/valladolid\/wp-json\/wp\/v2\/types\/post"}],"author":[{"embeddable":true,"href":"https:\/\/www.asajacyl.com\/valladolid\/wp-json\/wp\/v2\/users\/13"}],"replies":[{"embeddable":true,"href":"https:\/\/www.asajacyl.com\/valladolid\/wp-json\/wp\/v2\/comments?post=2184"}],"version-history":[{"count":1,"href":"https:\/\/www.asajacyl.com\/valladolid\/wp-json\/wp\/v2\/posts\/2184\/revisions"}],"predecessor-version":[{"id":2185,"href":"https:\/\/www.asajacyl.com\/valladolid\/wp-json\/wp\/v2\/posts\/2184\/revisions\/2185"}],"wp:featuredmedia":[{"embeddable":true,"href":"https:\/\/www.asajacyl.com\/valladolid\/wp-json\/wp\/v2\/media\/2186"}],"wp:attachment":[{"href":"https:\/\/www.asajacyl.com\/valladolid\/wp-json\/wp\/v2\/media?parent=2184"}],"wp:term":[{"taxonomy":"category","embeddable":true,"href":"https:\/\/www.asajacyl.com\/valladolid\/wp-json\/wp\/v2\/categories?post=2184"},{"taxonomy":"post_tag","embeddable":true,"href":"https:\/\/www.asajacyl.com\/valladolid\/wp-json\/wp\/v2\/tags?post=2184"}],"curies":[{"name":"wp","href":"https:\/\/api.w.org\/{rel}","templated":true}]}}