{"id":2189,"date":"2020-03-24T09:46:23","date_gmt":"2020-03-24T09:46:23","guid":{"rendered":"https:\/\/www.asajacyl.com\/valladolid\/?p=2189"},"modified":"2020-03-24T09:46:23","modified_gmt":"2020-03-24T09:46:23","slug":"proxima-finalizacion-los-plazos-contratacion-seguros","status":"publish","type":"post","link":"https:\/\/www.asajacyl.com\/valladolid\/asaja-valladolid-informa\/proxima-finalizacion-los-plazos-contratacion-seguros","title":{"rendered":"Pr\u00f3xima finalizaci\u00f3n de los plazos de contrataci\u00f3n de seguros"},"content":{"rendered":"<h2><span style=\"color: #008000\"><strong>Para evitar errores en los seguros agrarios conviene tener grabada la PAC 2020<\/strong><\/span><\/h2>\n<p>El departamento de seguros de ASAJA Valladolid quiere informaros de la pr\u00f3xima finalizaci\u00f3n de los plazos de los seguros agrarios m\u00e1s inmediatos.<\/p>\n<p>En escasas fechas termina el tiempo para formalizar las polizas del <strong>Seguro de Vi\u00f1edo con helada:<\/strong> \u00a0<strong>25 de marzo<\/strong> y el <strong>Seguro de Remolacha con No nascencia<\/strong> que finaliza el <strong>10 de abril<\/strong>.<\/p>\n<p>La fecha para poder modificar el <strong>Seguro de Herb\u00e1ceos de Secano<\/strong> termina asimismo el <strong>1 de abril.<\/strong><\/p>\n<p><span style=\"color: #ff0000\"><strong>Para evitar errores en los seguros agrarios conviene tener grabada la PAC 2020<\/strong><\/span>. Env\u00edanos tu PAC antes de que finalice el plazo de los seguros desde ASAJA VALLADOLID seguimos trabajando para ti.<\/p>\n<p>Te recordamos las f\u00f3rmulas para ponente en contacto con nosotros:<a href=\"https:\/\/www.asajacyl.com\/valladolid\/asaja-valladolid-informa\/noticias\/protocolo-coronavirus-asaja-valladolid\" target=\"_blank\" rel=\"noopener\">https:\/\/www.asajacyl.com\/valladolid\/asaja-valladolid-informa\/noticias\/protocolo-coronavirus-asaja-valladolid<\/a><\/p>\n","protected":false},"excerpt":{"rendered":"<p>Para evitar errores en los seguros agrarios conviene tener grabada la PAC 2020 El departamento de seguros de ASAJA Valladolid quiere informaros de la pr\u00f3xima finalizaci\u00f3n de los plazos de los seguros agrarios m\u00e1s inmediatos. En escasas fechas termina el tiempo para formalizar las polizas del Seguro de Vi\u00f1edo con helada: \u00a025 de marzo y [&hellip;]<\/p>\n","protected":false},"author":13,"featured_media":1618,"comment_status":"open","ping_status":"open","sticky":false,"template":"","format":"standard","meta":{"footnotes":""},"categories":[8,21,9,15],"tags":[],"yoast_head":"<!-- This site is optimized with the Yoast SEO plugin v24.5 - https:\/\/yoast.com\/wordpress\/plugins\/seo\/ -->\n<title>Pr\u00f3xima finalizaci\u00f3n de los plazos de contrataci\u00f3n de seguros - ASAJA Valladolid<\/title>\n<meta name=\"robots\" content=\"index, follow, max-snippet:-1, max-image-preview:large, max-video-preview:-1\" \/>\n<link rel=\"canonical\" href=\"https:\/\/www.asajacyl.com\/valladolid\/asaja-valladolid-informa\/proxima-finalizacion-los-plazos-contratacion-seguros\" \/>\n<meta property=\"og:locale\" content=\"es_ES\" \/>\n<meta property=\"og:type\" content=\"article\" \/>\n<meta property=\"og:title\" content=\"Pr\u00f3xima finalizaci\u00f3n de los plazos de contrataci\u00f3n de seguros - ASAJA Valladolid\" \/>\n<meta property=\"og:description\" content=\"Para evitar errores en los seguros agrarios conviene tener grabada la PAC 2020 El departamento de seguros de ASAJA Valladolid quiere informaros de la pr\u00f3xima finalizaci\u00f3n de los plazos de los seguros agrarios m\u00e1s inmediatos. En escasas fechas termina el tiempo para formalizar las polizas del Seguro de Vi\u00f1edo con helada: \u00a025 de marzo y [&hellip;]\" \/>\n<meta property=\"og:url\" content=\"https:\/\/www.asajacyl.com\/valladolid\/asaja-valladolid-informa\/proxima-finalizacion-los-plazos-contratacion-seguros\" \/>\n<meta property=\"og:site_name\" content=\"ASAJA Valladolid\" \/>\n<meta property=\"article:published_time\" content=\"2020-03-24T09:46:23+00:00\" \/>\n<meta property=\"og:image\" content=\"https:\/\/www.asajacyl.com\/valladolid\/wp-content\/uploads\/sites\/2\/2018\/07\/DSC_0038.jpg\" \/>\n\t<meta property=\"og:image:width\" content=\"2500\" \/>\n\t<meta property=\"og:image:height\" content=\"1667\" \/>\n\t<meta property=\"og:image:type\" content=\"image\/jpeg\" \/>\n<meta name=\"author\" content=\"Mar\u00eda Natividad\" \/>\n<meta name=\"twitter:card\" content=\"summary_large_image\" \/>\n<meta name=\"twitter:label1\" content=\"Escrito por\" \/>\n\t<meta name=\"twitter:data1\" content=\"Mar\u00eda Natividad\" \/>\n\t<meta name=\"twitter:label2\" content=\"Tiempo de lectura\" \/>\n\t<meta name=\"twitter:data2\" content=\"1 minuto\" \/>\n<script type=\"application\/ld+json\" class=\"yoast-schema-graph\">{\"@context\":\"https:\/\/schema.org\",\"@graph\":[{\"@type\":\"WebPage\",\"@id\":\"https:\/\/www.asajacyl.com\/valladolid\/asaja-valladolid-informa\/proxima-finalizacion-los-plazos-contratacion-seguros\",\"url\":\"https:\/\/www.asajacyl.com\/valladolid\/asaja-valladolid-informa\/proxima-finalizacion-los-plazos-contratacion-seguros\",\"name\":\"Pr\u00f3xima finalizaci\u00f3n de los plazos de contrataci\u00f3n de seguros - ASAJA Valladolid\",\"isPartOf\":{\"@id\":\"https:\/\/www.asajacyl.com\/valladolid\/#website\"},\"primaryImageOfPage\":{\"@id\":\"https:\/\/www.asajacyl.com\/valladolid\/asaja-valladolid-informa\/proxima-finalizacion-los-plazos-contratacion-seguros#primaryimage\"},\"image\":{\"@id\":\"https:\/\/www.asajacyl.com\/valladolid\/asaja-valladolid-informa\/proxima-finalizacion-los-plazos-contratacion-seguros#primaryimage\"},\"thumbnailUrl\":\"https:\/\/www.asajacyl.com\/valladolid\/wp-content\/uploads\/sites\/2\/2018\/07\/DSC_0038.jpg\",\"datePublished\":\"2020-03-24T09:46:23+00:00\",\"author\":{\"@id\":\"https:\/\/www.asajacyl.com\/valladolid\/#\/schema\/person\/cf213adc3e576168b6850f7db054141e\"},\"breadcrumb\":{\"@id\":\"https:\/\/www.asajacyl.com\/valladolid\/asaja-valladolid-informa\/proxima-finalizacion-los-plazos-contratacion-seguros#breadcrumb\"},\"inLanguage\":\"es\",\"potentialAction\":[{\"@type\":\"ReadAction\",\"target\":[\"https:\/\/www.asajacyl.com\/valladolid\/asaja-valladolid-informa\/proxima-finalizacion-los-plazos-contratacion-seguros\"]}]},{\"@type\":\"ImageObject\",\"inLanguage\":\"es\",\"@id\":\"https:\/\/www.asajacyl.com\/valladolid\/asaja-valladolid-informa\/proxima-finalizacion-los-plazos-contratacion-seguros#primaryimage\",\"url\":\"https:\/\/www.asajacyl.com\/valladolid\/wp-content\/uploads\/sites\/2\/2018\/07\/DSC_0038.jpg\",\"contentUrl\":\"https:\/\/www.asajacyl.com\/valladolid\/wp-content\/uploads\/sites\/2\/2018\/07\/DSC_0038.jpg\",\"width\":2500,\"height\":1667,\"caption\":\"Asaja Valladolid celebra este lunes 23 de julio en Rueda una Jornada sobre Vi\u00f1edo\"},{\"@type\":\"BreadcrumbList\",\"@id\":\"https:\/\/www.asajacyl.com\/valladolid\/asaja-valladolid-informa\/proxima-finalizacion-los-plazos-contratacion-seguros#breadcrumb\",\"itemListElement\":[{\"@type\":\"ListItem\",\"position\":1,\"name\":\"Portada\",\"item\":\"https:\/\/www.asajacyl.com\/valladolid\/\"},{\"@type\":\"ListItem\",\"position\":2,\"name\":\"Pr\u00f3xima finalizaci\u00f3n de los plazos de contrataci\u00f3n de seguros\"}]},{\"@type\":\"WebSite\",\"@id\":\"https:\/\/www.asajacyl.com\/valladolid\/#website\",\"url\":\"https:\/\/www.asajacyl.com\/valladolid\/\",\"name\":\"ASAJA Valladolid\",\"description\":\"Otro sitio m\u00e1s de Provincias ASAJA Castilla y Le\u00f3n\",\"potentialAction\":[{\"@type\":\"SearchAction\",\"target\":{\"@type\":\"EntryPoint\",\"urlTemplate\":\"https:\/\/www.asajacyl.com\/valladolid\/?s={search_term_string}\"},\"query-input\":{\"@type\":\"PropertyValueSpecification\",\"valueRequired\":true,\"valueName\":\"search_term_string\"}}],\"inLanguage\":\"es\"},{\"@type\":\"Person\",\"@id\":\"https:\/\/www.asajacyl.com\/valladolid\/#\/schema\/person\/cf213adc3e576168b6850f7db054141e\",\"name\":\"Mar\u00eda Natividad\",\"image\":{\"@type\":\"ImageObject\",\"inLanguage\":\"es\",\"@id\":\"https:\/\/www.asajacyl.com\/valladolid\/#\/schema\/person\/image\/\",\"url\":\"https:\/\/secure.gravatar.com\/avatar\/7f7b3c840c2af79feac78f5eeffefc45?s=96&d=mm&r=g\",\"contentUrl\":\"https:\/\/secure.gravatar.com\/avatar\/7f7b3c840c2af79feac78f5eeffefc45?s=96&d=mm&r=g\",\"caption\":\"Mar\u00eda Natividad\"},\"url\":\"https:\/\/www.asajacyl.com\/valladolid\/author\/natividadhh\"}]}<\/script>\n<!-- \/ Yoast SEO plugin. -->","yoast_head_json":{"title":"Pr\u00f3xima finalizaci\u00f3n de los plazos de contrataci\u00f3n de seguros - ASAJA Valladolid","robots":{"index":"index","follow":"follow","max-snippet":"max-snippet:-1","max-image-preview":"max-image-preview:large","max-video-preview":"max-video-preview:-1"},"canonical":"https:\/\/www.asajacyl.com\/valladolid\/asaja-valladolid-informa\/proxima-finalizacion-los-plazos-contratacion-seguros","og_locale":"es_ES","og_type":"article","og_title":"Pr\u00f3xima finalizaci\u00f3n de los plazos de contrataci\u00f3n de seguros - ASAJA Valladolid","og_description":"Para evitar errores en los seguros agrarios conviene tener grabada la PAC 2020 El departamento de seguros de ASAJA Valladolid quiere informaros de la pr\u00f3xima finalizaci\u00f3n de los plazos de los seguros agrarios m\u00e1s inmediatos. En escasas fechas termina el tiempo para formalizar las polizas del Seguro de Vi\u00f1edo con helada: \u00a025 de marzo y [&hellip;]","og_url":"https:\/\/www.asajacyl.com\/valladolid\/asaja-valladolid-informa\/proxima-finalizacion-los-plazos-contratacion-seguros","og_site_name":"ASAJA Valladolid","article_published_time":"2020-03-24T09:46:23+00:00","og_image":[{"width":2500,"height":1667,"url":"https:\/\/www.asajacyl.com\/valladolid\/wp-content\/uploads\/sites\/2\/2018\/07\/DSC_0038.jpg","type":"image\/jpeg"}],"author":"Mar\u00eda Natividad","twitter_card":"summary_large_image","twitter_misc":{"Escrito por":"Mar\u00eda Natividad","Tiempo de lectura":"1 minuto"},"schema":{"@context":"https:\/\/schema.org","@graph":[{"@type":"WebPage","@id":"https:\/\/www.asajacyl.com\/valladolid\/asaja-valladolid-informa\/proxima-finalizacion-los-plazos-contratacion-seguros","url":"https:\/\/www.asajacyl.com\/valladolid\/asaja-valladolid-informa\/proxima-finalizacion-los-plazos-contratacion-seguros","name":"Pr\u00f3xima finalizaci\u00f3n de los plazos de contrataci\u00f3n de seguros - ASAJA Valladolid","isPartOf":{"@id":"https:\/\/www.asajacyl.com\/valladolid\/#website"},"primaryImageOfPage":{"@id":"https:\/\/www.asajacyl.com\/valladolid\/asaja-valladolid-informa\/proxima-finalizacion-los-plazos-contratacion-seguros#primaryimage"},"image":{"@id":"https:\/\/www.asajacyl.com\/valladolid\/asaja-valladolid-informa\/proxima-finalizacion-los-plazos-contratacion-seguros#primaryimage"},"thumbnailUrl":"https:\/\/www.asajacyl.com\/valladolid\/wp-content\/uploads\/sites\/2\/2018\/07\/DSC_0038.jpg","datePublished":"2020-03-24T09:46:23+00:00","author":{"@id":"https:\/\/www.asajacyl.com\/valladolid\/#\/schema\/person\/cf213adc3e576168b6850f7db054141e"},"breadcrumb":{"@id":"https:\/\/www.asajacyl.com\/valladolid\/asaja-valladolid-informa\/proxima-finalizacion-los-plazos-contratacion-seguros#breadcrumb"},"inLanguage":"es","potentialAction":[{"@type":"ReadAction","target":["https:\/\/www.asajacyl.com\/valladolid\/asaja-valladolid-informa\/proxima-finalizacion-los-plazos-contratacion-seguros"]}]},{"@type":"ImageObject","inLanguage":"es","@id":"https:\/\/www.asajacyl.com\/valladolid\/asaja-valladolid-informa\/proxima-finalizacion-los-plazos-contratacion-seguros#primaryimage","url":"https:\/\/www.asajacyl.com\/valladolid\/wp-content\/uploads\/sites\/2\/2018\/07\/DSC_0038.jpg","contentUrl":"https:\/\/www.asajacyl.com\/valladolid\/wp-content\/uploads\/sites\/2\/2018\/07\/DSC_0038.jpg","width":2500,"height":1667,"caption":"Asaja Valladolid celebra este lunes 23 de julio en Rueda una Jornada sobre Vi\u00f1edo"},{"@type":"BreadcrumbList","@id":"https:\/\/www.asajacyl.com\/valladolid\/asaja-valladolid-informa\/proxima-finalizacion-los-plazos-contratacion-seguros#breadcrumb","itemListElement":[{"@type":"ListItem","position":1,"name":"Portada","item":"https:\/\/www.asajacyl.com\/valladolid\/"},{"@type":"ListItem","position":2,"name":"Pr\u00f3xima finalizaci\u00f3n de los plazos de contrataci\u00f3n de seguros"}]},{"@type":"WebSite","@id":"https:\/\/www.asajacyl.com\/valladolid\/#website","url":"https:\/\/www.asajacyl.com\/valladolid\/","name":"ASAJA Valladolid","description":"Otro sitio m\u00e1s de Provincias ASAJA Castilla y Le\u00f3n","potentialAction":[{"@type":"SearchAction","target":{"@type":"EntryPoint","urlTemplate":"https:\/\/www.asajacyl.com\/valladolid\/?s={search_term_string}"},"query-input":{"@type":"PropertyValueSpecification","valueRequired":true,"valueName":"search_term_string"}}],"inLanguage":"es"},{"@type":"Person","@id":"https:\/\/www.asajacyl.com\/valladolid\/#\/schema\/person\/cf213adc3e576168b6850f7db054141e","name":"Mar\u00eda Natividad","image":{"@type":"ImageObject","inLanguage":"es","@id":"https:\/\/www.asajacyl.com\/valladolid\/#\/schema\/person\/image\/","url":"https:\/\/secure.gravatar.com\/avatar\/7f7b3c840c2af79feac78f5eeffefc45?s=96&d=mm&r=g","contentUrl":"https:\/\/secure.gravatar.com\/avatar\/7f7b3c840c2af79feac78f5eeffefc45?s=96&d=mm&r=g","caption":"Mar\u00eda Natividad"},"url":"https:\/\/www.asajacyl.com\/valladolid\/author\/natividadhh"}]}},"_links":{"self":[{"href":"https:\/\/www.asajacyl.com\/valladolid\/wp-json\/wp\/v2\/posts\/2189"}],"collection":[{"href":"https:\/\/www.asajacyl.com\/valladolid\/wp-json\/wp\/v2\/posts"}],"about":[{"href":"https:\/\/www.asajacyl.com\/valladolid\/wp-json\/wp\/v2\/types\/post"}],"author":[{"embeddable":true,"href":"https:\/\/www.asajacyl.com\/valladolid\/wp-json\/wp\/v2\/users\/13"}],"replies":[{"embeddable":true,"href":"https:\/\/www.asajacyl.com\/valladolid\/wp-json\/wp\/v2\/comments?post=2189"}],"version-history":[{"count":1,"href":"https:\/\/www.asajacyl.com\/valladolid\/wp-json\/wp\/v2\/posts\/2189\/revisions"}],"predecessor-version":[{"id":2190,"href":"https:\/\/www.asajacyl.com\/valladolid\/wp-json\/wp\/v2\/posts\/2189\/revisions\/2190"}],"wp:featuredmedia":[{"embeddable":true,"href":"https:\/\/www.asajacyl.com\/valladolid\/wp-json\/wp\/v2\/media\/1618"}],"wp:attachment":[{"href":"https:\/\/www.asajacyl.com\/valladolid\/wp-json\/wp\/v2\/media?parent=2189"}],"wp:term":[{"taxonomy":"category","embeddable":true,"href":"https:\/\/www.asajacyl.com\/valladolid\/wp-json\/wp\/v2\/categories?post=2189"},{"taxonomy":"post_tag","embeddable":true,"href":"https:\/\/www.asajacyl.com\/valladolid\/wp-json\/wp\/v2\/tags?post=2189"}],"curies":[{"name":"wp","href":"https:\/\/api.w.org\/{rel}","templated":true}]}}