{"id":2215,"date":"2020-04-02T06:29:42","date_gmt":"2020-04-02T06:29:42","guid":{"rendered":"https:\/\/www.asajacyl.com\/valladolid\/?p=2215"},"modified":"2020-04-02T06:29:42","modified_gmt":"2020-04-02T06:29:42","slug":"ano-mas-prorroga-afrontar-los-prestamos-la-sequia-2017","status":"publish","type":"post","link":"https:\/\/www.asajacyl.com\/valladolid\/asaja-valladolid-informa\/ano-mas-prorroga-afrontar-los-prestamos-la-sequia-2017","title":{"rendered":"Un a\u00f1o m\u00e1s de pr\u00f3rroga para afrontar los pr\u00e9stamos por la sequ\u00eda de 2017"},"content":{"rendered":"<div class=\"td-post-content\">\n<p><span style=\"color: #008000\"><strong>Los titulares de explotaciones agrarias que solicitaron pr\u00e9stamos para afrontar la sequ\u00eda de 2017 tiene un a\u00f1o adicional para devolver el importe adeudado.\u00a0La presentaci\u00f3n de la solicitud de ayuda se realizar\u00e1 mediante el documento de solicitud del aval ante SAECA, hasta el 18 de julio de 2020.<\/strong><\/span><\/p>\n<p style=\"text-align: justify\">Se ha publicado en el BOE la orden por la que las subvenciones establecidas por el art\u00edculo 35 del Real Decreto-ley 8\/2020, de 17 de marzo, de medidas urgentes extraordinarias para hacer frente al impacto econ\u00f3mico y social del COVID-19. Una de estas medidas tiene\u00a0por objetivo facilitar, de manera voluntaria, que los prestatarios de cr\u00e9ditos financieros concedidos a titulares de explotaciones agrarias afectados por la sequ\u00eda del a\u00f1o 2017 acuerden con las entidades financieras prolongar hasta en un a\u00f1o, que podr\u00e1 ser de carencia, el periodo de amortizaci\u00f3n de los pr\u00e9stamos suscritos.<\/p>\n<p style=\"text-align: justify\">Su finalidad es facilitar que los titulares de explotaciones agrarias que se endeudaron para hacer frente a la sequ\u00eda de 2017 tengan un a\u00f1o adicional para la devoluci\u00f3n del importe adeudado.<\/p>\n<p style=\"text-align: justify\">Los beneficiarios deber\u00e1n cumplir los siguientes requisitos:<\/p>\n<ul style=\"text-align: justify\">\n<li>Tener en vigor un cr\u00e9dito con aval subvencionado para los pr\u00e9stamos por sequ\u00eda de 2017 y que dicho cr\u00e9dito resulte prolongado hasta un a\u00f1o, que podr\u00e1 ser de carencia.<\/li>\n<li>No superar los l\u00edmites establecidos para las ayudas de m\u00ednimis obtenidas durante los dos ejercicios fiscales anteriores y durante el ejercicio fiscal en curso.<\/li>\n<\/ul>\n<p style=\"text-align: justify\">El Ministerio de Agricultura, Pesca y Alimentaci\u00f3n financiar\u00e1 el coste adicional de los avales concedidos por la Sociedad An\u00f3nima Estatal de Cauci\u00f3n Agraria (SAECA) derivado de la ampliaci\u00f3n del periodo de dicha operaci\u00f3n, y SAECA la gesti\u00f3n \u00edntegra de las mismas, incluida la justificaci\u00f3n y control.<\/p>\n<p style=\"text-align: justify\">La presentaci\u00f3n de la solicitud de ayuda se realizar\u00e1 mediante el documento de solicitud del aval ante SAECA, hasta el 18 de julio de 2020.<\/p>\n<blockquote>\n<p style=\"text-align: center\"><span style=\"color: #008000\">PARA M\u00c1S INFORMACI\u00d3N, LLAMA A TU OFICINA DE ASAJA<\/span><\/p>\n<\/blockquote>\n<\/div>\n","protected":false},"excerpt":{"rendered":"<p>Los titulares de explotaciones agrarias que solicitaron pr\u00e9stamos para afrontar la sequ\u00eda de 2017 tiene un a\u00f1o adicional para devolver el importe adeudado.\u00a0La presentaci\u00f3n de la solicitud de ayuda se realizar\u00e1 mediante el documento de solicitud del aval ante SAECA, hasta el 18 de julio de 2020. Se ha publicado en el BOE la orden [&hellip;]<\/p>\n","protected":false},"author":13,"featured_media":1963,"comment_status":"open","ping_status":"open","sticky":false,"template":"","format":"standard","meta":{"footnotes":""},"categories":[8,21,9,14],"tags":[413,451,364,119,339,450],"yoast_head":"<!-- This site is optimized with the Yoast SEO plugin v24.5 - https:\/\/yoast.com\/wordpress\/plugins\/seo\/ -->\n<title>Un a\u00f1o m\u00e1s de pr\u00f3rroga para afrontar los pr\u00e9stamos por la sequ\u00eda de 2017 - ASAJA Valladolid<\/title>\n<meta name=\"description\" content=\"Un a\u00f1o m\u00e1s de pr\u00f3rroga para afrontar los pr\u00e9stamos por la sequ\u00eda de 2017. Los titulares de explotaciones agrarias que solicitaron pr\u00e9stamos para afrontar la sequ\u00eda de 2017 tiene un a\u00f1o adicional para devolver el importe adeudado.\" \/>\n<meta name=\"robots\" content=\"index, follow, max-snippet:-1, max-image-preview:large, max-video-preview:-1\" \/>\n<link rel=\"canonical\" href=\"https:\/\/www.asajacyl.com\/valladolid\/asaja-valladolid-informa\/ano-mas-prorroga-afrontar-los-prestamos-la-sequia-2017\" \/>\n<meta property=\"og:locale\" content=\"es_ES\" \/>\n<meta property=\"og:type\" content=\"article\" \/>\n<meta property=\"og:title\" content=\"Un a\u00f1o m\u00e1s de pr\u00f3rroga para afrontar los pr\u00e9stamos por la sequ\u00eda de 2017 - ASAJA Valladolid\" \/>\n<meta property=\"og:description\" content=\"Un a\u00f1o m\u00e1s de pr\u00f3rroga para afrontar los pr\u00e9stamos por la sequ\u00eda de 2017. Los titulares de explotaciones agrarias que solicitaron pr\u00e9stamos para afrontar la sequ\u00eda de 2017 tiene un a\u00f1o adicional para devolver el importe adeudado.\" \/>\n<meta property=\"og:url\" content=\"https:\/\/www.asajacyl.com\/valladolid\/asaja-valladolid-informa\/ano-mas-prorroga-afrontar-los-prestamos-la-sequia-2017\" \/>\n<meta property=\"og:site_name\" content=\"ASAJA Valladolid\" \/>\n<meta property=\"article:published_time\" content=\"2020-04-02T06:29:42+00:00\" \/>\n<meta property=\"og:image\" content=\"https:\/\/www.asajacyl.com\/valladolid\/wp-content\/uploads\/sites\/2\/2019\/10\/sequia.jpg\" \/>\n\t<meta property=\"og:image:width\" content=\"1920\" \/>\n\t<meta property=\"og:image:height\" content=\"1280\" \/>\n\t<meta property=\"og:image:type\" content=\"image\/jpeg\" \/>\n<meta name=\"author\" content=\"Mar\u00eda Natividad\" \/>\n<meta name=\"twitter:card\" content=\"summary_large_image\" \/>\n<meta name=\"twitter:label1\" content=\"Escrito por\" \/>\n\t<meta name=\"twitter:data1\" content=\"Mar\u00eda Natividad\" \/>\n\t<meta name=\"twitter:label2\" content=\"Tiempo de lectura\" \/>\n\t<meta name=\"twitter:data2\" content=\"2 minutos\" \/>\n<script type=\"application\/ld+json\" class=\"yoast-schema-graph\">{\"@context\":\"https:\/\/schema.org\",\"@graph\":[{\"@type\":\"WebPage\",\"@id\":\"https:\/\/www.asajacyl.com\/valladolid\/asaja-valladolid-informa\/ano-mas-prorroga-afrontar-los-prestamos-la-sequia-2017\",\"url\":\"https:\/\/www.asajacyl.com\/valladolid\/asaja-valladolid-informa\/ano-mas-prorroga-afrontar-los-prestamos-la-sequia-2017\",\"name\":\"Un a\u00f1o m\u00e1s de pr\u00f3rroga para afrontar los pr\u00e9stamos por la sequ\u00eda de 2017 - ASAJA Valladolid\",\"isPartOf\":{\"@id\":\"https:\/\/www.asajacyl.com\/valladolid\/#website\"},\"primaryImageOfPage\":{\"@id\":\"https:\/\/www.asajacyl.com\/valladolid\/asaja-valladolid-informa\/ano-mas-prorroga-afrontar-los-prestamos-la-sequia-2017#primaryimage\"},\"image\":{\"@id\":\"https:\/\/www.asajacyl.com\/valladolid\/asaja-valladolid-informa\/ano-mas-prorroga-afrontar-los-prestamos-la-sequia-2017#primaryimage\"},\"thumbnailUrl\":\"https:\/\/www.asajacyl.com\/valladolid\/wp-content\/uploads\/sites\/2\/2019\/10\/sequia.jpg\",\"datePublished\":\"2020-04-02T06:29:42+00:00\",\"author\":{\"@id\":\"https:\/\/www.asajacyl.com\/valladolid\/#\/schema\/person\/cf213adc3e576168b6850f7db054141e\"},\"description\":\"Un a\u00f1o m\u00e1s de pr\u00f3rroga para afrontar los pr\u00e9stamos por la sequ\u00eda de 2017. Los titulares de explotaciones agrarias que solicitaron pr\u00e9stamos para afrontar la sequ\u00eda de 2017 tiene un a\u00f1o adicional para devolver el importe adeudado.\",\"breadcrumb\":{\"@id\":\"https:\/\/www.asajacyl.com\/valladolid\/asaja-valladolid-informa\/ano-mas-prorroga-afrontar-los-prestamos-la-sequia-2017#breadcrumb\"},\"inLanguage\":\"es\",\"potentialAction\":[{\"@type\":\"ReadAction\",\"target\":[\"https:\/\/www.asajacyl.com\/valladolid\/asaja-valladolid-informa\/ano-mas-prorroga-afrontar-los-prestamos-la-sequia-2017\"]}]},{\"@type\":\"ImageObject\",\"inLanguage\":\"es\",\"@id\":\"https:\/\/www.asajacyl.com\/valladolid\/asaja-valladolid-informa\/ano-mas-prorroga-afrontar-los-prestamos-la-sequia-2017#primaryimage\",\"url\":\"https:\/\/www.asajacyl.com\/valladolid\/wp-content\/uploads\/sites\/2\/2019\/10\/sequia.jpg\",\"contentUrl\":\"https:\/\/www.asajacyl.com\/valladolid\/wp-content\/uploads\/sites\/2\/2019\/10\/sequia.jpg\",\"width\":1920,\"height\":1280,\"caption\":\"Requisitos para optar a los prestamos por sequ\u00eda\"},{\"@type\":\"BreadcrumbList\",\"@id\":\"https:\/\/www.asajacyl.com\/valladolid\/asaja-valladolid-informa\/ano-mas-prorroga-afrontar-los-prestamos-la-sequia-2017#breadcrumb\",\"itemListElement\":[{\"@type\":\"ListItem\",\"position\":1,\"name\":\"Portada\",\"item\":\"https:\/\/www.asajacyl.com\/valladolid\/\"},{\"@type\":\"ListItem\",\"position\":2,\"name\":\"Un a\u00f1o m\u00e1s de pr\u00f3rroga para afrontar los pr\u00e9stamos por la sequ\u00eda de 2017\"}]},{\"@type\":\"WebSite\",\"@id\":\"https:\/\/www.asajacyl.com\/valladolid\/#website\",\"url\":\"https:\/\/www.asajacyl.com\/valladolid\/\",\"name\":\"ASAJA Valladolid\",\"description\":\"Otro sitio m\u00e1s de Provincias ASAJA Castilla y Le\u00f3n\",\"potentialAction\":[{\"@type\":\"SearchAction\",\"target\":{\"@type\":\"EntryPoint\",\"urlTemplate\":\"https:\/\/www.asajacyl.com\/valladolid\/?s={search_term_string}\"},\"query-input\":{\"@type\":\"PropertyValueSpecification\",\"valueRequired\":true,\"valueName\":\"search_term_string\"}}],\"inLanguage\":\"es\"},{\"@type\":\"Person\",\"@id\":\"https:\/\/www.asajacyl.com\/valladolid\/#\/schema\/person\/cf213adc3e576168b6850f7db054141e\",\"name\":\"Mar\u00eda Natividad\",\"image\":{\"@type\":\"ImageObject\",\"inLanguage\":\"es\",\"@id\":\"https:\/\/www.asajacyl.com\/valladolid\/#\/schema\/person\/image\/\",\"url\":\"https:\/\/secure.gravatar.com\/avatar\/7f7b3c840c2af79feac78f5eeffefc45?s=96&d=mm&r=g\",\"contentUrl\":\"https:\/\/secure.gravatar.com\/avatar\/7f7b3c840c2af79feac78f5eeffefc45?s=96&d=mm&r=g\",\"caption\":\"Mar\u00eda Natividad\"},\"url\":\"https:\/\/www.asajacyl.com\/valladolid\/author\/natividadhh\"}]}<\/script>\n<!-- \/ Yoast SEO plugin. -->","yoast_head_json":{"title":"Un a\u00f1o m\u00e1s de pr\u00f3rroga para afrontar los pr\u00e9stamos por la sequ\u00eda de 2017 - ASAJA Valladolid","description":"Un a\u00f1o m\u00e1s de pr\u00f3rroga para afrontar los pr\u00e9stamos por la sequ\u00eda de 2017. Los titulares de explotaciones agrarias que solicitaron pr\u00e9stamos para afrontar la sequ\u00eda de 2017 tiene un a\u00f1o adicional para devolver el importe adeudado.","robots":{"index":"index","follow":"follow","max-snippet":"max-snippet:-1","max-image-preview":"max-image-preview:large","max-video-preview":"max-video-preview:-1"},"canonical":"https:\/\/www.asajacyl.com\/valladolid\/asaja-valladolid-informa\/ano-mas-prorroga-afrontar-los-prestamos-la-sequia-2017","og_locale":"es_ES","og_type":"article","og_title":"Un a\u00f1o m\u00e1s de pr\u00f3rroga para afrontar los pr\u00e9stamos por la sequ\u00eda de 2017 - ASAJA Valladolid","og_description":"Un a\u00f1o m\u00e1s de pr\u00f3rroga para afrontar los pr\u00e9stamos por la sequ\u00eda de 2017. Los titulares de explotaciones agrarias que solicitaron pr\u00e9stamos para afrontar la sequ\u00eda de 2017 tiene un a\u00f1o adicional para devolver el importe adeudado.","og_url":"https:\/\/www.asajacyl.com\/valladolid\/asaja-valladolid-informa\/ano-mas-prorroga-afrontar-los-prestamos-la-sequia-2017","og_site_name":"ASAJA Valladolid","article_published_time":"2020-04-02T06:29:42+00:00","og_image":[{"width":1920,"height":1280,"url":"https:\/\/www.asajacyl.com\/valladolid\/wp-content\/uploads\/sites\/2\/2019\/10\/sequia.jpg","type":"image\/jpeg"}],"author":"Mar\u00eda Natividad","twitter_card":"summary_large_image","twitter_misc":{"Escrito por":"Mar\u00eda Natividad","Tiempo de lectura":"2 minutos"},"schema":{"@context":"https:\/\/schema.org","@graph":[{"@type":"WebPage","@id":"https:\/\/www.asajacyl.com\/valladolid\/asaja-valladolid-informa\/ano-mas-prorroga-afrontar-los-prestamos-la-sequia-2017","url":"https:\/\/www.asajacyl.com\/valladolid\/asaja-valladolid-informa\/ano-mas-prorroga-afrontar-los-prestamos-la-sequia-2017","name":"Un a\u00f1o m\u00e1s de pr\u00f3rroga para afrontar los pr\u00e9stamos por la sequ\u00eda de 2017 - ASAJA Valladolid","isPartOf":{"@id":"https:\/\/www.asajacyl.com\/valladolid\/#website"},"primaryImageOfPage":{"@id":"https:\/\/www.asajacyl.com\/valladolid\/asaja-valladolid-informa\/ano-mas-prorroga-afrontar-los-prestamos-la-sequia-2017#primaryimage"},"image":{"@id":"https:\/\/www.asajacyl.com\/valladolid\/asaja-valladolid-informa\/ano-mas-prorroga-afrontar-los-prestamos-la-sequia-2017#primaryimage"},"thumbnailUrl":"https:\/\/www.asajacyl.com\/valladolid\/wp-content\/uploads\/sites\/2\/2019\/10\/sequia.jpg","datePublished":"2020-04-02T06:29:42+00:00","author":{"@id":"https:\/\/www.asajacyl.com\/valladolid\/#\/schema\/person\/cf213adc3e576168b6850f7db054141e"},"description":"Un a\u00f1o m\u00e1s de pr\u00f3rroga para afrontar los pr\u00e9stamos por la sequ\u00eda de 2017. Los titulares de explotaciones agrarias que solicitaron pr\u00e9stamos para afrontar la sequ\u00eda de 2017 tiene un a\u00f1o adicional para devolver el importe adeudado.","breadcrumb":{"@id":"https:\/\/www.asajacyl.com\/valladolid\/asaja-valladolid-informa\/ano-mas-prorroga-afrontar-los-prestamos-la-sequia-2017#breadcrumb"},"inLanguage":"es","potentialAction":[{"@type":"ReadAction","target":["https:\/\/www.asajacyl.com\/valladolid\/asaja-valladolid-informa\/ano-mas-prorroga-afrontar-los-prestamos-la-sequia-2017"]}]},{"@type":"ImageObject","inLanguage":"es","@id":"https:\/\/www.asajacyl.com\/valladolid\/asaja-valladolid-informa\/ano-mas-prorroga-afrontar-los-prestamos-la-sequia-2017#primaryimage","url":"https:\/\/www.asajacyl.com\/valladolid\/wp-content\/uploads\/sites\/2\/2019\/10\/sequia.jpg","contentUrl":"https:\/\/www.asajacyl.com\/valladolid\/wp-content\/uploads\/sites\/2\/2019\/10\/sequia.jpg","width":1920,"height":1280,"caption":"Requisitos para optar a los prestamos por sequ\u00eda"},{"@type":"BreadcrumbList","@id":"https:\/\/www.asajacyl.com\/valladolid\/asaja-valladolid-informa\/ano-mas-prorroga-afrontar-los-prestamos-la-sequia-2017#breadcrumb","itemListElement":[{"@type":"ListItem","position":1,"name":"Portada","item":"https:\/\/www.asajacyl.com\/valladolid\/"},{"@type":"ListItem","position":2,"name":"Un a\u00f1o m\u00e1s de pr\u00f3rroga para afrontar los pr\u00e9stamos por la sequ\u00eda de 2017"}]},{"@type":"WebSite","@id":"https:\/\/www.asajacyl.com\/valladolid\/#website","url":"https:\/\/www.asajacyl.com\/valladolid\/","name":"ASAJA Valladolid","description":"Otro sitio m\u00e1s de Provincias ASAJA Castilla y Le\u00f3n","potentialAction":[{"@type":"SearchAction","target":{"@type":"EntryPoint","urlTemplate":"https:\/\/www.asajacyl.com\/valladolid\/?s={search_term_string}"},"query-input":{"@type":"PropertyValueSpecification","valueRequired":true,"valueName":"search_term_string"}}],"inLanguage":"es"},{"@type":"Person","@id":"https:\/\/www.asajacyl.com\/valladolid\/#\/schema\/person\/cf213adc3e576168b6850f7db054141e","name":"Mar\u00eda Natividad","image":{"@type":"ImageObject","inLanguage":"es","@id":"https:\/\/www.asajacyl.com\/valladolid\/#\/schema\/person\/image\/","url":"https:\/\/secure.gravatar.com\/avatar\/7f7b3c840c2af79feac78f5eeffefc45?s=96&d=mm&r=g","contentUrl":"https:\/\/secure.gravatar.com\/avatar\/7f7b3c840c2af79feac78f5eeffefc45?s=96&d=mm&r=g","caption":"Mar\u00eda Natividad"},"url":"https:\/\/www.asajacyl.com\/valladolid\/author\/natividadhh"}]}},"_links":{"self":[{"href":"https:\/\/www.asajacyl.com\/valladolid\/wp-json\/wp\/v2\/posts\/2215"}],"collection":[{"href":"https:\/\/www.asajacyl.com\/valladolid\/wp-json\/wp\/v2\/posts"}],"about":[{"href":"https:\/\/www.asajacyl.com\/valladolid\/wp-json\/wp\/v2\/types\/post"}],"author":[{"embeddable":true,"href":"https:\/\/www.asajacyl.com\/valladolid\/wp-json\/wp\/v2\/users\/13"}],"replies":[{"embeddable":true,"href":"https:\/\/www.asajacyl.com\/valladolid\/wp-json\/wp\/v2\/comments?post=2215"}],"version-history":[{"count":1,"href":"https:\/\/www.asajacyl.com\/valladolid\/wp-json\/wp\/v2\/posts\/2215\/revisions"}],"predecessor-version":[{"id":2216,"href":"https:\/\/www.asajacyl.com\/valladolid\/wp-json\/wp\/v2\/posts\/2215\/revisions\/2216"}],"wp:featuredmedia":[{"embeddable":true,"href":"https:\/\/www.asajacyl.com\/valladolid\/wp-json\/wp\/v2\/media\/1963"}],"wp:attachment":[{"href":"https:\/\/www.asajacyl.com\/valladolid\/wp-json\/wp\/v2\/media?parent=2215"}],"wp:term":[{"taxonomy":"category","embeddable":true,"href":"https:\/\/www.asajacyl.com\/valladolid\/wp-json\/wp\/v2\/categories?post=2215"},{"taxonomy":"post_tag","embeddable":true,"href":"https:\/\/www.asajacyl.com\/valladolid\/wp-json\/wp\/v2\/tags?post=2215"}],"curies":[{"name":"wp","href":"https:\/\/api.w.org\/{rel}","templated":true}]}}