{"id":2244,"date":"2020-04-14T09:08:07","date_gmt":"2020-04-14T09:08:07","guid":{"rendered":"https:\/\/www.asajacyl.com\/valladolid\/?p=2244"},"modified":"2020-04-14T09:08:07","modified_gmt":"2020-04-14T09:08:07","slug":"ultimos-dias-suscribir-seguro-uva-vino","status":"publish","type":"post","link":"https:\/\/www.asajacyl.com\/valladolid\/asaja-valladolid-informa\/ultimos-dias-suscribir-seguro-uva-vino","title":{"rendered":"\u00daltimos d\u00edas para suscribir el seguro de uva de vino"},"content":{"rendered":"<h2><span style=\"color: #008000\"><strong>El plazo finaliza el 30 de abril como fecha efectiva<\/strong><\/span><\/h2>\n<p>Desde ASAJA VALLADOLID queremos recordaros que estamos en los \u00faltimos d\u00edas para que realic\u00e9is vuestro seguro de uva de vino.<\/p>\n<p><strong>El plazo se ha ampliado hasta el 30 de abril como fecha efectiva<\/strong> ya que hay unos d\u00edas despu\u00e9s de plazo, pero son festivos.<\/p>\n<p><strong>ASAJA VALLADOLID, organizaci\u00f3n de referencia en la provincia en vi\u00f1edo es experta en la tramitaci\u00f3n de estas p\u00f3lizas<\/strong>. Por lo que os animamos a asegurar vuestras explotaciones ante los riesgos de pedrisco, riesgos excepcionales y resto de adversidades climatol\u00f3gicas.<\/p>\n<p>A pesar del Estado de Alarma, pod\u00e9is seguir tramitando vuestras p\u00f3lizas con la garant\u00eda y profesionalidad de ASAJA VALLADOLID. <strong>Para ello pod\u00e9is dirigiros al tel\u00e9fono <span style=\"font-size: 14pt\">983 203 371<\/span><\/strong><span style=\"font-size: 14pt\">.<\/span><\/p>\n<p>Aunque no es imprescindible, <strong>es recomendable tener a mano la p\u00f3liza del a\u00f1o anterior o en su defecto el registro vitivin\u00edcola.<\/strong><\/p>\n<p>Tanto para realizar vuestro seguro, como para informaros o recibir asesoramiento pod\u00e9is contactar por tel\u00e9fono con nuestros t\u00e9cnicos tanto en la oficina central de Valladolid como por la misma v\u00eda en el resto de las oficinas comarcales.<\/p>\n<p><span style=\"color: #008000\"><strong>La suscripci\u00f3n de estos seguros en tu organizaci\u00f3n es fundamental para mantener un servicio de calidad, el empleo, la defensa de vustros intereses y la atenci\u00f3n en los pueblos.<br \/>\n<\/strong><\/span><\/p>\n","protected":false},"excerpt":{"rendered":"<p>El plazo finaliza el 30 de abril como fecha efectiva Desde ASAJA VALLADOLID queremos recordaros que estamos en los \u00faltimos d\u00edas para que realic\u00e9is vuestro seguro de uva de vino. El plazo se ha ampliado hasta el 30 de abril como fecha efectiva ya que hay unos d\u00edas despu\u00e9s de plazo, pero son festivos. ASAJA [&hellip;]<\/p>\n","protected":false},"author":13,"featured_media":1920,"comment_status":"open","ping_status":"open","sticky":false,"template":"","format":"standard","meta":{"footnotes":""},"categories":[8,21,9,15],"tags":[462,461,67,65,463],"yoast_head":"<!-- This site is optimized with the Yoast SEO plugin v24.5 - https:\/\/yoast.com\/wordpress\/plugins\/seo\/ -->\n<title>\u00daltimos d\u00edas para suscribir el seguro de uva de vino - ASAJA Valladolid<\/title>\n<meta name=\"description\" content=\"\u00daltimos d\u00edas para suscribir el seguro de uva de vino. El plazo finaliza el 30 de abril como fecha efectiva. ASAJA VALLADOLID, organizaci\u00f3n de referencia en la provincia en vi\u00f1edo es experta en la tramitaci\u00f3n de estas p\u00f3lizas.\" \/>\n<meta name=\"robots\" content=\"index, follow, max-snippet:-1, max-image-preview:large, max-video-preview:-1\" \/>\n<link rel=\"canonical\" href=\"https:\/\/www.asajacyl.com\/valladolid\/asaja-valladolid-informa\/ultimos-dias-suscribir-seguro-uva-vino\" \/>\n<meta property=\"og:locale\" content=\"es_ES\" \/>\n<meta property=\"og:type\" content=\"article\" \/>\n<meta property=\"og:title\" content=\"\u00daltimos d\u00edas para suscribir el seguro de uva de vino - ASAJA Valladolid\" \/>\n<meta property=\"og:description\" content=\"\u00daltimos d\u00edas para suscribir el seguro de uva de vino. El plazo finaliza el 30 de abril como fecha efectiva. ASAJA VALLADOLID, organizaci\u00f3n de referencia en la provincia en vi\u00f1edo es experta en la tramitaci\u00f3n de estas p\u00f3lizas.\" \/>\n<meta property=\"og:url\" content=\"https:\/\/www.asajacyl.com\/valladolid\/asaja-valladolid-informa\/ultimos-dias-suscribir-seguro-uva-vino\" \/>\n<meta property=\"og:site_name\" content=\"ASAJA Valladolid\" \/>\n<meta property=\"article:published_time\" content=\"2020-04-14T09:08:07+00:00\" \/>\n<meta property=\"og:image\" content=\"https:\/\/www.asajacyl.com\/valladolid\/wp-content\/uploads\/sites\/2\/2019\/08\/Da\u00f1os-en-vi\u00f1a-por-conejos.jpg\" \/>\n\t<meta property=\"og:image:width\" content=\"901\" \/>\n\t<meta property=\"og:image:height\" content=\"1600\" \/>\n\t<meta property=\"og:image:type\" content=\"image\/jpeg\" \/>\n<meta name=\"author\" content=\"Mar\u00eda Natividad\" \/>\n<meta name=\"twitter:card\" content=\"summary_large_image\" \/>\n<meta name=\"twitter:label1\" content=\"Escrito por\" \/>\n\t<meta name=\"twitter:data1\" content=\"Mar\u00eda Natividad\" \/>\n\t<meta name=\"twitter:label2\" content=\"Tiempo de lectura\" \/>\n\t<meta name=\"twitter:data2\" content=\"1 minuto\" \/>\n<script type=\"application\/ld+json\" class=\"yoast-schema-graph\">{\"@context\":\"https:\/\/schema.org\",\"@graph\":[{\"@type\":\"WebPage\",\"@id\":\"https:\/\/www.asajacyl.com\/valladolid\/asaja-valladolid-informa\/ultimos-dias-suscribir-seguro-uva-vino\",\"url\":\"https:\/\/www.asajacyl.com\/valladolid\/asaja-valladolid-informa\/ultimos-dias-suscribir-seguro-uva-vino\",\"name\":\"\u00daltimos d\u00edas para suscribir el seguro de uva de vino - ASAJA Valladolid\",\"isPartOf\":{\"@id\":\"https:\/\/www.asajacyl.com\/valladolid\/#website\"},\"primaryImageOfPage\":{\"@id\":\"https:\/\/www.asajacyl.com\/valladolid\/asaja-valladolid-informa\/ultimos-dias-suscribir-seguro-uva-vino#primaryimage\"},\"image\":{\"@id\":\"https:\/\/www.asajacyl.com\/valladolid\/asaja-valladolid-informa\/ultimos-dias-suscribir-seguro-uva-vino#primaryimage\"},\"thumbnailUrl\":\"https:\/\/www.asajacyl.com\/valladolid\/wp-content\/uploads\/sites\/2\/2019\/08\/Da\u00f1os-en-vi\u00f1a-por-conejos.jpg\",\"datePublished\":\"2020-04-14T09:08:07+00:00\",\"author\":{\"@id\":\"https:\/\/www.asajacyl.com\/valladolid\/#\/schema\/person\/cf213adc3e576168b6850f7db054141e\"},\"description\":\"\u00daltimos d\u00edas para suscribir el seguro de uva de vino. El plazo finaliza el 30 de abril como fecha efectiva. ASAJA VALLADOLID, organizaci\u00f3n de referencia en la provincia en vi\u00f1edo es experta en la tramitaci\u00f3n de estas p\u00f3lizas.\",\"breadcrumb\":{\"@id\":\"https:\/\/www.asajacyl.com\/valladolid\/asaja-valladolid-informa\/ultimos-dias-suscribir-seguro-uva-vino#breadcrumb\"},\"inLanguage\":\"es\",\"potentialAction\":[{\"@type\":\"ReadAction\",\"target\":[\"https:\/\/www.asajacyl.com\/valladolid\/asaja-valladolid-informa\/ultimos-dias-suscribir-seguro-uva-vino\"]}]},{\"@type\":\"ImageObject\",\"inLanguage\":\"es\",\"@id\":\"https:\/\/www.asajacyl.com\/valladolid\/asaja-valladolid-informa\/ultimos-dias-suscribir-seguro-uva-vino#primaryimage\",\"url\":\"https:\/\/www.asajacyl.com\/valladolid\/wp-content\/uploads\/sites\/2\/2019\/08\/Da\u00f1os-en-vi\u00f1a-por-conejos.jpg\",\"contentUrl\":\"https:\/\/www.asajacyl.com\/valladolid\/wp-content\/uploads\/sites\/2\/2019\/08\/Da\u00f1os-en-vi\u00f1a-por-conejos.jpg\",\"width\":901,\"height\":1600,\"caption\":\"Da\u00f1os en vi\u00f1a por conejos\"},{\"@type\":\"BreadcrumbList\",\"@id\":\"https:\/\/www.asajacyl.com\/valladolid\/asaja-valladolid-informa\/ultimos-dias-suscribir-seguro-uva-vino#breadcrumb\",\"itemListElement\":[{\"@type\":\"ListItem\",\"position\":1,\"name\":\"Portada\",\"item\":\"https:\/\/www.asajacyl.com\/valladolid\/\"},{\"@type\":\"ListItem\",\"position\":2,\"name\":\"\u00daltimos d\u00edas para suscribir el seguro de uva de vino\"}]},{\"@type\":\"WebSite\",\"@id\":\"https:\/\/www.asajacyl.com\/valladolid\/#website\",\"url\":\"https:\/\/www.asajacyl.com\/valladolid\/\",\"name\":\"ASAJA Valladolid\",\"description\":\"Otro sitio m\u00e1s de Provincias ASAJA Castilla y Le\u00f3n\",\"potentialAction\":[{\"@type\":\"SearchAction\",\"target\":{\"@type\":\"EntryPoint\",\"urlTemplate\":\"https:\/\/www.asajacyl.com\/valladolid\/?s={search_term_string}\"},\"query-input\":{\"@type\":\"PropertyValueSpecification\",\"valueRequired\":true,\"valueName\":\"search_term_string\"}}],\"inLanguage\":\"es\"},{\"@type\":\"Person\",\"@id\":\"https:\/\/www.asajacyl.com\/valladolid\/#\/schema\/person\/cf213adc3e576168b6850f7db054141e\",\"name\":\"Mar\u00eda Natividad\",\"image\":{\"@type\":\"ImageObject\",\"inLanguage\":\"es\",\"@id\":\"https:\/\/www.asajacyl.com\/valladolid\/#\/schema\/person\/image\/\",\"url\":\"https:\/\/secure.gravatar.com\/avatar\/7f7b3c840c2af79feac78f5eeffefc45?s=96&d=mm&r=g\",\"contentUrl\":\"https:\/\/secure.gravatar.com\/avatar\/7f7b3c840c2af79feac78f5eeffefc45?s=96&d=mm&r=g\",\"caption\":\"Mar\u00eda Natividad\"},\"url\":\"https:\/\/www.asajacyl.com\/valladolid\/author\/natividadhh\"}]}<\/script>\n<!-- \/ Yoast SEO plugin. -->","yoast_head_json":{"title":"\u00daltimos d\u00edas para suscribir el seguro de uva de vino - ASAJA Valladolid","description":"\u00daltimos d\u00edas para suscribir el seguro de uva de vino. El plazo finaliza el 30 de abril como fecha efectiva. ASAJA VALLADOLID, organizaci\u00f3n de referencia en la provincia en vi\u00f1edo es experta en la tramitaci\u00f3n de estas p\u00f3lizas.","robots":{"index":"index","follow":"follow","max-snippet":"max-snippet:-1","max-image-preview":"max-image-preview:large","max-video-preview":"max-video-preview:-1"},"canonical":"https:\/\/www.asajacyl.com\/valladolid\/asaja-valladolid-informa\/ultimos-dias-suscribir-seguro-uva-vino","og_locale":"es_ES","og_type":"article","og_title":"\u00daltimos d\u00edas para suscribir el seguro de uva de vino - ASAJA Valladolid","og_description":"\u00daltimos d\u00edas para suscribir el seguro de uva de vino. El plazo finaliza el 30 de abril como fecha efectiva. ASAJA VALLADOLID, organizaci\u00f3n de referencia en la provincia en vi\u00f1edo es experta en la tramitaci\u00f3n de estas p\u00f3lizas.","og_url":"https:\/\/www.asajacyl.com\/valladolid\/asaja-valladolid-informa\/ultimos-dias-suscribir-seguro-uva-vino","og_site_name":"ASAJA Valladolid","article_published_time":"2020-04-14T09:08:07+00:00","og_image":[{"width":901,"height":1600,"url":"https:\/\/www.asajacyl.com\/valladolid\/wp-content\/uploads\/sites\/2\/2019\/08\/Da\u00f1os-en-vi\u00f1a-por-conejos.jpg","type":"image\/jpeg"}],"author":"Mar\u00eda Natividad","twitter_card":"summary_large_image","twitter_misc":{"Escrito por":"Mar\u00eda Natividad","Tiempo de lectura":"1 minuto"},"schema":{"@context":"https:\/\/schema.org","@graph":[{"@type":"WebPage","@id":"https:\/\/www.asajacyl.com\/valladolid\/asaja-valladolid-informa\/ultimos-dias-suscribir-seguro-uva-vino","url":"https:\/\/www.asajacyl.com\/valladolid\/asaja-valladolid-informa\/ultimos-dias-suscribir-seguro-uva-vino","name":"\u00daltimos d\u00edas para suscribir el seguro de uva de vino - ASAJA Valladolid","isPartOf":{"@id":"https:\/\/www.asajacyl.com\/valladolid\/#website"},"primaryImageOfPage":{"@id":"https:\/\/www.asajacyl.com\/valladolid\/asaja-valladolid-informa\/ultimos-dias-suscribir-seguro-uva-vino#primaryimage"},"image":{"@id":"https:\/\/www.asajacyl.com\/valladolid\/asaja-valladolid-informa\/ultimos-dias-suscribir-seguro-uva-vino#primaryimage"},"thumbnailUrl":"https:\/\/www.asajacyl.com\/valladolid\/wp-content\/uploads\/sites\/2\/2019\/08\/Da\u00f1os-en-vi\u00f1a-por-conejos.jpg","datePublished":"2020-04-14T09:08:07+00:00","author":{"@id":"https:\/\/www.asajacyl.com\/valladolid\/#\/schema\/person\/cf213adc3e576168b6850f7db054141e"},"description":"\u00daltimos d\u00edas para suscribir el seguro de uva de vino. El plazo finaliza el 30 de abril como fecha efectiva. ASAJA VALLADOLID, organizaci\u00f3n de referencia en la provincia en vi\u00f1edo es experta en la tramitaci\u00f3n de estas p\u00f3lizas.","breadcrumb":{"@id":"https:\/\/www.asajacyl.com\/valladolid\/asaja-valladolid-informa\/ultimos-dias-suscribir-seguro-uva-vino#breadcrumb"},"inLanguage":"es","potentialAction":[{"@type":"ReadAction","target":["https:\/\/www.asajacyl.com\/valladolid\/asaja-valladolid-informa\/ultimos-dias-suscribir-seguro-uva-vino"]}]},{"@type":"ImageObject","inLanguage":"es","@id":"https:\/\/www.asajacyl.com\/valladolid\/asaja-valladolid-informa\/ultimos-dias-suscribir-seguro-uva-vino#primaryimage","url":"https:\/\/www.asajacyl.com\/valladolid\/wp-content\/uploads\/sites\/2\/2019\/08\/Da\u00f1os-en-vi\u00f1a-por-conejos.jpg","contentUrl":"https:\/\/www.asajacyl.com\/valladolid\/wp-content\/uploads\/sites\/2\/2019\/08\/Da\u00f1os-en-vi\u00f1a-por-conejos.jpg","width":901,"height":1600,"caption":"Da\u00f1os en vi\u00f1a por conejos"},{"@type":"BreadcrumbList","@id":"https:\/\/www.asajacyl.com\/valladolid\/asaja-valladolid-informa\/ultimos-dias-suscribir-seguro-uva-vino#breadcrumb","itemListElement":[{"@type":"ListItem","position":1,"name":"Portada","item":"https:\/\/www.asajacyl.com\/valladolid\/"},{"@type":"ListItem","position":2,"name":"\u00daltimos d\u00edas para suscribir el seguro de uva de vino"}]},{"@type":"WebSite","@id":"https:\/\/www.asajacyl.com\/valladolid\/#website","url":"https:\/\/www.asajacyl.com\/valladolid\/","name":"ASAJA Valladolid","description":"Otro sitio m\u00e1s de Provincias ASAJA Castilla y Le\u00f3n","potentialAction":[{"@type":"SearchAction","target":{"@type":"EntryPoint","urlTemplate":"https:\/\/www.asajacyl.com\/valladolid\/?s={search_term_string}"},"query-input":{"@type":"PropertyValueSpecification","valueRequired":true,"valueName":"search_term_string"}}],"inLanguage":"es"},{"@type":"Person","@id":"https:\/\/www.asajacyl.com\/valladolid\/#\/schema\/person\/cf213adc3e576168b6850f7db054141e","name":"Mar\u00eda Natividad","image":{"@type":"ImageObject","inLanguage":"es","@id":"https:\/\/www.asajacyl.com\/valladolid\/#\/schema\/person\/image\/","url":"https:\/\/secure.gravatar.com\/avatar\/7f7b3c840c2af79feac78f5eeffefc45?s=96&d=mm&r=g","contentUrl":"https:\/\/secure.gravatar.com\/avatar\/7f7b3c840c2af79feac78f5eeffefc45?s=96&d=mm&r=g","caption":"Mar\u00eda Natividad"},"url":"https:\/\/www.asajacyl.com\/valladolid\/author\/natividadhh"}]}},"_links":{"self":[{"href":"https:\/\/www.asajacyl.com\/valladolid\/wp-json\/wp\/v2\/posts\/2244"}],"collection":[{"href":"https:\/\/www.asajacyl.com\/valladolid\/wp-json\/wp\/v2\/posts"}],"about":[{"href":"https:\/\/www.asajacyl.com\/valladolid\/wp-json\/wp\/v2\/types\/post"}],"author":[{"embeddable":true,"href":"https:\/\/www.asajacyl.com\/valladolid\/wp-json\/wp\/v2\/users\/13"}],"replies":[{"embeddable":true,"href":"https:\/\/www.asajacyl.com\/valladolid\/wp-json\/wp\/v2\/comments?post=2244"}],"version-history":[{"count":1,"href":"https:\/\/www.asajacyl.com\/valladolid\/wp-json\/wp\/v2\/posts\/2244\/revisions"}],"predecessor-version":[{"id":2245,"href":"https:\/\/www.asajacyl.com\/valladolid\/wp-json\/wp\/v2\/posts\/2244\/revisions\/2245"}],"wp:featuredmedia":[{"embeddable":true,"href":"https:\/\/www.asajacyl.com\/valladolid\/wp-json\/wp\/v2\/media\/1920"}],"wp:attachment":[{"href":"https:\/\/www.asajacyl.com\/valladolid\/wp-json\/wp\/v2\/media?parent=2244"}],"wp:term":[{"taxonomy":"category","embeddable":true,"href":"https:\/\/www.asajacyl.com\/valladolid\/wp-json\/wp\/v2\/categories?post=2244"},{"taxonomy":"post_tag","embeddable":true,"href":"https:\/\/www.asajacyl.com\/valladolid\/wp-json\/wp\/v2\/tags?post=2244"}],"curies":[{"name":"wp","href":"https:\/\/api.w.org\/{rel}","templated":true}]}}