{"id":2262,"date":"2020-04-21T08:12:17","date_gmt":"2020-04-21T08:12:17","guid":{"rendered":"https:\/\/www.asajacyl.com\/valladolid\/?p=2262"},"modified":"2020-04-21T08:12:17","modified_gmt":"2020-04-21T08:12:17","slug":"asaja-valladolid-lanza-una-campana-asegurar-los-equipos-riego","status":"publish","type":"post","link":"https:\/\/www.asajacyl.com\/valladolid\/asaja-valladolid-informa\/asaja-valladolid-lanza-una-campana-asegurar-los-equipos-riego","title":{"rendered":"ASAJA Valladolid lanza una campa\u00f1a para asegurar los equipos de riego"},"content":{"rendered":"<h2><span style=\"color: #008000\"><strong>La oferta especial que estar\u00e1 disponible por tiempo limitado contempla varios de los equipos m\u00e1s usuales<\/strong><\/span><\/h2>\n<p style=\"text-align: justify\">Una campa\u00f1a m\u00e1s los equipos de riego vuelven a estar en el punto de mira. Los ladrones quieren aprovechar el Estado de Alarma con las fuerzas de seguridad pendientes de m\u00e1s tareas para conseguir sus objetivos.<\/p>\n<p style=\"text-align: justify\">ASAJA Valladolid, adem\u00e1s de pedir m\u00e1s vigilancia y control, como medida preventiva, ha lanzado una campa\u00f1a especial para <strong>asegurar los equipos de riego<\/strong>. La oferta, que estar\u00e1 disponible por tiempo limitado, contempla la cobertura de varios de los equipos m\u00e1s usuales <strong>como p\u00edvots, grupos motobombas, generadores, transformadores o motores de riego.\u00a0\u00a0 <\/strong><\/p>\n<p style=\"text-align: justify\">Los riesgos sobre los que podemos asegurar son: <strong>incendio, actos vand\u00e1licos, robo, da\u00f1os el\u00e9ctricos y responsabilidad civil.<\/strong><\/p>\n<p style=\"text-align: justify\">Los socios que se acojan a esta campa\u00f1a promocional disfrutar\u00e1n de unos precios especiales que no tienen competencia en el mercado.<\/p>\n<p style=\"text-align: justify\">Para contrata o pedir m\u00e1s informaci\u00f3n y un asesoramiento t\u00e9cnico especializado, basado en a\u00f1os de experiencia y conocimiento del sector, pod\u00e9is dirigiros a los siguientes tel\u00e9fonos:<\/p>\n<p style=\"text-align: center\"><span style=\"font-size: 18pt;color: #008000\"><strong>983 203 371<\/strong><\/span><\/p>\n<p style=\"text-align: center\"><span style=\"font-size: 18pt;color: #008000\"><strong>667 665 420<\/strong><\/span><\/p>\n<figure id=\"attachment_2264\" aria-describedby=\"caption-attachment-2264\" style=\"width: 696px\" class=\"wp-caption alignnone\"><img loading=\"lazy\" decoding=\"async\" class=\"wp-image-2264 size-large\" src=\"https:\/\/www.asajacyl.com\/valladolid\/wp-content\/uploads\/sites\/2\/2020\/04\/asegura-EQUIPOS-DE-RIEGO-1024x768.jpg\" alt=\"asegura EQUIPOS DE RIEGO\" width=\"696\" height=\"522\" srcset=\"https:\/\/www.asajacyl.com\/valladolid\/wp-content\/uploads\/sites\/2\/2020\/04\/asegura-EQUIPOS-DE-RIEGO-1024x768.jpg 1024w, https:\/\/www.asajacyl.com\/valladolid\/wp-content\/uploads\/sites\/2\/2020\/04\/asegura-EQUIPOS-DE-RIEGO-300x225.jpg 300w, https:\/\/www.asajacyl.com\/valladolid\/wp-content\/uploads\/sites\/2\/2020\/04\/asegura-EQUIPOS-DE-RIEGO-768x576.jpg 768w, https:\/\/www.asajacyl.com\/valladolid\/wp-content\/uploads\/sites\/2\/2020\/04\/asegura-EQUIPOS-DE-RIEGO-80x60.jpg 80w, https:\/\/www.asajacyl.com\/valladolid\/wp-content\/uploads\/sites\/2\/2020\/04\/asegura-EQUIPOS-DE-RIEGO-696x522.jpg 696w, https:\/\/www.asajacyl.com\/valladolid\/wp-content\/uploads\/sites\/2\/2020\/04\/asegura-EQUIPOS-DE-RIEGO-1068x801.jpg 1068w, https:\/\/www.asajacyl.com\/valladolid\/wp-content\/uploads\/sites\/2\/2020\/04\/asegura-EQUIPOS-DE-RIEGO-560x420.jpg 560w, https:\/\/www.asajacyl.com\/valladolid\/wp-content\/uploads\/sites\/2\/2020\/04\/asegura-EQUIPOS-DE-RIEGO.jpg 1707w\" sizes=\"(max-width: 696px) 100vw, 696px\" \/><figcaption id=\"caption-attachment-2264\" class=\"wp-caption-text\">asegura EQUIPOS DE RIEGO<\/figcaption><\/figure>\n<p>&nbsp;<\/p>\n<p>&nbsp;<\/p>\n","protected":false},"excerpt":{"rendered":"<p>La oferta especial que estar\u00e1 disponible por tiempo limitado contempla varios de los equipos m\u00e1s usuales Una campa\u00f1a m\u00e1s los equipos de riego vuelven a estar en el punto de mira. Los ladrones quieren aprovechar el Estado de Alarma con las fuerzas de seguridad pendientes de m\u00e1s tareas para conseguir sus objetivos. ASAJA Valladolid, adem\u00e1s [&hellip;]<\/p>\n","protected":false},"author":13,"featured_media":171,"comment_status":"open","ping_status":"open","sticky":false,"template":"","format":"standard","meta":{"footnotes":""},"categories":[8,21,9,15],"tags":[70,58,172,63],"yoast_head":"<!-- This site is optimized with the Yoast SEO plugin v24.5 - https:\/\/yoast.com\/wordpress\/plugins\/seo\/ -->\n<title>ASAJA Valladolid lanza una campa\u00f1a para asegurar los equipos de riego - ASAJA Valladolid<\/title>\n<meta name=\"description\" content=\"ASAJA Valladolid lanza una campa\u00f1a para asegurar los equipos de riego. La oferta especial que estar\u00e1 disponible por tiempo limitado contempla varios de los equipos m\u00e1s usuales\" \/>\n<meta name=\"robots\" content=\"index, follow, max-snippet:-1, max-image-preview:large, max-video-preview:-1\" \/>\n<link rel=\"canonical\" href=\"https:\/\/www.asajacyl.com\/valladolid\/asaja-valladolid-informa\/asaja-valladolid-lanza-una-campana-asegurar-los-equipos-riego\" \/>\n<meta property=\"og:locale\" content=\"es_ES\" \/>\n<meta property=\"og:type\" content=\"article\" \/>\n<meta property=\"og:title\" content=\"ASAJA Valladolid lanza una campa\u00f1a para asegurar los equipos de riego - ASAJA Valladolid\" \/>\n<meta property=\"og:description\" content=\"ASAJA Valladolid lanza una campa\u00f1a para asegurar los equipos de riego. La oferta especial que estar\u00e1 disponible por tiempo limitado contempla varios de los equipos m\u00e1s usuales\" \/>\n<meta property=\"og:url\" content=\"https:\/\/www.asajacyl.com\/valladolid\/asaja-valladolid-informa\/asaja-valladolid-lanza-una-campana-asegurar-los-equipos-riego\" \/>\n<meta property=\"og:site_name\" content=\"ASAJA Valladolid\" \/>\n<meta property=\"article:published_time\" content=\"2020-04-21T08:12:17+00:00\" \/>\n<meta property=\"og:image\" content=\"https:\/\/www.asajacyl.com\/valladolid\/wp-content\/uploads\/sites\/2\/2017\/10\/pivot.jpg\" \/>\n\t<meta property=\"og:image:width\" content=\"800\" \/>\n\t<meta property=\"og:image:height\" content=\"600\" \/>\n\t<meta property=\"og:image:type\" content=\"image\/jpeg\" \/>\n<meta name=\"author\" content=\"Mar\u00eda Natividad\" \/>\n<meta name=\"twitter:card\" content=\"summary_large_image\" \/>\n<meta name=\"twitter:label1\" content=\"Escrito por\" \/>\n\t<meta name=\"twitter:data1\" content=\"Mar\u00eda Natividad\" \/>\n\t<meta name=\"twitter:label2\" content=\"Tiempo de lectura\" \/>\n\t<meta name=\"twitter:data2\" content=\"1 minuto\" \/>\n<script type=\"application\/ld+json\" class=\"yoast-schema-graph\">{\"@context\":\"https:\/\/schema.org\",\"@graph\":[{\"@type\":\"WebPage\",\"@id\":\"https:\/\/www.asajacyl.com\/valladolid\/asaja-valladolid-informa\/asaja-valladolid-lanza-una-campana-asegurar-los-equipos-riego\",\"url\":\"https:\/\/www.asajacyl.com\/valladolid\/asaja-valladolid-informa\/asaja-valladolid-lanza-una-campana-asegurar-los-equipos-riego\",\"name\":\"ASAJA Valladolid lanza una campa\u00f1a para asegurar los equipos de riego - ASAJA Valladolid\",\"isPartOf\":{\"@id\":\"https:\/\/www.asajacyl.com\/valladolid\/#website\"},\"primaryImageOfPage\":{\"@id\":\"https:\/\/www.asajacyl.com\/valladolid\/asaja-valladolid-informa\/asaja-valladolid-lanza-una-campana-asegurar-los-equipos-riego#primaryimage\"},\"image\":{\"@id\":\"https:\/\/www.asajacyl.com\/valladolid\/asaja-valladolid-informa\/asaja-valladolid-lanza-una-campana-asegurar-los-equipos-riego#primaryimage\"},\"thumbnailUrl\":\"https:\/\/www.asajacyl.com\/valladolid\/wp-content\/uploads\/sites\/2\/2017\/10\/pivot.jpg\",\"datePublished\":\"2020-04-21T08:12:17+00:00\",\"author\":{\"@id\":\"https:\/\/www.asajacyl.com\/valladolid\/#\/schema\/person\/cf213adc3e576168b6850f7db054141e\"},\"description\":\"ASAJA Valladolid lanza una campa\u00f1a para asegurar los equipos de riego. La oferta especial que estar\u00e1 disponible por tiempo limitado contempla varios de los equipos m\u00e1s usuales\",\"breadcrumb\":{\"@id\":\"https:\/\/www.asajacyl.com\/valladolid\/asaja-valladolid-informa\/asaja-valladolid-lanza-una-campana-asegurar-los-equipos-riego#breadcrumb\"},\"inLanguage\":\"es\",\"potentialAction\":[{\"@type\":\"ReadAction\",\"target\":[\"https:\/\/www.asajacyl.com\/valladolid\/asaja-valladolid-informa\/asaja-valladolid-lanza-una-campana-asegurar-los-equipos-riego\"]}]},{\"@type\":\"ImageObject\",\"inLanguage\":\"es\",\"@id\":\"https:\/\/www.asajacyl.com\/valladolid\/asaja-valladolid-informa\/asaja-valladolid-lanza-una-campana-asegurar-los-equipos-riego#primaryimage\",\"url\":\"https:\/\/www.asajacyl.com\/valladolid\/wp-content\/uploads\/sites\/2\/2017\/10\/pivot.jpg\",\"contentUrl\":\"https:\/\/www.asajacyl.com\/valladolid\/wp-content\/uploads\/sites\/2\/2017\/10\/pivot.jpg\",\"width\":800,\"height\":600,\"caption\":\"ASAJA VALLADOLID reclama una mayor inversi&#243;n en infraestructuras que almacenen el agua para las &#233;pocas de sequ&#237;a\"},{\"@type\":\"BreadcrumbList\",\"@id\":\"https:\/\/www.asajacyl.com\/valladolid\/asaja-valladolid-informa\/asaja-valladolid-lanza-una-campana-asegurar-los-equipos-riego#breadcrumb\",\"itemListElement\":[{\"@type\":\"ListItem\",\"position\":1,\"name\":\"Portada\",\"item\":\"https:\/\/www.asajacyl.com\/valladolid\/\"},{\"@type\":\"ListItem\",\"position\":2,\"name\":\"ASAJA Valladolid lanza una campa\u00f1a para asegurar los equipos de riego\"}]},{\"@type\":\"WebSite\",\"@id\":\"https:\/\/www.asajacyl.com\/valladolid\/#website\",\"url\":\"https:\/\/www.asajacyl.com\/valladolid\/\",\"name\":\"ASAJA Valladolid\",\"description\":\"Otro sitio m\u00e1s de Provincias ASAJA Castilla y Le\u00f3n\",\"potentialAction\":[{\"@type\":\"SearchAction\",\"target\":{\"@type\":\"EntryPoint\",\"urlTemplate\":\"https:\/\/www.asajacyl.com\/valladolid\/?s={search_term_string}\"},\"query-input\":{\"@type\":\"PropertyValueSpecification\",\"valueRequired\":true,\"valueName\":\"search_term_string\"}}],\"inLanguage\":\"es\"},{\"@type\":\"Person\",\"@id\":\"https:\/\/www.asajacyl.com\/valladolid\/#\/schema\/person\/cf213adc3e576168b6850f7db054141e\",\"name\":\"Mar\u00eda Natividad\",\"image\":{\"@type\":\"ImageObject\",\"inLanguage\":\"es\",\"@id\":\"https:\/\/www.asajacyl.com\/valladolid\/#\/schema\/person\/image\/\",\"url\":\"https:\/\/secure.gravatar.com\/avatar\/7f7b3c840c2af79feac78f5eeffefc45?s=96&d=mm&r=g\",\"contentUrl\":\"https:\/\/secure.gravatar.com\/avatar\/7f7b3c840c2af79feac78f5eeffefc45?s=96&d=mm&r=g\",\"caption\":\"Mar\u00eda Natividad\"},\"url\":\"https:\/\/www.asajacyl.com\/valladolid\/author\/natividadhh\"}]}<\/script>\n<!-- \/ Yoast SEO plugin. -->","yoast_head_json":{"title":"ASAJA Valladolid lanza una campa\u00f1a para asegurar los equipos de riego - ASAJA Valladolid","description":"ASAJA Valladolid lanza una campa\u00f1a para asegurar los equipos de riego. La oferta especial que estar\u00e1 disponible por tiempo limitado contempla varios de los equipos m\u00e1s usuales","robots":{"index":"index","follow":"follow","max-snippet":"max-snippet:-1","max-image-preview":"max-image-preview:large","max-video-preview":"max-video-preview:-1"},"canonical":"https:\/\/www.asajacyl.com\/valladolid\/asaja-valladolid-informa\/asaja-valladolid-lanza-una-campana-asegurar-los-equipos-riego","og_locale":"es_ES","og_type":"article","og_title":"ASAJA Valladolid lanza una campa\u00f1a para asegurar los equipos de riego - ASAJA Valladolid","og_description":"ASAJA Valladolid lanza una campa\u00f1a para asegurar los equipos de riego. La oferta especial que estar\u00e1 disponible por tiempo limitado contempla varios de los equipos m\u00e1s usuales","og_url":"https:\/\/www.asajacyl.com\/valladolid\/asaja-valladolid-informa\/asaja-valladolid-lanza-una-campana-asegurar-los-equipos-riego","og_site_name":"ASAJA Valladolid","article_published_time":"2020-04-21T08:12:17+00:00","og_image":[{"width":800,"height":600,"url":"https:\/\/www.asajacyl.com\/valladolid\/wp-content\/uploads\/sites\/2\/2017\/10\/pivot.jpg","type":"image\/jpeg"}],"author":"Mar\u00eda Natividad","twitter_card":"summary_large_image","twitter_misc":{"Escrito por":"Mar\u00eda Natividad","Tiempo de lectura":"1 minuto"},"schema":{"@context":"https:\/\/schema.org","@graph":[{"@type":"WebPage","@id":"https:\/\/www.asajacyl.com\/valladolid\/asaja-valladolid-informa\/asaja-valladolid-lanza-una-campana-asegurar-los-equipos-riego","url":"https:\/\/www.asajacyl.com\/valladolid\/asaja-valladolid-informa\/asaja-valladolid-lanza-una-campana-asegurar-los-equipos-riego","name":"ASAJA Valladolid lanza una campa\u00f1a para asegurar los equipos de riego - ASAJA Valladolid","isPartOf":{"@id":"https:\/\/www.asajacyl.com\/valladolid\/#website"},"primaryImageOfPage":{"@id":"https:\/\/www.asajacyl.com\/valladolid\/asaja-valladolid-informa\/asaja-valladolid-lanza-una-campana-asegurar-los-equipos-riego#primaryimage"},"image":{"@id":"https:\/\/www.asajacyl.com\/valladolid\/asaja-valladolid-informa\/asaja-valladolid-lanza-una-campana-asegurar-los-equipos-riego#primaryimage"},"thumbnailUrl":"https:\/\/www.asajacyl.com\/valladolid\/wp-content\/uploads\/sites\/2\/2017\/10\/pivot.jpg","datePublished":"2020-04-21T08:12:17+00:00","author":{"@id":"https:\/\/www.asajacyl.com\/valladolid\/#\/schema\/person\/cf213adc3e576168b6850f7db054141e"},"description":"ASAJA Valladolid lanza una campa\u00f1a para asegurar los equipos de riego. La oferta especial que estar\u00e1 disponible por tiempo limitado contempla varios de los equipos m\u00e1s usuales","breadcrumb":{"@id":"https:\/\/www.asajacyl.com\/valladolid\/asaja-valladolid-informa\/asaja-valladolid-lanza-una-campana-asegurar-los-equipos-riego#breadcrumb"},"inLanguage":"es","potentialAction":[{"@type":"ReadAction","target":["https:\/\/www.asajacyl.com\/valladolid\/asaja-valladolid-informa\/asaja-valladolid-lanza-una-campana-asegurar-los-equipos-riego"]}]},{"@type":"ImageObject","inLanguage":"es","@id":"https:\/\/www.asajacyl.com\/valladolid\/asaja-valladolid-informa\/asaja-valladolid-lanza-una-campana-asegurar-los-equipos-riego#primaryimage","url":"https:\/\/www.asajacyl.com\/valladolid\/wp-content\/uploads\/sites\/2\/2017\/10\/pivot.jpg","contentUrl":"https:\/\/www.asajacyl.com\/valladolid\/wp-content\/uploads\/sites\/2\/2017\/10\/pivot.jpg","width":800,"height":600,"caption":"ASAJA VALLADOLID reclama una mayor inversi&#243;n en infraestructuras que almacenen el agua para las &#233;pocas de sequ&#237;a"},{"@type":"BreadcrumbList","@id":"https:\/\/www.asajacyl.com\/valladolid\/asaja-valladolid-informa\/asaja-valladolid-lanza-una-campana-asegurar-los-equipos-riego#breadcrumb","itemListElement":[{"@type":"ListItem","position":1,"name":"Portada","item":"https:\/\/www.asajacyl.com\/valladolid\/"},{"@type":"ListItem","position":2,"name":"ASAJA Valladolid lanza una campa\u00f1a para asegurar los equipos de riego"}]},{"@type":"WebSite","@id":"https:\/\/www.asajacyl.com\/valladolid\/#website","url":"https:\/\/www.asajacyl.com\/valladolid\/","name":"ASAJA Valladolid","description":"Otro sitio m\u00e1s de Provincias ASAJA Castilla y Le\u00f3n","potentialAction":[{"@type":"SearchAction","target":{"@type":"EntryPoint","urlTemplate":"https:\/\/www.asajacyl.com\/valladolid\/?s={search_term_string}"},"query-input":{"@type":"PropertyValueSpecification","valueRequired":true,"valueName":"search_term_string"}}],"inLanguage":"es"},{"@type":"Person","@id":"https:\/\/www.asajacyl.com\/valladolid\/#\/schema\/person\/cf213adc3e576168b6850f7db054141e","name":"Mar\u00eda Natividad","image":{"@type":"ImageObject","inLanguage":"es","@id":"https:\/\/www.asajacyl.com\/valladolid\/#\/schema\/person\/image\/","url":"https:\/\/secure.gravatar.com\/avatar\/7f7b3c840c2af79feac78f5eeffefc45?s=96&d=mm&r=g","contentUrl":"https:\/\/secure.gravatar.com\/avatar\/7f7b3c840c2af79feac78f5eeffefc45?s=96&d=mm&r=g","caption":"Mar\u00eda Natividad"},"url":"https:\/\/www.asajacyl.com\/valladolid\/author\/natividadhh"}]}},"_links":{"self":[{"href":"https:\/\/www.asajacyl.com\/valladolid\/wp-json\/wp\/v2\/posts\/2262"}],"collection":[{"href":"https:\/\/www.asajacyl.com\/valladolid\/wp-json\/wp\/v2\/posts"}],"about":[{"href":"https:\/\/www.asajacyl.com\/valladolid\/wp-json\/wp\/v2\/types\/post"}],"author":[{"embeddable":true,"href":"https:\/\/www.asajacyl.com\/valladolid\/wp-json\/wp\/v2\/users\/13"}],"replies":[{"embeddable":true,"href":"https:\/\/www.asajacyl.com\/valladolid\/wp-json\/wp\/v2\/comments?post=2262"}],"version-history":[{"count":2,"href":"https:\/\/www.asajacyl.com\/valladolid\/wp-json\/wp\/v2\/posts\/2262\/revisions"}],"predecessor-version":[{"id":2265,"href":"https:\/\/www.asajacyl.com\/valladolid\/wp-json\/wp\/v2\/posts\/2262\/revisions\/2265"}],"wp:featuredmedia":[{"embeddable":true,"href":"https:\/\/www.asajacyl.com\/valladolid\/wp-json\/wp\/v2\/media\/171"}],"wp:attachment":[{"href":"https:\/\/www.asajacyl.com\/valladolid\/wp-json\/wp\/v2\/media?parent=2262"}],"wp:term":[{"taxonomy":"category","embeddable":true,"href":"https:\/\/www.asajacyl.com\/valladolid\/wp-json\/wp\/v2\/categories?post=2262"},{"taxonomy":"post_tag","embeddable":true,"href":"https:\/\/www.asajacyl.com\/valladolid\/wp-json\/wp\/v2\/tags?post=2262"}],"curies":[{"name":"wp","href":"https:\/\/api.w.org\/{rel}","templated":true}]}}