{"id":2309,"date":"2020-06-09T07:45:27","date_gmt":"2020-06-09T07:45:27","guid":{"rendered":"https:\/\/www.asajacyl.com\/valladolid\/?p=2309"},"modified":"2020-06-09T07:45:27","modified_gmt":"2020-06-09T07:45:27","slug":"15-junio-finaliza-plazo-asegurar-la-cosecha-cereales-invierno","status":"publish","type":"post","link":"https:\/\/www.asajacyl.com\/valladolid\/asaja-valladolid-informa\/15-junio-finaliza-plazo-asegurar-la-cosecha-cereales-invierno","title":{"rendered":"El 15 de junio finaliza el plazo para asegurar la cosecha de cereales de invierno"},"content":{"rendered":"<h2><span style=\"color: #008000\"><strong>Consulta con tu oficina de ASAJA m\u00e1s cercana encontrar\u00e1s el mejor precio y el asesoramiento m\u00e1s profesional<\/strong><\/span><\/h2>\n<p style=\"text-align: justify\">Los agricultores con explotaciones de cereales de invierno tienen hasta el 15 de junio para proteger su cosecha frente al riesgo de pedrisco a trav\u00e9s del m\u00f3dulo P del seguro de cultivos herb\u00e1ceos extensivos, excepto los productores de Andaluc\u00eda y Canarias, cuyo per\u00edodo ya finaliz\u00f3. Adem\u00e1s, hasta la misma fecha, pueden asegurarse las leguminosas y oleaginosas frente al pedrisco y los cereales de invierno, leguminosas y oleaginosas en regad\u00edo con los m\u00f3dulos 1 y 2.<\/p>\n<p style=\"text-align: justify\">En la campa\u00f1a anterior, se suscribieron, a nivel nacional, casi 116.000 p\u00f3lizas del seguro de cultivos herb\u00e1ceos extensivos, que dieron cobertura a una producci\u00f3n superior a los 16 millones de toneladas. Castilla y Le\u00f3n, Arag\u00f3n, Castilla-La Mancha y Andaluc\u00eda fueron las comunidades aut\u00f3nomas con mayor volumen de contrataci\u00f3n. Entre las cuatro concentraron casi el 77% del total de la producci\u00f3n asegurada.<\/p>\n<blockquote><p>Esa misma fecha termina el plazo para presentar la PAC, en ASAJA VALLADOLID encontrar\u00e1s el mejor equipo t\u00e9cnico de la provincia<\/p><\/blockquote>\n<p style=\"text-align: justify\">En cuanto a la siniestralidad, la suma de los dos \u00faltimos ejercicios supera los 220 millones de euros. Si bien en 2019, con un volumen de siniestralidad de m\u00e1s de 126 millones de euros, la sequ\u00eda fue el riesgo que m\u00e1s afect\u00f3 a los herb\u00e1ceos extensivos, no hay que olvidar que, en 2018, con m\u00e1s de 95,5 millones de euros, el pedrisco fue el principal protagonista. La superficie afectada por este riesgo supuso algo m\u00e1s de la mitad del total de la siniestrada de los cultivos herb\u00e1ceos. Recordamos que aquel a\u00f1o registr\u00f3 una gran actividad tormentosa, as\u00ed, durante el mes de agosto todos los d\u00edas se produjo alg\u00fan episodio de pedrisco con mayor o menor intensidad e incidencia.<\/p>\n<p style=\"text-align: justify\">Ahora, 2020 parece estar asemej\u00e1ndose m\u00e1s a 2018, con intensas tormentas de pedrisco que se vienen repitiendo desde el pasado mes de marzo, con el inicio de la primavera. Hasta el momento ya se han recibido partes de siniestro correspondientes a m\u00e1s de 76.000 hect\u00e1reas de cultivos herb\u00e1ceos afectados por este riesgo, lo que supone casi la mitad del total de la superficie reclamada de estos cultivos por todos los eventos clim\u00e1ticos adversos ocurridos en 2020.<\/p>\n<p style=\"text-align: justify\">En una semana en la que la inestabilidad clim\u00e1tica nos va a seguir acompa\u00f1ando, recordamos que el 15 de junio tambi\u00e9n finaliza el plazo para contratar los m\u00f3dulos complementarios de los seguros suscritos en oto\u00f1o de 2019 para el mismo \u00e1mbito. Adem\u00e1s, el seguro permite domiciliar tanto el pago de las primas de los seguros como el cobro de los siniestros.<\/p>\n<h2 style=\"text-align: center\"><span style=\"color: #008000\"><strong>No lo dudes, tu seguro y la PAC este a\u00f1o en ASAJA VALLADOLID. Reserva tu cita en el 983 203 371.<\/strong><\/span><\/h2>\n","protected":false},"excerpt":{"rendered":"<p>Consulta con tu oficina de ASAJA m\u00e1s cercana encontrar\u00e1s el mejor precio y el asesoramiento m\u00e1s profesional Los agricultores con explotaciones de cereales de invierno tienen hasta el 15 de junio para proteger su cosecha frente al riesgo de pedrisco a trav\u00e9s del m\u00f3dulo P del seguro de cultivos herb\u00e1ceos extensivos, excepto los productores de [&hellip;]<\/p>\n","protected":false},"author":13,"featured_media":1144,"comment_status":"open","ping_status":"open","sticky":false,"template":"","format":"standard","meta":{"footnotes":""},"categories":[8,21,9,14,15],"tags":[70,58,270,486,284,76,485,484,461,487,67,63],"yoast_head":"<!-- This site is optimized with the Yoast SEO plugin v24.5 - https:\/\/yoast.com\/wordpress\/plugins\/seo\/ -->\n<title>El 15 de junio finaliza el plazo para asegurar la cosecha de cereales de invierno - ASAJA Valladolid<\/title>\n<meta name=\"description\" content=\"El 15 de junio, finaliza el plazo para asegurar la cosecha de cereales de invierno frente al riesgo de pedrisco, uno de los m\u00e1s extendidos\" \/>\n<meta name=\"robots\" content=\"index, follow, max-snippet:-1, max-image-preview:large, max-video-preview:-1\" \/>\n<link rel=\"canonical\" href=\"https:\/\/www.asajacyl.com\/valladolid\/asaja-valladolid-informa\/15-junio-finaliza-plazo-asegurar-la-cosecha-cereales-invierno\" \/>\n<meta property=\"og:locale\" content=\"es_ES\" \/>\n<meta property=\"og:type\" content=\"article\" \/>\n<meta property=\"og:title\" content=\"El 15 de junio finaliza el plazo para asegurar la cosecha de cereales de invierno - ASAJA Valladolid\" \/>\n<meta property=\"og:description\" content=\"El 15 de junio, finaliza el plazo para asegurar la cosecha de cereales de invierno frente al riesgo de pedrisco, uno de los m\u00e1s extendidos\" \/>\n<meta property=\"og:url\" content=\"https:\/\/www.asajacyl.com\/valladolid\/asaja-valladolid-informa\/15-junio-finaliza-plazo-asegurar-la-cosecha-cereales-invierno\" \/>\n<meta property=\"og:site_name\" content=\"ASAJA Valladolid\" \/>\n<meta property=\"article:published_time\" content=\"2020-06-09T07:45:27+00:00\" \/>\n<meta property=\"og:image\" content=\"https:\/\/www.asajacyl.com\/valladolid\/wp-content\/uploads\/sites\/2\/2017\/10\/lonjas.jpg\" \/>\n\t<meta property=\"og:image:width\" content=\"420\" \/>\n\t<meta property=\"og:image:height\" content=\"239\" \/>\n\t<meta property=\"og:image:type\" content=\"image\/jpeg\" \/>\n<meta name=\"author\" content=\"Mar\u00eda Natividad\" \/>\n<meta name=\"twitter:card\" content=\"summary_large_image\" \/>\n<meta name=\"twitter:label1\" content=\"Escrito por\" \/>\n\t<meta name=\"twitter:data1\" content=\"Mar\u00eda Natividad\" \/>\n\t<meta name=\"twitter:label2\" content=\"Tiempo de lectura\" \/>\n\t<meta name=\"twitter:data2\" content=\"2 minutos\" \/>\n<script type=\"application\/ld+json\" class=\"yoast-schema-graph\">{\"@context\":\"https:\/\/schema.org\",\"@graph\":[{\"@type\":\"WebPage\",\"@id\":\"https:\/\/www.asajacyl.com\/valladolid\/asaja-valladolid-informa\/15-junio-finaliza-plazo-asegurar-la-cosecha-cereales-invierno\",\"url\":\"https:\/\/www.asajacyl.com\/valladolid\/asaja-valladolid-informa\/15-junio-finaliza-plazo-asegurar-la-cosecha-cereales-invierno\",\"name\":\"El 15 de junio finaliza el plazo para asegurar la cosecha de cereales de invierno - ASAJA Valladolid\",\"isPartOf\":{\"@id\":\"https:\/\/www.asajacyl.com\/valladolid\/#website\"},\"primaryImageOfPage\":{\"@id\":\"https:\/\/www.asajacyl.com\/valladolid\/asaja-valladolid-informa\/15-junio-finaliza-plazo-asegurar-la-cosecha-cereales-invierno#primaryimage\"},\"image\":{\"@id\":\"https:\/\/www.asajacyl.com\/valladolid\/asaja-valladolid-informa\/15-junio-finaliza-plazo-asegurar-la-cosecha-cereales-invierno#primaryimage\"},\"thumbnailUrl\":\"https:\/\/www.asajacyl.com\/valladolid\/wp-content\/uploads\/sites\/2\/2017\/10\/lonjas.jpg\",\"datePublished\":\"2020-06-09T07:45:27+00:00\",\"author\":{\"@id\":\"https:\/\/www.asajacyl.com\/valladolid\/#\/schema\/person\/cf213adc3e576168b6850f7db054141e\"},\"description\":\"El 15 de junio, finaliza el plazo para asegurar la cosecha de cereales de invierno frente al riesgo de pedrisco, uno de los m\u00e1s extendidos\",\"breadcrumb\":{\"@id\":\"https:\/\/www.asajacyl.com\/valladolid\/asaja-valladolid-informa\/15-junio-finaliza-plazo-asegurar-la-cosecha-cereales-invierno#breadcrumb\"},\"inLanguage\":\"es\",\"potentialAction\":[{\"@type\":\"ReadAction\",\"target\":[\"https:\/\/www.asajacyl.com\/valladolid\/asaja-valladolid-informa\/15-junio-finaliza-plazo-asegurar-la-cosecha-cereales-invierno\"]}]},{\"@type\":\"ImageObject\",\"inLanguage\":\"es\",\"@id\":\"https:\/\/www.asajacyl.com\/valladolid\/asaja-valladolid-informa\/15-junio-finaliza-plazo-asegurar-la-cosecha-cereales-invierno#primaryimage\",\"url\":\"https:\/\/www.asajacyl.com\/valladolid\/wp-content\/uploads\/sites\/2\/2017\/10\/lonjas.jpg\",\"contentUrl\":\"https:\/\/www.asajacyl.com\/valladolid\/wp-content\/uploads\/sites\/2\/2017\/10\/lonjas.jpg\",\"width\":420,\"height\":239,\"caption\":\"Lonjas\"},{\"@type\":\"BreadcrumbList\",\"@id\":\"https:\/\/www.asajacyl.com\/valladolid\/asaja-valladolid-informa\/15-junio-finaliza-plazo-asegurar-la-cosecha-cereales-invierno#breadcrumb\",\"itemListElement\":[{\"@type\":\"ListItem\",\"position\":1,\"name\":\"Portada\",\"item\":\"https:\/\/www.asajacyl.com\/valladolid\/\"},{\"@type\":\"ListItem\",\"position\":2,\"name\":\"El 15 de junio finaliza el plazo para asegurar la cosecha de cereales de invierno\"}]},{\"@type\":\"WebSite\",\"@id\":\"https:\/\/www.asajacyl.com\/valladolid\/#website\",\"url\":\"https:\/\/www.asajacyl.com\/valladolid\/\",\"name\":\"ASAJA Valladolid\",\"description\":\"Otro sitio m\u00e1s de Provincias ASAJA Castilla y Le\u00f3n\",\"potentialAction\":[{\"@type\":\"SearchAction\",\"target\":{\"@type\":\"EntryPoint\",\"urlTemplate\":\"https:\/\/www.asajacyl.com\/valladolid\/?s={search_term_string}\"},\"query-input\":{\"@type\":\"PropertyValueSpecification\",\"valueRequired\":true,\"valueName\":\"search_term_string\"}}],\"inLanguage\":\"es\"},{\"@type\":\"Person\",\"@id\":\"https:\/\/www.asajacyl.com\/valladolid\/#\/schema\/person\/cf213adc3e576168b6850f7db054141e\",\"name\":\"Mar\u00eda Natividad\",\"image\":{\"@type\":\"ImageObject\",\"inLanguage\":\"es\",\"@id\":\"https:\/\/www.asajacyl.com\/valladolid\/#\/schema\/person\/image\/\",\"url\":\"https:\/\/secure.gravatar.com\/avatar\/7f7b3c840c2af79feac78f5eeffefc45?s=96&d=mm&r=g\",\"contentUrl\":\"https:\/\/secure.gravatar.com\/avatar\/7f7b3c840c2af79feac78f5eeffefc45?s=96&d=mm&r=g\",\"caption\":\"Mar\u00eda Natividad\"},\"url\":\"https:\/\/www.asajacyl.com\/valladolid\/author\/natividadhh\"}]}<\/script>\n<!-- \/ Yoast SEO plugin. -->","yoast_head_json":{"title":"El 15 de junio finaliza el plazo para asegurar la cosecha de cereales de invierno - ASAJA Valladolid","description":"El 15 de junio, finaliza el plazo para asegurar la cosecha de cereales de invierno frente al riesgo de pedrisco, uno de los m\u00e1s extendidos","robots":{"index":"index","follow":"follow","max-snippet":"max-snippet:-1","max-image-preview":"max-image-preview:large","max-video-preview":"max-video-preview:-1"},"canonical":"https:\/\/www.asajacyl.com\/valladolid\/asaja-valladolid-informa\/15-junio-finaliza-plazo-asegurar-la-cosecha-cereales-invierno","og_locale":"es_ES","og_type":"article","og_title":"El 15 de junio finaliza el plazo para asegurar la cosecha de cereales de invierno - ASAJA Valladolid","og_description":"El 15 de junio, finaliza el plazo para asegurar la cosecha de cereales de invierno frente al riesgo de pedrisco, uno de los m\u00e1s extendidos","og_url":"https:\/\/www.asajacyl.com\/valladolid\/asaja-valladolid-informa\/15-junio-finaliza-plazo-asegurar-la-cosecha-cereales-invierno","og_site_name":"ASAJA Valladolid","article_published_time":"2020-06-09T07:45:27+00:00","og_image":[{"width":420,"height":239,"url":"https:\/\/www.asajacyl.com\/valladolid\/wp-content\/uploads\/sites\/2\/2017\/10\/lonjas.jpg","type":"image\/jpeg"}],"author":"Mar\u00eda Natividad","twitter_card":"summary_large_image","twitter_misc":{"Escrito por":"Mar\u00eda Natividad","Tiempo de lectura":"2 minutos"},"schema":{"@context":"https:\/\/schema.org","@graph":[{"@type":"WebPage","@id":"https:\/\/www.asajacyl.com\/valladolid\/asaja-valladolid-informa\/15-junio-finaliza-plazo-asegurar-la-cosecha-cereales-invierno","url":"https:\/\/www.asajacyl.com\/valladolid\/asaja-valladolid-informa\/15-junio-finaliza-plazo-asegurar-la-cosecha-cereales-invierno","name":"El 15 de junio finaliza el plazo para asegurar la cosecha de cereales de invierno - ASAJA Valladolid","isPartOf":{"@id":"https:\/\/www.asajacyl.com\/valladolid\/#website"},"primaryImageOfPage":{"@id":"https:\/\/www.asajacyl.com\/valladolid\/asaja-valladolid-informa\/15-junio-finaliza-plazo-asegurar-la-cosecha-cereales-invierno#primaryimage"},"image":{"@id":"https:\/\/www.asajacyl.com\/valladolid\/asaja-valladolid-informa\/15-junio-finaliza-plazo-asegurar-la-cosecha-cereales-invierno#primaryimage"},"thumbnailUrl":"https:\/\/www.asajacyl.com\/valladolid\/wp-content\/uploads\/sites\/2\/2017\/10\/lonjas.jpg","datePublished":"2020-06-09T07:45:27+00:00","author":{"@id":"https:\/\/www.asajacyl.com\/valladolid\/#\/schema\/person\/cf213adc3e576168b6850f7db054141e"},"description":"El 15 de junio, finaliza el plazo para asegurar la cosecha de cereales de invierno frente al riesgo de pedrisco, uno de los m\u00e1s extendidos","breadcrumb":{"@id":"https:\/\/www.asajacyl.com\/valladolid\/asaja-valladolid-informa\/15-junio-finaliza-plazo-asegurar-la-cosecha-cereales-invierno#breadcrumb"},"inLanguage":"es","potentialAction":[{"@type":"ReadAction","target":["https:\/\/www.asajacyl.com\/valladolid\/asaja-valladolid-informa\/15-junio-finaliza-plazo-asegurar-la-cosecha-cereales-invierno"]}]},{"@type":"ImageObject","inLanguage":"es","@id":"https:\/\/www.asajacyl.com\/valladolid\/asaja-valladolid-informa\/15-junio-finaliza-plazo-asegurar-la-cosecha-cereales-invierno#primaryimage","url":"https:\/\/www.asajacyl.com\/valladolid\/wp-content\/uploads\/sites\/2\/2017\/10\/lonjas.jpg","contentUrl":"https:\/\/www.asajacyl.com\/valladolid\/wp-content\/uploads\/sites\/2\/2017\/10\/lonjas.jpg","width":420,"height":239,"caption":"Lonjas"},{"@type":"BreadcrumbList","@id":"https:\/\/www.asajacyl.com\/valladolid\/asaja-valladolid-informa\/15-junio-finaliza-plazo-asegurar-la-cosecha-cereales-invierno#breadcrumb","itemListElement":[{"@type":"ListItem","position":1,"name":"Portada","item":"https:\/\/www.asajacyl.com\/valladolid\/"},{"@type":"ListItem","position":2,"name":"El 15 de junio finaliza el plazo para asegurar la cosecha de cereales de invierno"}]},{"@type":"WebSite","@id":"https:\/\/www.asajacyl.com\/valladolid\/#website","url":"https:\/\/www.asajacyl.com\/valladolid\/","name":"ASAJA Valladolid","description":"Otro sitio m\u00e1s de Provincias ASAJA Castilla y Le\u00f3n","potentialAction":[{"@type":"SearchAction","target":{"@type":"EntryPoint","urlTemplate":"https:\/\/www.asajacyl.com\/valladolid\/?s={search_term_string}"},"query-input":{"@type":"PropertyValueSpecification","valueRequired":true,"valueName":"search_term_string"}}],"inLanguage":"es"},{"@type":"Person","@id":"https:\/\/www.asajacyl.com\/valladolid\/#\/schema\/person\/cf213adc3e576168b6850f7db054141e","name":"Mar\u00eda Natividad","image":{"@type":"ImageObject","inLanguage":"es","@id":"https:\/\/www.asajacyl.com\/valladolid\/#\/schema\/person\/image\/","url":"https:\/\/secure.gravatar.com\/avatar\/7f7b3c840c2af79feac78f5eeffefc45?s=96&d=mm&r=g","contentUrl":"https:\/\/secure.gravatar.com\/avatar\/7f7b3c840c2af79feac78f5eeffefc45?s=96&d=mm&r=g","caption":"Mar\u00eda Natividad"},"url":"https:\/\/www.asajacyl.com\/valladolid\/author\/natividadhh"}]}},"_links":{"self":[{"href":"https:\/\/www.asajacyl.com\/valladolid\/wp-json\/wp\/v2\/posts\/2309"}],"collection":[{"href":"https:\/\/www.asajacyl.com\/valladolid\/wp-json\/wp\/v2\/posts"}],"about":[{"href":"https:\/\/www.asajacyl.com\/valladolid\/wp-json\/wp\/v2\/types\/post"}],"author":[{"embeddable":true,"href":"https:\/\/www.asajacyl.com\/valladolid\/wp-json\/wp\/v2\/users\/13"}],"replies":[{"embeddable":true,"href":"https:\/\/www.asajacyl.com\/valladolid\/wp-json\/wp\/v2\/comments?post=2309"}],"version-history":[{"count":1,"href":"https:\/\/www.asajacyl.com\/valladolid\/wp-json\/wp\/v2\/posts\/2309\/revisions"}],"predecessor-version":[{"id":2310,"href":"https:\/\/www.asajacyl.com\/valladolid\/wp-json\/wp\/v2\/posts\/2309\/revisions\/2310"}],"wp:featuredmedia":[{"embeddable":true,"href":"https:\/\/www.asajacyl.com\/valladolid\/wp-json\/wp\/v2\/media\/1144"}],"wp:attachment":[{"href":"https:\/\/www.asajacyl.com\/valladolid\/wp-json\/wp\/v2\/media?parent=2309"}],"wp:term":[{"taxonomy":"category","embeddable":true,"href":"https:\/\/www.asajacyl.com\/valladolid\/wp-json\/wp\/v2\/categories?post=2309"},{"taxonomy":"post_tag","embeddable":true,"href":"https:\/\/www.asajacyl.com\/valladolid\/wp-json\/wp\/v2\/tags?post=2309"}],"curies":[{"name":"wp","href":"https:\/\/api.w.org\/{rel}","templated":true}]}}