{"id":2315,"date":"2020-06-15T11:55:21","date_gmt":"2020-06-15T09:55:21","guid":{"rendered":"https:\/\/www.asajacyl.com\/valladolid\/?p=2315"},"modified":"2021-12-01T18:10:14","modified_gmt":"2021-12-01T17:10:14","slug":"jornada-informativa-las-ayudas-la-vendimia-verde","status":"publish","type":"post","link":"https:\/\/www.asajacyl.com\/valladolid\/asaja-valladolid-informa\/jornada-informativa-las-ayudas-la-vendimia-verde","title":{"rendered":"Jornada informativa sobre las ayudas para la vendimia en verde"},"content":{"rendered":"<h2><span style=\"color: #008000\"><strong>Tendr\u00e1 lugar el lunes 15 de junio a partir de las 18. 30 en Rueda (Valladolid).<\/strong><\/span><\/h2>\n<p><strong>La <\/strong><strong>Casa de Cultura<\/strong><strong> de localidad de <\/strong><strong>Rueda<\/strong><strong> (Calle Real, n\u00ba 25) acoge <\/strong><strong>hoy lunes 15 de junio <\/strong><strong>una <\/strong><strong>Jornada informativa<\/strong> sobre las <strong>ayudas para la vendimia en verde<\/strong>. Esta tendr\u00e1 lugar <strong>a partir de las 18. 30 horas<\/strong>.<\/p>\n<p>Los viticultores conocer\u00e1n de primera mano los requisitos que son necesarios para tramitar estas ayudas que se pueden presentar hasta el 23 de junio.<\/p>\n<p>El presidente de ASAJA Castilla y Le\u00f3n, <strong>Donaciano Dujo<\/strong> explicar\u00e1 todos los detalles de esta normativa y junto con los t\u00e9cnicos especialistas de vi\u00f1edo de Valladolid, se tratar\u00e1n todas las dudas o preguntas.<\/p>\n<p>Debido a la situaci\u00f3n del Estado de Alarma el aforo es reducido y es obligatorio el uso de mascarilla.<\/p>\n<figure id=\"attachment_2317\" aria-describedby=\"caption-attachment-2317\" style=\"width: 696px\" class=\"wp-caption alignnone\"><img loading=\"lazy\" decoding=\"async\" class=\"wp-image-2317 size-large\" src=\"https:\/\/www.asajacyl.com\/valladolid\/wp-content\/uploads\/sites\/2\/2020\/06\/imagen-cartel-charla-vendimia-en-verde-724x1024.jpg\" alt=\"Jornada informativa sobre las ayudas para la vendimia en verde\" width=\"696\" height=\"984\" srcset=\"https:\/\/www.asajacyl.com\/valladolid\/wp-content\/uploads\/sites\/2\/2020\/06\/imagen-cartel-charla-vendimia-en-verde-724x1024.jpg 724w, https:\/\/www.asajacyl.com\/valladolid\/wp-content\/uploads\/sites\/2\/2020\/06\/imagen-cartel-charla-vendimia-en-verde-212x300.jpg 212w, https:\/\/www.asajacyl.com\/valladolid\/wp-content\/uploads\/sites\/2\/2020\/06\/imagen-cartel-charla-vendimia-en-verde-768x1086.jpg 768w, https:\/\/www.asajacyl.com\/valladolid\/wp-content\/uploads\/sites\/2\/2020\/06\/imagen-cartel-charla-vendimia-en-verde-696x985.jpg 696w, https:\/\/www.asajacyl.com\/valladolid\/wp-content\/uploads\/sites\/2\/2020\/06\/imagen-cartel-charla-vendimia-en-verde-1068x1511.jpg 1068w, https:\/\/www.asajacyl.com\/valladolid\/wp-content\/uploads\/sites\/2\/2020\/06\/imagen-cartel-charla-vendimia-en-verde-297x420.jpg 297w, https:\/\/www.asajacyl.com\/valladolid\/wp-content\/uploads\/sites\/2\/2020\/06\/imagen-cartel-charla-vendimia-en-verde.jpg 1240w\" sizes=\"(max-width: 696px) 100vw, 696px\" \/><figcaption id=\"caption-attachment-2317\" class=\"wp-caption-text\">Jornada informativa sobre las ayudas para la vendimia en verde<\/figcaption><\/figure>\n","protected":false},"excerpt":{"rendered":"<p>Tendr\u00e1 lugar el lunes 15 de junio a partir de las 18. 30 en Rueda (Valladolid). La Casa de Cultura de localidad de Rueda (Calle Real, n\u00ba 25) acoge hoy lunes 15 de junio una Jornada informativa sobre las ayudas para la vendimia en verde. Esta tendr\u00e1 lugar a partir de las 18. 30 horas. [&hellip;]<\/p>\n","protected":false},"author":13,"featured_media":2101,"comment_status":"open","ping_status":"open","sticky":false,"template":"","format":"standard","meta":{"footnotes":""},"categories":[8,28,9],"tags":[70,75,58,176,488,74,79,195,490,489],"yoast_head":"<!-- This site is optimized with the Yoast SEO plugin v24.5 - https:\/\/yoast.com\/wordpress\/plugins\/seo\/ -->\n<title>Jornada informativa sobre las ayudas para la vendimia en verde - ASAJA Valladolid<\/title>\n<meta name=\"description\" content=\"Jornada informativa sobre las ayudas para la vendimia en verde. Tendr\u00e1 lugar el lunes 15 de junio a partir de las 18. 30 en Rueda (Valladolid).\" \/>\n<meta name=\"robots\" content=\"index, follow, max-snippet:-1, max-image-preview:large, max-video-preview:-1\" \/>\n<link rel=\"canonical\" href=\"https:\/\/www.asajacyl.com\/valladolid\/asaja-valladolid-informa\/jornada-informativa-las-ayudas-la-vendimia-verde\" \/>\n<meta property=\"og:locale\" content=\"es_ES\" \/>\n<meta property=\"og:type\" content=\"article\" \/>\n<meta property=\"og:title\" content=\"Jornada informativa sobre las ayudas para la vendimia en verde - ASAJA Valladolid\" \/>\n<meta property=\"og:description\" content=\"Jornada informativa sobre las ayudas para la vendimia en verde. Tendr\u00e1 lugar el lunes 15 de junio a partir de las 18. 30 en Rueda (Valladolid).\" \/>\n<meta property=\"og:url\" content=\"https:\/\/www.asajacyl.com\/valladolid\/asaja-valladolid-informa\/jornada-informativa-las-ayudas-la-vendimia-verde\" \/>\n<meta property=\"og:site_name\" content=\"ASAJA Valladolid\" \/>\n<meta property=\"article:published_time\" content=\"2020-06-15T09:55:21+00:00\" \/>\n<meta property=\"article:modified_time\" content=\"2021-12-01T17:10:14+00:00\" \/>\n<meta property=\"og:image\" content=\"https:\/\/www.asajacyl.com\/valladolid\/wp-content\/uploads\/sites\/2\/2020\/02\/Vi\u00f1edo-en-la-D.-O.-Rueda.jpeg\" \/>\n\t<meta property=\"og:image:width\" content=\"2500\" \/>\n\t<meta property=\"og:image:height\" content=\"1667\" \/>\n\t<meta property=\"og:image:type\" content=\"image\/jpeg\" \/>\n<meta name=\"author\" content=\"Mar\u00eda Natividad\" \/>\n<meta name=\"twitter:card\" content=\"summary_large_image\" \/>\n<meta name=\"twitter:label1\" content=\"Escrito por\" \/>\n\t<meta name=\"twitter:data1\" content=\"Mar\u00eda Natividad\" \/>\n\t<meta name=\"twitter:label2\" content=\"Tiempo de lectura\" \/>\n\t<meta name=\"twitter:data2\" content=\"1 minuto\" \/>\n<script type=\"application\/ld+json\" class=\"yoast-schema-graph\">{\"@context\":\"https:\/\/schema.org\",\"@graph\":[{\"@type\":\"WebPage\",\"@id\":\"https:\/\/www.asajacyl.com\/valladolid\/asaja-valladolid-informa\/jornada-informativa-las-ayudas-la-vendimia-verde\",\"url\":\"https:\/\/www.asajacyl.com\/valladolid\/asaja-valladolid-informa\/jornada-informativa-las-ayudas-la-vendimia-verde\",\"name\":\"Jornada informativa sobre las ayudas para la vendimia en verde - ASAJA Valladolid\",\"isPartOf\":{\"@id\":\"https:\/\/www.asajacyl.com\/valladolid\/#website\"},\"primaryImageOfPage\":{\"@id\":\"https:\/\/www.asajacyl.com\/valladolid\/asaja-valladolid-informa\/jornada-informativa-las-ayudas-la-vendimia-verde#primaryimage\"},\"image\":{\"@id\":\"https:\/\/www.asajacyl.com\/valladolid\/asaja-valladolid-informa\/jornada-informativa-las-ayudas-la-vendimia-verde#primaryimage\"},\"thumbnailUrl\":\"https:\/\/www.asajacyl.com\/valladolid\/wp-content\/uploads\/sites\/2\/2020\/02\/Vi\u00f1edo-en-la-D.-O.-Rueda.jpeg\",\"datePublished\":\"2020-06-15T09:55:21+00:00\",\"dateModified\":\"2021-12-01T17:10:14+00:00\",\"author\":{\"@id\":\"https:\/\/www.asajacyl.com\/valladolid\/#\/schema\/person\/cf213adc3e576168b6850f7db054141e\"},\"description\":\"Jornada informativa sobre las ayudas para la vendimia en verde. Tendr\u00e1 lugar el lunes 15 de junio a partir de las 18. 30 en Rueda (Valladolid).\",\"breadcrumb\":{\"@id\":\"https:\/\/www.asajacyl.com\/valladolid\/asaja-valladolid-informa\/jornada-informativa-las-ayudas-la-vendimia-verde#breadcrumb\"},\"inLanguage\":\"es\",\"potentialAction\":[{\"@type\":\"ReadAction\",\"target\":[\"https:\/\/www.asajacyl.com\/valladolid\/asaja-valladolid-informa\/jornada-informativa-las-ayudas-la-vendimia-verde\"]}]},{\"@type\":\"ImageObject\",\"inLanguage\":\"es\",\"@id\":\"https:\/\/www.asajacyl.com\/valladolid\/asaja-valladolid-informa\/jornada-informativa-las-ayudas-la-vendimia-verde#primaryimage\",\"url\":\"https:\/\/www.asajacyl.com\/valladolid\/wp-content\/uploads\/sites\/2\/2020\/02\/Vi\u00f1edo-en-la-D.-O.-Rueda.jpeg\",\"contentUrl\":\"https:\/\/www.asajacyl.com\/valladolid\/wp-content\/uploads\/sites\/2\/2020\/02\/Vi\u00f1edo-en-la-D.-O.-Rueda.jpeg\",\"width\":2500,\"height\":1667,\"caption\":\"Consejo Regulador de la Denominaci\u00f3n de Origen Rueda\"},{\"@type\":\"BreadcrumbList\",\"@id\":\"https:\/\/www.asajacyl.com\/valladolid\/asaja-valladolid-informa\/jornada-informativa-las-ayudas-la-vendimia-verde#breadcrumb\",\"itemListElement\":[{\"@type\":\"ListItem\",\"position\":1,\"name\":\"Portada\",\"item\":\"https:\/\/www.asajacyl.com\/valladolid\/\"},{\"@type\":\"ListItem\",\"position\":2,\"name\":\"Jornada informativa sobre las ayudas para la vendimia en verde\"}]},{\"@type\":\"WebSite\",\"@id\":\"https:\/\/www.asajacyl.com\/valladolid\/#website\",\"url\":\"https:\/\/www.asajacyl.com\/valladolid\/\",\"name\":\"ASAJA Valladolid\",\"description\":\"Otro sitio m\u00e1s de Provincias ASAJA Castilla y Le\u00f3n\",\"potentialAction\":[{\"@type\":\"SearchAction\",\"target\":{\"@type\":\"EntryPoint\",\"urlTemplate\":\"https:\/\/www.asajacyl.com\/valladolid\/?s={search_term_string}\"},\"query-input\":{\"@type\":\"PropertyValueSpecification\",\"valueRequired\":true,\"valueName\":\"search_term_string\"}}],\"inLanguage\":\"es\"},{\"@type\":\"Person\",\"@id\":\"https:\/\/www.asajacyl.com\/valladolid\/#\/schema\/person\/cf213adc3e576168b6850f7db054141e\",\"name\":\"Mar\u00eda Natividad\",\"image\":{\"@type\":\"ImageObject\",\"inLanguage\":\"es\",\"@id\":\"https:\/\/www.asajacyl.com\/valladolid\/#\/schema\/person\/image\/\",\"url\":\"https:\/\/secure.gravatar.com\/avatar\/7f7b3c840c2af79feac78f5eeffefc45?s=96&d=mm&r=g\",\"contentUrl\":\"https:\/\/secure.gravatar.com\/avatar\/7f7b3c840c2af79feac78f5eeffefc45?s=96&d=mm&r=g\",\"caption\":\"Mar\u00eda Natividad\"},\"url\":\"https:\/\/www.asajacyl.com\/valladolid\/author\/natividadhh\"}]}<\/script>\n<!-- \/ Yoast SEO plugin. -->","yoast_head_json":{"title":"Jornada informativa sobre las ayudas para la vendimia en verde - ASAJA Valladolid","description":"Jornada informativa sobre las ayudas para la vendimia en verde. Tendr\u00e1 lugar el lunes 15 de junio a partir de las 18. 30 en Rueda (Valladolid).","robots":{"index":"index","follow":"follow","max-snippet":"max-snippet:-1","max-image-preview":"max-image-preview:large","max-video-preview":"max-video-preview:-1"},"canonical":"https:\/\/www.asajacyl.com\/valladolid\/asaja-valladolid-informa\/jornada-informativa-las-ayudas-la-vendimia-verde","og_locale":"es_ES","og_type":"article","og_title":"Jornada informativa sobre las ayudas para la vendimia en verde - ASAJA Valladolid","og_description":"Jornada informativa sobre las ayudas para la vendimia en verde. Tendr\u00e1 lugar el lunes 15 de junio a partir de las 18. 30 en Rueda (Valladolid).","og_url":"https:\/\/www.asajacyl.com\/valladolid\/asaja-valladolid-informa\/jornada-informativa-las-ayudas-la-vendimia-verde","og_site_name":"ASAJA Valladolid","article_published_time":"2020-06-15T09:55:21+00:00","article_modified_time":"2021-12-01T17:10:14+00:00","og_image":[{"width":2500,"height":1667,"url":"https:\/\/www.asajacyl.com\/valladolid\/wp-content\/uploads\/sites\/2\/2020\/02\/Vi\u00f1edo-en-la-D.-O.-Rueda.jpeg","type":"image\/jpeg"}],"author":"Mar\u00eda Natividad","twitter_card":"summary_large_image","twitter_misc":{"Escrito por":"Mar\u00eda Natividad","Tiempo de lectura":"1 minuto"},"schema":{"@context":"https:\/\/schema.org","@graph":[{"@type":"WebPage","@id":"https:\/\/www.asajacyl.com\/valladolid\/asaja-valladolid-informa\/jornada-informativa-las-ayudas-la-vendimia-verde","url":"https:\/\/www.asajacyl.com\/valladolid\/asaja-valladolid-informa\/jornada-informativa-las-ayudas-la-vendimia-verde","name":"Jornada informativa sobre las ayudas para la vendimia en verde - ASAJA Valladolid","isPartOf":{"@id":"https:\/\/www.asajacyl.com\/valladolid\/#website"},"primaryImageOfPage":{"@id":"https:\/\/www.asajacyl.com\/valladolid\/asaja-valladolid-informa\/jornada-informativa-las-ayudas-la-vendimia-verde#primaryimage"},"image":{"@id":"https:\/\/www.asajacyl.com\/valladolid\/asaja-valladolid-informa\/jornada-informativa-las-ayudas-la-vendimia-verde#primaryimage"},"thumbnailUrl":"https:\/\/www.asajacyl.com\/valladolid\/wp-content\/uploads\/sites\/2\/2020\/02\/Vi\u00f1edo-en-la-D.-O.-Rueda.jpeg","datePublished":"2020-06-15T09:55:21+00:00","dateModified":"2021-12-01T17:10:14+00:00","author":{"@id":"https:\/\/www.asajacyl.com\/valladolid\/#\/schema\/person\/cf213adc3e576168b6850f7db054141e"},"description":"Jornada informativa sobre las ayudas para la vendimia en verde. Tendr\u00e1 lugar el lunes 15 de junio a partir de las 18. 30 en Rueda (Valladolid).","breadcrumb":{"@id":"https:\/\/www.asajacyl.com\/valladolid\/asaja-valladolid-informa\/jornada-informativa-las-ayudas-la-vendimia-verde#breadcrumb"},"inLanguage":"es","potentialAction":[{"@type":"ReadAction","target":["https:\/\/www.asajacyl.com\/valladolid\/asaja-valladolid-informa\/jornada-informativa-las-ayudas-la-vendimia-verde"]}]},{"@type":"ImageObject","inLanguage":"es","@id":"https:\/\/www.asajacyl.com\/valladolid\/asaja-valladolid-informa\/jornada-informativa-las-ayudas-la-vendimia-verde#primaryimage","url":"https:\/\/www.asajacyl.com\/valladolid\/wp-content\/uploads\/sites\/2\/2020\/02\/Vi\u00f1edo-en-la-D.-O.-Rueda.jpeg","contentUrl":"https:\/\/www.asajacyl.com\/valladolid\/wp-content\/uploads\/sites\/2\/2020\/02\/Vi\u00f1edo-en-la-D.-O.-Rueda.jpeg","width":2500,"height":1667,"caption":"Consejo Regulador de la Denominaci\u00f3n de Origen Rueda"},{"@type":"BreadcrumbList","@id":"https:\/\/www.asajacyl.com\/valladolid\/asaja-valladolid-informa\/jornada-informativa-las-ayudas-la-vendimia-verde#breadcrumb","itemListElement":[{"@type":"ListItem","position":1,"name":"Portada","item":"https:\/\/www.asajacyl.com\/valladolid\/"},{"@type":"ListItem","position":2,"name":"Jornada informativa sobre las ayudas para la vendimia en verde"}]},{"@type":"WebSite","@id":"https:\/\/www.asajacyl.com\/valladolid\/#website","url":"https:\/\/www.asajacyl.com\/valladolid\/","name":"ASAJA Valladolid","description":"Otro sitio m\u00e1s de Provincias ASAJA Castilla y Le\u00f3n","potentialAction":[{"@type":"SearchAction","target":{"@type":"EntryPoint","urlTemplate":"https:\/\/www.asajacyl.com\/valladolid\/?s={search_term_string}"},"query-input":{"@type":"PropertyValueSpecification","valueRequired":true,"valueName":"search_term_string"}}],"inLanguage":"es"},{"@type":"Person","@id":"https:\/\/www.asajacyl.com\/valladolid\/#\/schema\/person\/cf213adc3e576168b6850f7db054141e","name":"Mar\u00eda Natividad","image":{"@type":"ImageObject","inLanguage":"es","@id":"https:\/\/www.asajacyl.com\/valladolid\/#\/schema\/person\/image\/","url":"https:\/\/secure.gravatar.com\/avatar\/7f7b3c840c2af79feac78f5eeffefc45?s=96&d=mm&r=g","contentUrl":"https:\/\/secure.gravatar.com\/avatar\/7f7b3c840c2af79feac78f5eeffefc45?s=96&d=mm&r=g","caption":"Mar\u00eda Natividad"},"url":"https:\/\/www.asajacyl.com\/valladolid\/author\/natividadhh"}]}},"_links":{"self":[{"href":"https:\/\/www.asajacyl.com\/valladolid\/wp-json\/wp\/v2\/posts\/2315"}],"collection":[{"href":"https:\/\/www.asajacyl.com\/valladolid\/wp-json\/wp\/v2\/posts"}],"about":[{"href":"https:\/\/www.asajacyl.com\/valladolid\/wp-json\/wp\/v2\/types\/post"}],"author":[{"embeddable":true,"href":"https:\/\/www.asajacyl.com\/valladolid\/wp-json\/wp\/v2\/users\/13"}],"replies":[{"embeddable":true,"href":"https:\/\/www.asajacyl.com\/valladolid\/wp-json\/wp\/v2\/comments?post=2315"}],"version-history":[{"count":2,"href":"https:\/\/www.asajacyl.com\/valladolid\/wp-json\/wp\/v2\/posts\/2315\/revisions"}],"predecessor-version":[{"id":2318,"href":"https:\/\/www.asajacyl.com\/valladolid\/wp-json\/wp\/v2\/posts\/2315\/revisions\/2318"}],"wp:featuredmedia":[{"embeddable":true,"href":"https:\/\/www.asajacyl.com\/valladolid\/wp-json\/wp\/v2\/media\/2101"}],"wp:attachment":[{"href":"https:\/\/www.asajacyl.com\/valladolid\/wp-json\/wp\/v2\/media?parent=2315"}],"wp:term":[{"taxonomy":"category","embeddable":true,"href":"https:\/\/www.asajacyl.com\/valladolid\/wp-json\/wp\/v2\/categories?post=2315"},{"taxonomy":"post_tag","embeddable":true,"href":"https:\/\/www.asajacyl.com\/valladolid\/wp-json\/wp\/v2\/tags?post=2315"}],"curies":[{"name":"wp","href":"https:\/\/api.w.org\/{rel}","templated":true}]}}