{"id":2392,"date":"2020-11-09T17:37:25","date_gmt":"2020-11-09T16:37:25","guid":{"rendered":"https:\/\/www.asajacyl.com\/valladolid\/?p=2392"},"modified":"2021-12-01T18:09:49","modified_gmt":"2021-12-01T17:09:49","slug":"se-amplian-las-coberturas-crecientes-en-los-modulos-1-y-2-del-seguro-de-cultivos-forrajeros","status":"publish","type":"post","link":"https:\/\/www.asajacyl.com\/valladolid\/asaja-valladolid-informa\/se-amplian-las-coberturas-crecientes-en-los-modulos-1-y-2-del-seguro-de-cultivos-forrajeros","title":{"rendered":"Se ampl\u00edan las coberturas crecientes en los M\u00f3dulos 1 y 2 del Seguro de Cultivos Forrajeros"},"content":{"rendered":"\n<p class=\"has-text-color\" style=\"color:#00a306\"><strong>ASAJA valora positivamente que la consejer\u00eda incremente el apoyo a la suscripci\u00f3n del seguro de cultivos forrajeros<\/strong><\/p>\n\n\n\n<p>Una de las novedades de la actual campa\u00f1a de seguros agrarios es que, despu\u00e9s de muchos a\u00f1os reclam\u00e1ndolo desde ASAJA, por fin el ministerio de Agricultura, a trav\u00e9s de Enesa, y la entidad Agroseguro, <strong>ha ampliado en el Plan 2020 las coberturas crecientes en los M\u00f3dulos 1 y 2 del Seguro de Cultivos Forrajeros, cubriendo los da\u00f1os por sequ\u00eda en el cultivo de la alfalfa para forraje.<\/strong><\/p>\n\n\n\n<p>El problema mayor para la suscripci\u00f3n era el coste, por lo que ASAJA hab\u00eda solicitado un porcentaje mayor de subvenci\u00f3n a esta l\u00ednea por parte de la Consejer\u00eda de Agricultura, petici\u00f3n que ha sido aceptada. <strong>Hoy se publica en el bolet\u00edn oficial de Castilla y Le\u00f3n que la Junta incrementar\u00e1 hasta el 20 por ciento el porcentaje de subvenci\u00f3n aplicable a las p\u00f3lizas que se suscriban de esta l\u00ednea<\/strong>, un porcentaje significativo, que puede animar la suscripci\u00f3n del seguro.<\/p>\n\n\n\n<p>Con estas nuevas coberturas, <strong>se garantiza as\u00ed para las alfalfas, igual que en el caso de los cereales, hasta el 70 por ciento de las p\u00e9rdidas ocasionadas por la sequ\u00eda sobre el rendimiento m\u00e1ximo asegurado que ya viene fijado por la comarca agraria donde radica la explotaci\u00f3n.<\/strong> Las comarcas agrarias consideradas son: Merindades y Pisuerga (Burgos); Esla-Campos y Sahag\u00fan (Le\u00f3n); El Cerrato y Campos (Palencia); Tierra de Campos y Centro (Valladolid); Benavente y Los Valles y Campos-Pan (Zamora).<\/p>\n\n\n\n<p>Hay que recordar que Castilla y Le\u00f3n encabeza el ranking nacional en alfalfa forrajera, con el 75 por ciento de superficie cultivada en esta modalidad, repartida fundamentalmente en esas cinco provincias: Palencia, Valladolid, Le\u00f3n, Burgos, y Zamora. En total, se superan las 64.000 hect\u00e1reas.<\/p>\n\n\n\n<p class=\"has-text-color\" style=\"color:#03a300\"><strong>El plazo de suscripci\u00f3n de este seguro comienza el pr\u00f3ximo 15 de noviembre, y se extender\u00e1 hasta el 20 de diciembre. Para cualquier duda, los interesados pueden dirigirse a las oficinas de ASAJA.<\/strong><\/p>\n","protected":false},"excerpt":{"rendered":"<p>ASAJA valora positivamente que la consejer\u00eda incremente el apoyo a la suscripci\u00f3n del seguro de cultivos forrajeros Una de las novedades de la actual campa\u00f1a de seguros agrarios es que, despu\u00e9s de muchos a\u00f1os reclam\u00e1ndolo desde ASAJA, por fin el ministerio de Agricultura, a trav\u00e9s de Enesa, y la entidad Agroseguro, ha ampliado en el [&hellip;]<\/p>\n","protected":false},"author":13,"featured_media":2394,"comment_status":"open","ping_status":"open","sticky":false,"template":"","format":"standard","meta":{"footnotes":""},"categories":[8,9,15],"tags":[524,70,75,58,523,67,522],"yoast_head":"<!-- This site is optimized with the Yoast SEO plugin v24.5 - https:\/\/yoast.com\/wordpress\/plugins\/seo\/ -->\n<title>Se ampl\u00edan las coberturas crecientes en los M\u00f3dulos 1 y 2 del Seguro de Cultivos Forrajeros - ASAJA Valladolid<\/title>\n<meta name=\"description\" content=\"Se ampl\u00edan las coberturas crecientes en los M\u00f3dulos 1 y 2 del Seguro de Cultivos Forrajeros. ASAJA valora positivamente que la consejer\u00eda incremente el apoyo a la suscripci\u00f3n del seguro de cultivos forrajeros\" \/>\n<meta name=\"robots\" content=\"index, follow, max-snippet:-1, max-image-preview:large, max-video-preview:-1\" \/>\n<link rel=\"canonical\" href=\"https:\/\/www.asajacyl.com\/valladolid\/asaja-valladolid-informa\/se-amplian-las-coberturas-crecientes-en-los-modulos-1-y-2-del-seguro-de-cultivos-forrajeros\" \/>\n<meta property=\"og:locale\" content=\"es_ES\" \/>\n<meta property=\"og:type\" content=\"article\" \/>\n<meta property=\"og:title\" content=\"Se ampl\u00edan las coberturas crecientes en los M\u00f3dulos 1 y 2 del Seguro de Cultivos Forrajeros - ASAJA Valladolid\" \/>\n<meta property=\"og:description\" content=\"Se ampl\u00edan las coberturas crecientes en los M\u00f3dulos 1 y 2 del Seguro de Cultivos Forrajeros. ASAJA valora positivamente que la consejer\u00eda incremente el apoyo a la suscripci\u00f3n del seguro de cultivos forrajeros\" \/>\n<meta property=\"og:url\" content=\"https:\/\/www.asajacyl.com\/valladolid\/asaja-valladolid-informa\/se-amplian-las-coberturas-crecientes-en-los-modulos-1-y-2-del-seguro-de-cultivos-forrajeros\" \/>\n<meta property=\"og:site_name\" content=\"ASAJA Valladolid\" \/>\n<meta property=\"article:published_time\" content=\"2020-11-09T16:37:25+00:00\" \/>\n<meta property=\"article:modified_time\" content=\"2021-12-01T17:09:49+00:00\" \/>\n<meta property=\"og:image\" content=\"https:\/\/www.asajacyl.com\/valladolid\/wp-content\/uploads\/sites\/2\/2020\/11\/alfalfa.jpg\" \/>\n\t<meta property=\"og:image:width\" content=\"1920\" \/>\n\t<meta property=\"og:image:height\" content=\"1080\" \/>\n\t<meta property=\"og:image:type\" content=\"image\/jpeg\" \/>\n<meta name=\"author\" content=\"Mar\u00eda Natividad\" \/>\n<meta name=\"twitter:card\" content=\"summary_large_image\" \/>\n<meta name=\"twitter:label1\" content=\"Escrito por\" \/>\n\t<meta name=\"twitter:data1\" content=\"Mar\u00eda Natividad\" \/>\n\t<meta name=\"twitter:label2\" content=\"Tiempo de lectura\" \/>\n\t<meta name=\"twitter:data2\" content=\"2 minutos\" \/>\n<script type=\"application\/ld+json\" class=\"yoast-schema-graph\">{\"@context\":\"https:\/\/schema.org\",\"@graph\":[{\"@type\":\"WebPage\",\"@id\":\"https:\/\/www.asajacyl.com\/valladolid\/asaja-valladolid-informa\/se-amplian-las-coberturas-crecientes-en-los-modulos-1-y-2-del-seguro-de-cultivos-forrajeros\",\"url\":\"https:\/\/www.asajacyl.com\/valladolid\/asaja-valladolid-informa\/se-amplian-las-coberturas-crecientes-en-los-modulos-1-y-2-del-seguro-de-cultivos-forrajeros\",\"name\":\"Se ampl\u00edan las coberturas crecientes en los M\u00f3dulos 1 y 2 del Seguro de Cultivos Forrajeros - ASAJA Valladolid\",\"isPartOf\":{\"@id\":\"https:\/\/www.asajacyl.com\/valladolid\/#website\"},\"primaryImageOfPage\":{\"@id\":\"https:\/\/www.asajacyl.com\/valladolid\/asaja-valladolid-informa\/se-amplian-las-coberturas-crecientes-en-los-modulos-1-y-2-del-seguro-de-cultivos-forrajeros#primaryimage\"},\"image\":{\"@id\":\"https:\/\/www.asajacyl.com\/valladolid\/asaja-valladolid-informa\/se-amplian-las-coberturas-crecientes-en-los-modulos-1-y-2-del-seguro-de-cultivos-forrajeros#primaryimage\"},\"thumbnailUrl\":\"https:\/\/www.asajacyl.com\/valladolid\/wp-content\/uploads\/sites\/2\/2020\/11\/alfalfa.jpg\",\"datePublished\":\"2020-11-09T16:37:25+00:00\",\"dateModified\":\"2021-12-01T17:09:49+00:00\",\"author\":{\"@id\":\"https:\/\/www.asajacyl.com\/valladolid\/#\/schema\/person\/cf213adc3e576168b6850f7db054141e\"},\"description\":\"Se ampl\u00edan las coberturas crecientes en los M\u00f3dulos 1 y 2 del Seguro de Cultivos Forrajeros. ASAJA valora positivamente que la consejer\u00eda incremente el apoyo a la suscripci\u00f3n del seguro de cultivos forrajeros\",\"breadcrumb\":{\"@id\":\"https:\/\/www.asajacyl.com\/valladolid\/asaja-valladolid-informa\/se-amplian-las-coberturas-crecientes-en-los-modulos-1-y-2-del-seguro-de-cultivos-forrajeros#breadcrumb\"},\"inLanguage\":\"es\",\"potentialAction\":[{\"@type\":\"ReadAction\",\"target\":[\"https:\/\/www.asajacyl.com\/valladolid\/asaja-valladolid-informa\/se-amplian-las-coberturas-crecientes-en-los-modulos-1-y-2-del-seguro-de-cultivos-forrajeros\"]}]},{\"@type\":\"ImageObject\",\"inLanguage\":\"es\",\"@id\":\"https:\/\/www.asajacyl.com\/valladolid\/asaja-valladolid-informa\/se-amplian-las-coberturas-crecientes-en-los-modulos-1-y-2-del-seguro-de-cultivos-forrajeros#primaryimage\",\"url\":\"https:\/\/www.asajacyl.com\/valladolid\/wp-content\/uploads\/sites\/2\/2020\/11\/alfalfa.jpg\",\"contentUrl\":\"https:\/\/www.asajacyl.com\/valladolid\/wp-content\/uploads\/sites\/2\/2020\/11\/alfalfa.jpg\",\"width\":1920,\"height\":1080,\"caption\":\"alfalfa\"},{\"@type\":\"BreadcrumbList\",\"@id\":\"https:\/\/www.asajacyl.com\/valladolid\/asaja-valladolid-informa\/se-amplian-las-coberturas-crecientes-en-los-modulos-1-y-2-del-seguro-de-cultivos-forrajeros#breadcrumb\",\"itemListElement\":[{\"@type\":\"ListItem\",\"position\":1,\"name\":\"Portada\",\"item\":\"https:\/\/www.asajacyl.com\/valladolid\/\"},{\"@type\":\"ListItem\",\"position\":2,\"name\":\"Se ampl\u00edan las coberturas crecientes en los M\u00f3dulos 1 y 2 del Seguro de Cultivos Forrajeros\"}]},{\"@type\":\"WebSite\",\"@id\":\"https:\/\/www.asajacyl.com\/valladolid\/#website\",\"url\":\"https:\/\/www.asajacyl.com\/valladolid\/\",\"name\":\"ASAJA Valladolid\",\"description\":\"Otro sitio m\u00e1s de Provincias ASAJA Castilla y Le\u00f3n\",\"potentialAction\":[{\"@type\":\"SearchAction\",\"target\":{\"@type\":\"EntryPoint\",\"urlTemplate\":\"https:\/\/www.asajacyl.com\/valladolid\/?s={search_term_string}\"},\"query-input\":{\"@type\":\"PropertyValueSpecification\",\"valueRequired\":true,\"valueName\":\"search_term_string\"}}],\"inLanguage\":\"es\"},{\"@type\":\"Person\",\"@id\":\"https:\/\/www.asajacyl.com\/valladolid\/#\/schema\/person\/cf213adc3e576168b6850f7db054141e\",\"name\":\"Mar\u00eda Natividad\",\"image\":{\"@type\":\"ImageObject\",\"inLanguage\":\"es\",\"@id\":\"https:\/\/www.asajacyl.com\/valladolid\/#\/schema\/person\/image\/\",\"url\":\"https:\/\/secure.gravatar.com\/avatar\/7f7b3c840c2af79feac78f5eeffefc45?s=96&d=mm&r=g\",\"contentUrl\":\"https:\/\/secure.gravatar.com\/avatar\/7f7b3c840c2af79feac78f5eeffefc45?s=96&d=mm&r=g\",\"caption\":\"Mar\u00eda Natividad\"},\"url\":\"https:\/\/www.asajacyl.com\/valladolid\/author\/natividadhh\"}]}<\/script>\n<!-- \/ Yoast SEO plugin. -->","yoast_head_json":{"title":"Se ampl\u00edan las coberturas crecientes en los M\u00f3dulos 1 y 2 del Seguro de Cultivos Forrajeros - ASAJA Valladolid","description":"Se ampl\u00edan las coberturas crecientes en los M\u00f3dulos 1 y 2 del Seguro de Cultivos Forrajeros. ASAJA valora positivamente que la consejer\u00eda incremente el apoyo a la suscripci\u00f3n del seguro de cultivos forrajeros","robots":{"index":"index","follow":"follow","max-snippet":"max-snippet:-1","max-image-preview":"max-image-preview:large","max-video-preview":"max-video-preview:-1"},"canonical":"https:\/\/www.asajacyl.com\/valladolid\/asaja-valladolid-informa\/se-amplian-las-coberturas-crecientes-en-los-modulos-1-y-2-del-seguro-de-cultivos-forrajeros","og_locale":"es_ES","og_type":"article","og_title":"Se ampl\u00edan las coberturas crecientes en los M\u00f3dulos 1 y 2 del Seguro de Cultivos Forrajeros - ASAJA Valladolid","og_description":"Se ampl\u00edan las coberturas crecientes en los M\u00f3dulos 1 y 2 del Seguro de Cultivos Forrajeros. ASAJA valora positivamente que la consejer\u00eda incremente el apoyo a la suscripci\u00f3n del seguro de cultivos forrajeros","og_url":"https:\/\/www.asajacyl.com\/valladolid\/asaja-valladolid-informa\/se-amplian-las-coberturas-crecientes-en-los-modulos-1-y-2-del-seguro-de-cultivos-forrajeros","og_site_name":"ASAJA Valladolid","article_published_time":"2020-11-09T16:37:25+00:00","article_modified_time":"2021-12-01T17:09:49+00:00","og_image":[{"width":1920,"height":1080,"url":"https:\/\/www.asajacyl.com\/valladolid\/wp-content\/uploads\/sites\/2\/2020\/11\/alfalfa.jpg","type":"image\/jpeg"}],"author":"Mar\u00eda Natividad","twitter_card":"summary_large_image","twitter_misc":{"Escrito por":"Mar\u00eda Natividad","Tiempo de lectura":"2 minutos"},"schema":{"@context":"https:\/\/schema.org","@graph":[{"@type":"WebPage","@id":"https:\/\/www.asajacyl.com\/valladolid\/asaja-valladolid-informa\/se-amplian-las-coberturas-crecientes-en-los-modulos-1-y-2-del-seguro-de-cultivos-forrajeros","url":"https:\/\/www.asajacyl.com\/valladolid\/asaja-valladolid-informa\/se-amplian-las-coberturas-crecientes-en-los-modulos-1-y-2-del-seguro-de-cultivos-forrajeros","name":"Se ampl\u00edan las coberturas crecientes en los M\u00f3dulos 1 y 2 del Seguro de Cultivos Forrajeros - ASAJA Valladolid","isPartOf":{"@id":"https:\/\/www.asajacyl.com\/valladolid\/#website"},"primaryImageOfPage":{"@id":"https:\/\/www.asajacyl.com\/valladolid\/asaja-valladolid-informa\/se-amplian-las-coberturas-crecientes-en-los-modulos-1-y-2-del-seguro-de-cultivos-forrajeros#primaryimage"},"image":{"@id":"https:\/\/www.asajacyl.com\/valladolid\/asaja-valladolid-informa\/se-amplian-las-coberturas-crecientes-en-los-modulos-1-y-2-del-seguro-de-cultivos-forrajeros#primaryimage"},"thumbnailUrl":"https:\/\/www.asajacyl.com\/valladolid\/wp-content\/uploads\/sites\/2\/2020\/11\/alfalfa.jpg","datePublished":"2020-11-09T16:37:25+00:00","dateModified":"2021-12-01T17:09:49+00:00","author":{"@id":"https:\/\/www.asajacyl.com\/valladolid\/#\/schema\/person\/cf213adc3e576168b6850f7db054141e"},"description":"Se ampl\u00edan las coberturas crecientes en los M\u00f3dulos 1 y 2 del Seguro de Cultivos Forrajeros. ASAJA valora positivamente que la consejer\u00eda incremente el apoyo a la suscripci\u00f3n del seguro de cultivos forrajeros","breadcrumb":{"@id":"https:\/\/www.asajacyl.com\/valladolid\/asaja-valladolid-informa\/se-amplian-las-coberturas-crecientes-en-los-modulos-1-y-2-del-seguro-de-cultivos-forrajeros#breadcrumb"},"inLanguage":"es","potentialAction":[{"@type":"ReadAction","target":["https:\/\/www.asajacyl.com\/valladolid\/asaja-valladolid-informa\/se-amplian-las-coberturas-crecientes-en-los-modulos-1-y-2-del-seguro-de-cultivos-forrajeros"]}]},{"@type":"ImageObject","inLanguage":"es","@id":"https:\/\/www.asajacyl.com\/valladolid\/asaja-valladolid-informa\/se-amplian-las-coberturas-crecientes-en-los-modulos-1-y-2-del-seguro-de-cultivos-forrajeros#primaryimage","url":"https:\/\/www.asajacyl.com\/valladolid\/wp-content\/uploads\/sites\/2\/2020\/11\/alfalfa.jpg","contentUrl":"https:\/\/www.asajacyl.com\/valladolid\/wp-content\/uploads\/sites\/2\/2020\/11\/alfalfa.jpg","width":1920,"height":1080,"caption":"alfalfa"},{"@type":"BreadcrumbList","@id":"https:\/\/www.asajacyl.com\/valladolid\/asaja-valladolid-informa\/se-amplian-las-coberturas-crecientes-en-los-modulos-1-y-2-del-seguro-de-cultivos-forrajeros#breadcrumb","itemListElement":[{"@type":"ListItem","position":1,"name":"Portada","item":"https:\/\/www.asajacyl.com\/valladolid\/"},{"@type":"ListItem","position":2,"name":"Se ampl\u00edan las coberturas crecientes en los M\u00f3dulos 1 y 2 del Seguro de Cultivos Forrajeros"}]},{"@type":"WebSite","@id":"https:\/\/www.asajacyl.com\/valladolid\/#website","url":"https:\/\/www.asajacyl.com\/valladolid\/","name":"ASAJA Valladolid","description":"Otro sitio m\u00e1s de Provincias ASAJA Castilla y Le\u00f3n","potentialAction":[{"@type":"SearchAction","target":{"@type":"EntryPoint","urlTemplate":"https:\/\/www.asajacyl.com\/valladolid\/?s={search_term_string}"},"query-input":{"@type":"PropertyValueSpecification","valueRequired":true,"valueName":"search_term_string"}}],"inLanguage":"es"},{"@type":"Person","@id":"https:\/\/www.asajacyl.com\/valladolid\/#\/schema\/person\/cf213adc3e576168b6850f7db054141e","name":"Mar\u00eda Natividad","image":{"@type":"ImageObject","inLanguage":"es","@id":"https:\/\/www.asajacyl.com\/valladolid\/#\/schema\/person\/image\/","url":"https:\/\/secure.gravatar.com\/avatar\/7f7b3c840c2af79feac78f5eeffefc45?s=96&d=mm&r=g","contentUrl":"https:\/\/secure.gravatar.com\/avatar\/7f7b3c840c2af79feac78f5eeffefc45?s=96&d=mm&r=g","caption":"Mar\u00eda Natividad"},"url":"https:\/\/www.asajacyl.com\/valladolid\/author\/natividadhh"}]}},"_links":{"self":[{"href":"https:\/\/www.asajacyl.com\/valladolid\/wp-json\/wp\/v2\/posts\/2392"}],"collection":[{"href":"https:\/\/www.asajacyl.com\/valladolid\/wp-json\/wp\/v2\/posts"}],"about":[{"href":"https:\/\/www.asajacyl.com\/valladolid\/wp-json\/wp\/v2\/types\/post"}],"author":[{"embeddable":true,"href":"https:\/\/www.asajacyl.com\/valladolid\/wp-json\/wp\/v2\/users\/13"}],"replies":[{"embeddable":true,"href":"https:\/\/www.asajacyl.com\/valladolid\/wp-json\/wp\/v2\/comments?post=2392"}],"version-history":[{"count":1,"href":"https:\/\/www.asajacyl.com\/valladolid\/wp-json\/wp\/v2\/posts\/2392\/revisions"}],"predecessor-version":[{"id":2393,"href":"https:\/\/www.asajacyl.com\/valladolid\/wp-json\/wp\/v2\/posts\/2392\/revisions\/2393"}],"wp:featuredmedia":[{"embeddable":true,"href":"https:\/\/www.asajacyl.com\/valladolid\/wp-json\/wp\/v2\/media\/2394"}],"wp:attachment":[{"href":"https:\/\/www.asajacyl.com\/valladolid\/wp-json\/wp\/v2\/media?parent=2392"}],"wp:term":[{"taxonomy":"category","embeddable":true,"href":"https:\/\/www.asajacyl.com\/valladolid\/wp-json\/wp\/v2\/categories?post=2392"},{"taxonomy":"post_tag","embeddable":true,"href":"https:\/\/www.asajacyl.com\/valladolid\/wp-json\/wp\/v2\/tags?post=2392"}],"curies":[{"name":"wp","href":"https:\/\/api.w.org\/{rel}","templated":true}]}}